{"id":298947,"date":"2026-04-01T20:10:31","date_gmt":"2026-04-01T18:10:31","guid":{"rendered":"https:\/\/tuzlainfo.ba\/?p=298947"},"modified":"2026-04-01T14:49:33","modified_gmt":"2026-04-01T12:49:33","slug":"program-obiljezavanja-4-aprila-u-tuzli-polaganje-vijenaca-i-svecana-sjednica","status":"publish","type":"post","link":"https:\/\/tuzlainfo.ba\/index.php\/novosti\/item\/298947-program-obiljezavanja-4-aprila-u-tuzli-polaganje-vijenaca-i-svecana-sjednica\/","title":{"rendered":"Program obilje\u017eavanja 4. aprila u Tuzli: Polaganje vijenaca i sve\u010dana sjednica"},"content":{"rendered":"<p data-start=\"0\" data-end=\"240\">Grad Tuzla obilje\u017eit \u0107e 4. april 1992. godine, datum od posebnog zna\u010daja za noviju historiju grada, kada je tada\u0161nja Skup\u0161tina op\u0161tine Tuzla donijela Odluku o organizaciji i pru\u017eanju otpora agresiji na Bosnu i Hercegovinu na podru\u010dju Tuzle.<\/p>\n<p data-start=\"242\" data-end=\"401\">Obilje\u017eavanje 34. godi\u0161njice ovog doga\u0111aja bit \u0107e uprili\u010deno nizom aktivnosti 3. aprila 2026. godine, uz prisustvo predstavnika vlasti, organizacija i gra\u0111ana.<\/p>\n<p data-start=\"403\" data-end=\"726\">Program po\u010dinje u 9:00 sati na lokalitetu <span class=\"hover:entity-accent entity-underline inline cursor-pointer align-baseline\"><span class=\"whitespace-normal\">Slana Banja<\/span><\/span>, gdje \u0107e biti uprili\u010deno odavanje po\u010dasti i polaganje vijenaca na spomen-obilje\u017eja tuzlanskim jedinicama u odbrani Bosne i Hercegovine, partizanskim brigadama, Zlatnim ljiljanima, poginulim braniocima te civilnim \u017ertvama rata u Aleji mladosti.<\/p>\n<p data-start=\"728\" data-end=\"909\">U 9:50 sati planirano je polaganje vijenaca na spomen-plo\u010du na zgradi <span class=\"hover:entity-accent entity-underline inline cursor-pointer align-baseline\"><span class=\"whitespace-normal\">Dvorana Kaleidoskop<\/span><\/span>, gdje je 4. aprila 1992. godine odr\u017eana sjednica Skup\u0161tine op\u0161tine Tuzla.<\/p>\n<p data-start=\"911\" data-end=\"1018\">Sve\u010dana sjednica Gradskog vije\u0107a Tuzla bit \u0107e odr\u017eana u 10:00 sati u <span class=\"hover:entity-accent entity-underline inline cursor-pointer align-baseline\"><span class=\"whitespace-normal\">Narodno pozori\u0161te Tuzla<\/span><\/span>.<\/p>\n<p data-start=\"1020\" data-end=\"1201\">Program \u0107e biti zaklju\u010den u 11:00 sati na <span class=\"hover:entity-accent entity-underline inline cursor-pointer align-baseline\"><span class=\"whitespace-normal\">Br\u010danska Malta<\/span><\/span>, gdje \u0107e biti uprili\u010deno otkrivanje plo\u010de sa natpisom i sve\u010dano otvaranje \u201eTrga policije 1992\u20131995.\u201c.<\/p>\n<p data-start=\"1203\" data-end=\"1312\" data-is-last-node=\"\" data-is-only-node=\"\">Organizatori su pozvali gra\u0111ane da prisustvuju obilje\u017eavanju i odaju po\u010dast svim braniteljima i \u017ertvama rata.<\/p>\n","protected":false},"excerpt":{"rendered":"<p>Grad Tuzla obilje\u017eit \u0107e 4. april 1992. godine, datum od posebnog zna\u010daja za noviju historiju&hellip;<\/p>\n","protected":false},"author":4,"featured_media":266705,"comment_status":"closed","ping_status":"closed","sticky":false,"template":"","format":"standard","meta":{"_acf_changed":false,"footnotes":""},"categories":[304,12],"tags":[6614],"acf":[],"yoast_head":"<!-- This site is optimized with the Yoast SEO plugin v23.5 - https:\/\/yoast.com\/wordpress\/plugins\/seo\/ -->\n<title>Program obilje\u017eavanja 4. aprila u Tuzli: Polaganje vijenaca i sve\u010dana sjednica - TuzlaInfo.ba<\/title>\n<meta name=\"robots\" content=\"index, follow, max-snippet:-1, max-image-preview:large, max-video-preview:-1\" \/>\n<link rel=\"canonical\" href=\"https:\/\/tuzlainfo.ba\/index.php\/novosti\/item\/298947-program-obiljezavanja-4-aprila-u-tuzli-polaganje-vijenaca-i-svecana-sjednica\/\" \/>\n<meta property=\"og:locale\" content=\"bs_BA\" \/>\n<meta property=\"og:type\" content=\"article\" \/>\n<meta property=\"og:title\" content=\"Program obilje\u017eavanja 4. aprila u Tuzli: Polaganje vijenaca i sve\u010dana sjednica - TuzlaInfo.ba\" \/>\n<meta property=\"og:description\" content=\"Grad Tuzla obilje\u017eit \u0107e 4. april 1992. godine, datum od posebnog zna\u010daja za noviju historiju&hellip;\" \/>\n<meta property=\"og:url\" content=\"https:\/\/tuzlainfo.ba\/index.php\/novosti\/item\/298947-program-obiljezavanja-4-aprila-u-tuzli-polaganje-vijenaca-i-svecana-sjednica\/\" \/>\n<meta property=\"og:site_name\" content=\"TuzlaInfo.ba\" \/>\n<meta property=\"article:publisher\" content=\"https:\/\/www.facebook.com\/tuzlainfo.ba\/\" \/>\n<meta property=\"article:published_time\" content=\"2026-04-01T18:10:31+00:00\" \/>\n<meta property=\"article:modified_time\" content=\"2026-04-01T12:49:33+00:00\" \/>\n<meta property=\"og:image\" content=\"https:\/\/tuzlainfo.ba\/wp-content\/uploads\/2025\/04\/4.-april.jpg\" \/>\n\t<meta property=\"og:image:width\" content=\"2560\" \/>\n\t<meta property=\"og:image:height\" content=\"1437\" \/>\n\t<meta property=\"og:image:type\" content=\"image\/jpeg\" \/>\n<meta name=\"author\" content=\"Tuzla Info\" \/>\n<meta name=\"twitter:card\" content=\"summary_large_image\" \/>\n<meta name=\"twitter:label1\" content=\"Written by\" \/>\n\t<meta name=\"twitter:data1\" content=\"Tuzla Info\" \/>\n\t<meta name=\"twitter:label2\" content=\"Est. reading time\" \/>\n\t<meta name=\"twitter:data2\" content=\"2 minute\" \/>\n<script type=\"application\/ld+json\" class=\"yoast-schema-graph\">{\"@context\":\"https:\/\/schema.org\",\"@graph\":[{\"@type\":\"Article\",\"@id\":\"https:\/\/tuzlainfo.ba\/index.php\/novosti\/item\/298947-program-obiljezavanja-4-aprila-u-tuzli-polaganje-vijenaca-i-svecana-sjednica\/#article\",\"isPartOf\":{\"@id\":\"https:\/\/tuzlainfo.ba\/index.php\/novosti\/item\/298947-program-obiljezavanja-4-aprila-u-tuzli-polaganje-vijenaca-i-svecana-sjednica\/\"},\"author\":{\"name\":\"Tuzla Info\",\"@id\":\"https:\/\/tuzlainfo.ba\/#\/schema\/person\/46cad4c57790cbc50781edd14870825a\"},\"headline\":\"Program obilje\u017eavanja 4. aprila u Tuzli: Polaganje vijenaca i sve\u010dana sjednica\",\"datePublished\":\"2026-04-01T18:10:31+00:00\",\"dateModified\":\"2026-04-01T12:49:33+00:00\",\"mainEntityOfPage\":{\"@id\":\"https:\/\/tuzlainfo.ba\/index.php\/novosti\/item\/298947-program-obiljezavanja-4-aprila-u-tuzli-polaganje-vijenaca-i-svecana-sjednica\/\"},\"wordCount\":208,\"publisher\":{\"@id\":\"https:\/\/tuzlainfo.ba\/#organization\"},\"image\":{\"@id\":\"https:\/\/tuzlainfo.ba\/index.php\/novosti\/item\/298947-program-obiljezavanja-4-aprila-u-tuzli-polaganje-vijenaca-i-svecana-sjednica\/#primaryimage\"},\"thumbnailUrl\":\"https:\/\/tuzlainfo.ba\/wp-content\/uploads\/2025\/04\/4.-april.jpg\",\"keywords\":[\"4. april\"],\"articleSection\":[\"Istaknuto\",\"Novosti\"],\"inLanguage\":\"bs-BA\"},{\"@type\":\"WebPage\",\"@id\":\"https:\/\/tuzlainfo.ba\/index.php\/novosti\/item\/298947-program-obiljezavanja-4-aprila-u-tuzli-polaganje-vijenaca-i-svecana-sjednica\/\",\"url\":\"https:\/\/tuzlainfo.ba\/index.php\/novosti\/item\/298947-program-obiljezavanja-4-aprila-u-tuzli-polaganje-vijenaca-i-svecana-sjednica\/\",\"name\":\"Program obilje\u017eavanja 4. aprila u Tuzli: Polaganje vijenaca i sve\u010dana sjednica - TuzlaInfo.ba\",\"isPartOf\":{\"@id\":\"https:\/\/tuzlainfo.ba\/#website\"},\"primaryImageOfPage\":{\"@id\":\"https:\/\/tuzlainfo.ba\/index.php\/novosti\/item\/298947-program-obiljezavanja-4-aprila-u-tuzli-polaganje-vijenaca-i-svecana-sjednica\/#primaryimage\"},\"image\":{\"@id\":\"https:\/\/tuzlainfo.ba\/index.php\/novosti\/item\/298947-program-obiljezavanja-4-aprila-u-tuzli-polaganje-vijenaca-i-svecana-sjednica\/#primaryimage\"},\"thumbnailUrl\":\"https:\/\/tuzlainfo.ba\/wp-content\/uploads\/2025\/04\/4.-april.jpg\",\"datePublished\":\"2026-04-01T18:10:31+00:00\",\"dateModified\":\"2026-04-01T12:49:33+00:00\",\"breadcrumb\":{\"@id\":\"https:\/\/tuzlainfo.ba\/index.php\/novosti\/item\/298947-program-obiljezavanja-4-aprila-u-tuzli-polaganje-vijenaca-i-svecana-sjednica\/#breadcrumb\"},\"inLanguage\":\"bs-BA\",\"potentialAction\":[{\"@type\":\"ReadAction\",\"target\":[\"https:\/\/tuzlainfo.ba\/index.php\/novosti\/item\/298947-program-obiljezavanja-4-aprila-u-tuzli-polaganje-vijenaca-i-svecana-sjednica\/\"]}]},{\"@type\":\"ImageObject\",\"inLanguage\":\"bs-BA\",\"@id\":\"https:\/\/tuzlainfo.ba\/index.php\/novosti\/item\/298947-program-obiljezavanja-4-aprila-u-tuzli-polaganje-vijenaca-i-svecana-sjednica\/#primaryimage\",\"url\":\"https:\/\/tuzlainfo.ba\/wp-content\/uploads\/2025\/04\/4.-april.jpg\",\"contentUrl\":\"https:\/\/tuzlainfo.ba\/wp-content\/uploads\/2025\/04\/4.-april.jpg\",\"width\":2560,\"height\":1437},{\"@type\":\"BreadcrumbList\",\"@id\":\"https:\/\/tuzlainfo.ba\/index.php\/novosti\/item\/298947-program-obiljezavanja-4-aprila-u-tuzli-polaganje-vijenaca-i-svecana-sjednica\/#breadcrumb\",\"itemListElement\":[{\"@type\":\"ListItem\",\"position\":1,\"name\":\"Home\",\"item\":\"https:\/\/tuzlainfo.ba\/\"},{\"@type\":\"ListItem\",\"position\":2,\"name\":\"Program obilje\u017eavanja 4. aprila u Tuzli: Polaganje vijenaca i sve\u010dana sjednica\"}]},{\"@type\":\"WebSite\",\"@id\":\"https:\/\/tuzlainfo.ba\/#website\",\"url\":\"https:\/\/tuzlainfo.ba\/\",\"name\":\"TuzlaInfo.ba\",\"description\":\"Tuzla info, gradski informator - Tuzla na dlanu\",\"publisher\":{\"@id\":\"https:\/\/tuzlainfo.ba\/#organization\"},\"potentialAction\":[{\"@type\":\"SearchAction\",\"target\":{\"@type\":\"EntryPoint\",\"urlTemplate\":\"https:\/\/tuzlainfo.ba\/?s={search_term_string}\"},\"query-input\":{\"@type\":\"PropertyValueSpecification\",\"valueRequired\":true,\"valueName\":\"search_term_string\"}}],\"inLanguage\":\"bs-BA\"},{\"@type\":\"Organization\",\"@id\":\"https:\/\/tuzlainfo.ba\/#organization\",\"name\":\"TuzlaInfo.ba\",\"url\":\"https:\/\/tuzlainfo.ba\/\",\"logo\":{\"@type\":\"ImageObject\",\"inLanguage\":\"bs-BA\",\"@id\":\"https:\/\/tuzlainfo.ba\/#\/schema\/logo\/image\/\",\"url\":\"https:\/\/tuzlainfo.ba\/wp-content\/uploads\/2021\/03\/logo-ver-3-1.png\",\"contentUrl\":\"https:\/\/tuzlainfo.ba\/wp-content\/uploads\/2021\/03\/logo-ver-3-1.png\",\"width\":350,\"height\":95,\"caption\":\"TuzlaInfo.ba\"},\"image\":{\"@id\":\"https:\/\/tuzlainfo.ba\/#\/schema\/logo\/image\/\"},\"sameAs\":[\"https:\/\/www.facebook.com\/tuzlainfo.ba\/\"]},{\"@type\":\"Person\",\"@id\":\"https:\/\/tuzlainfo.ba\/#\/schema\/person\/46cad4c57790cbc50781edd14870825a\",\"name\":\"Tuzla Info\",\"image\":{\"@type\":\"ImageObject\",\"inLanguage\":\"bs-BA\",\"@id\":\"https:\/\/tuzlainfo.ba\/#\/schema\/person\/image\/\",\"url\":\"https:\/\/tuzlainfo.ba\/wp-content\/litespeed\/avatar\/b6c453a6c38e3654f2e4416c643fc25c.jpg?ver=1777051911\",\"contentUrl\":\"https:\/\/tuzlainfo.ba\/wp-content\/litespeed\/avatar\/b6c453a6c38e3654f2e4416c643fc25c.jpg?ver=1777051911\",\"caption\":\"Tuzla Info\"}}]}<\/script>\n<!-- \/ Yoast SEO plugin. -->","yoast_head_json":{"title":"Program obilje\u017eavanja 4. aprila u Tuzli: Polaganje vijenaca i sve\u010dana sjednica - TuzlaInfo.ba","robots":{"index":"index","follow":"follow","max-snippet":"max-snippet:-1","max-image-preview":"max-image-preview:large","max-video-preview":"max-video-preview:-1"},"canonical":"https:\/\/tuzlainfo.ba\/index.php\/novosti\/item\/298947-program-obiljezavanja-4-aprila-u-tuzli-polaganje-vijenaca-i-svecana-sjednica\/","og_locale":"bs_BA","og_type":"article","og_title":"Program obilje\u017eavanja 4. aprila u Tuzli: Polaganje vijenaca i sve\u010dana sjednica - TuzlaInfo.ba","og_description":"Grad Tuzla obilje\u017eit \u0107e 4. april 1992. godine, datum od posebnog zna\u010daja za noviju historiju&hellip;","og_url":"https:\/\/tuzlainfo.ba\/index.php\/novosti\/item\/298947-program-obiljezavanja-4-aprila-u-tuzli-polaganje-vijenaca-i-svecana-sjednica\/","og_site_name":"TuzlaInfo.ba","article_publisher":"https:\/\/www.facebook.com\/tuzlainfo.ba\/","article_published_time":"2026-04-01T18:10:31+00:00","article_modified_time":"2026-04-01T12:49:33+00:00","og_image":[{"width":2560,"height":1437,"url":"https:\/\/tuzlainfo.ba\/wp-content\/uploads\/2025\/04\/4.-april.jpg","type":"image\/jpeg"}],"author":"Tuzla Info","twitter_card":"summary_large_image","twitter_misc":{"Written by":"Tuzla Info","Est. reading time":"2 minute"},"schema":{"@context":"https:\/\/schema.org","@graph":[{"@type":"Article","@id":"https:\/\/tuzlainfo.ba\/index.php\/novosti\/item\/298947-program-obiljezavanja-4-aprila-u-tuzli-polaganje-vijenaca-i-svecana-sjednica\/#article","isPartOf":{"@id":"https:\/\/tuzlainfo.ba\/index.php\/novosti\/item\/298947-program-obiljezavanja-4-aprila-u-tuzli-polaganje-vijenaca-i-svecana-sjednica\/"},"author":{"name":"Tuzla Info","@id":"https:\/\/tuzlainfo.ba\/#\/schema\/person\/46cad4c57790cbc50781edd14870825a"},"headline":"Program obilje\u017eavanja 4. aprila u Tuzli: Polaganje vijenaca i sve\u010dana sjednica","datePublished":"2026-04-01T18:10:31+00:00","dateModified":"2026-04-01T12:49:33+00:00","mainEntityOfPage":{"@id":"https:\/\/tuzlainfo.ba\/index.php\/novosti\/item\/298947-program-obiljezavanja-4-aprila-u-tuzli-polaganje-vijenaca-i-svecana-sjednica\/"},"wordCount":208,"publisher":{"@id":"https:\/\/tuzlainfo.ba\/#organization"},"image":{"@id":"https:\/\/tuzlainfo.ba\/index.php\/novosti\/item\/298947-program-obiljezavanja-4-aprila-u-tuzli-polaganje-vijenaca-i-svecana-sjednica\/#primaryimage"},"thumbnailUrl":"https:\/\/tuzlainfo.ba\/wp-content\/uploads\/2025\/04\/4.-april.jpg","keywords":["4. april"],"articleSection":["Istaknuto","Novosti"],"inLanguage":"bs-BA"},{"@type":"WebPage","@id":"https:\/\/tuzlainfo.ba\/index.php\/novosti\/item\/298947-program-obiljezavanja-4-aprila-u-tuzli-polaganje-vijenaca-i-svecana-sjednica\/","url":"https:\/\/tuzlainfo.ba\/index.php\/novosti\/item\/298947-program-obiljezavanja-4-aprila-u-tuzli-polaganje-vijenaca-i-svecana-sjednica\/","name":"Program obilje\u017eavanja 4. aprila u Tuzli: Polaganje vijenaca i sve\u010dana sjednica - TuzlaInfo.ba","isPartOf":{"@id":"https:\/\/tuzlainfo.ba\/#website"},"primaryImageOfPage":{"@id":"https:\/\/tuzlainfo.ba\/index.php\/novosti\/item\/298947-program-obiljezavanja-4-aprila-u-tuzli-polaganje-vijenaca-i-svecana-sjednica\/#primaryimage"},"image":{"@id":"https:\/\/tuzlainfo.ba\/index.php\/novosti\/item\/298947-program-obiljezavanja-4-aprila-u-tuzli-polaganje-vijenaca-i-svecana-sjednica\/#primaryimage"},"thumbnailUrl":"https:\/\/tuzlainfo.ba\/wp-content\/uploads\/2025\/04\/4.-april.jpg","datePublished":"2026-04-01T18:10:31+00:00","dateModified":"2026-04-01T12:49:33+00:00","breadcrumb":{"@id":"https:\/\/tuzlainfo.ba\/index.php\/novosti\/item\/298947-program-obiljezavanja-4-aprila-u-tuzli-polaganje-vijenaca-i-svecana-sjednica\/#breadcrumb"},"inLanguage":"bs-BA","potentialAction":[{"@type":"ReadAction","target":["https:\/\/tuzlainfo.ba\/index.php\/novosti\/item\/298947-program-obiljezavanja-4-aprila-u-tuzli-polaganje-vijenaca-i-svecana-sjednica\/"]}]},{"@type":"ImageObject","inLanguage":"bs-BA","@id":"https:\/\/tuzlainfo.ba\/index.php\/novosti\/item\/298947-program-obiljezavanja-4-aprila-u-tuzli-polaganje-vijenaca-i-svecana-sjednica\/#primaryimage","url":"https:\/\/tuzlainfo.ba\/wp-content\/uploads\/2025\/04\/4.-april.jpg","contentUrl":"https:\/\/tuzlainfo.ba\/wp-content\/uploads\/2025\/04\/4.-april.jpg","width":2560,"height":1437},{"@type":"BreadcrumbList","@id":"https:\/\/tuzlainfo.ba\/index.php\/novosti\/item\/298947-program-obiljezavanja-4-aprila-u-tuzli-polaganje-vijenaca-i-svecana-sjednica\/#breadcrumb","itemListElement":[{"@type":"ListItem","position":1,"name":"Home","item":"https:\/\/tuzlainfo.ba\/"},{"@type":"ListItem","position":2,"name":"Program obilje\u017eavanja 4. aprila u Tuzli: Polaganje vijenaca i sve\u010dana sjednica"}]},{"@type":"WebSite","@id":"https:\/\/tuzlainfo.ba\/#website","url":"https:\/\/tuzlainfo.ba\/","name":"TuzlaInfo.ba","description":"Tuzla info, gradski informator - Tuzla na dlanu","publisher":{"@id":"https:\/\/tuzlainfo.ba\/#organization"},"potentialAction":[{"@type":"SearchAction","target":{"@type":"EntryPoint","urlTemplate":"https:\/\/tuzlainfo.ba\/?s={search_term_string}"},"query-input":{"@type":"PropertyValueSpecification","valueRequired":true,"valueName":"search_term_string"}}],"inLanguage":"bs-BA"},{"@type":"Organization","@id":"https:\/\/tuzlainfo.ba\/#organization","name":"TuzlaInfo.ba","url":"https:\/\/tuzlainfo.ba\/","logo":{"@type":"ImageObject","inLanguage":"bs-BA","@id":"https:\/\/tuzlainfo.ba\/#\/schema\/logo\/image\/","url":"https:\/\/tuzlainfo.ba\/wp-content\/uploads\/2021\/03\/logo-ver-3-1.png","contentUrl":"https:\/\/tuzlainfo.ba\/wp-content\/uploads\/2021\/03\/logo-ver-3-1.png","width":350,"height":95,"caption":"TuzlaInfo.ba"},"image":{"@id":"https:\/\/tuzlainfo.ba\/#\/schema\/logo\/image\/"},"sameAs":["https:\/\/www.facebook.com\/tuzlainfo.ba\/"]},{"@type":"Person","@id":"https:\/\/tuzlainfo.ba\/#\/schema\/person\/46cad4c57790cbc50781edd14870825a","name":"Tuzla Info","image":{"@type":"ImageObject","inLanguage":"bs-BA","@id":"https:\/\/tuzlainfo.ba\/#\/schema\/person\/image\/","url":"https:\/\/tuzlainfo.ba\/wp-content\/litespeed\/avatar\/b6c453a6c38e3654f2e4416c643fc25c.jpg?ver=1777051911","contentUrl":"https:\/\/tuzlainfo.ba\/wp-content\/litespeed\/avatar\/b6c453a6c38e3654f2e4416c643fc25c.jpg?ver=1777051911","caption":"Tuzla Info"}}]}},"_links":{"self":[{"href":"https:\/\/tuzlainfo.ba\/index.php\/wp-json\/wp\/v2\/posts\/298947"}],"collection":[{"href":"https:\/\/tuzlainfo.ba\/index.php\/wp-json\/wp\/v2\/posts"}],"about":[{"href":"https:\/\/tuzlainfo.ba\/index.php\/wp-json\/wp\/v2\/types\/post"}],"author":[{"embeddable":true,"href":"https:\/\/tuzlainfo.ba\/index.php\/wp-json\/wp\/v2\/users\/4"}],"replies":[{"embeddable":true,"href":"https:\/\/tuzlainfo.ba\/index.php\/wp-json\/wp\/v2\/comments?post=298947"}],"version-history":[{"count":1,"href":"https:\/\/tuzlainfo.ba\/index.php\/wp-json\/wp\/v2\/posts\/298947\/revisions"}],"predecessor-version":[{"id":298949,"href":"https:\/\/tuzlainfo.ba\/index.php\/wp-json\/wp\/v2\/posts\/298947\/revisions\/298949"}],"wp:featuredmedia":[{"embeddable":true,"href":"https:\/\/tuzlainfo.ba\/index.php\/wp-json\/wp\/v2\/media\/266705"}],"wp:attachment":[{"href":"https:\/\/tuzlainfo.ba\/index.php\/wp-json\/wp\/v2\/media?parent=298947"}],"wp:term":[{"taxonomy":"category","embeddable":true,"href":"https:\/\/tuzlainfo.ba\/index.php\/wp-json\/wp\/v2\/categories?post=298947"},{"taxonomy":"post_tag","embeddable":true,"href":"https:\/\/tuzlainfo.ba\/index.php\/wp-json\/wp\/v2\/tags?post=298947"}],"curies":[{"name":"wp","href":"https:\/\/api.w.org\/{rel}","templated":true}]}}