{"id":298917,"date":"2026-04-01T11:15:49","date_gmt":"2026-04-01T09:15:49","guid":{"rendered":"https:\/\/tuzlainfo.ba\/?p=298917"},"modified":"2026-04-01T09:26:18","modified_gmt":"2026-04-01T07:26:18","slug":"tuzlanski-kanton-potpisuje-memorandum-o-saradnji-sa-mc-srebrenica","status":"publish","type":"post","link":"https:\/\/tuzlainfo.ba\/index.php\/novosti\/item\/298917-tuzlanski-kanton-potpisuje-memorandum-o-saradnji-sa-mc-srebrenica\/","title":{"rendered":"Tuzlanski kanton potpisuje Memorandum o saradnji sa MC Srebrenica"},"content":{"rendered":"<p data-start=\"77\" data-end=\"246\">Ministarstvo obrazovanja i nauke Tuzlanskog kantona potpisat \u0107e Memorandum o saradnji sa <span class=\"hover:entity-accent entity-underline inline cursor-pointer align-baseline\"><span class=\"whitespace-normal\">Memorijalnim centrom Srebrenica<\/span><\/span> i <span class=\"hover:entity-accent entity-underline inline cursor-pointer align-baseline\"><span class=\"whitespace-normal\">Balkanskom istra\u017eiva\u010dkom mre\u017eom BiH<\/span><\/span>.<\/p>\n<p data-start=\"248\" data-end=\"636\">Cilj saradnje je promovisanje i institucionalno ja\u010danje metodolo\u0161kog pristupa nastavi historije, zasnovanog na sudski utvr\u0111enim \u010dinjenicama. U okviru ovog projekta, nastavnici \u0107e mo\u0107i koristiti bazu sudski utvr\u0111enih \u010dinjenica o ratu u Bosni i Hercegovini iz arhiva Me\u0111unarodnog krivi\u010dnog suda za biv\u0161u Jugoslaviju kao referentni izvor pri pripremi nastavnih sadr\u017eaja i izvo\u0111enju \u010dasova.<\/p>\n<p data-start=\"638\" data-end=\"1151\">Planirane aktivnosti uklju\u010duju izradu i usagla\u0161avanje operativnog plana implementacije sadr\u017eaja iz <em data-start=\"737\" data-end=\"788\">Priru\u010dnika o genocidu nad Bo\u0161njacima u Srebrenici<\/em>, organizaciju seminara, radionica, okruglih stolova i drugih programa stru\u010dnog usavr\u0161avanja. Tako\u0111er, predvi\u0111ena je izrada i razmjena nastavnih materijala, gostuju\u0107a predavanja stru\u010dnjaka Memorijalnog centra i BIRN-a, stru\u010dne konsultacije i mentorska podr\u0161ka nastavnicima, te organizacija studijskih posjeta u\u010denika i nastavnika Memorijalnom centru Srebrenica.<\/p>\n<p data-start=\"1153\" data-end=\"1334\">Ovaj projekat ima za cilj osigurati kvalitetnu i vjerodostojnu nastavu historije, s posebnim fokusom na obrazovanje mladih generacija o ratnim de\u0161avanjima i genocidu u Srebrenici.<\/p>\n","protected":false},"excerpt":{"rendered":"<p>Ministarstvo obrazovanja i nauke Tuzlanskog kantona potpisat \u0107e Memorandum o saradnji sa Memorijalnim centrom Srebrenica&hellip;<\/p>\n","protected":false},"author":4,"featured_media":141383,"comment_status":"closed","ping_status":"closed","sticky":false,"template":"","format":"standard","meta":{"_acf_changed":false,"footnotes":""},"categories":[304,12],"tags":[8959,360],"acf":[],"yoast_head":"<!-- This site is optimized with the Yoast SEO plugin v23.5 - https:\/\/yoast.com\/wordpress\/plugins\/seo\/ -->\n<title>Tuzlanski kanton potpisuje Memorandum o saradnji sa MC Srebrenica - TuzlaInfo.ba<\/title>\n<meta name=\"robots\" content=\"index, follow, max-snippet:-1, max-image-preview:large, max-video-preview:-1\" \/>\n<link rel=\"canonical\" href=\"https:\/\/tuzlainfo.ba\/index.php\/novosti\/item\/298917-tuzlanski-kanton-potpisuje-memorandum-o-saradnji-sa-mc-srebrenica\/\" \/>\n<meta property=\"og:locale\" content=\"bs_BA\" \/>\n<meta property=\"og:type\" content=\"article\" \/>\n<meta property=\"og:title\" content=\"Tuzlanski kanton potpisuje Memorandum o saradnji sa MC Srebrenica - TuzlaInfo.ba\" \/>\n<meta property=\"og:description\" content=\"Ministarstvo obrazovanja i nauke Tuzlanskog kantona potpisat \u0107e Memorandum o saradnji sa Memorijalnim centrom Srebrenica&hellip;\" \/>\n<meta property=\"og:url\" content=\"https:\/\/tuzlainfo.ba\/index.php\/novosti\/item\/298917-tuzlanski-kanton-potpisuje-memorandum-o-saradnji-sa-mc-srebrenica\/\" \/>\n<meta property=\"og:site_name\" content=\"TuzlaInfo.ba\" \/>\n<meta property=\"article:publisher\" content=\"https:\/\/www.facebook.com\/tuzlainfo.ba\/\" \/>\n<meta property=\"article:published_time\" content=\"2026-04-01T09:15:49+00:00\" \/>\n<meta property=\"article:modified_time\" content=\"2026-04-01T07:26:18+00:00\" \/>\n<meta property=\"og:image\" content=\"https:\/\/tuzlainfo.ba\/wp-content\/uploads\/2021\/07\/0907_memorijalni-centar-srebrenica--e1625811812737.jpg\" \/>\n\t<meta property=\"og:image:width\" content=\"800\" \/>\n\t<meta property=\"og:image:height\" content=\"450\" \/>\n\t<meta property=\"og:image:type\" content=\"image\/jpeg\" \/>\n<meta name=\"author\" content=\"Tuzla Info\" \/>\n<meta name=\"twitter:card\" content=\"summary_large_image\" \/>\n<meta name=\"twitter:label1\" content=\"Written by\" \/>\n\t<meta name=\"twitter:data1\" content=\"Tuzla Info\" \/>\n\t<meta name=\"twitter:label2\" content=\"Est. reading time\" \/>\n\t<meta name=\"twitter:data2\" content=\"2 minute\" \/>\n<script type=\"application\/ld+json\" class=\"yoast-schema-graph\">{\"@context\":\"https:\/\/schema.org\",\"@graph\":[{\"@type\":\"Article\",\"@id\":\"https:\/\/tuzlainfo.ba\/index.php\/novosti\/item\/298917-tuzlanski-kanton-potpisuje-memorandum-o-saradnji-sa-mc-srebrenica\/#article\",\"isPartOf\":{\"@id\":\"https:\/\/tuzlainfo.ba\/index.php\/novosti\/item\/298917-tuzlanski-kanton-potpisuje-memorandum-o-saradnji-sa-mc-srebrenica\/\"},\"author\":{\"name\":\"Tuzla Info\",\"@id\":\"https:\/\/tuzlainfo.ba\/#\/schema\/person\/46cad4c57790cbc50781edd14870825a\"},\"headline\":\"Tuzlanski kanton potpisuje Memorandum o saradnji sa MC Srebrenica\",\"datePublished\":\"2026-04-01T09:15:49+00:00\",\"dateModified\":\"2026-04-01T07:26:18+00:00\",\"mainEntityOfPage\":{\"@id\":\"https:\/\/tuzlainfo.ba\/index.php\/novosti\/item\/298917-tuzlanski-kanton-potpisuje-memorandum-o-saradnji-sa-mc-srebrenica\/\"},\"wordCount\":193,\"publisher\":{\"@id\":\"https:\/\/tuzlainfo.ba\/#organization\"},\"image\":{\"@id\":\"https:\/\/tuzlainfo.ba\/index.php\/novosti\/item\/298917-tuzlanski-kanton-potpisuje-memorandum-o-saradnji-sa-mc-srebrenica\/#primaryimage\"},\"thumbnailUrl\":\"https:\/\/tuzlainfo.ba\/wp-content\/uploads\/2021\/07\/0907_memorijalni-centar-srebrenica--e1625811812737.jpg\",\"keywords\":[\"mc srebrenica\",\"tuzlanski kanton\"],\"articleSection\":[\"Istaknuto\",\"Novosti\"],\"inLanguage\":\"bs-BA\"},{\"@type\":\"WebPage\",\"@id\":\"https:\/\/tuzlainfo.ba\/index.php\/novosti\/item\/298917-tuzlanski-kanton-potpisuje-memorandum-o-saradnji-sa-mc-srebrenica\/\",\"url\":\"https:\/\/tuzlainfo.ba\/index.php\/novosti\/item\/298917-tuzlanski-kanton-potpisuje-memorandum-o-saradnji-sa-mc-srebrenica\/\",\"name\":\"Tuzlanski kanton potpisuje Memorandum o saradnji sa MC Srebrenica - TuzlaInfo.ba\",\"isPartOf\":{\"@id\":\"https:\/\/tuzlainfo.ba\/#website\"},\"primaryImageOfPage\":{\"@id\":\"https:\/\/tuzlainfo.ba\/index.php\/novosti\/item\/298917-tuzlanski-kanton-potpisuje-memorandum-o-saradnji-sa-mc-srebrenica\/#primaryimage\"},\"image\":{\"@id\":\"https:\/\/tuzlainfo.ba\/index.php\/novosti\/item\/298917-tuzlanski-kanton-potpisuje-memorandum-o-saradnji-sa-mc-srebrenica\/#primaryimage\"},\"thumbnailUrl\":\"https:\/\/tuzlainfo.ba\/wp-content\/uploads\/2021\/07\/0907_memorijalni-centar-srebrenica--e1625811812737.jpg\",\"datePublished\":\"2026-04-01T09:15:49+00:00\",\"dateModified\":\"2026-04-01T07:26:18+00:00\",\"breadcrumb\":{\"@id\":\"https:\/\/tuzlainfo.ba\/index.php\/novosti\/item\/298917-tuzlanski-kanton-potpisuje-memorandum-o-saradnji-sa-mc-srebrenica\/#breadcrumb\"},\"inLanguage\":\"bs-BA\",\"potentialAction\":[{\"@type\":\"ReadAction\",\"target\":[\"https:\/\/tuzlainfo.ba\/index.php\/novosti\/item\/298917-tuzlanski-kanton-potpisuje-memorandum-o-saradnji-sa-mc-srebrenica\/\"]}]},{\"@type\":\"ImageObject\",\"inLanguage\":\"bs-BA\",\"@id\":\"https:\/\/tuzlainfo.ba\/index.php\/novosti\/item\/298917-tuzlanski-kanton-potpisuje-memorandum-o-saradnji-sa-mc-srebrenica\/#primaryimage\",\"url\":\"https:\/\/tuzlainfo.ba\/wp-content\/uploads\/2021\/07\/0907_memorijalni-centar-srebrenica--e1625811812737.jpg\",\"contentUrl\":\"https:\/\/tuzlainfo.ba\/wp-content\/uploads\/2021\/07\/0907_memorijalni-centar-srebrenica--e1625811812737.jpg\",\"width\":800,\"height\":450},{\"@type\":\"BreadcrumbList\",\"@id\":\"https:\/\/tuzlainfo.ba\/index.php\/novosti\/item\/298917-tuzlanski-kanton-potpisuje-memorandum-o-saradnji-sa-mc-srebrenica\/#breadcrumb\",\"itemListElement\":[{\"@type\":\"ListItem\",\"position\":1,\"name\":\"Home\",\"item\":\"https:\/\/tuzlainfo.ba\/\"},{\"@type\":\"ListItem\",\"position\":2,\"name\":\"Tuzlanski kanton potpisuje Memorandum o saradnji sa MC Srebrenica\"}]},{\"@type\":\"WebSite\",\"@id\":\"https:\/\/tuzlainfo.ba\/#website\",\"url\":\"https:\/\/tuzlainfo.ba\/\",\"name\":\"TuzlaInfo.ba\",\"description\":\"Tuzla info, gradski informator - Tuzla na dlanu\",\"publisher\":{\"@id\":\"https:\/\/tuzlainfo.ba\/#organization\"},\"potentialAction\":[{\"@type\":\"SearchAction\",\"target\":{\"@type\":\"EntryPoint\",\"urlTemplate\":\"https:\/\/tuzlainfo.ba\/?s={search_term_string}\"},\"query-input\":{\"@type\":\"PropertyValueSpecification\",\"valueRequired\":true,\"valueName\":\"search_term_string\"}}],\"inLanguage\":\"bs-BA\"},{\"@type\":\"Organization\",\"@id\":\"https:\/\/tuzlainfo.ba\/#organization\",\"name\":\"TuzlaInfo.ba\",\"url\":\"https:\/\/tuzlainfo.ba\/\",\"logo\":{\"@type\":\"ImageObject\",\"inLanguage\":\"bs-BA\",\"@id\":\"https:\/\/tuzlainfo.ba\/#\/schema\/logo\/image\/\",\"url\":\"https:\/\/tuzlainfo.ba\/wp-content\/uploads\/2021\/03\/logo-ver-3-1.png\",\"contentUrl\":\"https:\/\/tuzlainfo.ba\/wp-content\/uploads\/2021\/03\/logo-ver-3-1.png\",\"width\":350,\"height\":95,\"caption\":\"TuzlaInfo.ba\"},\"image\":{\"@id\":\"https:\/\/tuzlainfo.ba\/#\/schema\/logo\/image\/\"},\"sameAs\":[\"https:\/\/www.facebook.com\/tuzlainfo.ba\/\"]},{\"@type\":\"Person\",\"@id\":\"https:\/\/tuzlainfo.ba\/#\/schema\/person\/46cad4c57790cbc50781edd14870825a\",\"name\":\"Tuzla Info\",\"image\":{\"@type\":\"ImageObject\",\"inLanguage\":\"bs-BA\",\"@id\":\"https:\/\/tuzlainfo.ba\/#\/schema\/person\/image\/\",\"url\":\"https:\/\/tuzlainfo.ba\/wp-content\/litespeed\/avatar\/b6c453a6c38e3654f2e4416c643fc25c.jpg?ver=1777051911\",\"contentUrl\":\"https:\/\/tuzlainfo.ba\/wp-content\/litespeed\/avatar\/b6c453a6c38e3654f2e4416c643fc25c.jpg?ver=1777051911\",\"caption\":\"Tuzla Info\"}}]}<\/script>\n<!-- \/ Yoast SEO plugin. -->","yoast_head_json":{"title":"Tuzlanski kanton potpisuje Memorandum o saradnji sa MC Srebrenica - TuzlaInfo.ba","robots":{"index":"index","follow":"follow","max-snippet":"max-snippet:-1","max-image-preview":"max-image-preview:large","max-video-preview":"max-video-preview:-1"},"canonical":"https:\/\/tuzlainfo.ba\/index.php\/novosti\/item\/298917-tuzlanski-kanton-potpisuje-memorandum-o-saradnji-sa-mc-srebrenica\/","og_locale":"bs_BA","og_type":"article","og_title":"Tuzlanski kanton potpisuje Memorandum o saradnji sa MC Srebrenica - TuzlaInfo.ba","og_description":"Ministarstvo obrazovanja i nauke Tuzlanskog kantona potpisat \u0107e Memorandum o saradnji sa Memorijalnim centrom Srebrenica&hellip;","og_url":"https:\/\/tuzlainfo.ba\/index.php\/novosti\/item\/298917-tuzlanski-kanton-potpisuje-memorandum-o-saradnji-sa-mc-srebrenica\/","og_site_name":"TuzlaInfo.ba","article_publisher":"https:\/\/www.facebook.com\/tuzlainfo.ba\/","article_published_time":"2026-04-01T09:15:49+00:00","article_modified_time":"2026-04-01T07:26:18+00:00","og_image":[{"width":800,"height":450,"url":"https:\/\/tuzlainfo.ba\/wp-content\/uploads\/2021\/07\/0907_memorijalni-centar-srebrenica--e1625811812737.jpg","type":"image\/jpeg"}],"author":"Tuzla Info","twitter_card":"summary_large_image","twitter_misc":{"Written by":"Tuzla Info","Est. reading time":"2 minute"},"schema":{"@context":"https:\/\/schema.org","@graph":[{"@type":"Article","@id":"https:\/\/tuzlainfo.ba\/index.php\/novosti\/item\/298917-tuzlanski-kanton-potpisuje-memorandum-o-saradnji-sa-mc-srebrenica\/#article","isPartOf":{"@id":"https:\/\/tuzlainfo.ba\/index.php\/novosti\/item\/298917-tuzlanski-kanton-potpisuje-memorandum-o-saradnji-sa-mc-srebrenica\/"},"author":{"name":"Tuzla Info","@id":"https:\/\/tuzlainfo.ba\/#\/schema\/person\/46cad4c57790cbc50781edd14870825a"},"headline":"Tuzlanski kanton potpisuje Memorandum o saradnji sa MC Srebrenica","datePublished":"2026-04-01T09:15:49+00:00","dateModified":"2026-04-01T07:26:18+00:00","mainEntityOfPage":{"@id":"https:\/\/tuzlainfo.ba\/index.php\/novosti\/item\/298917-tuzlanski-kanton-potpisuje-memorandum-o-saradnji-sa-mc-srebrenica\/"},"wordCount":193,"publisher":{"@id":"https:\/\/tuzlainfo.ba\/#organization"},"image":{"@id":"https:\/\/tuzlainfo.ba\/index.php\/novosti\/item\/298917-tuzlanski-kanton-potpisuje-memorandum-o-saradnji-sa-mc-srebrenica\/#primaryimage"},"thumbnailUrl":"https:\/\/tuzlainfo.ba\/wp-content\/uploads\/2021\/07\/0907_memorijalni-centar-srebrenica--e1625811812737.jpg","keywords":["mc srebrenica","tuzlanski kanton"],"articleSection":["Istaknuto","Novosti"],"inLanguage":"bs-BA"},{"@type":"WebPage","@id":"https:\/\/tuzlainfo.ba\/index.php\/novosti\/item\/298917-tuzlanski-kanton-potpisuje-memorandum-o-saradnji-sa-mc-srebrenica\/","url":"https:\/\/tuzlainfo.ba\/index.php\/novosti\/item\/298917-tuzlanski-kanton-potpisuje-memorandum-o-saradnji-sa-mc-srebrenica\/","name":"Tuzlanski kanton potpisuje Memorandum o saradnji sa MC Srebrenica - TuzlaInfo.ba","isPartOf":{"@id":"https:\/\/tuzlainfo.ba\/#website"},"primaryImageOfPage":{"@id":"https:\/\/tuzlainfo.ba\/index.php\/novosti\/item\/298917-tuzlanski-kanton-potpisuje-memorandum-o-saradnji-sa-mc-srebrenica\/#primaryimage"},"image":{"@id":"https:\/\/tuzlainfo.ba\/index.php\/novosti\/item\/298917-tuzlanski-kanton-potpisuje-memorandum-o-saradnji-sa-mc-srebrenica\/#primaryimage"},"thumbnailUrl":"https:\/\/tuzlainfo.ba\/wp-content\/uploads\/2021\/07\/0907_memorijalni-centar-srebrenica--e1625811812737.jpg","datePublished":"2026-04-01T09:15:49+00:00","dateModified":"2026-04-01T07:26:18+00:00","breadcrumb":{"@id":"https:\/\/tuzlainfo.ba\/index.php\/novosti\/item\/298917-tuzlanski-kanton-potpisuje-memorandum-o-saradnji-sa-mc-srebrenica\/#breadcrumb"},"inLanguage":"bs-BA","potentialAction":[{"@type":"ReadAction","target":["https:\/\/tuzlainfo.ba\/index.php\/novosti\/item\/298917-tuzlanski-kanton-potpisuje-memorandum-o-saradnji-sa-mc-srebrenica\/"]}]},{"@type":"ImageObject","inLanguage":"bs-BA","@id":"https:\/\/tuzlainfo.ba\/index.php\/novosti\/item\/298917-tuzlanski-kanton-potpisuje-memorandum-o-saradnji-sa-mc-srebrenica\/#primaryimage","url":"https:\/\/tuzlainfo.ba\/wp-content\/uploads\/2021\/07\/0907_memorijalni-centar-srebrenica--e1625811812737.jpg","contentUrl":"https:\/\/tuzlainfo.ba\/wp-content\/uploads\/2021\/07\/0907_memorijalni-centar-srebrenica--e1625811812737.jpg","width":800,"height":450},{"@type":"BreadcrumbList","@id":"https:\/\/tuzlainfo.ba\/index.php\/novosti\/item\/298917-tuzlanski-kanton-potpisuje-memorandum-o-saradnji-sa-mc-srebrenica\/#breadcrumb","itemListElement":[{"@type":"ListItem","position":1,"name":"Home","item":"https:\/\/tuzlainfo.ba\/"},{"@type":"ListItem","position":2,"name":"Tuzlanski kanton potpisuje Memorandum o saradnji sa MC Srebrenica"}]},{"@type":"WebSite","@id":"https:\/\/tuzlainfo.ba\/#website","url":"https:\/\/tuzlainfo.ba\/","name":"TuzlaInfo.ba","description":"Tuzla info, gradski informator - Tuzla na dlanu","publisher":{"@id":"https:\/\/tuzlainfo.ba\/#organization"},"potentialAction":[{"@type":"SearchAction","target":{"@type":"EntryPoint","urlTemplate":"https:\/\/tuzlainfo.ba\/?s={search_term_string}"},"query-input":{"@type":"PropertyValueSpecification","valueRequired":true,"valueName":"search_term_string"}}],"inLanguage":"bs-BA"},{"@type":"Organization","@id":"https:\/\/tuzlainfo.ba\/#organization","name":"TuzlaInfo.ba","url":"https:\/\/tuzlainfo.ba\/","logo":{"@type":"ImageObject","inLanguage":"bs-BA","@id":"https:\/\/tuzlainfo.ba\/#\/schema\/logo\/image\/","url":"https:\/\/tuzlainfo.ba\/wp-content\/uploads\/2021\/03\/logo-ver-3-1.png","contentUrl":"https:\/\/tuzlainfo.ba\/wp-content\/uploads\/2021\/03\/logo-ver-3-1.png","width":350,"height":95,"caption":"TuzlaInfo.ba"},"image":{"@id":"https:\/\/tuzlainfo.ba\/#\/schema\/logo\/image\/"},"sameAs":["https:\/\/www.facebook.com\/tuzlainfo.ba\/"]},{"@type":"Person","@id":"https:\/\/tuzlainfo.ba\/#\/schema\/person\/46cad4c57790cbc50781edd14870825a","name":"Tuzla Info","image":{"@type":"ImageObject","inLanguage":"bs-BA","@id":"https:\/\/tuzlainfo.ba\/#\/schema\/person\/image\/","url":"https:\/\/tuzlainfo.ba\/wp-content\/litespeed\/avatar\/b6c453a6c38e3654f2e4416c643fc25c.jpg?ver=1777051911","contentUrl":"https:\/\/tuzlainfo.ba\/wp-content\/litespeed\/avatar\/b6c453a6c38e3654f2e4416c643fc25c.jpg?ver=1777051911","caption":"Tuzla Info"}}]}},"_links":{"self":[{"href":"https:\/\/tuzlainfo.ba\/index.php\/wp-json\/wp\/v2\/posts\/298917"}],"collection":[{"href":"https:\/\/tuzlainfo.ba\/index.php\/wp-json\/wp\/v2\/posts"}],"about":[{"href":"https:\/\/tuzlainfo.ba\/index.php\/wp-json\/wp\/v2\/types\/post"}],"author":[{"embeddable":true,"href":"https:\/\/tuzlainfo.ba\/index.php\/wp-json\/wp\/v2\/users\/4"}],"replies":[{"embeddable":true,"href":"https:\/\/tuzlainfo.ba\/index.php\/wp-json\/wp\/v2\/comments?post=298917"}],"version-history":[{"count":1,"href":"https:\/\/tuzlainfo.ba\/index.php\/wp-json\/wp\/v2\/posts\/298917\/revisions"}],"predecessor-version":[{"id":298922,"href":"https:\/\/tuzlainfo.ba\/index.php\/wp-json\/wp\/v2\/posts\/298917\/revisions\/298922"}],"wp:featuredmedia":[{"embeddable":true,"href":"https:\/\/tuzlainfo.ba\/index.php\/wp-json\/wp\/v2\/media\/141383"}],"wp:attachment":[{"href":"https:\/\/tuzlainfo.ba\/index.php\/wp-json\/wp\/v2\/media?parent=298917"}],"wp:term":[{"taxonomy":"category","embeddable":true,"href":"https:\/\/tuzlainfo.ba\/index.php\/wp-json\/wp\/v2\/categories?post=298917"},{"taxonomy":"post_tag","embeddable":true,"href":"https:\/\/tuzlainfo.ba\/index.php\/wp-json\/wp\/v2\/tags?post=298917"}],"curies":[{"name":"wp","href":"https:\/\/api.w.org\/{rel}","templated":true}]}}