{"id":298875,"date":"2026-03-31T23:44:00","date_gmt":"2026-03-31T21:44:00","guid":{"rendered":"https:\/\/tuzlainfo.ba\/?p=298875"},"modified":"2026-04-01T00:44:15","modified_gmt":"2026-03-31T22:44:15","slug":"italija-pala-nakon-penala-bosna-i-hercegovina-je-na-svjetskom-prvenstvu","status":"publish","type":"post","link":"https:\/\/tuzlainfo.ba\/index.php\/bosna-i-hercegovina\/item\/298875-italija-pala-nakon-penala-bosna-i-hercegovina-je-na-svjetskom-prvenstvu\/","title":{"rendered":"Italija pala nakon penala: Bosna i Hercegovina je na Svjetskom prvenstvu!"},"content":{"rendered":"<p>Reprezentacija Bosne i Hercegovine \u0107e po drugi put igrati na Svjetskom prvenstvu. U fenomenalnoj atmosferi na Bilinom polju pao je \u010detverostruki svjetski prvak, koji ni tre\u0107i put za redom ne\u0107e nastupiti na Svjetskom prvenstvu. Nakon boljeg izvo\u0111enja penala, Bosna i Hercegovina je savladala Italiju nakon bolje izvo\u0111enja penala 5:2 (1:1, 0:1).<\/p>\n<p>Ekipa predvo\u0111ena kapitenom Edinom D\u017eekom i selektorom Sergejom Barbarezom napravila je vrhunski podvig, te \u0107emo na\u0161e Zmajeve ponovo pratiti na najve\u0107oj svjetskoj fudbalskoj smotri.<\/p>\n<p data-start=\"202\" data-end=\"332\">Izabranici Sergeja Barbareza slavili su rezultatom 4:1 nakon jedanaesteraca, poslije 120 minuta igre u kojima je rezultat bio 1:1.<\/p>\n<p data-start=\"334\" data-end=\"692\">Zmajevi su bolje otvorili susret i ve\u0107 na startu nekoliko puta zaprijetili golu Gianluigija Donnarumme, ali bez konkretne zavr\u0161nice. Ipak, u 15. minuti uslijedio je \u0161ok za doma\u0107e \u2013 nakon velike gre\u0161ke Nikole Vasilja, lopta je do\u0161la do Nicola Barelle koji je asistirao Moiseu Keanu, a napada\u010d Italije preciznim udarcem s vrha kaznenog prostora pogodio za 0:1.<\/p>\n<p data-start=\"694\" data-end=\"918\">Nakon primljenog gola bh. tim je preuzeo inicijativu i konstantno prijetio. Prilike su redom imali Edin D\u017eeko, Ivan Ba\u0161i\u0107, Nikola Kati\u0107 i Ermedin Demirovi\u0107, ali je Donnarumma briljirao na golu Italije i spa\u0161avao svoju ekipu.<\/p>\n<p data-start=\"920\" data-end=\"1128\">Klju\u010dni trenutak prvog poluvremena dogodio se u 42. minuti kada je Alessandro Bastoni dobio crveni karton nakon \u0161to je kao posljednji igra\u010d odbrane sru\u0161io Amara Memi\u0107a i sprije\u010dio izglednu priliku za pogodak.<\/p>\n<p data-start=\"1130\" data-end=\"1298\">U nastavku susreta BiH je nastavila dominirati, ali je Italija prijetila iz kontri. Veliku \u0161ansu propustio je Kean nakon gre\u0161ke Ivana Ba\u0161i\u0107a, ali je \u0161utirao preko gola.<\/p>\n<p data-start=\"1300\" data-end=\"1502\">Upornost Zmajeva kona\u010dno se isplatila u 79. minuti. Amar Dedi\u0107 je ubacio s desne strane, D\u017eeko je \u0161utirao glavom, Donnarumma odbio loptu, a Haris Tabakovi\u0107 se najbolje sna\u0161ao i poslao je u mre\u017eu za 1:1.<\/p>\n<p data-start=\"1504\" data-end=\"1666\">Do kraja regularnog dijela i u produ\u017eecima nije bilo golova, iako su obje selekcije imale nekoliko dobrih prilika, pa je pobjednik odlu\u010den nakon izvo\u0111enja penala.<\/p>\n<p data-start=\"1668\" data-end=\"1792\">U penal seriji bh. reprezentacija bila je sigurna i slavila rezultatom 4:1, \u010dime je osigurala plasman na Svjetsko prvenstvo. Za\u00a0Bosnu i Herceovinu su pogodili Tahirovi\u0107, Tabakovi\u0107, Alajbegovi\u0107 i Bajraktarevi\u0107, dok je za Italiju jedini pogodio Tonali.<\/p>\n<p data-start=\"1794\" data-end=\"1897\">Bosna i Hercegovina \u0107e na Mundijalu igrati u grupi B zajedno sa selekcijama Kanade, Katara i \u0160vicarske.<\/p>\n","protected":false},"excerpt":{"rendered":"<p>Reprezentacija Bosne i Hercegovine \u0107e po drugi put igrati na Svjetskom prvenstvu. U fenomenalnoj atmosferi&hellip;<\/p>\n","protected":false},"author":2,"featured_media":298876,"comment_status":"closed","ping_status":"closed","sticky":false,"template":"","format":"standard","meta":{"_acf_changed":false,"footnotes":""},"categories":[291,304],"tags":[917,915],"acf":[],"yoast_head":"<!-- This site is optimized with the Yoast SEO plugin v23.5 - https:\/\/yoast.com\/wordpress\/plugins\/seo\/ -->\n<title>Italija pala nakon penala: Bosna i Hercegovina je na Svjetskom prvenstvu! - TuzlaInfo.ba<\/title>\n<meta name=\"robots\" content=\"index, follow, max-snippet:-1, max-image-preview:large, max-video-preview:-1\" \/>\n<link rel=\"canonical\" href=\"https:\/\/tuzlainfo.ba\/index.php\/bosna-i-hercegovina\/item\/298875-italija-pala-nakon-penala-bosna-i-hercegovina-je-na-svjetskom-prvenstvu\/\" \/>\n<meta property=\"og:locale\" content=\"bs_BA\" \/>\n<meta property=\"og:type\" content=\"article\" \/>\n<meta property=\"og:title\" content=\"Italija pala nakon penala: Bosna i Hercegovina je na Svjetskom prvenstvu! - TuzlaInfo.ba\" \/>\n<meta property=\"og:description\" content=\"Reprezentacija Bosne i Hercegovine \u0107e po drugi put igrati na Svjetskom prvenstvu. U fenomenalnoj atmosferi&hellip;\" \/>\n<meta property=\"og:url\" content=\"https:\/\/tuzlainfo.ba\/index.php\/bosna-i-hercegovina\/item\/298875-italija-pala-nakon-penala-bosna-i-hercegovina-je-na-svjetskom-prvenstvu\/\" \/>\n<meta property=\"og:site_name\" content=\"TuzlaInfo.ba\" \/>\n<meta property=\"article:publisher\" content=\"https:\/\/www.facebook.com\/tuzlainfo.ba\/\" \/>\n<meta property=\"article:published_time\" content=\"2026-03-31T21:44:00+00:00\" \/>\n<meta property=\"article:modified_time\" content=\"2026-03-31T22:44:15+00:00\" \/>\n<meta property=\"og:image\" content=\"https:\/\/tuzlainfo.ba\/wp-content\/uploads\/2026\/03\/3103_bajraktarevic.jpg\" \/>\n\t<meta property=\"og:image:width\" content=\"1000\" \/>\n\t<meta property=\"og:image:height\" content=\"666\" \/>\n\t<meta property=\"og:image:type\" content=\"image\/jpeg\" \/>\n<meta name=\"author\" content=\"nedim\" \/>\n<meta name=\"twitter:card\" content=\"summary_large_image\" \/>\n<meta name=\"twitter:label1\" content=\"Written by\" \/>\n\t<meta name=\"twitter:data1\" content=\"nedim\" \/>\n\t<meta name=\"twitter:label2\" content=\"Est. reading time\" \/>\n\t<meta name=\"twitter:data2\" content=\"3 minute\" \/>\n<script type=\"application\/ld+json\" class=\"yoast-schema-graph\">{\"@context\":\"https:\/\/schema.org\",\"@graph\":[{\"@type\":\"Article\",\"@id\":\"https:\/\/tuzlainfo.ba\/index.php\/bosna-i-hercegovina\/item\/298875-italija-pala-nakon-penala-bosna-i-hercegovina-je-na-svjetskom-prvenstvu\/#article\",\"isPartOf\":{\"@id\":\"https:\/\/tuzlainfo.ba\/index.php\/bosna-i-hercegovina\/item\/298875-italija-pala-nakon-penala-bosna-i-hercegovina-je-na-svjetskom-prvenstvu\/\"},\"author\":{\"name\":\"nedim\",\"@id\":\"https:\/\/tuzlainfo.ba\/#\/schema\/person\/f434e20dc27ea133923aab08451b7f7f\"},\"headline\":\"Italija pala nakon penala: Bosna i Hercegovina je na Svjetskom prvenstvu!\",\"datePublished\":\"2026-03-31T21:44:00+00:00\",\"dateModified\":\"2026-03-31T22:44:15+00:00\",\"mainEntityOfPage\":{\"@id\":\"https:\/\/tuzlainfo.ba\/index.php\/bosna-i-hercegovina\/item\/298875-italija-pala-nakon-penala-bosna-i-hercegovina-je-na-svjetskom-prvenstvu\/\"},\"wordCount\":386,\"publisher\":{\"@id\":\"https:\/\/tuzlainfo.ba\/#organization\"},\"image\":{\"@id\":\"https:\/\/tuzlainfo.ba\/index.php\/bosna-i-hercegovina\/item\/298875-italija-pala-nakon-penala-bosna-i-hercegovina-je-na-svjetskom-prvenstvu\/#primaryimage\"},\"thumbnailUrl\":\"https:\/\/tuzlainfo.ba\/wp-content\/uploads\/2026\/03\/3103_bajraktarevic.jpg\",\"keywords\":[\"reprezentacija bih\",\"sport\"],\"articleSection\":[\"Bosna i Hercegovina\",\"Istaknuto\"],\"inLanguage\":\"bs-BA\"},{\"@type\":\"WebPage\",\"@id\":\"https:\/\/tuzlainfo.ba\/index.php\/bosna-i-hercegovina\/item\/298875-italija-pala-nakon-penala-bosna-i-hercegovina-je-na-svjetskom-prvenstvu\/\",\"url\":\"https:\/\/tuzlainfo.ba\/index.php\/bosna-i-hercegovina\/item\/298875-italija-pala-nakon-penala-bosna-i-hercegovina-je-na-svjetskom-prvenstvu\/\",\"name\":\"Italija pala nakon penala: Bosna i Hercegovina je na Svjetskom prvenstvu! - TuzlaInfo.ba\",\"isPartOf\":{\"@id\":\"https:\/\/tuzlainfo.ba\/#website\"},\"primaryImageOfPage\":{\"@id\":\"https:\/\/tuzlainfo.ba\/index.php\/bosna-i-hercegovina\/item\/298875-italija-pala-nakon-penala-bosna-i-hercegovina-je-na-svjetskom-prvenstvu\/#primaryimage\"},\"image\":{\"@id\":\"https:\/\/tuzlainfo.ba\/index.php\/bosna-i-hercegovina\/item\/298875-italija-pala-nakon-penala-bosna-i-hercegovina-je-na-svjetskom-prvenstvu\/#primaryimage\"},\"thumbnailUrl\":\"https:\/\/tuzlainfo.ba\/wp-content\/uploads\/2026\/03\/3103_bajraktarevic.jpg\",\"datePublished\":\"2026-03-31T21:44:00+00:00\",\"dateModified\":\"2026-03-31T22:44:15+00:00\",\"breadcrumb\":{\"@id\":\"https:\/\/tuzlainfo.ba\/index.php\/bosna-i-hercegovina\/item\/298875-italija-pala-nakon-penala-bosna-i-hercegovina-je-na-svjetskom-prvenstvu\/#breadcrumb\"},\"inLanguage\":\"bs-BA\",\"potentialAction\":[{\"@type\":\"ReadAction\",\"target\":[\"https:\/\/tuzlainfo.ba\/index.php\/bosna-i-hercegovina\/item\/298875-italija-pala-nakon-penala-bosna-i-hercegovina-je-na-svjetskom-prvenstvu\/\"]}]},{\"@type\":\"ImageObject\",\"inLanguage\":\"bs-BA\",\"@id\":\"https:\/\/tuzlainfo.ba\/index.php\/bosna-i-hercegovina\/item\/298875-italija-pala-nakon-penala-bosna-i-hercegovina-je-na-svjetskom-prvenstvu\/#primaryimage\",\"url\":\"https:\/\/tuzlainfo.ba\/wp-content\/uploads\/2026\/03\/3103_bajraktarevic.jpg\",\"contentUrl\":\"https:\/\/tuzlainfo.ba\/wp-content\/uploads\/2026\/03\/3103_bajraktarevic.jpg\",\"width\":1000,\"height\":666},{\"@type\":\"BreadcrumbList\",\"@id\":\"https:\/\/tuzlainfo.ba\/index.php\/bosna-i-hercegovina\/item\/298875-italija-pala-nakon-penala-bosna-i-hercegovina-je-na-svjetskom-prvenstvu\/#breadcrumb\",\"itemListElement\":[{\"@type\":\"ListItem\",\"position\":1,\"name\":\"Home\",\"item\":\"https:\/\/tuzlainfo.ba\/\"},{\"@type\":\"ListItem\",\"position\":2,\"name\":\"Italija pala nakon penala: Bosna i Hercegovina je na Svjetskom prvenstvu!\"}]},{\"@type\":\"WebSite\",\"@id\":\"https:\/\/tuzlainfo.ba\/#website\",\"url\":\"https:\/\/tuzlainfo.ba\/\",\"name\":\"TuzlaInfo.ba\",\"description\":\"Tuzla info, gradski informator - Tuzla na dlanu\",\"publisher\":{\"@id\":\"https:\/\/tuzlainfo.ba\/#organization\"},\"potentialAction\":[{\"@type\":\"SearchAction\",\"target\":{\"@type\":\"EntryPoint\",\"urlTemplate\":\"https:\/\/tuzlainfo.ba\/?s={search_term_string}\"},\"query-input\":{\"@type\":\"PropertyValueSpecification\",\"valueRequired\":true,\"valueName\":\"search_term_string\"}}],\"inLanguage\":\"bs-BA\"},{\"@type\":\"Organization\",\"@id\":\"https:\/\/tuzlainfo.ba\/#organization\",\"name\":\"TuzlaInfo.ba\",\"url\":\"https:\/\/tuzlainfo.ba\/\",\"logo\":{\"@type\":\"ImageObject\",\"inLanguage\":\"bs-BA\",\"@id\":\"https:\/\/tuzlainfo.ba\/#\/schema\/logo\/image\/\",\"url\":\"https:\/\/tuzlainfo.ba\/wp-content\/uploads\/2021\/03\/logo-ver-3-1.png\",\"contentUrl\":\"https:\/\/tuzlainfo.ba\/wp-content\/uploads\/2021\/03\/logo-ver-3-1.png\",\"width\":350,\"height\":95,\"caption\":\"TuzlaInfo.ba\"},\"image\":{\"@id\":\"https:\/\/tuzlainfo.ba\/#\/schema\/logo\/image\/\"},\"sameAs\":[\"https:\/\/www.facebook.com\/tuzlainfo.ba\/\"]},{\"@type\":\"Person\",\"@id\":\"https:\/\/tuzlainfo.ba\/#\/schema\/person\/f434e20dc27ea133923aab08451b7f7f\",\"name\":\"nedim\",\"image\":{\"@type\":\"ImageObject\",\"inLanguage\":\"bs-BA\",\"@id\":\"https:\/\/tuzlainfo.ba\/#\/schema\/person\/image\/\",\"url\":\"https:\/\/tuzlainfo.ba\/wp-content\/litespeed\/avatar\/aabad687af24844af817603ac1cbdc4f.jpg?ver=1777306975\",\"contentUrl\":\"https:\/\/tuzlainfo.ba\/wp-content\/litespeed\/avatar\/aabad687af24844af817603ac1cbdc4f.jpg?ver=1777306975\",\"caption\":\"nedim\"},\"description\":\"Tuzlainfo.ba pratite na dru\u0161tvenim mre\u017eama: Facebook, Instagram i Youtube. Svoje pri\u010de, upite i fotografije \u0161aljite na na\u0161u e-mail adresu.\"}]}<\/script>\n<!-- \/ Yoast SEO plugin. -->","yoast_head_json":{"title":"Italija pala nakon penala: Bosna i Hercegovina je na Svjetskom prvenstvu! - TuzlaInfo.ba","robots":{"index":"index","follow":"follow","max-snippet":"max-snippet:-1","max-image-preview":"max-image-preview:large","max-video-preview":"max-video-preview:-1"},"canonical":"https:\/\/tuzlainfo.ba\/index.php\/bosna-i-hercegovina\/item\/298875-italija-pala-nakon-penala-bosna-i-hercegovina-je-na-svjetskom-prvenstvu\/","og_locale":"bs_BA","og_type":"article","og_title":"Italija pala nakon penala: Bosna i Hercegovina je na Svjetskom prvenstvu! - TuzlaInfo.ba","og_description":"Reprezentacija Bosne i Hercegovine \u0107e po drugi put igrati na Svjetskom prvenstvu. U fenomenalnoj atmosferi&hellip;","og_url":"https:\/\/tuzlainfo.ba\/index.php\/bosna-i-hercegovina\/item\/298875-italija-pala-nakon-penala-bosna-i-hercegovina-je-na-svjetskom-prvenstvu\/","og_site_name":"TuzlaInfo.ba","article_publisher":"https:\/\/www.facebook.com\/tuzlainfo.ba\/","article_published_time":"2026-03-31T21:44:00+00:00","article_modified_time":"2026-03-31T22:44:15+00:00","og_image":[{"width":1000,"height":666,"url":"https:\/\/tuzlainfo.ba\/wp-content\/uploads\/2026\/03\/3103_bajraktarevic.jpg","type":"image\/jpeg"}],"author":"nedim","twitter_card":"summary_large_image","twitter_misc":{"Written by":"nedim","Est. reading time":"3 minute"},"schema":{"@context":"https:\/\/schema.org","@graph":[{"@type":"Article","@id":"https:\/\/tuzlainfo.ba\/index.php\/bosna-i-hercegovina\/item\/298875-italija-pala-nakon-penala-bosna-i-hercegovina-je-na-svjetskom-prvenstvu\/#article","isPartOf":{"@id":"https:\/\/tuzlainfo.ba\/index.php\/bosna-i-hercegovina\/item\/298875-italija-pala-nakon-penala-bosna-i-hercegovina-je-na-svjetskom-prvenstvu\/"},"author":{"name":"nedim","@id":"https:\/\/tuzlainfo.ba\/#\/schema\/person\/f434e20dc27ea133923aab08451b7f7f"},"headline":"Italija pala nakon penala: Bosna i Hercegovina je na Svjetskom prvenstvu!","datePublished":"2026-03-31T21:44:00+00:00","dateModified":"2026-03-31T22:44:15+00:00","mainEntityOfPage":{"@id":"https:\/\/tuzlainfo.ba\/index.php\/bosna-i-hercegovina\/item\/298875-italija-pala-nakon-penala-bosna-i-hercegovina-je-na-svjetskom-prvenstvu\/"},"wordCount":386,"publisher":{"@id":"https:\/\/tuzlainfo.ba\/#organization"},"image":{"@id":"https:\/\/tuzlainfo.ba\/index.php\/bosna-i-hercegovina\/item\/298875-italija-pala-nakon-penala-bosna-i-hercegovina-je-na-svjetskom-prvenstvu\/#primaryimage"},"thumbnailUrl":"https:\/\/tuzlainfo.ba\/wp-content\/uploads\/2026\/03\/3103_bajraktarevic.jpg","keywords":["reprezentacija bih","sport"],"articleSection":["Bosna i Hercegovina","Istaknuto"],"inLanguage":"bs-BA"},{"@type":"WebPage","@id":"https:\/\/tuzlainfo.ba\/index.php\/bosna-i-hercegovina\/item\/298875-italija-pala-nakon-penala-bosna-i-hercegovina-je-na-svjetskom-prvenstvu\/","url":"https:\/\/tuzlainfo.ba\/index.php\/bosna-i-hercegovina\/item\/298875-italija-pala-nakon-penala-bosna-i-hercegovina-je-na-svjetskom-prvenstvu\/","name":"Italija pala nakon penala: Bosna i Hercegovina je na Svjetskom prvenstvu! - TuzlaInfo.ba","isPartOf":{"@id":"https:\/\/tuzlainfo.ba\/#website"},"primaryImageOfPage":{"@id":"https:\/\/tuzlainfo.ba\/index.php\/bosna-i-hercegovina\/item\/298875-italija-pala-nakon-penala-bosna-i-hercegovina-je-na-svjetskom-prvenstvu\/#primaryimage"},"image":{"@id":"https:\/\/tuzlainfo.ba\/index.php\/bosna-i-hercegovina\/item\/298875-italija-pala-nakon-penala-bosna-i-hercegovina-je-na-svjetskom-prvenstvu\/#primaryimage"},"thumbnailUrl":"https:\/\/tuzlainfo.ba\/wp-content\/uploads\/2026\/03\/3103_bajraktarevic.jpg","datePublished":"2026-03-31T21:44:00+00:00","dateModified":"2026-03-31T22:44:15+00:00","breadcrumb":{"@id":"https:\/\/tuzlainfo.ba\/index.php\/bosna-i-hercegovina\/item\/298875-italija-pala-nakon-penala-bosna-i-hercegovina-je-na-svjetskom-prvenstvu\/#breadcrumb"},"inLanguage":"bs-BA","potentialAction":[{"@type":"ReadAction","target":["https:\/\/tuzlainfo.ba\/index.php\/bosna-i-hercegovina\/item\/298875-italija-pala-nakon-penala-bosna-i-hercegovina-je-na-svjetskom-prvenstvu\/"]}]},{"@type":"ImageObject","inLanguage":"bs-BA","@id":"https:\/\/tuzlainfo.ba\/index.php\/bosna-i-hercegovina\/item\/298875-italija-pala-nakon-penala-bosna-i-hercegovina-je-na-svjetskom-prvenstvu\/#primaryimage","url":"https:\/\/tuzlainfo.ba\/wp-content\/uploads\/2026\/03\/3103_bajraktarevic.jpg","contentUrl":"https:\/\/tuzlainfo.ba\/wp-content\/uploads\/2026\/03\/3103_bajraktarevic.jpg","width":1000,"height":666},{"@type":"BreadcrumbList","@id":"https:\/\/tuzlainfo.ba\/index.php\/bosna-i-hercegovina\/item\/298875-italija-pala-nakon-penala-bosna-i-hercegovina-je-na-svjetskom-prvenstvu\/#breadcrumb","itemListElement":[{"@type":"ListItem","position":1,"name":"Home","item":"https:\/\/tuzlainfo.ba\/"},{"@type":"ListItem","position":2,"name":"Italija pala nakon penala: Bosna i Hercegovina je na Svjetskom prvenstvu!"}]},{"@type":"WebSite","@id":"https:\/\/tuzlainfo.ba\/#website","url":"https:\/\/tuzlainfo.ba\/","name":"TuzlaInfo.ba","description":"Tuzla info, gradski informator - Tuzla na dlanu","publisher":{"@id":"https:\/\/tuzlainfo.ba\/#organization"},"potentialAction":[{"@type":"SearchAction","target":{"@type":"EntryPoint","urlTemplate":"https:\/\/tuzlainfo.ba\/?s={search_term_string}"},"query-input":{"@type":"PropertyValueSpecification","valueRequired":true,"valueName":"search_term_string"}}],"inLanguage":"bs-BA"},{"@type":"Organization","@id":"https:\/\/tuzlainfo.ba\/#organization","name":"TuzlaInfo.ba","url":"https:\/\/tuzlainfo.ba\/","logo":{"@type":"ImageObject","inLanguage":"bs-BA","@id":"https:\/\/tuzlainfo.ba\/#\/schema\/logo\/image\/","url":"https:\/\/tuzlainfo.ba\/wp-content\/uploads\/2021\/03\/logo-ver-3-1.png","contentUrl":"https:\/\/tuzlainfo.ba\/wp-content\/uploads\/2021\/03\/logo-ver-3-1.png","width":350,"height":95,"caption":"TuzlaInfo.ba"},"image":{"@id":"https:\/\/tuzlainfo.ba\/#\/schema\/logo\/image\/"},"sameAs":["https:\/\/www.facebook.com\/tuzlainfo.ba\/"]},{"@type":"Person","@id":"https:\/\/tuzlainfo.ba\/#\/schema\/person\/f434e20dc27ea133923aab08451b7f7f","name":"nedim","image":{"@type":"ImageObject","inLanguage":"bs-BA","@id":"https:\/\/tuzlainfo.ba\/#\/schema\/person\/image\/","url":"https:\/\/tuzlainfo.ba\/wp-content\/litespeed\/avatar\/aabad687af24844af817603ac1cbdc4f.jpg?ver=1777306975","contentUrl":"https:\/\/tuzlainfo.ba\/wp-content\/litespeed\/avatar\/aabad687af24844af817603ac1cbdc4f.jpg?ver=1777306975","caption":"nedim"},"description":"Tuzlainfo.ba pratite na dru\u0161tvenim mre\u017eama: Facebook, Instagram i Youtube. Svoje pri\u010de, upite i fotografije \u0161aljite na na\u0161u e-mail adresu."}]}},"_links":{"self":[{"href":"https:\/\/tuzlainfo.ba\/index.php\/wp-json\/wp\/v2\/posts\/298875"}],"collection":[{"href":"https:\/\/tuzlainfo.ba\/index.php\/wp-json\/wp\/v2\/posts"}],"about":[{"href":"https:\/\/tuzlainfo.ba\/index.php\/wp-json\/wp\/v2\/types\/post"}],"author":[{"embeddable":true,"href":"https:\/\/tuzlainfo.ba\/index.php\/wp-json\/wp\/v2\/users\/2"}],"replies":[{"embeddable":true,"href":"https:\/\/tuzlainfo.ba\/index.php\/wp-json\/wp\/v2\/comments?post=298875"}],"version-history":[{"count":3,"href":"https:\/\/tuzlainfo.ba\/index.php\/wp-json\/wp\/v2\/posts\/298875\/revisions"}],"predecessor-version":[{"id":298879,"href":"https:\/\/tuzlainfo.ba\/index.php\/wp-json\/wp\/v2\/posts\/298875\/revisions\/298879"}],"wp:featuredmedia":[{"embeddable":true,"href":"https:\/\/tuzlainfo.ba\/index.php\/wp-json\/wp\/v2\/media\/298876"}],"wp:attachment":[{"href":"https:\/\/tuzlainfo.ba\/index.php\/wp-json\/wp\/v2\/media?parent=298875"}],"wp:term":[{"taxonomy":"category","embeddable":true,"href":"https:\/\/tuzlainfo.ba\/index.php\/wp-json\/wp\/v2\/categories?post=298875"},{"taxonomy":"post_tag","embeddable":true,"href":"https:\/\/tuzlainfo.ba\/index.php\/wp-json\/wp\/v2\/tags?post=298875"}],"curies":[{"name":"wp","href":"https:\/\/api.w.org\/{rel}","templated":true}]}}