{"id":298870,"date":"2026-03-31T19:59:53","date_gmt":"2026-03-31T17:59:53","guid":{"rendered":"https:\/\/tuzlainfo.ba\/?p=298870"},"modified":"2026-03-31T19:59:53","modified_gmt":"2026-03-31T17:59:53","slug":"popularni-tuzlanski-butik-siri-poslovanje-otvaraju-trecu-radnju-u-tc-belamionix","status":"publish","type":"post","link":"https:\/\/tuzlainfo.ba\/index.php\/clanci\/promo-info\/item\/298870-popularni-tuzlanski-butik-siri-poslovanje-otvaraju-trecu-radnju-u-tc-belamionix\/","title":{"rendered":"Popularni tuzlanski butik \u0161iri poslovanje, otvaraju tre\u0107u radnju u TC Belamionix"},"content":{"rendered":"<p data-start=\"0\" data-end=\"180\">Popularni butik Lejla iz Tuzle najavio je otvorenje svoje tre\u0107e poslovnice, koje \u0107e biti uprili\u010deno u srijedu, 1. aprila 2026. godine u Tr\u017enom centru Belamionix u ulici Husinskih rudara.<\/p>\n<p data-start=\"182\" data-end=\"372\">Kako su naveli iz ovog butika, rije\u010d je o novoj lokaciji koja \u0107e kupcima pru\u017eiti jo\u0161 vi\u0161e mogu\u0107nosti za omiljeni shopping, a otvorenje \u0107e biti obilje\u017eeno posebnim pogodnostima za posjetioce.<\/p>\n<p data-start=\"374\" data-end=\"518\">\u2013 Hvala vam na podr\u0161ci i povjerenju, jer bez vas sve ovo ne bi bilo mogu\u0107e \u2013 poru\u010dili su, pozivaju\u0107i gra\u0111ane da im se pridru\u017ee na dan otvorenja.<\/p>\n<p data-start=\"374\" data-end=\"518\"><img fetchpriority=\"high\" decoding=\"async\" class=\"alignnone size-full wp-image-298871\" src=\"https:\/\/tuzlainfo.ba\/wp-content\/uploads\/2026\/03\/lejla.jpg\" alt=\"\" width=\"1024\" height=\"1024\" srcset=\"https:\/\/tuzlainfo.ba\/wp-content\/uploads\/2026\/03\/lejla.jpg 1024w, https:\/\/tuzlainfo.ba\/wp-content\/uploads\/2026\/03\/lejla-300x300.jpg 300w, https:\/\/tuzlainfo.ba\/wp-content\/uploads\/2026\/03\/lejla-150x150.jpg 150w, https:\/\/tuzlainfo.ba\/wp-content\/uploads\/2026\/03\/lejla-768x768.jpg 768w, https:\/\/tuzlainfo.ba\/wp-content\/uploads\/2026\/03\/lejla-585x585.jpg 585w, https:\/\/tuzlainfo.ba\/wp-content\/uploads\/2026\/03\/lejla-500x500.jpg 500w, https:\/\/tuzlainfo.ba\/wp-content\/uploads\/2026\/03\/lejla-45x45.jpg 45w\" sizes=\"(max-width: 1024px) 100vw, 1024px\" \/><\/p>\n<p data-start=\"520\" data-end=\"623\">Za sve posjetioce najavljeni su posebni popusti, iznena\u0111enja, kao i dobra atmosfera tokom cijelog dana.<\/p>\n<p data-start=\"625\" data-end=\"757\">Otvorenje nove poslovnice predstavlja jo\u0161 jedan korak u \u0161irenju ovog brenda, koji je u Tuzli stekao veliku popularnost me\u0111u kupcima.<\/p>\n","protected":false},"excerpt":{"rendered":"<p>Popularni butik Lejla iz Tuzle najavio je otvorenje svoje tre\u0107e poslovnice, koje \u0107e biti uprili\u010deno&hellip;<\/p>\n","protected":false},"author":2,"featured_media":225142,"comment_status":"closed","ping_status":"closed","sticky":false,"template":"","format":"standard","meta":{"_acf_changed":false,"footnotes":""},"categories":[13],"tags":[13699,8402],"acf":[],"yoast_head":"<!-- This site is optimized with the Yoast SEO plugin v23.5 - https:\/\/yoast.com\/wordpress\/plugins\/seo\/ -->\n<title>Popularni tuzlanski butik \u0161iri poslovanje, otvaraju tre\u0107u radnju u TC Belamionix - TuzlaInfo.ba<\/title>\n<meta name=\"robots\" content=\"index, follow, max-snippet:-1, max-image-preview:large, max-video-preview:-1\" \/>\n<link rel=\"canonical\" href=\"https:\/\/tuzlainfo.ba\/index.php\/clanci\/promo-info\/item\/298870-popularni-tuzlanski-butik-siri-poslovanje-otvaraju-trecu-radnju-u-tc-belamionix\/\" \/>\n<meta property=\"og:locale\" content=\"bs_BA\" \/>\n<meta property=\"og:type\" content=\"article\" \/>\n<meta property=\"og:title\" content=\"Popularni tuzlanski butik \u0161iri poslovanje, otvaraju tre\u0107u radnju u TC Belamionix - TuzlaInfo.ba\" \/>\n<meta property=\"og:description\" content=\"Popularni butik Lejla iz Tuzle najavio je otvorenje svoje tre\u0107e poslovnice, koje \u0107e biti uprili\u010deno&hellip;\" \/>\n<meta property=\"og:url\" content=\"https:\/\/tuzlainfo.ba\/index.php\/clanci\/promo-info\/item\/298870-popularni-tuzlanski-butik-siri-poslovanje-otvaraju-trecu-radnju-u-tc-belamionix\/\" \/>\n<meta property=\"og:site_name\" content=\"TuzlaInfo.ba\" \/>\n<meta property=\"article:publisher\" content=\"https:\/\/www.facebook.com\/tuzlainfo.ba\/\" \/>\n<meta property=\"article:published_time\" content=\"2026-03-31T17:59:53+00:00\" \/>\n<meta property=\"og:image\" content=\"https:\/\/tuzlainfo.ba\/wp-content\/uploads\/2023\/12\/Belamionix-01a-14-12-2023.webp\" \/>\n\t<meta property=\"og:image:width\" content=\"1800\" \/>\n\t<meta property=\"og:image:height\" content=\"1199\" \/>\n\t<meta property=\"og:image:type\" content=\"image\/webp\" \/>\n<meta name=\"author\" content=\"nedim\" \/>\n<meta name=\"twitter:card\" content=\"summary_large_image\" \/>\n<meta name=\"twitter:label1\" content=\"Written by\" \/>\n\t<meta name=\"twitter:data1\" content=\"nedim\" \/>\n\t<meta name=\"twitter:label2\" content=\"Est. reading time\" \/>\n\t<meta name=\"twitter:data2\" content=\"2 minute\" \/>\n<script type=\"application\/ld+json\" class=\"yoast-schema-graph\">{\"@context\":\"https:\/\/schema.org\",\"@graph\":[{\"@type\":\"Article\",\"@id\":\"https:\/\/tuzlainfo.ba\/index.php\/clanci\/promo-info\/item\/298870-popularni-tuzlanski-butik-siri-poslovanje-otvaraju-trecu-radnju-u-tc-belamionix\/#article\",\"isPartOf\":{\"@id\":\"https:\/\/tuzlainfo.ba\/index.php\/clanci\/promo-info\/item\/298870-popularni-tuzlanski-butik-siri-poslovanje-otvaraju-trecu-radnju-u-tc-belamionix\/\"},\"author\":{\"name\":\"nedim\",\"@id\":\"https:\/\/tuzlainfo.ba\/#\/schema\/person\/f434e20dc27ea133923aab08451b7f7f\"},\"headline\":\"Popularni tuzlanski butik \u0161iri poslovanje, otvaraju tre\u0107u radnju u TC Belamionix\",\"datePublished\":\"2026-03-31T17:59:53+00:00\",\"dateModified\":\"2026-03-31T17:59:53+00:00\",\"mainEntityOfPage\":{\"@id\":\"https:\/\/tuzlainfo.ba\/index.php\/clanci\/promo-info\/item\/298870-popularni-tuzlanski-butik-siri-poslovanje-otvaraju-trecu-radnju-u-tc-belamionix\/\"},\"wordCount\":145,\"publisher\":{\"@id\":\"https:\/\/tuzlainfo.ba\/#organization\"},\"image\":{\"@id\":\"https:\/\/tuzlainfo.ba\/index.php\/clanci\/promo-info\/item\/298870-popularni-tuzlanski-butik-siri-poslovanje-otvaraju-trecu-radnju-u-tc-belamionix\/#primaryimage\"},\"thumbnailUrl\":\"https:\/\/tuzlainfo.ba\/wp-content\/uploads\/2023\/12\/Belamionix-01a-14-12-2023.webp\",\"keywords\":[\"butik lejla\",\"tc belamionix\"],\"articleSection\":[\"Promo info\"],\"inLanguage\":\"bs-BA\"},{\"@type\":\"WebPage\",\"@id\":\"https:\/\/tuzlainfo.ba\/index.php\/clanci\/promo-info\/item\/298870-popularni-tuzlanski-butik-siri-poslovanje-otvaraju-trecu-radnju-u-tc-belamionix\/\",\"url\":\"https:\/\/tuzlainfo.ba\/index.php\/clanci\/promo-info\/item\/298870-popularni-tuzlanski-butik-siri-poslovanje-otvaraju-trecu-radnju-u-tc-belamionix\/\",\"name\":\"Popularni tuzlanski butik \u0161iri poslovanje, otvaraju tre\u0107u radnju u TC Belamionix - TuzlaInfo.ba\",\"isPartOf\":{\"@id\":\"https:\/\/tuzlainfo.ba\/#website\"},\"primaryImageOfPage\":{\"@id\":\"https:\/\/tuzlainfo.ba\/index.php\/clanci\/promo-info\/item\/298870-popularni-tuzlanski-butik-siri-poslovanje-otvaraju-trecu-radnju-u-tc-belamionix\/#primaryimage\"},\"image\":{\"@id\":\"https:\/\/tuzlainfo.ba\/index.php\/clanci\/promo-info\/item\/298870-popularni-tuzlanski-butik-siri-poslovanje-otvaraju-trecu-radnju-u-tc-belamionix\/#primaryimage\"},\"thumbnailUrl\":\"https:\/\/tuzlainfo.ba\/wp-content\/uploads\/2023\/12\/Belamionix-01a-14-12-2023.webp\",\"datePublished\":\"2026-03-31T17:59:53+00:00\",\"dateModified\":\"2026-03-31T17:59:53+00:00\",\"breadcrumb\":{\"@id\":\"https:\/\/tuzlainfo.ba\/index.php\/clanci\/promo-info\/item\/298870-popularni-tuzlanski-butik-siri-poslovanje-otvaraju-trecu-radnju-u-tc-belamionix\/#breadcrumb\"},\"inLanguage\":\"bs-BA\",\"potentialAction\":[{\"@type\":\"ReadAction\",\"target\":[\"https:\/\/tuzlainfo.ba\/index.php\/clanci\/promo-info\/item\/298870-popularni-tuzlanski-butik-siri-poslovanje-otvaraju-trecu-radnju-u-tc-belamionix\/\"]}]},{\"@type\":\"ImageObject\",\"inLanguage\":\"bs-BA\",\"@id\":\"https:\/\/tuzlainfo.ba\/index.php\/clanci\/promo-info\/item\/298870-popularni-tuzlanski-butik-siri-poslovanje-otvaraju-trecu-radnju-u-tc-belamionix\/#primaryimage\",\"url\":\"https:\/\/tuzlainfo.ba\/wp-content\/uploads\/2023\/12\/Belamionix-01a-14-12-2023.webp\",\"contentUrl\":\"https:\/\/tuzlainfo.ba\/wp-content\/uploads\/2023\/12\/Belamionix-01a-14-12-2023.webp\",\"width\":1800,\"height\":1199},{\"@type\":\"BreadcrumbList\",\"@id\":\"https:\/\/tuzlainfo.ba\/index.php\/clanci\/promo-info\/item\/298870-popularni-tuzlanski-butik-siri-poslovanje-otvaraju-trecu-radnju-u-tc-belamionix\/#breadcrumb\",\"itemListElement\":[{\"@type\":\"ListItem\",\"position\":1,\"name\":\"Home\",\"item\":\"https:\/\/tuzlainfo.ba\/\"},{\"@type\":\"ListItem\",\"position\":2,\"name\":\"Popularni tuzlanski butik \u0161iri poslovanje, otvaraju tre\u0107u radnju u TC Belamionix\"}]},{\"@type\":\"WebSite\",\"@id\":\"https:\/\/tuzlainfo.ba\/#website\",\"url\":\"https:\/\/tuzlainfo.ba\/\",\"name\":\"TuzlaInfo.ba\",\"description\":\"Tuzla info, gradski informator - Tuzla na dlanu\",\"publisher\":{\"@id\":\"https:\/\/tuzlainfo.ba\/#organization\"},\"potentialAction\":[{\"@type\":\"SearchAction\",\"target\":{\"@type\":\"EntryPoint\",\"urlTemplate\":\"https:\/\/tuzlainfo.ba\/?s={search_term_string}\"},\"query-input\":{\"@type\":\"PropertyValueSpecification\",\"valueRequired\":true,\"valueName\":\"search_term_string\"}}],\"inLanguage\":\"bs-BA\"},{\"@type\":\"Organization\",\"@id\":\"https:\/\/tuzlainfo.ba\/#organization\",\"name\":\"TuzlaInfo.ba\",\"url\":\"https:\/\/tuzlainfo.ba\/\",\"logo\":{\"@type\":\"ImageObject\",\"inLanguage\":\"bs-BA\",\"@id\":\"https:\/\/tuzlainfo.ba\/#\/schema\/logo\/image\/\",\"url\":\"https:\/\/tuzlainfo.ba\/wp-content\/uploads\/2021\/03\/logo-ver-3-1.png\",\"contentUrl\":\"https:\/\/tuzlainfo.ba\/wp-content\/uploads\/2021\/03\/logo-ver-3-1.png\",\"width\":350,\"height\":95,\"caption\":\"TuzlaInfo.ba\"},\"image\":{\"@id\":\"https:\/\/tuzlainfo.ba\/#\/schema\/logo\/image\/\"},\"sameAs\":[\"https:\/\/www.facebook.com\/tuzlainfo.ba\/\"]},{\"@type\":\"Person\",\"@id\":\"https:\/\/tuzlainfo.ba\/#\/schema\/person\/f434e20dc27ea133923aab08451b7f7f\",\"name\":\"nedim\",\"image\":{\"@type\":\"ImageObject\",\"inLanguage\":\"bs-BA\",\"@id\":\"https:\/\/tuzlainfo.ba\/#\/schema\/person\/image\/\",\"url\":\"https:\/\/tuzlainfo.ba\/wp-content\/litespeed\/avatar\/aabad687af24844af817603ac1cbdc4f.jpg?ver=1777306975\",\"contentUrl\":\"https:\/\/tuzlainfo.ba\/wp-content\/litespeed\/avatar\/aabad687af24844af817603ac1cbdc4f.jpg?ver=1777306975\",\"caption\":\"nedim\"},\"description\":\"Tuzlainfo.ba pratite na dru\u0161tvenim mre\u017eama: Facebook, Instagram i Youtube. Svoje pri\u010de, upite i fotografije \u0161aljite na na\u0161u e-mail adresu.\"}]}<\/script>\n<!-- \/ Yoast SEO plugin. -->","yoast_head_json":{"title":"Popularni tuzlanski butik \u0161iri poslovanje, otvaraju tre\u0107u radnju u TC Belamionix - TuzlaInfo.ba","robots":{"index":"index","follow":"follow","max-snippet":"max-snippet:-1","max-image-preview":"max-image-preview:large","max-video-preview":"max-video-preview:-1"},"canonical":"https:\/\/tuzlainfo.ba\/index.php\/clanci\/promo-info\/item\/298870-popularni-tuzlanski-butik-siri-poslovanje-otvaraju-trecu-radnju-u-tc-belamionix\/","og_locale":"bs_BA","og_type":"article","og_title":"Popularni tuzlanski butik \u0161iri poslovanje, otvaraju tre\u0107u radnju u TC Belamionix - TuzlaInfo.ba","og_description":"Popularni butik Lejla iz Tuzle najavio je otvorenje svoje tre\u0107e poslovnice, koje \u0107e biti uprili\u010deno&hellip;","og_url":"https:\/\/tuzlainfo.ba\/index.php\/clanci\/promo-info\/item\/298870-popularni-tuzlanski-butik-siri-poslovanje-otvaraju-trecu-radnju-u-tc-belamionix\/","og_site_name":"TuzlaInfo.ba","article_publisher":"https:\/\/www.facebook.com\/tuzlainfo.ba\/","article_published_time":"2026-03-31T17:59:53+00:00","og_image":[{"width":1800,"height":1199,"url":"https:\/\/tuzlainfo.ba\/wp-content\/uploads\/2023\/12\/Belamionix-01a-14-12-2023.webp","type":"image\/webp"}],"author":"nedim","twitter_card":"summary_large_image","twitter_misc":{"Written by":"nedim","Est. reading time":"2 minute"},"schema":{"@context":"https:\/\/schema.org","@graph":[{"@type":"Article","@id":"https:\/\/tuzlainfo.ba\/index.php\/clanci\/promo-info\/item\/298870-popularni-tuzlanski-butik-siri-poslovanje-otvaraju-trecu-radnju-u-tc-belamionix\/#article","isPartOf":{"@id":"https:\/\/tuzlainfo.ba\/index.php\/clanci\/promo-info\/item\/298870-popularni-tuzlanski-butik-siri-poslovanje-otvaraju-trecu-radnju-u-tc-belamionix\/"},"author":{"name":"nedim","@id":"https:\/\/tuzlainfo.ba\/#\/schema\/person\/f434e20dc27ea133923aab08451b7f7f"},"headline":"Popularni tuzlanski butik \u0161iri poslovanje, otvaraju tre\u0107u radnju u TC Belamionix","datePublished":"2026-03-31T17:59:53+00:00","dateModified":"2026-03-31T17:59:53+00:00","mainEntityOfPage":{"@id":"https:\/\/tuzlainfo.ba\/index.php\/clanci\/promo-info\/item\/298870-popularni-tuzlanski-butik-siri-poslovanje-otvaraju-trecu-radnju-u-tc-belamionix\/"},"wordCount":145,"publisher":{"@id":"https:\/\/tuzlainfo.ba\/#organization"},"image":{"@id":"https:\/\/tuzlainfo.ba\/index.php\/clanci\/promo-info\/item\/298870-popularni-tuzlanski-butik-siri-poslovanje-otvaraju-trecu-radnju-u-tc-belamionix\/#primaryimage"},"thumbnailUrl":"https:\/\/tuzlainfo.ba\/wp-content\/uploads\/2023\/12\/Belamionix-01a-14-12-2023.webp","keywords":["butik lejla","tc belamionix"],"articleSection":["Promo info"],"inLanguage":"bs-BA"},{"@type":"WebPage","@id":"https:\/\/tuzlainfo.ba\/index.php\/clanci\/promo-info\/item\/298870-popularni-tuzlanski-butik-siri-poslovanje-otvaraju-trecu-radnju-u-tc-belamionix\/","url":"https:\/\/tuzlainfo.ba\/index.php\/clanci\/promo-info\/item\/298870-popularni-tuzlanski-butik-siri-poslovanje-otvaraju-trecu-radnju-u-tc-belamionix\/","name":"Popularni tuzlanski butik \u0161iri poslovanje, otvaraju tre\u0107u radnju u TC Belamionix - TuzlaInfo.ba","isPartOf":{"@id":"https:\/\/tuzlainfo.ba\/#website"},"primaryImageOfPage":{"@id":"https:\/\/tuzlainfo.ba\/index.php\/clanci\/promo-info\/item\/298870-popularni-tuzlanski-butik-siri-poslovanje-otvaraju-trecu-radnju-u-tc-belamionix\/#primaryimage"},"image":{"@id":"https:\/\/tuzlainfo.ba\/index.php\/clanci\/promo-info\/item\/298870-popularni-tuzlanski-butik-siri-poslovanje-otvaraju-trecu-radnju-u-tc-belamionix\/#primaryimage"},"thumbnailUrl":"https:\/\/tuzlainfo.ba\/wp-content\/uploads\/2023\/12\/Belamionix-01a-14-12-2023.webp","datePublished":"2026-03-31T17:59:53+00:00","dateModified":"2026-03-31T17:59:53+00:00","breadcrumb":{"@id":"https:\/\/tuzlainfo.ba\/index.php\/clanci\/promo-info\/item\/298870-popularni-tuzlanski-butik-siri-poslovanje-otvaraju-trecu-radnju-u-tc-belamionix\/#breadcrumb"},"inLanguage":"bs-BA","potentialAction":[{"@type":"ReadAction","target":["https:\/\/tuzlainfo.ba\/index.php\/clanci\/promo-info\/item\/298870-popularni-tuzlanski-butik-siri-poslovanje-otvaraju-trecu-radnju-u-tc-belamionix\/"]}]},{"@type":"ImageObject","inLanguage":"bs-BA","@id":"https:\/\/tuzlainfo.ba\/index.php\/clanci\/promo-info\/item\/298870-popularni-tuzlanski-butik-siri-poslovanje-otvaraju-trecu-radnju-u-tc-belamionix\/#primaryimage","url":"https:\/\/tuzlainfo.ba\/wp-content\/uploads\/2023\/12\/Belamionix-01a-14-12-2023.webp","contentUrl":"https:\/\/tuzlainfo.ba\/wp-content\/uploads\/2023\/12\/Belamionix-01a-14-12-2023.webp","width":1800,"height":1199},{"@type":"BreadcrumbList","@id":"https:\/\/tuzlainfo.ba\/index.php\/clanci\/promo-info\/item\/298870-popularni-tuzlanski-butik-siri-poslovanje-otvaraju-trecu-radnju-u-tc-belamionix\/#breadcrumb","itemListElement":[{"@type":"ListItem","position":1,"name":"Home","item":"https:\/\/tuzlainfo.ba\/"},{"@type":"ListItem","position":2,"name":"Popularni tuzlanski butik \u0161iri poslovanje, otvaraju tre\u0107u radnju u TC Belamionix"}]},{"@type":"WebSite","@id":"https:\/\/tuzlainfo.ba\/#website","url":"https:\/\/tuzlainfo.ba\/","name":"TuzlaInfo.ba","description":"Tuzla info, gradski informator - Tuzla na dlanu","publisher":{"@id":"https:\/\/tuzlainfo.ba\/#organization"},"potentialAction":[{"@type":"SearchAction","target":{"@type":"EntryPoint","urlTemplate":"https:\/\/tuzlainfo.ba\/?s={search_term_string}"},"query-input":{"@type":"PropertyValueSpecification","valueRequired":true,"valueName":"search_term_string"}}],"inLanguage":"bs-BA"},{"@type":"Organization","@id":"https:\/\/tuzlainfo.ba\/#organization","name":"TuzlaInfo.ba","url":"https:\/\/tuzlainfo.ba\/","logo":{"@type":"ImageObject","inLanguage":"bs-BA","@id":"https:\/\/tuzlainfo.ba\/#\/schema\/logo\/image\/","url":"https:\/\/tuzlainfo.ba\/wp-content\/uploads\/2021\/03\/logo-ver-3-1.png","contentUrl":"https:\/\/tuzlainfo.ba\/wp-content\/uploads\/2021\/03\/logo-ver-3-1.png","width":350,"height":95,"caption":"TuzlaInfo.ba"},"image":{"@id":"https:\/\/tuzlainfo.ba\/#\/schema\/logo\/image\/"},"sameAs":["https:\/\/www.facebook.com\/tuzlainfo.ba\/"]},{"@type":"Person","@id":"https:\/\/tuzlainfo.ba\/#\/schema\/person\/f434e20dc27ea133923aab08451b7f7f","name":"nedim","image":{"@type":"ImageObject","inLanguage":"bs-BA","@id":"https:\/\/tuzlainfo.ba\/#\/schema\/person\/image\/","url":"https:\/\/tuzlainfo.ba\/wp-content\/litespeed\/avatar\/aabad687af24844af817603ac1cbdc4f.jpg?ver=1777306975","contentUrl":"https:\/\/tuzlainfo.ba\/wp-content\/litespeed\/avatar\/aabad687af24844af817603ac1cbdc4f.jpg?ver=1777306975","caption":"nedim"},"description":"Tuzlainfo.ba pratite na dru\u0161tvenim mre\u017eama: Facebook, Instagram i Youtube. Svoje pri\u010de, upite i fotografije \u0161aljite na na\u0161u e-mail adresu."}]}},"_links":{"self":[{"href":"https:\/\/tuzlainfo.ba\/index.php\/wp-json\/wp\/v2\/posts\/298870"}],"collection":[{"href":"https:\/\/tuzlainfo.ba\/index.php\/wp-json\/wp\/v2\/posts"}],"about":[{"href":"https:\/\/tuzlainfo.ba\/index.php\/wp-json\/wp\/v2\/types\/post"}],"author":[{"embeddable":true,"href":"https:\/\/tuzlainfo.ba\/index.php\/wp-json\/wp\/v2\/users\/2"}],"replies":[{"embeddable":true,"href":"https:\/\/tuzlainfo.ba\/index.php\/wp-json\/wp\/v2\/comments?post=298870"}],"version-history":[{"count":1,"href":"https:\/\/tuzlainfo.ba\/index.php\/wp-json\/wp\/v2\/posts\/298870\/revisions"}],"predecessor-version":[{"id":298872,"href":"https:\/\/tuzlainfo.ba\/index.php\/wp-json\/wp\/v2\/posts\/298870\/revisions\/298872"}],"wp:featuredmedia":[{"embeddable":true,"href":"https:\/\/tuzlainfo.ba\/index.php\/wp-json\/wp\/v2\/media\/225142"}],"wp:attachment":[{"href":"https:\/\/tuzlainfo.ba\/index.php\/wp-json\/wp\/v2\/media?parent=298870"}],"wp:term":[{"taxonomy":"category","embeddable":true,"href":"https:\/\/tuzlainfo.ba\/index.php\/wp-json\/wp\/v2\/categories?post=298870"},{"taxonomy":"post_tag","embeddable":true,"href":"https:\/\/tuzlainfo.ba\/index.php\/wp-json\/wp\/v2\/tags?post=298870"}],"curies":[{"name":"wp","href":"https:\/\/api.w.org\/{rel}","templated":true}]}}