{"id":298805,"date":"2026-03-31T09:00:05","date_gmt":"2026-03-31T07:00:05","guid":{"rendered":"https:\/\/tuzlainfo.ba\/?p=298805"},"modified":"2026-03-31T08:35:49","modified_gmt":"2026-03-31T06:35:49","slug":"osvrt-dr-sc-dine-sakanovica-treba-li-nam-uopce-novi-grb-grada-tuzle","status":"publish","type":"post","link":"https:\/\/tuzlainfo.ba\/index.php\/novosti\/item\/298805-osvrt-dr-sc-dine-sakanovica-treba-li-nam-uopce-novi-grb-grada-tuzle\/","title":{"rendered":"Osvrt dr.sc. Dine \u0160akanovi\u0107a: Treba li nam uop\u0107e novi grb grada Tuzle?"},"content":{"rendered":"<p>Dr.sc. Dino \u0160akanovi\u0107, istra\u017eiva\u010d Udru\u017eenja gra\u0111ana i gra\u0111anki &#8220;Za\u0161to ne&#8221; osvrnujo se na inicijativu o izmjeni grba i zastave grada Tuzla, koja \u0107e se na\u0107i na dnevnom redu Gradskog vije\u0107a Tuzle. Njegov osvrt kojije je li\u010dni stav autora ne odra\u017eava i nu\u017eno stav redakcije portala Tuzlainfo.ba prenosimo u nastavku:<\/p>\n<p>Gradsko vije\u0107e Tuzla bi na sjednici 31. marta 2026. godine trebalo pokrenuti inicijativu o izmjeni grba grada Tuzla. Koliko mi je poznato, radi se o inicijativi vladaju\u0107e ve\u0107ine okupljene oko SDP-a. Postavlja se pitanje za\u0161to vladaju\u0107i mijenjaju grb i \u0161ta misle ovom inicijativom posti\u0107i?<\/p>\n<p>Prema inicijativi, gradona\u010delnik bi trebao formirati stru\u010dni tim, koji \u0107e \u010diniti eksperti iz oblasti historije, heraldike, arhivistike i drugih oblasti koji bi pripremio prijedlog novog grba. I tu ve\u0107 nastaje prvi od mnogih problema ove inicijative.<\/p>\n<p>Postavlja se pitanje ko bi trebao biti \u010dlan takvog stru\u010dnog tima. Nije tajna da na stru\u010dnim i akademskim pozicijama sjede osobe upitnih akademskih kvaliteta koje su tu postavljene po strana\u010dkoj liniji i koje u su\u0161tini imaju druge interese na pameti, a ne nauku. Upozorit \u0107u samo na serijal tekstova Andreja Rodinisa na portalu Historiografija hr koji su pokazali \u010dinjenicu da je vi\u0161e profesora sa odsjeka za historiju Filozofskog fakulteta u Tuzli plagiralo tu\u0111e radove, prepisivalo ih i predstavljalo kao svoje. (<a href=\"https:\/\/historiografija.hr\/?p=20129\">1<\/a>, <a href=\"https:\/\/historiografija.hr\/?p=20400\">2<\/a>, <a href=\"https:\/\/historiografija.hr\/?p=19945\">3<\/a>). Trebaju li onda takvi ljudi odlu\u010divati o simbolima Tuzle?<\/p>\n<p>Tako\u0111er treba skrenuti pa\u017enju i na strana\u010dke kadrove koji upravljaju institucijama ili profesore koji su bili ili jo\u0161 uvijek jesu politi\u010dki aktivni. Takvi ljudi bi u stru\u010dnom timu zastupali interese stranaka koje su ih postavile, a ne struke i nauke. Nije se jednom desilo takvo ne\u0161to. Naprotiv, na sve strane se suo\u010davamo sa nacionalnim propagandistima i strana\u010dkim ratnicima koji se predstavljaju kao profesori, stru\u010dnjaci i analiti\u010dari. Radi se o ljudima koji se predstavljaju kao nezavisni eksperti, a zapravo zastupaju vrlo o\u010dite strana\u010dke interese, pod svaku cijeni.<\/p>\n<h3>Da li je ovo poklon opoziciji?<\/h3>\n<p>Samo otvaranje teme izrade novog grba je auto gol vladaju\u0107e ve\u0107ine i najbolji poklon koji su mogli dati opoziciji okupljenoj oko SDA i njenih koalicionih partnera iz DF-a i Nezavisne liste Sloboda. Raspravljanje o identitetskim pitanjima, simbolima i pro\u0161losti su e teme gdje samo nacionalne stranke mogu profitirati.<\/p>\n<p>Postavlja se pitanje da li i kakve to nove simbole vladaju\u0107i \u017eele staviti na grb. Ukoliko na grb \u017eele dodati kozu, slane bunare, panonska jezera, kipove ili neki drugi simbol Tuzle, time se ne bi dobilo u su\u0161tini ni\u0161ta jer postoje\u0107i grb ve\u0107 predstavlja jedinstven grad, njegovu otvorenost i tradiciju solarstva. Me\u0111utim, ukoliko \u017eele postaviti etni\u010dke i nacionalne simbole poput ljiljana, kri\u017eeva, mjeseca i zvijezde i sli\u010dno, to \u0107e samo biti poticaj politikama podjela.<\/p>\n<p>Kakav god novi grb bude predlo\u017een, opozicija okupljena oko SDA \u0107e re\u0107i da nije dovoljno dobar. Ako na grbu ne bude ljiljan, oni \u0107e ga tra\u017eiti. Ako bude, tra\u017eit \u0107e dva. Ako budu dva, tra\u017eit \u0107e mjesec i zvijezdu. Ako bude i to, tra\u017eit \u0107e d\u017eamiju, Armiju RBiH, Aliju Izetbegovi\u0107a&#8230; bilo \u0161ta samo da do\u0111u u ta\u010dko da neko ka\u017ee- ne. I onda \u0107e tog nekoga, u su\u0161tini vladaju\u0107u ve\u0107inu, gradsku upravu i gradona\u010delnika, optu\u017eiti da mrze Bosnu, islam, vrije\u0111aju \u0161ehide i \u017ertve genocida. Kao \u0161to to rade za skoro svaku drugu temu.<\/p>\n<p>SDA \u0107e od dizajna grba, kakav god on bude, napraviti problem, a sebe predstaviti kao rje\u0161enje tog problema. Jer strankama koje se bave identitetom i pro\u0161lo\u0161\u0107u nije cilj prona\u0107i rje\u0161enje, upravo zato \u0161to ne \u017eive od rje\u0161enja ve\u0107 od problema i mrcvarenja pro\u0161losti. Kao \u0161to smo vidjeli \u0161irom BiH, takvim strankama nikada nije dovoljno kulture sje\u0107anja i uvijek tra\u017ee jo\u0161 i jo\u0161. Ne postoji ne\u0161to \u0161to bi vladaju\u0107a ve\u0107ina mogla uraditi, a da opozicija ka\u017ee da nam je sad dovoljno pro\u0161losti pa da krenemo prema budu\u0107nosti. Ako ni\u0161ta, to se vidi po narastaju\u0107em broju spomenika, spomen plo\u010da, manifestacija, filmova, pjesama, predstava, slika&#8230; posve\u0107enih ratu koji nastaju i dan danas, 30 godina nakon rata. I nastajat \u0107e u nedogled dok god je dru\u0161tvu tema nerije\u0161ena (i nerje\u0161iva) pro\u0161lost.<\/p>\n<p>Otvaranjem i forsiranjem ovakvih tema, poput redizajna grba grada, samo \u0107emo izru\u010diti Tuzlu onima koji su je potkopavali, ismijavali, poni\u017eavali i ka\u017enjavali od 1990. godine zato \u0161to se usudila biti druga\u010dija i opirati se politikama razlika i podjela. Kakav god novi grb grada da bude, takvi \u0107e re\u0107i da ne valja i iskoristiti to za svoje politi\u010dke ciljeve. Ne zato \u0161to je sporan grb, ve\u0107 zato \u0161to su im sporni multikulturalizam, zajedni\u010dki \u017eivot i nadnacionalna orijentacija grada prema budu\u0107nosti.<\/p>\n<p>Ako trenutna vladaju\u0107a ve\u0107ina predvo\u0111ena SDP-om \u017eeli SDA ve\u0107inu u gradskom vije\u0107u 2028. godine, forsiranje ovakvih tema i vje\u010dnih uzaludnih rasprava o pro\u0161losti koje \u0107e iz njih uslijediti, pitanja o simbolima, identitetima i pro\u0161losti su idealan alat da se to postigne. Stvaraju sebi problem koji su stvorili i sa preimenovanjem Aleje Oktobarske revolucije u Aleju Alije Izetbegovi\u0107a. Sami ne dobivaju ni\u0161ta jer oni kojima je prioritet sada\u0161nji naziv aleje ionako nikad ne bi glasali za ljevi\u010darske i gra\u0111anske politi\u010dke opcije, a otvaraju temu kojom \u0107e opozicija uvijek mo\u0107i re\u0107i \u201eda nije dovoljno dobro\u201c.<\/p>\n<p>Ako se na grb doda ljiljan, to \u0107e povezati grad ne sa srednjovjekovnom pro\u0161lo\u0161\u0107u ve\u0107 sa s bo\u0161nja\u010dkim nacionalizmom. Jasno je koja politi\u010dka opcija i s kojim razlozima koristi ljiljane, prisvaja ih kao svoje i samim time ih otima od svih ostalih. A da ne spominjemo kako bi takav simbol na grbu odmah iskoristile politi\u010dke opcije druga dva naroda da se prika\u017eu kao ugro\u017eene i okupe narod oko svojih politika. \u010cak i ako dodamo simbole i drugih naroda i napravimo karikaturu od grba kako su to uradile druge lokalne zajednice poput na primjer \u010celi\u0107a, opet bi nacionalne stranke od toga napravile problem forsiranjem tema \u010diji je simbol ve\u0107i i bolje postavljen. To su nerje\u0161iva pitanja jer oni koji ih postavljaju ne \u017eele rje\u0161enje, ve\u0107 problem na kome mogu sakupiti glasove.<\/p>\n<p>Posebno bi bilo okrutno da vladaju\u0107a ve\u0107ina predlo\u017ei stavljanje Kapije i 25. maja na grb. Niko se ne\u0107e usuditi usprotiviti, a postoje\u0107i simbol jedistvenog grada otvorenih vrata okrenutog budu\u0107nosti bio bi zamijenjem simbolom tuge, stradanja i pro\u0161losti koji bi \u201ezaklju\u010dao\u201c grad u takvoj atmosferi i onemogu\u0107io mu da ide dalje. Na\u0161e dru\u0161tvo ionako samo sebi generalno nije odgovorilo na pitanje da li mi \u017eivimo da stvaramo budu\u0107nost ili \u017eivimo samo da po\u0161tujemo i oplakujemo pro\u0161lost. Ako je ovo drugo, onda je to te\u017eak \u017eivot i nisam siguran da nam treba grb koji bi nas vje\u010dno okrenuo u tom pravcu.<\/p>\n<p>Sada\u0161nji grb grada se mo\u017ee promijeniti tako da se osuvremeni njegov dizajn, pobolj\u0161a se paleta kori\u0161tenih boja ili se preispitataju sporni elementi. Nisam se udubljivao u sada\u0161nji dizajn grba, ali u medijima se navodi da ga je dizajnirao Dragi\u0161a Trifkovi\u0107, umjetnik i pedagog. Usprkos dobrim namjerama, Trifkovi\u0107 nije bio histori\u010dar. Otvorena kapija na grbu predstavlja navodno tuzlansko utvr\u0111enje koje je prema Trifkovi\u0107u postojalo na mjestu dana\u0161njeg Trga Slobode. Me\u0111utim, postoje i mi\u0161ljenja kako se nije radilo o kamenom utvr\u0111enju kako to prikazuje Trifkovi\u0107 ve\u0107 o prete\u017eno drvenoj palisadi.<\/p>\n<p>Tako\u0111er, iako je naselje na mjestu Tuzle postojalo od prahistorije te postoje jasni dokazi da se upravo na ovom prostoru pojavila jedna od prvih eksploatacija soli u Europi hiljadama godina ranije, postoji mogu\u0107nost da je godina 950. koja se sada nalazi na grbu pogre\u0161an trag prvog pisanog spominjanja grada. Mogu\u0107e je da postoje i raniji pisani tragovi, kao i da Konstantin Porfirogenet 950. godine nije spomenuo Tuzlu ve\u0107 neki drugi grad dosta ju\u017enije.<\/p>\n<h3>Za\u0161to pokre\u0107emo ove teme?<\/h3>\n<p>Sve su to otvorena pitanja koja mogu biti rije\u0161ena, a \u201ekrive Drine\u201c ispravljene, ali nas to odaljava od su\u0161tinskog pitanja- za\u0161to uop\u0107e pokre\u0107emo ovakve teme iz kojih mo\u017eemo imati samo \u0161tetu i samo problem, a od njih ne dobivamo nikakvu korist. Dizajn novog grba grada Tuzle samo \u0107e jo\u0161 jednom postaviti ve\u0107 davno odgovoreno pitanje- \u017eelimo li tronacionalni podijeljen grad koji je zaglavljen u pro\u0161losti, ili nadnacionalni otvoreni europski grad koji gleda u budu\u0107nost. Tuzla je 1990. glasala za budu\u0107nost i uporno od tada glasa za budu\u0107nost. \u010cemu opet postaviti isto pitanje?<\/p>\n<p>Ako novi grb na kraju bude simbolizirao tronacionalne podjele ili jednu naciju, izgubit \u0107emo mnogo na na\u010dinu i kvalitetu \u017eivota, naru\u0161it \u0107emo me\u0111usobne odnose i dio gra\u0111ana \u0107e se osjetiti kao gra\u0111ani drugog reda koje novi grb ne predstavlja i kojima poru\u010duje da su ovdje vi\u0161ak. Me\u0111utim, ako novi grb bude ipak simbolizirao otvorenost i pogled u budu\u0107nost, ne\u0107emo dobiti ni\u0161ta jer to isto radi i ve\u0107 postoje\u0107i grb.<\/p>\n<p>Sada\u0161nji gradski grb je mo\u0107an simbol zajedni\u0161tva i posebnosti, izvor ponosa i gra\u0111anima Tuzle zna\u010di daleko vi\u0161e nego \u0161to to zna\u010de grbovi u drugim mjestima. Ne zato \u0161to je grb poseban, ve\u0107 zato \u0161to je posebna Tuzla. Ljudi su emotivno vezani za Tuzlu, pa samim time i za grb. Postoje \u010dak i tetova\u017ee gradskog grba \u0161to se ina\u010de rijetko gdje drugo de\u0161ava. Zato trebamo svi dobro razmisliti \u017eelimo li grb sa sonom posudom, kozom, slanim bunarima i kipovima ili \u017eelimo grb sa nacionalnim simbolima i simbolima vezanim za rat, stradanja i podjele.<\/p>\n<p>Otvaranje pitanja izgleda grba grada je otvaranje pitanja o identitetu Tuzle i na\u0161em na\u010dinu \u017eivota. To\u00a0 je pitanje vrijedno ne samo lajkova, komentara na dru\u0161tvenim mre\u017eama ve\u0107 i \u0161iroke javne rasprave, pa \u010dak i apela, peticija i protesta ako se grbom poku\u0161a nametnuti neka druga pri\u010da. I definitivno je pitanje koje je davno odgovoreno i koje nam ne treba postavljati jo\u0161 jednom, da na njega tro\u0161imo vrijeme, energiju i \u017eivot.<\/p>\n<p>Na kraju, dizajn novog grba je u najboljem slu\u010daju lo\u0161e (nikako) iskomuniciran poku\u0161aj osavremenjavanja postoje\u0107eg grba za koji smo saznali iz poziva na sjednicu Gradskog vije\u0107a, a u najgorem slu\u010daju po\u010detak procesa koji \u0107e stvoriti \u0161tetu svima, osim nacionalnim strankama.<\/p>\n<p><strong>Dr.sc. Dino \u0160akanovi\u0107<\/strong><\/p>\n","protected":false},"excerpt":{"rendered":"<p>Dr.sc. Dino \u0160akanovi\u0107, istra\u017eiva\u010d Udru\u017eenja gra\u0111ana i gra\u0111anki &#8220;Za\u0161to ne&#8221; osvrnujo se na inicijativu o&hellip;<\/p>\n","protected":false},"author":2,"featured_media":206693,"comment_status":"closed","ping_status":"closed","sticky":false,"template":"","format":"standard","meta":{"_acf_changed":false,"footnotes":""},"categories":[304,12],"tags":[6339,13693],"acf":[],"yoast_head":"<!-- This site is optimized with the Yoast SEO plugin v23.5 - https:\/\/yoast.com\/wordpress\/plugins\/seo\/ -->\n<title>Osvrt dr.sc. Dine \u0160akanovi\u0107a: Treba li nam uop\u0107e novi grb grada Tuzle? - TuzlaInfo.ba<\/title>\n<meta name=\"robots\" content=\"index, follow, max-snippet:-1, max-image-preview:large, max-video-preview:-1\" \/>\n<link rel=\"canonical\" href=\"https:\/\/tuzlainfo.ba\/index.php\/novosti\/item\/298805-osvrt-dr-sc-dine-sakanovica-treba-li-nam-uopce-novi-grb-grada-tuzle\/\" \/>\n<meta property=\"og:locale\" content=\"bs_BA\" \/>\n<meta property=\"og:type\" content=\"article\" \/>\n<meta property=\"og:title\" content=\"Osvrt dr.sc. Dine \u0160akanovi\u0107a: Treba li nam uop\u0107e novi grb grada Tuzle? - TuzlaInfo.ba\" \/>\n<meta property=\"og:description\" content=\"Dr.sc. Dino \u0160akanovi\u0107, istra\u017eiva\u010d Udru\u017eenja gra\u0111ana i gra\u0111anki &#8220;Za\u0161to ne&#8221; osvrnujo se na inicijativu o&hellip;\" \/>\n<meta property=\"og:url\" content=\"https:\/\/tuzlainfo.ba\/index.php\/novosti\/item\/298805-osvrt-dr-sc-dine-sakanovica-treba-li-nam-uopce-novi-grb-grada-tuzle\/\" \/>\n<meta property=\"og:site_name\" content=\"TuzlaInfo.ba\" \/>\n<meta property=\"article:publisher\" content=\"https:\/\/www.facebook.com\/tuzlainfo.ba\/\" \/>\n<meta property=\"article:published_time\" content=\"2026-03-31T07:00:05+00:00\" \/>\n<meta property=\"article:modified_time\" content=\"2026-03-31T06:35:49+00:00\" \/>\n<meta property=\"og:image\" content=\"https:\/\/tuzlainfo.ba\/wp-content\/uploads\/2023\/06\/danzalosti_tuzla_zastave_polakoplja.jpg\" \/>\n\t<meta property=\"og:image:width\" content=\"991\" \/>\n\t<meta property=\"og:image:height\" content=\"591\" \/>\n\t<meta property=\"og:image:type\" content=\"image\/jpeg\" \/>\n<meta name=\"author\" content=\"nedim\" \/>\n<meta name=\"twitter:card\" content=\"summary_large_image\" \/>\n<meta name=\"twitter:label1\" content=\"Written by\" \/>\n\t<meta name=\"twitter:data1\" content=\"nedim\" \/>\n\t<meta name=\"twitter:label2\" content=\"Est. reading time\" \/>\n\t<meta name=\"twitter:data2\" content=\"9 minuta\" \/>\n<script type=\"application\/ld+json\" class=\"yoast-schema-graph\">{\"@context\":\"https:\/\/schema.org\",\"@graph\":[{\"@type\":\"Article\",\"@id\":\"https:\/\/tuzlainfo.ba\/index.php\/novosti\/item\/298805-osvrt-dr-sc-dine-sakanovica-treba-li-nam-uopce-novi-grb-grada-tuzle\/#article\",\"isPartOf\":{\"@id\":\"https:\/\/tuzlainfo.ba\/index.php\/novosti\/item\/298805-osvrt-dr-sc-dine-sakanovica-treba-li-nam-uopce-novi-grb-grada-tuzle\/\"},\"author\":{\"name\":\"nedim\",\"@id\":\"https:\/\/tuzlainfo.ba\/#\/schema\/person\/f434e20dc27ea133923aab08451b7f7f\"},\"headline\":\"Osvrt dr.sc. Dine \u0160akanovi\u0107a: Treba li nam uop\u0107e novi grb grada Tuzle?\",\"datePublished\":\"2026-03-31T07:00:05+00:00\",\"dateModified\":\"2026-03-31T06:35:49+00:00\",\"mainEntityOfPage\":{\"@id\":\"https:\/\/tuzlainfo.ba\/index.php\/novosti\/item\/298805-osvrt-dr-sc-dine-sakanovica-treba-li-nam-uopce-novi-grb-grada-tuzle\/\"},\"wordCount\":1800,\"publisher\":{\"@id\":\"https:\/\/tuzlainfo.ba\/#organization\"},\"image\":{\"@id\":\"https:\/\/tuzlainfo.ba\/index.php\/novosti\/item\/298805-osvrt-dr-sc-dine-sakanovica-treba-li-nam-uopce-novi-grb-grada-tuzle\/#primaryimage\"},\"thumbnailUrl\":\"https:\/\/tuzlainfo.ba\/wp-content\/uploads\/2023\/06\/danzalosti_tuzla_zastave_polakoplja.jpg\",\"keywords\":[\"dino \u0161akanovi\u0107\",\"grb tuzle\"],\"articleSection\":[\"Istaknuto\",\"Novosti\"],\"inLanguage\":\"bs-BA\"},{\"@type\":\"WebPage\",\"@id\":\"https:\/\/tuzlainfo.ba\/index.php\/novosti\/item\/298805-osvrt-dr-sc-dine-sakanovica-treba-li-nam-uopce-novi-grb-grada-tuzle\/\",\"url\":\"https:\/\/tuzlainfo.ba\/index.php\/novosti\/item\/298805-osvrt-dr-sc-dine-sakanovica-treba-li-nam-uopce-novi-grb-grada-tuzle\/\",\"name\":\"Osvrt dr.sc. Dine \u0160akanovi\u0107a: Treba li nam uop\u0107e novi grb grada Tuzle? - TuzlaInfo.ba\",\"isPartOf\":{\"@id\":\"https:\/\/tuzlainfo.ba\/#website\"},\"primaryImageOfPage\":{\"@id\":\"https:\/\/tuzlainfo.ba\/index.php\/novosti\/item\/298805-osvrt-dr-sc-dine-sakanovica-treba-li-nam-uopce-novi-grb-grada-tuzle\/#primaryimage\"},\"image\":{\"@id\":\"https:\/\/tuzlainfo.ba\/index.php\/novosti\/item\/298805-osvrt-dr-sc-dine-sakanovica-treba-li-nam-uopce-novi-grb-grada-tuzle\/#primaryimage\"},\"thumbnailUrl\":\"https:\/\/tuzlainfo.ba\/wp-content\/uploads\/2023\/06\/danzalosti_tuzla_zastave_polakoplja.jpg\",\"datePublished\":\"2026-03-31T07:00:05+00:00\",\"dateModified\":\"2026-03-31T06:35:49+00:00\",\"breadcrumb\":{\"@id\":\"https:\/\/tuzlainfo.ba\/index.php\/novosti\/item\/298805-osvrt-dr-sc-dine-sakanovica-treba-li-nam-uopce-novi-grb-grada-tuzle\/#breadcrumb\"},\"inLanguage\":\"bs-BA\",\"potentialAction\":[{\"@type\":\"ReadAction\",\"target\":[\"https:\/\/tuzlainfo.ba\/index.php\/novosti\/item\/298805-osvrt-dr-sc-dine-sakanovica-treba-li-nam-uopce-novi-grb-grada-tuzle\/\"]}]},{\"@type\":\"ImageObject\",\"inLanguage\":\"bs-BA\",\"@id\":\"https:\/\/tuzlainfo.ba\/index.php\/novosti\/item\/298805-osvrt-dr-sc-dine-sakanovica-treba-li-nam-uopce-novi-grb-grada-tuzle\/#primaryimage\",\"url\":\"https:\/\/tuzlainfo.ba\/wp-content\/uploads\/2023\/06\/danzalosti_tuzla_zastave_polakoplja.jpg\",\"contentUrl\":\"https:\/\/tuzlainfo.ba\/wp-content\/uploads\/2023\/06\/danzalosti_tuzla_zastave_polakoplja.jpg\",\"width\":991,\"height\":591,\"caption\":\"Foto: Tuzlainfo.ba (Arhiv)\"},{\"@type\":\"BreadcrumbList\",\"@id\":\"https:\/\/tuzlainfo.ba\/index.php\/novosti\/item\/298805-osvrt-dr-sc-dine-sakanovica-treba-li-nam-uopce-novi-grb-grada-tuzle\/#breadcrumb\",\"itemListElement\":[{\"@type\":\"ListItem\",\"position\":1,\"name\":\"Home\",\"item\":\"https:\/\/tuzlainfo.ba\/\"},{\"@type\":\"ListItem\",\"position\":2,\"name\":\"Osvrt dr.sc. Dine \u0160akanovi\u0107a: Treba li nam uop\u0107e novi grb grada Tuzle?\"}]},{\"@type\":\"WebSite\",\"@id\":\"https:\/\/tuzlainfo.ba\/#website\",\"url\":\"https:\/\/tuzlainfo.ba\/\",\"name\":\"TuzlaInfo.ba\",\"description\":\"Tuzla info, gradski informator - Tuzla na dlanu\",\"publisher\":{\"@id\":\"https:\/\/tuzlainfo.ba\/#organization\"},\"potentialAction\":[{\"@type\":\"SearchAction\",\"target\":{\"@type\":\"EntryPoint\",\"urlTemplate\":\"https:\/\/tuzlainfo.ba\/?s={search_term_string}\"},\"query-input\":{\"@type\":\"PropertyValueSpecification\",\"valueRequired\":true,\"valueName\":\"search_term_string\"}}],\"inLanguage\":\"bs-BA\"},{\"@type\":\"Organization\",\"@id\":\"https:\/\/tuzlainfo.ba\/#organization\",\"name\":\"TuzlaInfo.ba\",\"url\":\"https:\/\/tuzlainfo.ba\/\",\"logo\":{\"@type\":\"ImageObject\",\"inLanguage\":\"bs-BA\",\"@id\":\"https:\/\/tuzlainfo.ba\/#\/schema\/logo\/image\/\",\"url\":\"https:\/\/tuzlainfo.ba\/wp-content\/uploads\/2021\/03\/logo-ver-3-1.png\",\"contentUrl\":\"https:\/\/tuzlainfo.ba\/wp-content\/uploads\/2021\/03\/logo-ver-3-1.png\",\"width\":350,\"height\":95,\"caption\":\"TuzlaInfo.ba\"},\"image\":{\"@id\":\"https:\/\/tuzlainfo.ba\/#\/schema\/logo\/image\/\"},\"sameAs\":[\"https:\/\/www.facebook.com\/tuzlainfo.ba\/\"]},{\"@type\":\"Person\",\"@id\":\"https:\/\/tuzlainfo.ba\/#\/schema\/person\/f434e20dc27ea133923aab08451b7f7f\",\"name\":\"nedim\",\"image\":{\"@type\":\"ImageObject\",\"inLanguage\":\"bs-BA\",\"@id\":\"https:\/\/tuzlainfo.ba\/#\/schema\/person\/image\/\",\"url\":\"https:\/\/tuzlainfo.ba\/wp-content\/litespeed\/avatar\/aabad687af24844af817603ac1cbdc4f.jpg?ver=1777306975\",\"contentUrl\":\"https:\/\/tuzlainfo.ba\/wp-content\/litespeed\/avatar\/aabad687af24844af817603ac1cbdc4f.jpg?ver=1777306975\",\"caption\":\"nedim\"},\"description\":\"Tuzlainfo.ba pratite na dru\u0161tvenim mre\u017eama: Facebook, Instagram i Youtube. Svoje pri\u010de, upite i fotografije \u0161aljite na na\u0161u e-mail adresu.\"}]}<\/script>\n<!-- \/ Yoast SEO plugin. -->","yoast_head_json":{"title":"Osvrt dr.sc. Dine \u0160akanovi\u0107a: Treba li nam uop\u0107e novi grb grada Tuzle? - TuzlaInfo.ba","robots":{"index":"index","follow":"follow","max-snippet":"max-snippet:-1","max-image-preview":"max-image-preview:large","max-video-preview":"max-video-preview:-1"},"canonical":"https:\/\/tuzlainfo.ba\/index.php\/novosti\/item\/298805-osvrt-dr-sc-dine-sakanovica-treba-li-nam-uopce-novi-grb-grada-tuzle\/","og_locale":"bs_BA","og_type":"article","og_title":"Osvrt dr.sc. Dine \u0160akanovi\u0107a: Treba li nam uop\u0107e novi grb grada Tuzle? - TuzlaInfo.ba","og_description":"Dr.sc. Dino \u0160akanovi\u0107, istra\u017eiva\u010d Udru\u017eenja gra\u0111ana i gra\u0111anki &#8220;Za\u0161to ne&#8221; osvrnujo se na inicijativu o&hellip;","og_url":"https:\/\/tuzlainfo.ba\/index.php\/novosti\/item\/298805-osvrt-dr-sc-dine-sakanovica-treba-li-nam-uopce-novi-grb-grada-tuzle\/","og_site_name":"TuzlaInfo.ba","article_publisher":"https:\/\/www.facebook.com\/tuzlainfo.ba\/","article_published_time":"2026-03-31T07:00:05+00:00","article_modified_time":"2026-03-31T06:35:49+00:00","og_image":[{"width":991,"height":591,"url":"https:\/\/tuzlainfo.ba\/wp-content\/uploads\/2023\/06\/danzalosti_tuzla_zastave_polakoplja.jpg","type":"image\/jpeg"}],"author":"nedim","twitter_card":"summary_large_image","twitter_misc":{"Written by":"nedim","Est. reading time":"9 minuta"},"schema":{"@context":"https:\/\/schema.org","@graph":[{"@type":"Article","@id":"https:\/\/tuzlainfo.ba\/index.php\/novosti\/item\/298805-osvrt-dr-sc-dine-sakanovica-treba-li-nam-uopce-novi-grb-grada-tuzle\/#article","isPartOf":{"@id":"https:\/\/tuzlainfo.ba\/index.php\/novosti\/item\/298805-osvrt-dr-sc-dine-sakanovica-treba-li-nam-uopce-novi-grb-grada-tuzle\/"},"author":{"name":"nedim","@id":"https:\/\/tuzlainfo.ba\/#\/schema\/person\/f434e20dc27ea133923aab08451b7f7f"},"headline":"Osvrt dr.sc. Dine \u0160akanovi\u0107a: Treba li nam uop\u0107e novi grb grada Tuzle?","datePublished":"2026-03-31T07:00:05+00:00","dateModified":"2026-03-31T06:35:49+00:00","mainEntityOfPage":{"@id":"https:\/\/tuzlainfo.ba\/index.php\/novosti\/item\/298805-osvrt-dr-sc-dine-sakanovica-treba-li-nam-uopce-novi-grb-grada-tuzle\/"},"wordCount":1800,"publisher":{"@id":"https:\/\/tuzlainfo.ba\/#organization"},"image":{"@id":"https:\/\/tuzlainfo.ba\/index.php\/novosti\/item\/298805-osvrt-dr-sc-dine-sakanovica-treba-li-nam-uopce-novi-grb-grada-tuzle\/#primaryimage"},"thumbnailUrl":"https:\/\/tuzlainfo.ba\/wp-content\/uploads\/2023\/06\/danzalosti_tuzla_zastave_polakoplja.jpg","keywords":["dino \u0161akanovi\u0107","grb tuzle"],"articleSection":["Istaknuto","Novosti"],"inLanguage":"bs-BA"},{"@type":"WebPage","@id":"https:\/\/tuzlainfo.ba\/index.php\/novosti\/item\/298805-osvrt-dr-sc-dine-sakanovica-treba-li-nam-uopce-novi-grb-grada-tuzle\/","url":"https:\/\/tuzlainfo.ba\/index.php\/novosti\/item\/298805-osvrt-dr-sc-dine-sakanovica-treba-li-nam-uopce-novi-grb-grada-tuzle\/","name":"Osvrt dr.sc. Dine \u0160akanovi\u0107a: Treba li nam uop\u0107e novi grb grada Tuzle? - TuzlaInfo.ba","isPartOf":{"@id":"https:\/\/tuzlainfo.ba\/#website"},"primaryImageOfPage":{"@id":"https:\/\/tuzlainfo.ba\/index.php\/novosti\/item\/298805-osvrt-dr-sc-dine-sakanovica-treba-li-nam-uopce-novi-grb-grada-tuzle\/#primaryimage"},"image":{"@id":"https:\/\/tuzlainfo.ba\/index.php\/novosti\/item\/298805-osvrt-dr-sc-dine-sakanovica-treba-li-nam-uopce-novi-grb-grada-tuzle\/#primaryimage"},"thumbnailUrl":"https:\/\/tuzlainfo.ba\/wp-content\/uploads\/2023\/06\/danzalosti_tuzla_zastave_polakoplja.jpg","datePublished":"2026-03-31T07:00:05+00:00","dateModified":"2026-03-31T06:35:49+00:00","breadcrumb":{"@id":"https:\/\/tuzlainfo.ba\/index.php\/novosti\/item\/298805-osvrt-dr-sc-dine-sakanovica-treba-li-nam-uopce-novi-grb-grada-tuzle\/#breadcrumb"},"inLanguage":"bs-BA","potentialAction":[{"@type":"ReadAction","target":["https:\/\/tuzlainfo.ba\/index.php\/novosti\/item\/298805-osvrt-dr-sc-dine-sakanovica-treba-li-nam-uopce-novi-grb-grada-tuzle\/"]}]},{"@type":"ImageObject","inLanguage":"bs-BA","@id":"https:\/\/tuzlainfo.ba\/index.php\/novosti\/item\/298805-osvrt-dr-sc-dine-sakanovica-treba-li-nam-uopce-novi-grb-grada-tuzle\/#primaryimage","url":"https:\/\/tuzlainfo.ba\/wp-content\/uploads\/2023\/06\/danzalosti_tuzla_zastave_polakoplja.jpg","contentUrl":"https:\/\/tuzlainfo.ba\/wp-content\/uploads\/2023\/06\/danzalosti_tuzla_zastave_polakoplja.jpg","width":991,"height":591,"caption":"Foto: Tuzlainfo.ba (Arhiv)"},{"@type":"BreadcrumbList","@id":"https:\/\/tuzlainfo.ba\/index.php\/novosti\/item\/298805-osvrt-dr-sc-dine-sakanovica-treba-li-nam-uopce-novi-grb-grada-tuzle\/#breadcrumb","itemListElement":[{"@type":"ListItem","position":1,"name":"Home","item":"https:\/\/tuzlainfo.ba\/"},{"@type":"ListItem","position":2,"name":"Osvrt dr.sc. Dine \u0160akanovi\u0107a: Treba li nam uop\u0107e novi grb grada Tuzle?"}]},{"@type":"WebSite","@id":"https:\/\/tuzlainfo.ba\/#website","url":"https:\/\/tuzlainfo.ba\/","name":"TuzlaInfo.ba","description":"Tuzla info, gradski informator - Tuzla na dlanu","publisher":{"@id":"https:\/\/tuzlainfo.ba\/#organization"},"potentialAction":[{"@type":"SearchAction","target":{"@type":"EntryPoint","urlTemplate":"https:\/\/tuzlainfo.ba\/?s={search_term_string}"},"query-input":{"@type":"PropertyValueSpecification","valueRequired":true,"valueName":"search_term_string"}}],"inLanguage":"bs-BA"},{"@type":"Organization","@id":"https:\/\/tuzlainfo.ba\/#organization","name":"TuzlaInfo.ba","url":"https:\/\/tuzlainfo.ba\/","logo":{"@type":"ImageObject","inLanguage":"bs-BA","@id":"https:\/\/tuzlainfo.ba\/#\/schema\/logo\/image\/","url":"https:\/\/tuzlainfo.ba\/wp-content\/uploads\/2021\/03\/logo-ver-3-1.png","contentUrl":"https:\/\/tuzlainfo.ba\/wp-content\/uploads\/2021\/03\/logo-ver-3-1.png","width":350,"height":95,"caption":"TuzlaInfo.ba"},"image":{"@id":"https:\/\/tuzlainfo.ba\/#\/schema\/logo\/image\/"},"sameAs":["https:\/\/www.facebook.com\/tuzlainfo.ba\/"]},{"@type":"Person","@id":"https:\/\/tuzlainfo.ba\/#\/schema\/person\/f434e20dc27ea133923aab08451b7f7f","name":"nedim","image":{"@type":"ImageObject","inLanguage":"bs-BA","@id":"https:\/\/tuzlainfo.ba\/#\/schema\/person\/image\/","url":"https:\/\/tuzlainfo.ba\/wp-content\/litespeed\/avatar\/aabad687af24844af817603ac1cbdc4f.jpg?ver=1777306975","contentUrl":"https:\/\/tuzlainfo.ba\/wp-content\/litespeed\/avatar\/aabad687af24844af817603ac1cbdc4f.jpg?ver=1777306975","caption":"nedim"},"description":"Tuzlainfo.ba pratite na dru\u0161tvenim mre\u017eama: Facebook, Instagram i Youtube. Svoje pri\u010de, upite i fotografije \u0161aljite na na\u0161u e-mail adresu."}]}},"_links":{"self":[{"href":"https:\/\/tuzlainfo.ba\/index.php\/wp-json\/wp\/v2\/posts\/298805"}],"collection":[{"href":"https:\/\/tuzlainfo.ba\/index.php\/wp-json\/wp\/v2\/posts"}],"about":[{"href":"https:\/\/tuzlainfo.ba\/index.php\/wp-json\/wp\/v2\/types\/post"}],"author":[{"embeddable":true,"href":"https:\/\/tuzlainfo.ba\/index.php\/wp-json\/wp\/v2\/users\/2"}],"replies":[{"embeddable":true,"href":"https:\/\/tuzlainfo.ba\/index.php\/wp-json\/wp\/v2\/comments?post=298805"}],"version-history":[{"count":1,"href":"https:\/\/tuzlainfo.ba\/index.php\/wp-json\/wp\/v2\/posts\/298805\/revisions"}],"predecessor-version":[{"id":298806,"href":"https:\/\/tuzlainfo.ba\/index.php\/wp-json\/wp\/v2\/posts\/298805\/revisions\/298806"}],"wp:featuredmedia":[{"embeddable":true,"href":"https:\/\/tuzlainfo.ba\/index.php\/wp-json\/wp\/v2\/media\/206693"}],"wp:attachment":[{"href":"https:\/\/tuzlainfo.ba\/index.php\/wp-json\/wp\/v2\/media?parent=298805"}],"wp:term":[{"taxonomy":"category","embeddable":true,"href":"https:\/\/tuzlainfo.ba\/index.php\/wp-json\/wp\/v2\/categories?post=298805"},{"taxonomy":"post_tag","embeddable":true,"href":"https:\/\/tuzlainfo.ba\/index.php\/wp-json\/wp\/v2\/tags?post=298805"}],"curies":[{"name":"wp","href":"https:\/\/api.w.org\/{rel}","templated":true}]}}