{"id":298779,"date":"2026-03-30T21:19:41","date_gmt":"2026-03-30T19:19:41","guid":{"rendered":"https:\/\/tuzlainfo.ba\/?p=298779"},"modified":"2026-03-30T21:19:41","modified_gmt":"2026-03-30T19:19:41","slug":"barbarez-pred-italiju-necemo-ponoviti-gresku-iz-2003-godine","status":"publish","type":"post","link":"https:\/\/tuzlainfo.ba\/index.php\/bosna-i-hercegovina\/item\/298779-barbarez-pred-italiju-necemo-ponoviti-gresku-iz-2003-godine\/","title":{"rendered":"Barbarez pred Italiju: Ne\u0107emo ponoviti gre\u0161ku iz 2003. godine"},"content":{"rendered":"<p data-start=\"0\" data-end=\"286\">Selektor nogometne reprezentacije Bosne i Hercegovine Sergej Barbarez poru\u010dio je uo\u010di finala bara\u017ea za plasman na Svjetsko prvenstvo protiv Italije da njegov tim ne\u0107e ponoviti gre\u0161ke iz pro\u0161losti, naglasiv\u0161i da \u0107e emocije biti pod kontrolom u jednom od najva\u017enijih me\u010deva za bh. fudbal.<\/p>\n<p data-start=\"288\" data-end=\"491\">Na konferenciji za medije Barbarez je istakao da ga predstoje\u0107i susret podsje\u0107a na utakmicu protiv Danske 2003. godine na Ko\u0161evu, kada je reprezentacija BiH ostala nadomak plasmana na Evropsko prvenstvo.<\/p>\n<p data-start=\"493\" data-end=\"758\">\u2013 To nam je vjerovatno bio minus od kojeg se nismo mogli oporaviti. Sigurno je da u me\u010d protiv Italije ne\u0107emo u\u0107i na taj na\u010din. Za Italiju je ovaj me\u010d va\u017ean isto kao i za nas, ali moramo biti svjesni da se nakon toga vra\u0107amo svakodnevnom \u017eivotu \u2013 rekao je Barbarez.<\/p>\n<p data-start=\"760\" data-end=\"953\">Selektor je naglasio da je stru\u010dni \u0161tab posebnu pa\u017enju posvetio fizi\u010dkoj spremi ekipe, \u0161to se, kako je naveo, vidjelo u te\u0161kom duelu protiv Velsa koji je rije\u0161en tek nakon produ\u017eetaka i penala.<\/p>\n<p data-start=\"955\" data-end=\"1091\">\u2013 Bilo je gr\u010deva, ali igra\u010di nisu odustajali. Taj voljni moment je izuzetno va\u017ean i ovoj ekipi sigurno ne nedostaje \u2013 kazao je selektor.<\/p>\n<p data-start=\"1093\" data-end=\"1187\">Dodao je da se priprema utakmice protiv Italije u najve\u0107oj mjeri bazira na igri njegovog tima.<\/p>\n<p data-start=\"1189\" data-end=\"1362\">\u2013 Ne zanimaju me komentari sa strane. Analizirali smo jedni druge i tu se pri\u010da zavr\u0161ava. Svi igra\u010di su spremni uprkos iscrpljuju\u0107em me\u010du protiv Velsa \u2013 istakao je Barbarez.<\/p>\n<p data-start=\"1364\" data-end=\"1528\">Kapiten reprezentacije Edin D\u017eeko osvrnuo se na reakcije italijanskih igra\u010da nakon \u0161to su saznali da \u0107e igrati protiv BiH, poru\u010div\u0161i da u tome ne vidi ni\u0161ta sporno.<\/p>\n<p data-start=\"1530\" data-end=\"1641\">\u2013 Nekada treba biti oprezniji zbog dru\u0161tvenih mre\u017ea, ali ne vidim problem u njihovoj reakciji \u2013 rekao je D\u017eeko.<\/p>\n<p data-start=\"1643\" data-end=\"1825\">Iskusni napada\u010d podsjetio je da karijera brzo prolazi te da svaki trenutak treba iskoristiti na najbolji na\u010din, naglasiv\u0161i da dobro poznaje veliki broj italijanskih reprezentativaca.<\/p>\n<p data-start=\"1827\" data-end=\"2029\">\u2013 Italija zna protiv koga igra i dobro \u0107e se pripremiti. Ne\u0107e nas podcijeniti i znaju da imamo kvalitet. Nadam se da \u0107emo mi biti na na\u0161em najvi\u0161em nivou i ostvariti pobjedu \u2013 dodao je kapiten bh. tima.<\/p>\n<p data-start=\"2031\" data-end=\"2419\">Finale bara\u017ea za plasman na Svjetsko prvenstvo, koje \u0107e biti odr\u017eano u Kanadi, SAD-u i Meksiku, igra se u utorak, 31. marta, na stadionu Bilino polje u Zenici s po\u010detkom u 20.45 sati. Pravdu \u0107e dijeliti francuski sudija Cl\u00e9ment Turpin, uz asistente Nicolasa Danosa i Benjamina Pagesa, dok je \u010detvrti sudija Jos\u00e9 Mar\u00eda S\u00e1nchez iz \u0160panije. Za VAR su zadu\u017eeni J\u00e9r\u00f4me Brisard i Willy Delajod.<\/p>\n<p data-start=\"2421\" data-end=\"2478\">Direktan prijenos utakmice osiguran je u programu BHRT-a.<\/p>\n","protected":false},"excerpt":{"rendered":"<p>Selektor nogometne reprezentacije Bosne i Hercegovine Sergej Barbarez poru\u010dio je uo\u010di finala bara\u017ea za plasman&hellip;<\/p>\n","protected":false},"author":2,"featured_media":298780,"comment_status":"closed","ping_status":"closed","sticky":false,"template":"","format":"standard","meta":{"_acf_changed":false,"footnotes":""},"categories":[291,304],"tags":[2931,2530,915],"acf":[],"yoast_head":"<!-- This site is optimized with the Yoast SEO plugin v23.5 - https:\/\/yoast.com\/wordpress\/plugins\/seo\/ -->\n<title>Barbarez pred Italiju: Ne\u0107emo ponoviti gre\u0161ku iz 2003. godine - TuzlaInfo.ba<\/title>\n<meta name=\"robots\" content=\"index, follow, max-snippet:-1, max-image-preview:large, max-video-preview:-1\" \/>\n<link rel=\"canonical\" href=\"https:\/\/tuzlainfo.ba\/index.php\/bosna-i-hercegovina\/item\/298779-barbarez-pred-italiju-necemo-ponoviti-gresku-iz-2003-godine\/\" \/>\n<meta property=\"og:locale\" content=\"bs_BA\" \/>\n<meta property=\"og:type\" content=\"article\" \/>\n<meta property=\"og:title\" content=\"Barbarez pred Italiju: Ne\u0107emo ponoviti gre\u0161ku iz 2003. godine - TuzlaInfo.ba\" \/>\n<meta property=\"og:description\" content=\"Selektor nogometne reprezentacije Bosne i Hercegovine Sergej Barbarez poru\u010dio je uo\u010di finala bara\u017ea za plasman&hellip;\" \/>\n<meta property=\"og:url\" content=\"https:\/\/tuzlainfo.ba\/index.php\/bosna-i-hercegovina\/item\/298779-barbarez-pred-italiju-necemo-ponoviti-gresku-iz-2003-godine\/\" \/>\n<meta property=\"og:site_name\" content=\"TuzlaInfo.ba\" \/>\n<meta property=\"article:publisher\" content=\"https:\/\/www.facebook.com\/tuzlainfo.ba\/\" \/>\n<meta property=\"article:published_time\" content=\"2026-03-30T19:19:41+00:00\" \/>\n<meta property=\"og:image\" content=\"https:\/\/tuzlainfo.ba\/wp-content\/uploads\/2026\/03\/3003_dzeko_barbarez.jpg\" \/>\n\t<meta property=\"og:image:width\" content=\"1024\" \/>\n\t<meta property=\"og:image:height\" content=\"683\" \/>\n\t<meta property=\"og:image:type\" content=\"image\/jpeg\" \/>\n<meta name=\"author\" content=\"nedim\" \/>\n<meta name=\"twitter:card\" content=\"summary_large_image\" \/>\n<meta name=\"twitter:label1\" content=\"Written by\" \/>\n\t<meta name=\"twitter:data1\" content=\"nedim\" \/>\n\t<meta name=\"twitter:label2\" content=\"Est. reading time\" \/>\n\t<meta name=\"twitter:data2\" content=\"3 minute\" \/>\n<script type=\"application\/ld+json\" class=\"yoast-schema-graph\">{\"@context\":\"https:\/\/schema.org\",\"@graph\":[{\"@type\":\"Article\",\"@id\":\"https:\/\/tuzlainfo.ba\/index.php\/bosna-i-hercegovina\/item\/298779-barbarez-pred-italiju-necemo-ponoviti-gresku-iz-2003-godine\/#article\",\"isPartOf\":{\"@id\":\"https:\/\/tuzlainfo.ba\/index.php\/bosna-i-hercegovina\/item\/298779-barbarez-pred-italiju-necemo-ponoviti-gresku-iz-2003-godine\/\"},\"author\":{\"name\":\"nedim\",\"@id\":\"https:\/\/tuzlainfo.ba\/#\/schema\/person\/f434e20dc27ea133923aab08451b7f7f\"},\"headline\":\"Barbarez pred Italiju: Ne\u0107emo ponoviti gre\u0161ku iz 2003. godine\",\"datePublished\":\"2026-03-30T19:19:41+00:00\",\"dateModified\":\"2026-03-30T19:19:41+00:00\",\"mainEntityOfPage\":{\"@id\":\"https:\/\/tuzlainfo.ba\/index.php\/bosna-i-hercegovina\/item\/298779-barbarez-pred-italiju-necemo-ponoviti-gresku-iz-2003-godine\/\"},\"wordCount\":458,\"publisher\":{\"@id\":\"https:\/\/tuzlainfo.ba\/#organization\"},\"image\":{\"@id\":\"https:\/\/tuzlainfo.ba\/index.php\/bosna-i-hercegovina\/item\/298779-barbarez-pred-italiju-necemo-ponoviti-gresku-iz-2003-godine\/#primaryimage\"},\"thumbnailUrl\":\"https:\/\/tuzlainfo.ba\/wp-content\/uploads\/2026\/03\/3003_dzeko_barbarez.jpg\",\"keywords\":[\"fudbalska reprezentacija bih\",\"NFSBiH\",\"sport\"],\"articleSection\":[\"Bosna i Hercegovina\",\"Istaknuto\"],\"inLanguage\":\"bs-BA\"},{\"@type\":\"WebPage\",\"@id\":\"https:\/\/tuzlainfo.ba\/index.php\/bosna-i-hercegovina\/item\/298779-barbarez-pred-italiju-necemo-ponoviti-gresku-iz-2003-godine\/\",\"url\":\"https:\/\/tuzlainfo.ba\/index.php\/bosna-i-hercegovina\/item\/298779-barbarez-pred-italiju-necemo-ponoviti-gresku-iz-2003-godine\/\",\"name\":\"Barbarez pred Italiju: Ne\u0107emo ponoviti gre\u0161ku iz 2003. godine - TuzlaInfo.ba\",\"isPartOf\":{\"@id\":\"https:\/\/tuzlainfo.ba\/#website\"},\"primaryImageOfPage\":{\"@id\":\"https:\/\/tuzlainfo.ba\/index.php\/bosna-i-hercegovina\/item\/298779-barbarez-pred-italiju-necemo-ponoviti-gresku-iz-2003-godine\/#primaryimage\"},\"image\":{\"@id\":\"https:\/\/tuzlainfo.ba\/index.php\/bosna-i-hercegovina\/item\/298779-barbarez-pred-italiju-necemo-ponoviti-gresku-iz-2003-godine\/#primaryimage\"},\"thumbnailUrl\":\"https:\/\/tuzlainfo.ba\/wp-content\/uploads\/2026\/03\/3003_dzeko_barbarez.jpg\",\"datePublished\":\"2026-03-30T19:19:41+00:00\",\"dateModified\":\"2026-03-30T19:19:41+00:00\",\"breadcrumb\":{\"@id\":\"https:\/\/tuzlainfo.ba\/index.php\/bosna-i-hercegovina\/item\/298779-barbarez-pred-italiju-necemo-ponoviti-gresku-iz-2003-godine\/#breadcrumb\"},\"inLanguage\":\"bs-BA\",\"potentialAction\":[{\"@type\":\"ReadAction\",\"target\":[\"https:\/\/tuzlainfo.ba\/index.php\/bosna-i-hercegovina\/item\/298779-barbarez-pred-italiju-necemo-ponoviti-gresku-iz-2003-godine\/\"]}]},{\"@type\":\"ImageObject\",\"inLanguage\":\"bs-BA\",\"@id\":\"https:\/\/tuzlainfo.ba\/index.php\/bosna-i-hercegovina\/item\/298779-barbarez-pred-italiju-necemo-ponoviti-gresku-iz-2003-godine\/#primaryimage\",\"url\":\"https:\/\/tuzlainfo.ba\/wp-content\/uploads\/2026\/03\/3003_dzeko_barbarez.jpg\",\"contentUrl\":\"https:\/\/tuzlainfo.ba\/wp-content\/uploads\/2026\/03\/3003_dzeko_barbarez.jpg\",\"width\":1024,\"height\":683},{\"@type\":\"BreadcrumbList\",\"@id\":\"https:\/\/tuzlainfo.ba\/index.php\/bosna-i-hercegovina\/item\/298779-barbarez-pred-italiju-necemo-ponoviti-gresku-iz-2003-godine\/#breadcrumb\",\"itemListElement\":[{\"@type\":\"ListItem\",\"position\":1,\"name\":\"Home\",\"item\":\"https:\/\/tuzlainfo.ba\/\"},{\"@type\":\"ListItem\",\"position\":2,\"name\":\"Barbarez pred Italiju: Ne\u0107emo ponoviti gre\u0161ku iz 2003. godine\"}]},{\"@type\":\"WebSite\",\"@id\":\"https:\/\/tuzlainfo.ba\/#website\",\"url\":\"https:\/\/tuzlainfo.ba\/\",\"name\":\"TuzlaInfo.ba\",\"description\":\"Tuzla info, gradski informator - Tuzla na dlanu\",\"publisher\":{\"@id\":\"https:\/\/tuzlainfo.ba\/#organization\"},\"potentialAction\":[{\"@type\":\"SearchAction\",\"target\":{\"@type\":\"EntryPoint\",\"urlTemplate\":\"https:\/\/tuzlainfo.ba\/?s={search_term_string}\"},\"query-input\":{\"@type\":\"PropertyValueSpecification\",\"valueRequired\":true,\"valueName\":\"search_term_string\"}}],\"inLanguage\":\"bs-BA\"},{\"@type\":\"Organization\",\"@id\":\"https:\/\/tuzlainfo.ba\/#organization\",\"name\":\"TuzlaInfo.ba\",\"url\":\"https:\/\/tuzlainfo.ba\/\",\"logo\":{\"@type\":\"ImageObject\",\"inLanguage\":\"bs-BA\",\"@id\":\"https:\/\/tuzlainfo.ba\/#\/schema\/logo\/image\/\",\"url\":\"https:\/\/tuzlainfo.ba\/wp-content\/uploads\/2021\/03\/logo-ver-3-1.png\",\"contentUrl\":\"https:\/\/tuzlainfo.ba\/wp-content\/uploads\/2021\/03\/logo-ver-3-1.png\",\"width\":350,\"height\":95,\"caption\":\"TuzlaInfo.ba\"},\"image\":{\"@id\":\"https:\/\/tuzlainfo.ba\/#\/schema\/logo\/image\/\"},\"sameAs\":[\"https:\/\/www.facebook.com\/tuzlainfo.ba\/\"]},{\"@type\":\"Person\",\"@id\":\"https:\/\/tuzlainfo.ba\/#\/schema\/person\/f434e20dc27ea133923aab08451b7f7f\",\"name\":\"nedim\",\"image\":{\"@type\":\"ImageObject\",\"inLanguage\":\"bs-BA\",\"@id\":\"https:\/\/tuzlainfo.ba\/#\/schema\/person\/image\/\",\"url\":\"https:\/\/tuzlainfo.ba\/wp-content\/litespeed\/avatar\/aabad687af24844af817603ac1cbdc4f.jpg?ver=1776702173\",\"contentUrl\":\"https:\/\/tuzlainfo.ba\/wp-content\/litespeed\/avatar\/aabad687af24844af817603ac1cbdc4f.jpg?ver=1776702173\",\"caption\":\"nedim\"},\"description\":\"Tuzlainfo.ba pratite na dru\u0161tvenim mre\u017eama: Facebook, Instagram i Youtube. Svoje pri\u010de, upite i fotografije \u0161aljite na na\u0161u e-mail adresu.\"}]}<\/script>\n<!-- \/ Yoast SEO plugin. -->","yoast_head_json":{"title":"Barbarez pred Italiju: Ne\u0107emo ponoviti gre\u0161ku iz 2003. godine - TuzlaInfo.ba","robots":{"index":"index","follow":"follow","max-snippet":"max-snippet:-1","max-image-preview":"max-image-preview:large","max-video-preview":"max-video-preview:-1"},"canonical":"https:\/\/tuzlainfo.ba\/index.php\/bosna-i-hercegovina\/item\/298779-barbarez-pred-italiju-necemo-ponoviti-gresku-iz-2003-godine\/","og_locale":"bs_BA","og_type":"article","og_title":"Barbarez pred Italiju: Ne\u0107emo ponoviti gre\u0161ku iz 2003. godine - TuzlaInfo.ba","og_description":"Selektor nogometne reprezentacije Bosne i Hercegovine Sergej Barbarez poru\u010dio je uo\u010di finala bara\u017ea za plasman&hellip;","og_url":"https:\/\/tuzlainfo.ba\/index.php\/bosna-i-hercegovina\/item\/298779-barbarez-pred-italiju-necemo-ponoviti-gresku-iz-2003-godine\/","og_site_name":"TuzlaInfo.ba","article_publisher":"https:\/\/www.facebook.com\/tuzlainfo.ba\/","article_published_time":"2026-03-30T19:19:41+00:00","og_image":[{"width":1024,"height":683,"url":"https:\/\/tuzlainfo.ba\/wp-content\/uploads\/2026\/03\/3003_dzeko_barbarez.jpg","type":"image\/jpeg"}],"author":"nedim","twitter_card":"summary_large_image","twitter_misc":{"Written by":"nedim","Est. reading time":"3 minute"},"schema":{"@context":"https:\/\/schema.org","@graph":[{"@type":"Article","@id":"https:\/\/tuzlainfo.ba\/index.php\/bosna-i-hercegovina\/item\/298779-barbarez-pred-italiju-necemo-ponoviti-gresku-iz-2003-godine\/#article","isPartOf":{"@id":"https:\/\/tuzlainfo.ba\/index.php\/bosna-i-hercegovina\/item\/298779-barbarez-pred-italiju-necemo-ponoviti-gresku-iz-2003-godine\/"},"author":{"name":"nedim","@id":"https:\/\/tuzlainfo.ba\/#\/schema\/person\/f434e20dc27ea133923aab08451b7f7f"},"headline":"Barbarez pred Italiju: Ne\u0107emo ponoviti gre\u0161ku iz 2003. godine","datePublished":"2026-03-30T19:19:41+00:00","dateModified":"2026-03-30T19:19:41+00:00","mainEntityOfPage":{"@id":"https:\/\/tuzlainfo.ba\/index.php\/bosna-i-hercegovina\/item\/298779-barbarez-pred-italiju-necemo-ponoviti-gresku-iz-2003-godine\/"},"wordCount":458,"publisher":{"@id":"https:\/\/tuzlainfo.ba\/#organization"},"image":{"@id":"https:\/\/tuzlainfo.ba\/index.php\/bosna-i-hercegovina\/item\/298779-barbarez-pred-italiju-necemo-ponoviti-gresku-iz-2003-godine\/#primaryimage"},"thumbnailUrl":"https:\/\/tuzlainfo.ba\/wp-content\/uploads\/2026\/03\/3003_dzeko_barbarez.jpg","keywords":["fudbalska reprezentacija bih","NFSBiH","sport"],"articleSection":["Bosna i Hercegovina","Istaknuto"],"inLanguage":"bs-BA"},{"@type":"WebPage","@id":"https:\/\/tuzlainfo.ba\/index.php\/bosna-i-hercegovina\/item\/298779-barbarez-pred-italiju-necemo-ponoviti-gresku-iz-2003-godine\/","url":"https:\/\/tuzlainfo.ba\/index.php\/bosna-i-hercegovina\/item\/298779-barbarez-pred-italiju-necemo-ponoviti-gresku-iz-2003-godine\/","name":"Barbarez pred Italiju: Ne\u0107emo ponoviti gre\u0161ku iz 2003. godine - TuzlaInfo.ba","isPartOf":{"@id":"https:\/\/tuzlainfo.ba\/#website"},"primaryImageOfPage":{"@id":"https:\/\/tuzlainfo.ba\/index.php\/bosna-i-hercegovina\/item\/298779-barbarez-pred-italiju-necemo-ponoviti-gresku-iz-2003-godine\/#primaryimage"},"image":{"@id":"https:\/\/tuzlainfo.ba\/index.php\/bosna-i-hercegovina\/item\/298779-barbarez-pred-italiju-necemo-ponoviti-gresku-iz-2003-godine\/#primaryimage"},"thumbnailUrl":"https:\/\/tuzlainfo.ba\/wp-content\/uploads\/2026\/03\/3003_dzeko_barbarez.jpg","datePublished":"2026-03-30T19:19:41+00:00","dateModified":"2026-03-30T19:19:41+00:00","breadcrumb":{"@id":"https:\/\/tuzlainfo.ba\/index.php\/bosna-i-hercegovina\/item\/298779-barbarez-pred-italiju-necemo-ponoviti-gresku-iz-2003-godine\/#breadcrumb"},"inLanguage":"bs-BA","potentialAction":[{"@type":"ReadAction","target":["https:\/\/tuzlainfo.ba\/index.php\/bosna-i-hercegovina\/item\/298779-barbarez-pred-italiju-necemo-ponoviti-gresku-iz-2003-godine\/"]}]},{"@type":"ImageObject","inLanguage":"bs-BA","@id":"https:\/\/tuzlainfo.ba\/index.php\/bosna-i-hercegovina\/item\/298779-barbarez-pred-italiju-necemo-ponoviti-gresku-iz-2003-godine\/#primaryimage","url":"https:\/\/tuzlainfo.ba\/wp-content\/uploads\/2026\/03\/3003_dzeko_barbarez.jpg","contentUrl":"https:\/\/tuzlainfo.ba\/wp-content\/uploads\/2026\/03\/3003_dzeko_barbarez.jpg","width":1024,"height":683},{"@type":"BreadcrumbList","@id":"https:\/\/tuzlainfo.ba\/index.php\/bosna-i-hercegovina\/item\/298779-barbarez-pred-italiju-necemo-ponoviti-gresku-iz-2003-godine\/#breadcrumb","itemListElement":[{"@type":"ListItem","position":1,"name":"Home","item":"https:\/\/tuzlainfo.ba\/"},{"@type":"ListItem","position":2,"name":"Barbarez pred Italiju: Ne\u0107emo ponoviti gre\u0161ku iz 2003. godine"}]},{"@type":"WebSite","@id":"https:\/\/tuzlainfo.ba\/#website","url":"https:\/\/tuzlainfo.ba\/","name":"TuzlaInfo.ba","description":"Tuzla info, gradski informator - Tuzla na dlanu","publisher":{"@id":"https:\/\/tuzlainfo.ba\/#organization"},"potentialAction":[{"@type":"SearchAction","target":{"@type":"EntryPoint","urlTemplate":"https:\/\/tuzlainfo.ba\/?s={search_term_string}"},"query-input":{"@type":"PropertyValueSpecification","valueRequired":true,"valueName":"search_term_string"}}],"inLanguage":"bs-BA"},{"@type":"Organization","@id":"https:\/\/tuzlainfo.ba\/#organization","name":"TuzlaInfo.ba","url":"https:\/\/tuzlainfo.ba\/","logo":{"@type":"ImageObject","inLanguage":"bs-BA","@id":"https:\/\/tuzlainfo.ba\/#\/schema\/logo\/image\/","url":"https:\/\/tuzlainfo.ba\/wp-content\/uploads\/2021\/03\/logo-ver-3-1.png","contentUrl":"https:\/\/tuzlainfo.ba\/wp-content\/uploads\/2021\/03\/logo-ver-3-1.png","width":350,"height":95,"caption":"TuzlaInfo.ba"},"image":{"@id":"https:\/\/tuzlainfo.ba\/#\/schema\/logo\/image\/"},"sameAs":["https:\/\/www.facebook.com\/tuzlainfo.ba\/"]},{"@type":"Person","@id":"https:\/\/tuzlainfo.ba\/#\/schema\/person\/f434e20dc27ea133923aab08451b7f7f","name":"nedim","image":{"@type":"ImageObject","inLanguage":"bs-BA","@id":"https:\/\/tuzlainfo.ba\/#\/schema\/person\/image\/","url":"https:\/\/tuzlainfo.ba\/wp-content\/litespeed\/avatar\/aabad687af24844af817603ac1cbdc4f.jpg?ver=1776702173","contentUrl":"https:\/\/tuzlainfo.ba\/wp-content\/litespeed\/avatar\/aabad687af24844af817603ac1cbdc4f.jpg?ver=1776702173","caption":"nedim"},"description":"Tuzlainfo.ba pratite na dru\u0161tvenim mre\u017eama: Facebook, Instagram i Youtube. Svoje pri\u010de, upite i fotografije \u0161aljite na na\u0161u e-mail adresu."}]}},"_links":{"self":[{"href":"https:\/\/tuzlainfo.ba\/index.php\/wp-json\/wp\/v2\/posts\/298779"}],"collection":[{"href":"https:\/\/tuzlainfo.ba\/index.php\/wp-json\/wp\/v2\/posts"}],"about":[{"href":"https:\/\/tuzlainfo.ba\/index.php\/wp-json\/wp\/v2\/types\/post"}],"author":[{"embeddable":true,"href":"https:\/\/tuzlainfo.ba\/index.php\/wp-json\/wp\/v2\/users\/2"}],"replies":[{"embeddable":true,"href":"https:\/\/tuzlainfo.ba\/index.php\/wp-json\/wp\/v2\/comments?post=298779"}],"version-history":[{"count":1,"href":"https:\/\/tuzlainfo.ba\/index.php\/wp-json\/wp\/v2\/posts\/298779\/revisions"}],"predecessor-version":[{"id":298781,"href":"https:\/\/tuzlainfo.ba\/index.php\/wp-json\/wp\/v2\/posts\/298779\/revisions\/298781"}],"wp:featuredmedia":[{"embeddable":true,"href":"https:\/\/tuzlainfo.ba\/index.php\/wp-json\/wp\/v2\/media\/298780"}],"wp:attachment":[{"href":"https:\/\/tuzlainfo.ba\/index.php\/wp-json\/wp\/v2\/media?parent=298779"}],"wp:term":[{"taxonomy":"category","embeddable":true,"href":"https:\/\/tuzlainfo.ba\/index.php\/wp-json\/wp\/v2\/categories?post=298779"},{"taxonomy":"post_tag","embeddable":true,"href":"https:\/\/tuzlainfo.ba\/index.php\/wp-json\/wp\/v2\/tags?post=298779"}],"curies":[{"name":"wp","href":"https:\/\/api.w.org\/{rel}","templated":true}]}}