{"id":298719,"date":"2026-03-30T10:26:46","date_gmt":"2026-03-30T08:26:46","guid":{"rendered":"https:\/\/tuzlainfo.ba\/?p=298719"},"modified":"2026-03-30T09:30:11","modified_gmt":"2026-03-30T07:30:11","slug":"zovko-i-sokol-protiv-ukidanja-veta-u-procesu-prosirenja-eu","status":"publish","type":"post","link":"https:\/\/tuzlainfo.ba\/index.php\/bosna-i-hercegovina\/item\/298719-zovko-i-sokol-protiv-ukidanja-veta-u-procesu-prosirenja-eu\/","title":{"rendered":"Zovko i Sokol protiv ukidanja veta u procesu pro\u0161irenja EU"},"content":{"rendered":"<p>Ukidanja veta u procesu pro\u0161irenja EU postalo je jedno od klju\u010dnih pitanja nakon \u0161to je u ovogodi\u0161nji izvje\u0161taj Europskog parlamenta o strategiji pro\u0161irenja ugra\u0111en prijedlog da se o otvaranju i zatvaranju pojedina\u010dnih pregovara\u010dkih klastera i poglavlja ubudu\u0107e odlu\u010duje kvalificiranom ve\u0107inom, a ne jednoglasno. Europski parlament je taj pristup predstavio kao na\u010din da se smanje politi\u010dke blokade i ubrza pristupni proces, dok bi kona\u010dna odluka o prijemu novih \u010dlanica i dalje ostala u re\u017eimu jednoglasnosti.<\/p>\n<p>Hrvatski eurozastupnici iz redova HDZ-a, \u017deljana Zovko i Tomislav Sokol, usprotivili su se takvom rje\u0161enju i zbog toga su pri glasanju ostali suzdr\u017eani, iako podr\u017eavaju politiku pro\u0161irenja Europske unije. Njihovi stavovi objavljeni su u izjavama za RTVHB, a u sredi\u0161tu protivljenja nalazi se upravo mogu\u0107nost da dr\u017eave \u010dlanice izgube pravo veta u me\u0111ukoracima pregovora.<\/p>\n<p>Zovko je poru\u010dila da pro\u0161irenje smatra jednim od najva\u017enijih procesa za budu\u0107nost Europe, ali da ne prihvata prijedlog kojim bi se napustilo jednoglasno odlu\u010divanje o pregovara\u010dkim poglavljima.<\/p>\n<p>\u201eOno je najja\u010di vanjskopoliti\u010dki alat EU i pokreta\u010d je dugoro\u010dnog mira. Iako sna\u017eno podupirem proces pro\u0161irenja i povijesne prilike koje ono donosi, na glasovanju sam bila suzdr\u017eana zbog dijelova izvje\u0161\u0107a o glasovanju kvalificiranom ve\u0107inom. Protivim se prijedlogu o ukidanju jednoglasnosti pri otvaranju i zatvaranju klastera, odnosno poglavlja\u201c, kazala je Zovko.<\/p>\n<p>Sli\u010dan stav iznio je i Tomislav Sokol, koji upozorava da bi ukidanje prava veta za manje dr\u017eave \u010dlanice zna\u010dilo i gubitak va\u017enog politi\u010dkog instrumenta u procesu pro\u0161irenja.<\/p>\n<p>\u201eTo zna\u010di da bi se o otvaranju i zatvaranju poglavlja odlu\u010divalo kvalificiranom ve\u0107inom i zemlje poput Hrvatske ne bi imale pravo veta. To je nama izuzetno va\u017ean mehanizam i daje nam mogu\u0107nost utjecaja na glasa\u010dke procese. Kad bi se uvela mogu\u0107nost preglasavanja, mala zemlja poput Hrvatske izgubila bi instrument koji trenutno ima, i zbog tog smo bili suzdr\u017eani\u201c, naveo je Sokol.<\/p>\n<p>Dodao je da HDZ-ovi eurozastupnici podr\u017eavaju pro\u0161irenje, ali isklju\u010divo na temelju individualnog napretka svake zemlje kandidatkinje, bez popu\u0161tanja politi\u010dkih kriterija.<\/p>\n<p>\u201eMi jesmo za pro\u0161irenje, ali individualno, bez kolektivnog ulaska i bez progledavanja kroz prste, poput recimo Srbiji. Dr\u017eave \u010dlanice moraju mo\u0107i staviti veto na me\u0111ukorake u procesu pristupanja\u201c, naveo je Sokol.<\/p>\n<p>U samom izvje\u0161taju o strategiji pro\u0161irenja nagla\u0161ava se da je pro\u0161irenje geostrate\u0161ka investicija u mir, sigurnost, stabilnost i prosperitet, posebno u svjetlu rata Rusije protiv Ukrajine i \u0161ireg geopoliti\u010dkog pritiska na Europu. Istovremeno, u dokumentima Europskog parlamenta navodi se da je pretjerano oslanjanje na jednoglasnost u me\u0111ufazama pregovora vi\u0161e puta usporilo proces pro\u0161irenja i oslabilo podr\u0161ku europskim integracijama u zemljama kandidatima.<\/p>\n<p>Upravo zbog toga rasprava o ukidanja veta u procesu pro\u0161irenja EU dobija i \u0161iru politi\u010dku te\u017einu, jer ne otvara samo pitanje tehni\u010dkog ubrzavanja pregovora, nego i odnosa mo\u0107i izme\u0111u velikih i malih dr\u017eava \u010dlanica unutar same Unije. Za dio zastupnika kvalificirana ve\u0107ina zna\u010di efikasniji put ka pro\u0161irenju, dok za druge, me\u0111u kojima su i Zovko i Sokol, predstavlja odricanje od mehanizma za\u0161tite nacionalnih interesa.<\/p>\n","protected":false},"excerpt":{"rendered":"<p>Ukidanja veta u procesu pro\u0161irenja EU postalo je jedno od klju\u010dnih pitanja nakon \u0161to je&hellip;<\/p>\n","protected":false},"author":8,"featured_media":169284,"comment_status":"closed","ping_status":"closed","sticky":false,"template":"","format":"standard","meta":{"_acf_changed":false,"footnotes":""},"categories":[291],"tags":[2985,4560],"acf":[],"yoast_head":"<!-- This site is optimized with the Yoast SEO plugin v23.5 - https:\/\/yoast.com\/wordpress\/plugins\/seo\/ -->\n<title>Zovko i Sokol protiv ukidanja veta u procesu pro\u0161irenja EU - TuzlaInfo.ba<\/title>\n<meta name=\"robots\" content=\"index, follow, max-snippet:-1, max-image-preview:large, max-video-preview:-1\" \/>\n<link rel=\"canonical\" href=\"https:\/\/tuzlainfo.ba\/index.php\/bosna-i-hercegovina\/item\/298719-zovko-i-sokol-protiv-ukidanja-veta-u-procesu-prosirenja-eu\/\" \/>\n<meta property=\"og:locale\" content=\"bs_BA\" \/>\n<meta property=\"og:type\" content=\"article\" \/>\n<meta property=\"og:title\" content=\"Zovko i Sokol protiv ukidanja veta u procesu pro\u0161irenja EU - TuzlaInfo.ba\" \/>\n<meta property=\"og:description\" content=\"Ukidanja veta u procesu pro\u0161irenja EU postalo je jedno od klju\u010dnih pitanja nakon \u0161to je&hellip;\" \/>\n<meta property=\"og:url\" content=\"https:\/\/tuzlainfo.ba\/index.php\/bosna-i-hercegovina\/item\/298719-zovko-i-sokol-protiv-ukidanja-veta-u-procesu-prosirenja-eu\/\" \/>\n<meta property=\"og:site_name\" content=\"TuzlaInfo.ba\" \/>\n<meta property=\"article:publisher\" content=\"https:\/\/www.facebook.com\/tuzlainfo.ba\/\" \/>\n<meta property=\"article:published_time\" content=\"2026-03-30T08:26:46+00:00\" \/>\n<meta property=\"article:modified_time\" content=\"2026-03-30T07:30:11+00:00\" \/>\n<meta property=\"og:image\" content=\"https:\/\/tuzlainfo.ba\/wp-content\/uploads\/2022\/04\/zeljana_zovko_twitter.jpeg\" \/>\n\t<meta property=\"og:image:width\" content=\"1180\" \/>\n\t<meta property=\"og:image:height\" content=\"825\" \/>\n\t<meta property=\"og:image:type\" content=\"image\/jpeg\" \/>\n<meta name=\"author\" content=\"Admin Tri\" \/>\n<meta name=\"twitter:card\" content=\"summary_large_image\" \/>\n<meta name=\"twitter:label1\" content=\"Written by\" \/>\n\t<meta name=\"twitter:data1\" content=\"Admin Tri\" \/>\n\t<meta name=\"twitter:label2\" content=\"Est. reading time\" \/>\n\t<meta name=\"twitter:data2\" content=\"3 minute\" \/>\n<script type=\"application\/ld+json\" class=\"yoast-schema-graph\">{\"@context\":\"https:\/\/schema.org\",\"@graph\":[{\"@type\":\"Article\",\"@id\":\"https:\/\/tuzlainfo.ba\/index.php\/bosna-i-hercegovina\/item\/298719-zovko-i-sokol-protiv-ukidanja-veta-u-procesu-prosirenja-eu\/#article\",\"isPartOf\":{\"@id\":\"https:\/\/tuzlainfo.ba\/index.php\/bosna-i-hercegovina\/item\/298719-zovko-i-sokol-protiv-ukidanja-veta-u-procesu-prosirenja-eu\/\"},\"author\":{\"name\":\"Admin Tri\",\"@id\":\"https:\/\/tuzlainfo.ba\/#\/schema\/person\/593e78a2f6378c5ba3e7600ecfa4e63a\"},\"headline\":\"Zovko i Sokol protiv ukidanja veta u procesu pro\u0161irenja EU\",\"datePublished\":\"2026-03-30T08:26:46+00:00\",\"dateModified\":\"2026-03-30T07:30:11+00:00\",\"mainEntityOfPage\":{\"@id\":\"https:\/\/tuzlainfo.ba\/index.php\/bosna-i-hercegovina\/item\/298719-zovko-i-sokol-protiv-ukidanja-veta-u-procesu-prosirenja-eu\/\"},\"wordCount\":562,\"publisher\":{\"@id\":\"https:\/\/tuzlainfo.ba\/#organization\"},\"image\":{\"@id\":\"https:\/\/tuzlainfo.ba\/index.php\/bosna-i-hercegovina\/item\/298719-zovko-i-sokol-protiv-ukidanja-veta-u-procesu-prosirenja-eu\/#primaryimage\"},\"thumbnailUrl\":\"https:\/\/tuzlainfo.ba\/wp-content\/uploads\/2022\/04\/zeljana_zovko_twitter.jpeg\",\"keywords\":[\"Evropska unija\",\"\u017eeljana zovko\"],\"articleSection\":[\"Bosna i Hercegovina\"],\"inLanguage\":\"bs-BA\"},{\"@type\":\"WebPage\",\"@id\":\"https:\/\/tuzlainfo.ba\/index.php\/bosna-i-hercegovina\/item\/298719-zovko-i-sokol-protiv-ukidanja-veta-u-procesu-prosirenja-eu\/\",\"url\":\"https:\/\/tuzlainfo.ba\/index.php\/bosna-i-hercegovina\/item\/298719-zovko-i-sokol-protiv-ukidanja-veta-u-procesu-prosirenja-eu\/\",\"name\":\"Zovko i Sokol protiv ukidanja veta u procesu pro\u0161irenja EU - TuzlaInfo.ba\",\"isPartOf\":{\"@id\":\"https:\/\/tuzlainfo.ba\/#website\"},\"primaryImageOfPage\":{\"@id\":\"https:\/\/tuzlainfo.ba\/index.php\/bosna-i-hercegovina\/item\/298719-zovko-i-sokol-protiv-ukidanja-veta-u-procesu-prosirenja-eu\/#primaryimage\"},\"image\":{\"@id\":\"https:\/\/tuzlainfo.ba\/index.php\/bosna-i-hercegovina\/item\/298719-zovko-i-sokol-protiv-ukidanja-veta-u-procesu-prosirenja-eu\/#primaryimage\"},\"thumbnailUrl\":\"https:\/\/tuzlainfo.ba\/wp-content\/uploads\/2022\/04\/zeljana_zovko_twitter.jpeg\",\"datePublished\":\"2026-03-30T08:26:46+00:00\",\"dateModified\":\"2026-03-30T07:30:11+00:00\",\"breadcrumb\":{\"@id\":\"https:\/\/tuzlainfo.ba\/index.php\/bosna-i-hercegovina\/item\/298719-zovko-i-sokol-protiv-ukidanja-veta-u-procesu-prosirenja-eu\/#breadcrumb\"},\"inLanguage\":\"bs-BA\",\"potentialAction\":[{\"@type\":\"ReadAction\",\"target\":[\"https:\/\/tuzlainfo.ba\/index.php\/bosna-i-hercegovina\/item\/298719-zovko-i-sokol-protiv-ukidanja-veta-u-procesu-prosirenja-eu\/\"]}]},{\"@type\":\"ImageObject\",\"inLanguage\":\"bs-BA\",\"@id\":\"https:\/\/tuzlainfo.ba\/index.php\/bosna-i-hercegovina\/item\/298719-zovko-i-sokol-protiv-ukidanja-veta-u-procesu-prosirenja-eu\/#primaryimage\",\"url\":\"https:\/\/tuzlainfo.ba\/wp-content\/uploads\/2022\/04\/zeljana_zovko_twitter.jpeg\",\"contentUrl\":\"https:\/\/tuzlainfo.ba\/wp-content\/uploads\/2022\/04\/zeljana_zovko_twitter.jpeg\",\"width\":1180,\"height\":825},{\"@type\":\"BreadcrumbList\",\"@id\":\"https:\/\/tuzlainfo.ba\/index.php\/bosna-i-hercegovina\/item\/298719-zovko-i-sokol-protiv-ukidanja-veta-u-procesu-prosirenja-eu\/#breadcrumb\",\"itemListElement\":[{\"@type\":\"ListItem\",\"position\":1,\"name\":\"Home\",\"item\":\"https:\/\/tuzlainfo.ba\/\"},{\"@type\":\"ListItem\",\"position\":2,\"name\":\"Zovko i Sokol protiv ukidanja veta u procesu pro\u0161irenja EU\"}]},{\"@type\":\"WebSite\",\"@id\":\"https:\/\/tuzlainfo.ba\/#website\",\"url\":\"https:\/\/tuzlainfo.ba\/\",\"name\":\"TuzlaInfo.ba\",\"description\":\"Tuzla info, gradski informator - Tuzla na dlanu\",\"publisher\":{\"@id\":\"https:\/\/tuzlainfo.ba\/#organization\"},\"potentialAction\":[{\"@type\":\"SearchAction\",\"target\":{\"@type\":\"EntryPoint\",\"urlTemplate\":\"https:\/\/tuzlainfo.ba\/?s={search_term_string}\"},\"query-input\":{\"@type\":\"PropertyValueSpecification\",\"valueRequired\":true,\"valueName\":\"search_term_string\"}}],\"inLanguage\":\"bs-BA\"},{\"@type\":\"Organization\",\"@id\":\"https:\/\/tuzlainfo.ba\/#organization\",\"name\":\"TuzlaInfo.ba\",\"url\":\"https:\/\/tuzlainfo.ba\/\",\"logo\":{\"@type\":\"ImageObject\",\"inLanguage\":\"bs-BA\",\"@id\":\"https:\/\/tuzlainfo.ba\/#\/schema\/logo\/image\/\",\"url\":\"https:\/\/tuzlainfo.ba\/wp-content\/uploads\/2021\/03\/logo-ver-3-1.png\",\"contentUrl\":\"https:\/\/tuzlainfo.ba\/wp-content\/uploads\/2021\/03\/logo-ver-3-1.png\",\"width\":350,\"height\":95,\"caption\":\"TuzlaInfo.ba\"},\"image\":{\"@id\":\"https:\/\/tuzlainfo.ba\/#\/schema\/logo\/image\/\"},\"sameAs\":[\"https:\/\/www.facebook.com\/tuzlainfo.ba\/\"]},{\"@type\":\"Person\",\"@id\":\"https:\/\/tuzlainfo.ba\/#\/schema\/person\/593e78a2f6378c5ba3e7600ecfa4e63a\",\"name\":\"Admin Tri\",\"image\":{\"@type\":\"ImageObject\",\"inLanguage\":\"bs-BA\",\"@id\":\"https:\/\/tuzlainfo.ba\/#\/schema\/person\/image\/\",\"url\":\"https:\/\/tuzlainfo.ba\/wp-content\/litespeed\/avatar\/b7920db4cc34a71ad12497283ad2fe3f.jpg?ver=1777100914\",\"contentUrl\":\"https:\/\/tuzlainfo.ba\/wp-content\/litespeed\/avatar\/b7920db4cc34a71ad12497283ad2fe3f.jpg?ver=1777100914\",\"caption\":\"Admin Tri\"},\"sameAs\":[\"https:\/\/tuzlainfo.ba\"]}]}<\/script>\n<!-- \/ Yoast SEO plugin. -->","yoast_head_json":{"title":"Zovko i Sokol protiv ukidanja veta u procesu pro\u0161irenja EU - TuzlaInfo.ba","robots":{"index":"index","follow":"follow","max-snippet":"max-snippet:-1","max-image-preview":"max-image-preview:large","max-video-preview":"max-video-preview:-1"},"canonical":"https:\/\/tuzlainfo.ba\/index.php\/bosna-i-hercegovina\/item\/298719-zovko-i-sokol-protiv-ukidanja-veta-u-procesu-prosirenja-eu\/","og_locale":"bs_BA","og_type":"article","og_title":"Zovko i Sokol protiv ukidanja veta u procesu pro\u0161irenja EU - TuzlaInfo.ba","og_description":"Ukidanja veta u procesu pro\u0161irenja EU postalo je jedno od klju\u010dnih pitanja nakon \u0161to je&hellip;","og_url":"https:\/\/tuzlainfo.ba\/index.php\/bosna-i-hercegovina\/item\/298719-zovko-i-sokol-protiv-ukidanja-veta-u-procesu-prosirenja-eu\/","og_site_name":"TuzlaInfo.ba","article_publisher":"https:\/\/www.facebook.com\/tuzlainfo.ba\/","article_published_time":"2026-03-30T08:26:46+00:00","article_modified_time":"2026-03-30T07:30:11+00:00","og_image":[{"width":1180,"height":825,"url":"https:\/\/tuzlainfo.ba\/wp-content\/uploads\/2022\/04\/zeljana_zovko_twitter.jpeg","type":"image\/jpeg"}],"author":"Admin Tri","twitter_card":"summary_large_image","twitter_misc":{"Written by":"Admin Tri","Est. reading time":"3 minute"},"schema":{"@context":"https:\/\/schema.org","@graph":[{"@type":"Article","@id":"https:\/\/tuzlainfo.ba\/index.php\/bosna-i-hercegovina\/item\/298719-zovko-i-sokol-protiv-ukidanja-veta-u-procesu-prosirenja-eu\/#article","isPartOf":{"@id":"https:\/\/tuzlainfo.ba\/index.php\/bosna-i-hercegovina\/item\/298719-zovko-i-sokol-protiv-ukidanja-veta-u-procesu-prosirenja-eu\/"},"author":{"name":"Admin Tri","@id":"https:\/\/tuzlainfo.ba\/#\/schema\/person\/593e78a2f6378c5ba3e7600ecfa4e63a"},"headline":"Zovko i Sokol protiv ukidanja veta u procesu pro\u0161irenja EU","datePublished":"2026-03-30T08:26:46+00:00","dateModified":"2026-03-30T07:30:11+00:00","mainEntityOfPage":{"@id":"https:\/\/tuzlainfo.ba\/index.php\/bosna-i-hercegovina\/item\/298719-zovko-i-sokol-protiv-ukidanja-veta-u-procesu-prosirenja-eu\/"},"wordCount":562,"publisher":{"@id":"https:\/\/tuzlainfo.ba\/#organization"},"image":{"@id":"https:\/\/tuzlainfo.ba\/index.php\/bosna-i-hercegovina\/item\/298719-zovko-i-sokol-protiv-ukidanja-veta-u-procesu-prosirenja-eu\/#primaryimage"},"thumbnailUrl":"https:\/\/tuzlainfo.ba\/wp-content\/uploads\/2022\/04\/zeljana_zovko_twitter.jpeg","keywords":["Evropska unija","\u017eeljana zovko"],"articleSection":["Bosna i Hercegovina"],"inLanguage":"bs-BA"},{"@type":"WebPage","@id":"https:\/\/tuzlainfo.ba\/index.php\/bosna-i-hercegovina\/item\/298719-zovko-i-sokol-protiv-ukidanja-veta-u-procesu-prosirenja-eu\/","url":"https:\/\/tuzlainfo.ba\/index.php\/bosna-i-hercegovina\/item\/298719-zovko-i-sokol-protiv-ukidanja-veta-u-procesu-prosirenja-eu\/","name":"Zovko i Sokol protiv ukidanja veta u procesu pro\u0161irenja EU - TuzlaInfo.ba","isPartOf":{"@id":"https:\/\/tuzlainfo.ba\/#website"},"primaryImageOfPage":{"@id":"https:\/\/tuzlainfo.ba\/index.php\/bosna-i-hercegovina\/item\/298719-zovko-i-sokol-protiv-ukidanja-veta-u-procesu-prosirenja-eu\/#primaryimage"},"image":{"@id":"https:\/\/tuzlainfo.ba\/index.php\/bosna-i-hercegovina\/item\/298719-zovko-i-sokol-protiv-ukidanja-veta-u-procesu-prosirenja-eu\/#primaryimage"},"thumbnailUrl":"https:\/\/tuzlainfo.ba\/wp-content\/uploads\/2022\/04\/zeljana_zovko_twitter.jpeg","datePublished":"2026-03-30T08:26:46+00:00","dateModified":"2026-03-30T07:30:11+00:00","breadcrumb":{"@id":"https:\/\/tuzlainfo.ba\/index.php\/bosna-i-hercegovina\/item\/298719-zovko-i-sokol-protiv-ukidanja-veta-u-procesu-prosirenja-eu\/#breadcrumb"},"inLanguage":"bs-BA","potentialAction":[{"@type":"ReadAction","target":["https:\/\/tuzlainfo.ba\/index.php\/bosna-i-hercegovina\/item\/298719-zovko-i-sokol-protiv-ukidanja-veta-u-procesu-prosirenja-eu\/"]}]},{"@type":"ImageObject","inLanguage":"bs-BA","@id":"https:\/\/tuzlainfo.ba\/index.php\/bosna-i-hercegovina\/item\/298719-zovko-i-sokol-protiv-ukidanja-veta-u-procesu-prosirenja-eu\/#primaryimage","url":"https:\/\/tuzlainfo.ba\/wp-content\/uploads\/2022\/04\/zeljana_zovko_twitter.jpeg","contentUrl":"https:\/\/tuzlainfo.ba\/wp-content\/uploads\/2022\/04\/zeljana_zovko_twitter.jpeg","width":1180,"height":825},{"@type":"BreadcrumbList","@id":"https:\/\/tuzlainfo.ba\/index.php\/bosna-i-hercegovina\/item\/298719-zovko-i-sokol-protiv-ukidanja-veta-u-procesu-prosirenja-eu\/#breadcrumb","itemListElement":[{"@type":"ListItem","position":1,"name":"Home","item":"https:\/\/tuzlainfo.ba\/"},{"@type":"ListItem","position":2,"name":"Zovko i Sokol protiv ukidanja veta u procesu pro\u0161irenja EU"}]},{"@type":"WebSite","@id":"https:\/\/tuzlainfo.ba\/#website","url":"https:\/\/tuzlainfo.ba\/","name":"TuzlaInfo.ba","description":"Tuzla info, gradski informator - Tuzla na dlanu","publisher":{"@id":"https:\/\/tuzlainfo.ba\/#organization"},"potentialAction":[{"@type":"SearchAction","target":{"@type":"EntryPoint","urlTemplate":"https:\/\/tuzlainfo.ba\/?s={search_term_string}"},"query-input":{"@type":"PropertyValueSpecification","valueRequired":true,"valueName":"search_term_string"}}],"inLanguage":"bs-BA"},{"@type":"Organization","@id":"https:\/\/tuzlainfo.ba\/#organization","name":"TuzlaInfo.ba","url":"https:\/\/tuzlainfo.ba\/","logo":{"@type":"ImageObject","inLanguage":"bs-BA","@id":"https:\/\/tuzlainfo.ba\/#\/schema\/logo\/image\/","url":"https:\/\/tuzlainfo.ba\/wp-content\/uploads\/2021\/03\/logo-ver-3-1.png","contentUrl":"https:\/\/tuzlainfo.ba\/wp-content\/uploads\/2021\/03\/logo-ver-3-1.png","width":350,"height":95,"caption":"TuzlaInfo.ba"},"image":{"@id":"https:\/\/tuzlainfo.ba\/#\/schema\/logo\/image\/"},"sameAs":["https:\/\/www.facebook.com\/tuzlainfo.ba\/"]},{"@type":"Person","@id":"https:\/\/tuzlainfo.ba\/#\/schema\/person\/593e78a2f6378c5ba3e7600ecfa4e63a","name":"Admin Tri","image":{"@type":"ImageObject","inLanguage":"bs-BA","@id":"https:\/\/tuzlainfo.ba\/#\/schema\/person\/image\/","url":"https:\/\/tuzlainfo.ba\/wp-content\/litespeed\/avatar\/b7920db4cc34a71ad12497283ad2fe3f.jpg?ver=1777100914","contentUrl":"https:\/\/tuzlainfo.ba\/wp-content\/litespeed\/avatar\/b7920db4cc34a71ad12497283ad2fe3f.jpg?ver=1777100914","caption":"Admin Tri"},"sameAs":["https:\/\/tuzlainfo.ba"]}]}},"_links":{"self":[{"href":"https:\/\/tuzlainfo.ba\/index.php\/wp-json\/wp\/v2\/posts\/298719"}],"collection":[{"href":"https:\/\/tuzlainfo.ba\/index.php\/wp-json\/wp\/v2\/posts"}],"about":[{"href":"https:\/\/tuzlainfo.ba\/index.php\/wp-json\/wp\/v2\/types\/post"}],"author":[{"embeddable":true,"href":"https:\/\/tuzlainfo.ba\/index.php\/wp-json\/wp\/v2\/users\/8"}],"replies":[{"embeddable":true,"href":"https:\/\/tuzlainfo.ba\/index.php\/wp-json\/wp\/v2\/comments?post=298719"}],"version-history":[{"count":1,"href":"https:\/\/tuzlainfo.ba\/index.php\/wp-json\/wp\/v2\/posts\/298719\/revisions"}],"predecessor-version":[{"id":298720,"href":"https:\/\/tuzlainfo.ba\/index.php\/wp-json\/wp\/v2\/posts\/298719\/revisions\/298720"}],"wp:featuredmedia":[{"embeddable":true,"href":"https:\/\/tuzlainfo.ba\/index.php\/wp-json\/wp\/v2\/media\/169284"}],"wp:attachment":[{"href":"https:\/\/tuzlainfo.ba\/index.php\/wp-json\/wp\/v2\/media?parent=298719"}],"wp:term":[{"taxonomy":"category","embeddable":true,"href":"https:\/\/tuzlainfo.ba\/index.php\/wp-json\/wp\/v2\/categories?post=298719"},{"taxonomy":"post_tag","embeddable":true,"href":"https:\/\/tuzlainfo.ba\/index.php\/wp-json\/wp\/v2\/tags?post=298719"}],"curies":[{"name":"wp","href":"https:\/\/api.w.org\/{rel}","templated":true}]}}