{"id":298652,"date":"2026-03-28T16:03:47","date_gmt":"2026-03-28T15:03:47","guid":{"rendered":"https:\/\/tuzlainfo.ba\/?p=298652"},"modified":"2026-03-28T12:42:26","modified_gmt":"2026-03-28T11:42:26","slug":"podrska-osobama-sa-invaliditetom-javni-poziv-fonda-otvoren-jos-kratko","status":"publish","type":"post","link":"https:\/\/tuzlainfo.ba\/index.php\/bosna-i-hercegovina\/item\/298652-podrska-osobama-sa-invaliditetom-javni-poziv-fonda-otvoren-jos-kratko\/","title":{"rendered":"Podr\u0161ka osobama sa invaliditetom: Javni poziv Fonda otvoren jo\u0161 kratko"},"content":{"rendered":"<p>Javni poziv Fond za profesionalnu rehabilitaciju i zapo\u0161ljavanje osoba s invaliditetom za dodjelu sredstava za finansiranje i sufinansiranje programa odr\u017eivosti zaposlenosti, razvoja privrednih dru\u0161tava za zapo\u0161ljavanje osoba s invaliditetom i za\u0161titnih radionica, te programa profesionalne rehabilitacije osoba s invaliditetom u 2026. godini, otvoren je jo\u0161 kratko \u2013 do <strong>29. marta<\/strong>.<\/p>\n<p>Ovaj javni poziv predstavlja jedinstvenu priliku za unapre\u0111enje zapo\u0161ljavanja osoba s invaliditetom, omogu\u0107avaju\u0107i o\u010duvanje postoje\u0107ih radnih mjesta, razvoj poslovnih kapaciteta i ja\u010danje profesionalnih kompetencija, ali i direktan doprinos inkluzivnijem i odr\u017eivijem tr\u017ei\u0161tu rada.<\/p>\n<p>\u201eOvaj javni poziv daje stvarnu \u0161ansu da se napravi iskorak, kako za poslodavce, tako i za osobe s invaliditetom koje \u017eele stabilnije i dugoro\u010dnije uklju\u010divanje na tr\u017ei\u0161te rada\u201c, istakao je direktor Fonda, Ahmet Balji\u0107.<\/p>\n<p>Kroz poziv se podr\u017eavaju programi koji doprinose odr\u017eivosti zaposlenosti, razvoju privrednih dru\u0161tava i za\u0161titnih radionica, kao i profesionalnoj rehabilitaciji, \u010dime se direktno uti\u010de na kvalitet i dostupnost radnih prilika za osobe s invaliditetom. Posebna pa\u017enja posve\u0107ena je razvoju kapaciteta organizacija\u00a0osoba s invaliditetom,\u00a0kao i samostalnih djelatnosti koje pokre\u0107u osobe s invaliditetom, kako bi se dugoro\u010dno osigurala odr\u017eivost i konkurentnost njihovih programa.<\/p>\n<p>\u201eSredstva su osigurana i dostupna svima koji se odlu\u010de prijaviti na vrijeme. Proces prijave je jednostavan, a efekti koje ovi programi donose su dugoro\u010dni i konkretni. Ovo je prilika da se va\u0161 projekat razvije i da stvorite nova radna mjesta\u201c, poru\u010dio je Balji\u0107.<\/p>\n<p>Zainteresovani se pozivaju da iskoriste preostale dane i podnesu prijavu, jer svaki projekat koji se prijavi doprinosi stvaranju inkluzivnijeg i dinami\u010dnijeg tr\u017ei\u0161ta rada.<\/p>\n<p>\u201eDanas, kada se tr\u017ei\u0161te rada brzo mijenja i nove tehnologije transformi\u0161u na\u010din zapo\u0161ljavanja, Fond kreira okvir u kojem osobe s invaliditetom mogu punim kapacitetom doprinositi modernom, dinami\u010dnom i inkluzivnom radnom okru\u017eenju. Ne propustite priliku da budete dio te promjene i da osigurate podr\u0161ku koja mo\u017ee napraviti konkretnu razliku\u201c, zaklju\u010duje direktor Fonda.<\/p>\n","protected":false},"excerpt":{"rendered":"<p>Javni poziv Fond za profesionalnu rehabilitaciju i zapo\u0161ljavanje osoba s invaliditetom za dodjelu sredstava za&hellip;<\/p>\n","protected":false},"author":2,"featured_media":298653,"comment_status":"closed","ping_status":"closed","sticky":false,"template":"","format":"standard","meta":{"_acf_changed":false,"footnotes":""},"categories":[291],"tags":[12739,792],"acf":[],"yoast_head":"<!-- This site is optimized with the Yoast SEO plugin v23.5 - https:\/\/yoast.com\/wordpress\/plugins\/seo\/ -->\n<title>Podr\u0161ka osobama sa invaliditetom: Javni poziv Fonda otvoren jo\u0161 kratko - TuzlaInfo.ba<\/title>\n<meta name=\"robots\" content=\"index, follow, max-snippet:-1, max-image-preview:large, max-video-preview:-1\" \/>\n<link rel=\"canonical\" href=\"https:\/\/tuzlainfo.ba\/index.php\/bosna-i-hercegovina\/item\/298652-podrska-osobama-sa-invaliditetom-javni-poziv-fonda-otvoren-jos-kratko\/\" \/>\n<meta property=\"og:locale\" content=\"bs_BA\" \/>\n<meta property=\"og:type\" content=\"article\" \/>\n<meta property=\"og:title\" content=\"Podr\u0161ka osobama sa invaliditetom: Javni poziv Fonda otvoren jo\u0161 kratko - TuzlaInfo.ba\" \/>\n<meta property=\"og:description\" content=\"Javni poziv Fond za profesionalnu rehabilitaciju i zapo\u0161ljavanje osoba s invaliditetom za dodjelu sredstava za&hellip;\" \/>\n<meta property=\"og:url\" content=\"https:\/\/tuzlainfo.ba\/index.php\/bosna-i-hercegovina\/item\/298652-podrska-osobama-sa-invaliditetom-javni-poziv-fonda-otvoren-jos-kratko\/\" \/>\n<meta property=\"og:site_name\" content=\"TuzlaInfo.ba\" \/>\n<meta property=\"article:publisher\" content=\"https:\/\/www.facebook.com\/tuzlainfo.ba\/\" \/>\n<meta property=\"article:published_time\" content=\"2026-03-28T15:03:47+00:00\" \/>\n<meta property=\"article:modified_time\" content=\"2026-03-28T11:42:26+00:00\" \/>\n<meta property=\"og:image\" content=\"https:\/\/tuzlainfo.ba\/wp-content\/uploads\/2026\/03\/2803_fond.jpg\" \/>\n\t<meta property=\"og:image:width\" content=\"1000\" \/>\n\t<meta property=\"og:image:height\" content=\"520\" \/>\n\t<meta property=\"og:image:type\" content=\"image\/jpeg\" \/>\n<meta name=\"author\" content=\"nedim\" \/>\n<meta name=\"twitter:card\" content=\"summary_large_image\" \/>\n<meta name=\"twitter:label1\" content=\"Written by\" \/>\n\t<meta name=\"twitter:data1\" content=\"nedim\" \/>\n\t<meta name=\"twitter:label2\" content=\"Est. reading time\" \/>\n\t<meta name=\"twitter:data2\" content=\"2 minute\" \/>\n<script type=\"application\/ld+json\" class=\"yoast-schema-graph\">{\"@context\":\"https:\/\/schema.org\",\"@graph\":[{\"@type\":\"Article\",\"@id\":\"https:\/\/tuzlainfo.ba\/index.php\/bosna-i-hercegovina\/item\/298652-podrska-osobama-sa-invaliditetom-javni-poziv-fonda-otvoren-jos-kratko\/#article\",\"isPartOf\":{\"@id\":\"https:\/\/tuzlainfo.ba\/index.php\/bosna-i-hercegovina\/item\/298652-podrska-osobama-sa-invaliditetom-javni-poziv-fonda-otvoren-jos-kratko\/\"},\"author\":{\"name\":\"nedim\",\"@id\":\"https:\/\/tuzlainfo.ba\/#\/schema\/person\/f434e20dc27ea133923aab08451b7f7f\"},\"headline\":\"Podr\u0161ka osobama sa invaliditetom: Javni poziv Fonda otvoren jo\u0161 kratko\",\"datePublished\":\"2026-03-28T15:03:47+00:00\",\"dateModified\":\"2026-03-28T11:42:26+00:00\",\"mainEntityOfPage\":{\"@id\":\"https:\/\/tuzlainfo.ba\/index.php\/bosna-i-hercegovina\/item\/298652-podrska-osobama-sa-invaliditetom-javni-poziv-fonda-otvoren-jos-kratko\/\"},\"wordCount\":349,\"publisher\":{\"@id\":\"https:\/\/tuzlainfo.ba\/#organization\"},\"image\":{\"@id\":\"https:\/\/tuzlainfo.ba\/index.php\/bosna-i-hercegovina\/item\/298652-podrska-osobama-sa-invaliditetom-javni-poziv-fonda-otvoren-jos-kratko\/#primaryimage\"},\"thumbnailUrl\":\"https:\/\/tuzlainfo.ba\/wp-content\/uploads\/2026\/03\/2803_fond.jpg\",\"keywords\":[\"Fond za profesionalnu rehabilitaciju i zapo\u0161ljavanje osoba s invaliditetom FBIH\",\"javni poziv\"],\"articleSection\":[\"Bosna i Hercegovina\"],\"inLanguage\":\"bs-BA\"},{\"@type\":\"WebPage\",\"@id\":\"https:\/\/tuzlainfo.ba\/index.php\/bosna-i-hercegovina\/item\/298652-podrska-osobama-sa-invaliditetom-javni-poziv-fonda-otvoren-jos-kratko\/\",\"url\":\"https:\/\/tuzlainfo.ba\/index.php\/bosna-i-hercegovina\/item\/298652-podrska-osobama-sa-invaliditetom-javni-poziv-fonda-otvoren-jos-kratko\/\",\"name\":\"Podr\u0161ka osobama sa invaliditetom: Javni poziv Fonda otvoren jo\u0161 kratko - TuzlaInfo.ba\",\"isPartOf\":{\"@id\":\"https:\/\/tuzlainfo.ba\/#website\"},\"primaryImageOfPage\":{\"@id\":\"https:\/\/tuzlainfo.ba\/index.php\/bosna-i-hercegovina\/item\/298652-podrska-osobama-sa-invaliditetom-javni-poziv-fonda-otvoren-jos-kratko\/#primaryimage\"},\"image\":{\"@id\":\"https:\/\/tuzlainfo.ba\/index.php\/bosna-i-hercegovina\/item\/298652-podrska-osobama-sa-invaliditetom-javni-poziv-fonda-otvoren-jos-kratko\/#primaryimage\"},\"thumbnailUrl\":\"https:\/\/tuzlainfo.ba\/wp-content\/uploads\/2026\/03\/2803_fond.jpg\",\"datePublished\":\"2026-03-28T15:03:47+00:00\",\"dateModified\":\"2026-03-28T11:42:26+00:00\",\"breadcrumb\":{\"@id\":\"https:\/\/tuzlainfo.ba\/index.php\/bosna-i-hercegovina\/item\/298652-podrska-osobama-sa-invaliditetom-javni-poziv-fonda-otvoren-jos-kratko\/#breadcrumb\"},\"inLanguage\":\"bs-BA\",\"potentialAction\":[{\"@type\":\"ReadAction\",\"target\":[\"https:\/\/tuzlainfo.ba\/index.php\/bosna-i-hercegovina\/item\/298652-podrska-osobama-sa-invaliditetom-javni-poziv-fonda-otvoren-jos-kratko\/\"]}]},{\"@type\":\"ImageObject\",\"inLanguage\":\"bs-BA\",\"@id\":\"https:\/\/tuzlainfo.ba\/index.php\/bosna-i-hercegovina\/item\/298652-podrska-osobama-sa-invaliditetom-javni-poziv-fonda-otvoren-jos-kratko\/#primaryimage\",\"url\":\"https:\/\/tuzlainfo.ba\/wp-content\/uploads\/2026\/03\/2803_fond.jpg\",\"contentUrl\":\"https:\/\/tuzlainfo.ba\/wp-content\/uploads\/2026\/03\/2803_fond.jpg\",\"width\":1000,\"height\":520},{\"@type\":\"BreadcrumbList\",\"@id\":\"https:\/\/tuzlainfo.ba\/index.php\/bosna-i-hercegovina\/item\/298652-podrska-osobama-sa-invaliditetom-javni-poziv-fonda-otvoren-jos-kratko\/#breadcrumb\",\"itemListElement\":[{\"@type\":\"ListItem\",\"position\":1,\"name\":\"Home\",\"item\":\"https:\/\/tuzlainfo.ba\/\"},{\"@type\":\"ListItem\",\"position\":2,\"name\":\"Podr\u0161ka osobama sa invaliditetom: Javni poziv Fonda otvoren jo\u0161 kratko\"}]},{\"@type\":\"WebSite\",\"@id\":\"https:\/\/tuzlainfo.ba\/#website\",\"url\":\"https:\/\/tuzlainfo.ba\/\",\"name\":\"TuzlaInfo.ba\",\"description\":\"Tuzla info, gradski informator - Tuzla na dlanu\",\"publisher\":{\"@id\":\"https:\/\/tuzlainfo.ba\/#organization\"},\"potentialAction\":[{\"@type\":\"SearchAction\",\"target\":{\"@type\":\"EntryPoint\",\"urlTemplate\":\"https:\/\/tuzlainfo.ba\/?s={search_term_string}\"},\"query-input\":{\"@type\":\"PropertyValueSpecification\",\"valueRequired\":true,\"valueName\":\"search_term_string\"}}],\"inLanguage\":\"bs-BA\"},{\"@type\":\"Organization\",\"@id\":\"https:\/\/tuzlainfo.ba\/#organization\",\"name\":\"TuzlaInfo.ba\",\"url\":\"https:\/\/tuzlainfo.ba\/\",\"logo\":{\"@type\":\"ImageObject\",\"inLanguage\":\"bs-BA\",\"@id\":\"https:\/\/tuzlainfo.ba\/#\/schema\/logo\/image\/\",\"url\":\"https:\/\/tuzlainfo.ba\/wp-content\/uploads\/2021\/03\/logo-ver-3-1.png\",\"contentUrl\":\"https:\/\/tuzlainfo.ba\/wp-content\/uploads\/2021\/03\/logo-ver-3-1.png\",\"width\":350,\"height\":95,\"caption\":\"TuzlaInfo.ba\"},\"image\":{\"@id\":\"https:\/\/tuzlainfo.ba\/#\/schema\/logo\/image\/\"},\"sameAs\":[\"https:\/\/www.facebook.com\/tuzlainfo.ba\/\"]},{\"@type\":\"Person\",\"@id\":\"https:\/\/tuzlainfo.ba\/#\/schema\/person\/f434e20dc27ea133923aab08451b7f7f\",\"name\":\"nedim\",\"image\":{\"@type\":\"ImageObject\",\"inLanguage\":\"bs-BA\",\"@id\":\"https:\/\/tuzlainfo.ba\/#\/schema\/person\/image\/\",\"url\":\"https:\/\/tuzlainfo.ba\/wp-content\/litespeed\/avatar\/aabad687af24844af817603ac1cbdc4f.jpg?ver=1777306975\",\"contentUrl\":\"https:\/\/tuzlainfo.ba\/wp-content\/litespeed\/avatar\/aabad687af24844af817603ac1cbdc4f.jpg?ver=1777306975\",\"caption\":\"nedim\"},\"description\":\"Tuzlainfo.ba pratite na dru\u0161tvenim mre\u017eama: Facebook, Instagram i Youtube. Svoje pri\u010de, upite i fotografije \u0161aljite na na\u0161u e-mail adresu.\"}]}<\/script>\n<!-- \/ Yoast SEO plugin. -->","yoast_head_json":{"title":"Podr\u0161ka osobama sa invaliditetom: Javni poziv Fonda otvoren jo\u0161 kratko - TuzlaInfo.ba","robots":{"index":"index","follow":"follow","max-snippet":"max-snippet:-1","max-image-preview":"max-image-preview:large","max-video-preview":"max-video-preview:-1"},"canonical":"https:\/\/tuzlainfo.ba\/index.php\/bosna-i-hercegovina\/item\/298652-podrska-osobama-sa-invaliditetom-javni-poziv-fonda-otvoren-jos-kratko\/","og_locale":"bs_BA","og_type":"article","og_title":"Podr\u0161ka osobama sa invaliditetom: Javni poziv Fonda otvoren jo\u0161 kratko - TuzlaInfo.ba","og_description":"Javni poziv Fond za profesionalnu rehabilitaciju i zapo\u0161ljavanje osoba s invaliditetom za dodjelu sredstava za&hellip;","og_url":"https:\/\/tuzlainfo.ba\/index.php\/bosna-i-hercegovina\/item\/298652-podrska-osobama-sa-invaliditetom-javni-poziv-fonda-otvoren-jos-kratko\/","og_site_name":"TuzlaInfo.ba","article_publisher":"https:\/\/www.facebook.com\/tuzlainfo.ba\/","article_published_time":"2026-03-28T15:03:47+00:00","article_modified_time":"2026-03-28T11:42:26+00:00","og_image":[{"width":1000,"height":520,"url":"https:\/\/tuzlainfo.ba\/wp-content\/uploads\/2026\/03\/2803_fond.jpg","type":"image\/jpeg"}],"author":"nedim","twitter_card":"summary_large_image","twitter_misc":{"Written by":"nedim","Est. reading time":"2 minute"},"schema":{"@context":"https:\/\/schema.org","@graph":[{"@type":"Article","@id":"https:\/\/tuzlainfo.ba\/index.php\/bosna-i-hercegovina\/item\/298652-podrska-osobama-sa-invaliditetom-javni-poziv-fonda-otvoren-jos-kratko\/#article","isPartOf":{"@id":"https:\/\/tuzlainfo.ba\/index.php\/bosna-i-hercegovina\/item\/298652-podrska-osobama-sa-invaliditetom-javni-poziv-fonda-otvoren-jos-kratko\/"},"author":{"name":"nedim","@id":"https:\/\/tuzlainfo.ba\/#\/schema\/person\/f434e20dc27ea133923aab08451b7f7f"},"headline":"Podr\u0161ka osobama sa invaliditetom: Javni poziv Fonda otvoren jo\u0161 kratko","datePublished":"2026-03-28T15:03:47+00:00","dateModified":"2026-03-28T11:42:26+00:00","mainEntityOfPage":{"@id":"https:\/\/tuzlainfo.ba\/index.php\/bosna-i-hercegovina\/item\/298652-podrska-osobama-sa-invaliditetom-javni-poziv-fonda-otvoren-jos-kratko\/"},"wordCount":349,"publisher":{"@id":"https:\/\/tuzlainfo.ba\/#organization"},"image":{"@id":"https:\/\/tuzlainfo.ba\/index.php\/bosna-i-hercegovina\/item\/298652-podrska-osobama-sa-invaliditetom-javni-poziv-fonda-otvoren-jos-kratko\/#primaryimage"},"thumbnailUrl":"https:\/\/tuzlainfo.ba\/wp-content\/uploads\/2026\/03\/2803_fond.jpg","keywords":["Fond za profesionalnu rehabilitaciju i zapo\u0161ljavanje osoba s invaliditetom FBIH","javni poziv"],"articleSection":["Bosna i Hercegovina"],"inLanguage":"bs-BA"},{"@type":"WebPage","@id":"https:\/\/tuzlainfo.ba\/index.php\/bosna-i-hercegovina\/item\/298652-podrska-osobama-sa-invaliditetom-javni-poziv-fonda-otvoren-jos-kratko\/","url":"https:\/\/tuzlainfo.ba\/index.php\/bosna-i-hercegovina\/item\/298652-podrska-osobama-sa-invaliditetom-javni-poziv-fonda-otvoren-jos-kratko\/","name":"Podr\u0161ka osobama sa invaliditetom: Javni poziv Fonda otvoren jo\u0161 kratko - TuzlaInfo.ba","isPartOf":{"@id":"https:\/\/tuzlainfo.ba\/#website"},"primaryImageOfPage":{"@id":"https:\/\/tuzlainfo.ba\/index.php\/bosna-i-hercegovina\/item\/298652-podrska-osobama-sa-invaliditetom-javni-poziv-fonda-otvoren-jos-kratko\/#primaryimage"},"image":{"@id":"https:\/\/tuzlainfo.ba\/index.php\/bosna-i-hercegovina\/item\/298652-podrska-osobama-sa-invaliditetom-javni-poziv-fonda-otvoren-jos-kratko\/#primaryimage"},"thumbnailUrl":"https:\/\/tuzlainfo.ba\/wp-content\/uploads\/2026\/03\/2803_fond.jpg","datePublished":"2026-03-28T15:03:47+00:00","dateModified":"2026-03-28T11:42:26+00:00","breadcrumb":{"@id":"https:\/\/tuzlainfo.ba\/index.php\/bosna-i-hercegovina\/item\/298652-podrska-osobama-sa-invaliditetom-javni-poziv-fonda-otvoren-jos-kratko\/#breadcrumb"},"inLanguage":"bs-BA","potentialAction":[{"@type":"ReadAction","target":["https:\/\/tuzlainfo.ba\/index.php\/bosna-i-hercegovina\/item\/298652-podrska-osobama-sa-invaliditetom-javni-poziv-fonda-otvoren-jos-kratko\/"]}]},{"@type":"ImageObject","inLanguage":"bs-BA","@id":"https:\/\/tuzlainfo.ba\/index.php\/bosna-i-hercegovina\/item\/298652-podrska-osobama-sa-invaliditetom-javni-poziv-fonda-otvoren-jos-kratko\/#primaryimage","url":"https:\/\/tuzlainfo.ba\/wp-content\/uploads\/2026\/03\/2803_fond.jpg","contentUrl":"https:\/\/tuzlainfo.ba\/wp-content\/uploads\/2026\/03\/2803_fond.jpg","width":1000,"height":520},{"@type":"BreadcrumbList","@id":"https:\/\/tuzlainfo.ba\/index.php\/bosna-i-hercegovina\/item\/298652-podrska-osobama-sa-invaliditetom-javni-poziv-fonda-otvoren-jos-kratko\/#breadcrumb","itemListElement":[{"@type":"ListItem","position":1,"name":"Home","item":"https:\/\/tuzlainfo.ba\/"},{"@type":"ListItem","position":2,"name":"Podr\u0161ka osobama sa invaliditetom: Javni poziv Fonda otvoren jo\u0161 kratko"}]},{"@type":"WebSite","@id":"https:\/\/tuzlainfo.ba\/#website","url":"https:\/\/tuzlainfo.ba\/","name":"TuzlaInfo.ba","description":"Tuzla info, gradski informator - Tuzla na dlanu","publisher":{"@id":"https:\/\/tuzlainfo.ba\/#organization"},"potentialAction":[{"@type":"SearchAction","target":{"@type":"EntryPoint","urlTemplate":"https:\/\/tuzlainfo.ba\/?s={search_term_string}"},"query-input":{"@type":"PropertyValueSpecification","valueRequired":true,"valueName":"search_term_string"}}],"inLanguage":"bs-BA"},{"@type":"Organization","@id":"https:\/\/tuzlainfo.ba\/#organization","name":"TuzlaInfo.ba","url":"https:\/\/tuzlainfo.ba\/","logo":{"@type":"ImageObject","inLanguage":"bs-BA","@id":"https:\/\/tuzlainfo.ba\/#\/schema\/logo\/image\/","url":"https:\/\/tuzlainfo.ba\/wp-content\/uploads\/2021\/03\/logo-ver-3-1.png","contentUrl":"https:\/\/tuzlainfo.ba\/wp-content\/uploads\/2021\/03\/logo-ver-3-1.png","width":350,"height":95,"caption":"TuzlaInfo.ba"},"image":{"@id":"https:\/\/tuzlainfo.ba\/#\/schema\/logo\/image\/"},"sameAs":["https:\/\/www.facebook.com\/tuzlainfo.ba\/"]},{"@type":"Person","@id":"https:\/\/tuzlainfo.ba\/#\/schema\/person\/f434e20dc27ea133923aab08451b7f7f","name":"nedim","image":{"@type":"ImageObject","inLanguage":"bs-BA","@id":"https:\/\/tuzlainfo.ba\/#\/schema\/person\/image\/","url":"https:\/\/tuzlainfo.ba\/wp-content\/litespeed\/avatar\/aabad687af24844af817603ac1cbdc4f.jpg?ver=1777306975","contentUrl":"https:\/\/tuzlainfo.ba\/wp-content\/litespeed\/avatar\/aabad687af24844af817603ac1cbdc4f.jpg?ver=1777306975","caption":"nedim"},"description":"Tuzlainfo.ba pratite na dru\u0161tvenim mre\u017eama: Facebook, Instagram i Youtube. Svoje pri\u010de, upite i fotografije \u0161aljite na na\u0161u e-mail adresu."}]}},"_links":{"self":[{"href":"https:\/\/tuzlainfo.ba\/index.php\/wp-json\/wp\/v2\/posts\/298652"}],"collection":[{"href":"https:\/\/tuzlainfo.ba\/index.php\/wp-json\/wp\/v2\/posts"}],"about":[{"href":"https:\/\/tuzlainfo.ba\/index.php\/wp-json\/wp\/v2\/types\/post"}],"author":[{"embeddable":true,"href":"https:\/\/tuzlainfo.ba\/index.php\/wp-json\/wp\/v2\/users\/2"}],"replies":[{"embeddable":true,"href":"https:\/\/tuzlainfo.ba\/index.php\/wp-json\/wp\/v2\/comments?post=298652"}],"version-history":[{"count":1,"href":"https:\/\/tuzlainfo.ba\/index.php\/wp-json\/wp\/v2\/posts\/298652\/revisions"}],"predecessor-version":[{"id":298654,"href":"https:\/\/tuzlainfo.ba\/index.php\/wp-json\/wp\/v2\/posts\/298652\/revisions\/298654"}],"wp:featuredmedia":[{"embeddable":true,"href":"https:\/\/tuzlainfo.ba\/index.php\/wp-json\/wp\/v2\/media\/298653"}],"wp:attachment":[{"href":"https:\/\/tuzlainfo.ba\/index.php\/wp-json\/wp\/v2\/media?parent=298652"}],"wp:term":[{"taxonomy":"category","embeddable":true,"href":"https:\/\/tuzlainfo.ba\/index.php\/wp-json\/wp\/v2\/categories?post=298652"},{"taxonomy":"post_tag","embeddable":true,"href":"https:\/\/tuzlainfo.ba\/index.php\/wp-json\/wp\/v2\/tags?post=298652"}],"curies":[{"name":"wp","href":"https:\/\/api.w.org\/{rel}","templated":true}]}}