{"id":298550,"date":"2026-03-27T09:45:25","date_gmt":"2026-03-27T08:45:25","guid":{"rendered":"https:\/\/tuzlainfo.ba\/?p=298550"},"modified":"2026-03-27T11:23:18","modified_gmt":"2026-03-27T10:23:18","slug":"skupstina-tk-boris-kresic-podnio-ostavku-sjednica-prekinuta","status":"publish","type":"post","link":"https:\/\/tuzlainfo.ba\/index.php\/novosti\/item\/298550-skupstina-tk-boris-kresic-podnio-ostavku-sjednica-prekinuta\/","title":{"rendered":"Skup\u0161tina TK: Boris Kre\u0161i\u0107 podnio ostavku, sjednica prekinuta"},"content":{"rendered":"<p data-start=\"0\" data-end=\"256\">Sjednica Skup\u0161tine Tuzlanskog kantona prekinuta je jutros nakon po\u010detka zasjedanja, a njen nastavak zakazan je za 10:30 sati, nakon zavr\u0161etka protokolarne aktivnosti Ministarstva unutra\u0161njih poslova Tuzlanskog kantona kojoj \u0107e prisustvovati svi zastupnici.<\/p>\n<p data-start=\"258\" data-end=\"455\">Rije\u010d je o 57. sjednici Skup\u0161tine TK hitnog karaktera, koja je po\u010dela u Plavoj sali Bosanskog kulturnog centra Tuzlanskog kantona, a ve\u0107 na samom po\u010detku do\u0161lo je do zna\u010dajnih politi\u010dkih de\u0161avanja.<\/p>\n<p data-start=\"457\" data-end=\"589\">Naime, dosada\u0161nji zamjenik predsjedavaju\u0107eg i privremeni predsjedavaju\u0107i Skup\u0161tine TK Boris Kre\u0161i\u0107 podnio je ostavku na tu funkciju, a koja je i usvojena.<\/p>\n<p data-start=\"591\" data-end=\"794\">Kako je i ranije najavljivano, o\u010dekuje se da bi na njegovo mjesto mogla biti imenovana Ivana Mijatovi\u0107 iz Demokratske fronte, s obzirom na koalicioni dogovor prema kojem ova pozicija pripada toj stranci.<\/p>\n<p data-start=\"796\" data-end=\"994\">U me\u0111uvremenu su zasjedali i klubovi zastupnika iz reda hrvatskog i srpskog naroda, a kona\u010dni stavovi i eventualni dogovori o novom rukovodstvu Skup\u0161tine trebali bi biti poznati u nastavku sjednice.<\/p>\n<p data-start=\"996\" data-end=\"1233\">Podsje\u0107amo, sjednica je sazvana nakon smjene \u017darka Vujovi\u0107a s pozicije predsjednika Skup\u0161tine TK, \u010dime je otvoren proces izbora novog rukovodstva, ali i dodatno zakomplikovano pitanje nacionalne zastupljenosti u ovom zakonodavnom tijelu.<\/p>\n<p data-start=\"1235\" data-end=\"1325\">Kako \u0107e parlamentarna ve\u0107ina rije\u0161iti ova pitanja, bit \u0107e poznato nakon nastavka sjednice.<strong>\/Tuzlainfo.ba\/<\/strong><\/p>\n","protected":false},"excerpt":{"rendered":"<p>Sjednica Skup\u0161tine Tuzlanskog kantona prekinuta je jutros nakon po\u010detka zasjedanja, a njen nastavak zakazan je&hellip;<\/p>\n","protected":false},"author":2,"featured_media":298551,"comment_status":"closed","ping_status":"closed","sticky":false,"template":"","format":"standard","meta":{"_acf_changed":false,"footnotes":""},"categories":[12],"tags":[567],"acf":[],"yoast_head":"<!-- This site is optimized with the Yoast SEO plugin v23.5 - https:\/\/yoast.com\/wordpress\/plugins\/seo\/ -->\n<title>Skup\u0161tina TK: Boris Kre\u0161i\u0107 podnio ostavku, sjednica prekinuta - TuzlaInfo.ba<\/title>\n<meta name=\"robots\" content=\"index, follow, max-snippet:-1, max-image-preview:large, max-video-preview:-1\" \/>\n<link rel=\"canonical\" href=\"https:\/\/tuzlainfo.ba\/index.php\/novosti\/item\/298550-skupstina-tk-boris-kresic-podnio-ostavku-sjednica-prekinuta\/\" \/>\n<meta property=\"og:locale\" content=\"bs_BA\" \/>\n<meta property=\"og:type\" content=\"article\" \/>\n<meta property=\"og:title\" content=\"Skup\u0161tina TK: Boris Kre\u0161i\u0107 podnio ostavku, sjednica prekinuta - TuzlaInfo.ba\" \/>\n<meta property=\"og:description\" content=\"Sjednica Skup\u0161tine Tuzlanskog kantona prekinuta je jutros nakon po\u010detka zasjedanja, a njen nastavak zakazan je&hellip;\" \/>\n<meta property=\"og:url\" content=\"https:\/\/tuzlainfo.ba\/index.php\/novosti\/item\/298550-skupstina-tk-boris-kresic-podnio-ostavku-sjednica-prekinuta\/\" \/>\n<meta property=\"og:site_name\" content=\"TuzlaInfo.ba\" \/>\n<meta property=\"article:publisher\" content=\"https:\/\/www.facebook.com\/tuzlainfo.ba\/\" \/>\n<meta property=\"article:published_time\" content=\"2026-03-27T08:45:25+00:00\" \/>\n<meta property=\"article:modified_time\" content=\"2026-03-27T10:23:18+00:00\" \/>\n<meta property=\"og:image\" content=\"https:\/\/tuzlainfo.ba\/wp-content\/uploads\/2026\/03\/2703_kresic.jpg\" \/>\n\t<meta property=\"og:image:width\" content=\"1000\" \/>\n\t<meta property=\"og:image:height\" content=\"636\" \/>\n\t<meta property=\"og:image:type\" content=\"image\/jpeg\" \/>\n<meta name=\"author\" content=\"nedim\" \/>\n<meta name=\"twitter:card\" content=\"summary_large_image\" \/>\n<meta name=\"twitter:label1\" content=\"Written by\" \/>\n\t<meta name=\"twitter:data1\" content=\"nedim\" \/>\n\t<meta name=\"twitter:label2\" content=\"Est. reading time\" \/>\n\t<meta name=\"twitter:data2\" content=\"2 minute\" \/>\n<script type=\"application\/ld+json\" class=\"yoast-schema-graph\">{\"@context\":\"https:\/\/schema.org\",\"@graph\":[{\"@type\":\"Article\",\"@id\":\"https:\/\/tuzlainfo.ba\/index.php\/novosti\/item\/298550-skupstina-tk-boris-kresic-podnio-ostavku-sjednica-prekinuta\/#article\",\"isPartOf\":{\"@id\":\"https:\/\/tuzlainfo.ba\/index.php\/novosti\/item\/298550-skupstina-tk-boris-kresic-podnio-ostavku-sjednica-prekinuta\/\"},\"author\":{\"name\":\"nedim\",\"@id\":\"https:\/\/tuzlainfo.ba\/#\/schema\/person\/f434e20dc27ea133923aab08451b7f7f\"},\"headline\":\"Skup\u0161tina TK: Boris Kre\u0161i\u0107 podnio ostavku, sjednica prekinuta\",\"datePublished\":\"2026-03-27T08:45:25+00:00\",\"dateModified\":\"2026-03-27T10:23:18+00:00\",\"mainEntityOfPage\":{\"@id\":\"https:\/\/tuzlainfo.ba\/index.php\/novosti\/item\/298550-skupstina-tk-boris-kresic-podnio-ostavku-sjednica-prekinuta\/\"},\"wordCount\":226,\"publisher\":{\"@id\":\"https:\/\/tuzlainfo.ba\/#organization\"},\"image\":{\"@id\":\"https:\/\/tuzlainfo.ba\/index.php\/novosti\/item\/298550-skupstina-tk-boris-kresic-podnio-ostavku-sjednica-prekinuta\/#primaryimage\"},\"thumbnailUrl\":\"https:\/\/tuzlainfo.ba\/wp-content\/uploads\/2026\/03\/2703_kresic.jpg\",\"keywords\":[\"skup\u0161tina tk\"],\"articleSection\":[\"Novosti\"],\"inLanguage\":\"bs-BA\"},{\"@type\":\"WebPage\",\"@id\":\"https:\/\/tuzlainfo.ba\/index.php\/novosti\/item\/298550-skupstina-tk-boris-kresic-podnio-ostavku-sjednica-prekinuta\/\",\"url\":\"https:\/\/tuzlainfo.ba\/index.php\/novosti\/item\/298550-skupstina-tk-boris-kresic-podnio-ostavku-sjednica-prekinuta\/\",\"name\":\"Skup\u0161tina TK: Boris Kre\u0161i\u0107 podnio ostavku, sjednica prekinuta - TuzlaInfo.ba\",\"isPartOf\":{\"@id\":\"https:\/\/tuzlainfo.ba\/#website\"},\"primaryImageOfPage\":{\"@id\":\"https:\/\/tuzlainfo.ba\/index.php\/novosti\/item\/298550-skupstina-tk-boris-kresic-podnio-ostavku-sjednica-prekinuta\/#primaryimage\"},\"image\":{\"@id\":\"https:\/\/tuzlainfo.ba\/index.php\/novosti\/item\/298550-skupstina-tk-boris-kresic-podnio-ostavku-sjednica-prekinuta\/#primaryimage\"},\"thumbnailUrl\":\"https:\/\/tuzlainfo.ba\/wp-content\/uploads\/2026\/03\/2703_kresic.jpg\",\"datePublished\":\"2026-03-27T08:45:25+00:00\",\"dateModified\":\"2026-03-27T10:23:18+00:00\",\"breadcrumb\":{\"@id\":\"https:\/\/tuzlainfo.ba\/index.php\/novosti\/item\/298550-skupstina-tk-boris-kresic-podnio-ostavku-sjednica-prekinuta\/#breadcrumb\"},\"inLanguage\":\"bs-BA\",\"potentialAction\":[{\"@type\":\"ReadAction\",\"target\":[\"https:\/\/tuzlainfo.ba\/index.php\/novosti\/item\/298550-skupstina-tk-boris-kresic-podnio-ostavku-sjednica-prekinuta\/\"]}]},{\"@type\":\"ImageObject\",\"inLanguage\":\"bs-BA\",\"@id\":\"https:\/\/tuzlainfo.ba\/index.php\/novosti\/item\/298550-skupstina-tk-boris-kresic-podnio-ostavku-sjednica-prekinuta\/#primaryimage\",\"url\":\"https:\/\/tuzlainfo.ba\/wp-content\/uploads\/2026\/03\/2703_kresic.jpg\",\"contentUrl\":\"https:\/\/tuzlainfo.ba\/wp-content\/uploads\/2026\/03\/2703_kresic.jpg\",\"width\":1000,\"height\":636},{\"@type\":\"BreadcrumbList\",\"@id\":\"https:\/\/tuzlainfo.ba\/index.php\/novosti\/item\/298550-skupstina-tk-boris-kresic-podnio-ostavku-sjednica-prekinuta\/#breadcrumb\",\"itemListElement\":[{\"@type\":\"ListItem\",\"position\":1,\"name\":\"Home\",\"item\":\"https:\/\/tuzlainfo.ba\/\"},{\"@type\":\"ListItem\",\"position\":2,\"name\":\"Skup\u0161tina TK: Boris Kre\u0161i\u0107 podnio ostavku, sjednica prekinuta\"}]},{\"@type\":\"WebSite\",\"@id\":\"https:\/\/tuzlainfo.ba\/#website\",\"url\":\"https:\/\/tuzlainfo.ba\/\",\"name\":\"TuzlaInfo.ba\",\"description\":\"Tuzla info, gradski informator - Tuzla na dlanu\",\"publisher\":{\"@id\":\"https:\/\/tuzlainfo.ba\/#organization\"},\"potentialAction\":[{\"@type\":\"SearchAction\",\"target\":{\"@type\":\"EntryPoint\",\"urlTemplate\":\"https:\/\/tuzlainfo.ba\/?s={search_term_string}\"},\"query-input\":{\"@type\":\"PropertyValueSpecification\",\"valueRequired\":true,\"valueName\":\"search_term_string\"}}],\"inLanguage\":\"bs-BA\"},{\"@type\":\"Organization\",\"@id\":\"https:\/\/tuzlainfo.ba\/#organization\",\"name\":\"TuzlaInfo.ba\",\"url\":\"https:\/\/tuzlainfo.ba\/\",\"logo\":{\"@type\":\"ImageObject\",\"inLanguage\":\"bs-BA\",\"@id\":\"https:\/\/tuzlainfo.ba\/#\/schema\/logo\/image\/\",\"url\":\"https:\/\/tuzlainfo.ba\/wp-content\/uploads\/2021\/03\/logo-ver-3-1.png\",\"contentUrl\":\"https:\/\/tuzlainfo.ba\/wp-content\/uploads\/2021\/03\/logo-ver-3-1.png\",\"width\":350,\"height\":95,\"caption\":\"TuzlaInfo.ba\"},\"image\":{\"@id\":\"https:\/\/tuzlainfo.ba\/#\/schema\/logo\/image\/\"},\"sameAs\":[\"https:\/\/www.facebook.com\/tuzlainfo.ba\/\"]},{\"@type\":\"Person\",\"@id\":\"https:\/\/tuzlainfo.ba\/#\/schema\/person\/f434e20dc27ea133923aab08451b7f7f\",\"name\":\"nedim\",\"image\":{\"@type\":\"ImageObject\",\"inLanguage\":\"bs-BA\",\"@id\":\"https:\/\/tuzlainfo.ba\/#\/schema\/person\/image\/\",\"url\":\"https:\/\/tuzlainfo.ba\/wp-content\/litespeed\/avatar\/aabad687af24844af817603ac1cbdc4f.jpg?ver=1777306975\",\"contentUrl\":\"https:\/\/tuzlainfo.ba\/wp-content\/litespeed\/avatar\/aabad687af24844af817603ac1cbdc4f.jpg?ver=1777306975\",\"caption\":\"nedim\"},\"description\":\"Tuzlainfo.ba pratite na dru\u0161tvenim mre\u017eama: Facebook, Instagram i Youtube. Svoje pri\u010de, upite i fotografije \u0161aljite na na\u0161u e-mail adresu.\"}]}<\/script>\n<!-- \/ Yoast SEO plugin. -->","yoast_head_json":{"title":"Skup\u0161tina TK: Boris Kre\u0161i\u0107 podnio ostavku, sjednica prekinuta - TuzlaInfo.ba","robots":{"index":"index","follow":"follow","max-snippet":"max-snippet:-1","max-image-preview":"max-image-preview:large","max-video-preview":"max-video-preview:-1"},"canonical":"https:\/\/tuzlainfo.ba\/index.php\/novosti\/item\/298550-skupstina-tk-boris-kresic-podnio-ostavku-sjednica-prekinuta\/","og_locale":"bs_BA","og_type":"article","og_title":"Skup\u0161tina TK: Boris Kre\u0161i\u0107 podnio ostavku, sjednica prekinuta - TuzlaInfo.ba","og_description":"Sjednica Skup\u0161tine Tuzlanskog kantona prekinuta je jutros nakon po\u010detka zasjedanja, a njen nastavak zakazan je&hellip;","og_url":"https:\/\/tuzlainfo.ba\/index.php\/novosti\/item\/298550-skupstina-tk-boris-kresic-podnio-ostavku-sjednica-prekinuta\/","og_site_name":"TuzlaInfo.ba","article_publisher":"https:\/\/www.facebook.com\/tuzlainfo.ba\/","article_published_time":"2026-03-27T08:45:25+00:00","article_modified_time":"2026-03-27T10:23:18+00:00","og_image":[{"width":1000,"height":636,"url":"https:\/\/tuzlainfo.ba\/wp-content\/uploads\/2026\/03\/2703_kresic.jpg","type":"image\/jpeg"}],"author":"nedim","twitter_card":"summary_large_image","twitter_misc":{"Written by":"nedim","Est. reading time":"2 minute"},"schema":{"@context":"https:\/\/schema.org","@graph":[{"@type":"Article","@id":"https:\/\/tuzlainfo.ba\/index.php\/novosti\/item\/298550-skupstina-tk-boris-kresic-podnio-ostavku-sjednica-prekinuta\/#article","isPartOf":{"@id":"https:\/\/tuzlainfo.ba\/index.php\/novosti\/item\/298550-skupstina-tk-boris-kresic-podnio-ostavku-sjednica-prekinuta\/"},"author":{"name":"nedim","@id":"https:\/\/tuzlainfo.ba\/#\/schema\/person\/f434e20dc27ea133923aab08451b7f7f"},"headline":"Skup\u0161tina TK: Boris Kre\u0161i\u0107 podnio ostavku, sjednica prekinuta","datePublished":"2026-03-27T08:45:25+00:00","dateModified":"2026-03-27T10:23:18+00:00","mainEntityOfPage":{"@id":"https:\/\/tuzlainfo.ba\/index.php\/novosti\/item\/298550-skupstina-tk-boris-kresic-podnio-ostavku-sjednica-prekinuta\/"},"wordCount":226,"publisher":{"@id":"https:\/\/tuzlainfo.ba\/#organization"},"image":{"@id":"https:\/\/tuzlainfo.ba\/index.php\/novosti\/item\/298550-skupstina-tk-boris-kresic-podnio-ostavku-sjednica-prekinuta\/#primaryimage"},"thumbnailUrl":"https:\/\/tuzlainfo.ba\/wp-content\/uploads\/2026\/03\/2703_kresic.jpg","keywords":["skup\u0161tina tk"],"articleSection":["Novosti"],"inLanguage":"bs-BA"},{"@type":"WebPage","@id":"https:\/\/tuzlainfo.ba\/index.php\/novosti\/item\/298550-skupstina-tk-boris-kresic-podnio-ostavku-sjednica-prekinuta\/","url":"https:\/\/tuzlainfo.ba\/index.php\/novosti\/item\/298550-skupstina-tk-boris-kresic-podnio-ostavku-sjednica-prekinuta\/","name":"Skup\u0161tina TK: Boris Kre\u0161i\u0107 podnio ostavku, sjednica prekinuta - TuzlaInfo.ba","isPartOf":{"@id":"https:\/\/tuzlainfo.ba\/#website"},"primaryImageOfPage":{"@id":"https:\/\/tuzlainfo.ba\/index.php\/novosti\/item\/298550-skupstina-tk-boris-kresic-podnio-ostavku-sjednica-prekinuta\/#primaryimage"},"image":{"@id":"https:\/\/tuzlainfo.ba\/index.php\/novosti\/item\/298550-skupstina-tk-boris-kresic-podnio-ostavku-sjednica-prekinuta\/#primaryimage"},"thumbnailUrl":"https:\/\/tuzlainfo.ba\/wp-content\/uploads\/2026\/03\/2703_kresic.jpg","datePublished":"2026-03-27T08:45:25+00:00","dateModified":"2026-03-27T10:23:18+00:00","breadcrumb":{"@id":"https:\/\/tuzlainfo.ba\/index.php\/novosti\/item\/298550-skupstina-tk-boris-kresic-podnio-ostavku-sjednica-prekinuta\/#breadcrumb"},"inLanguage":"bs-BA","potentialAction":[{"@type":"ReadAction","target":["https:\/\/tuzlainfo.ba\/index.php\/novosti\/item\/298550-skupstina-tk-boris-kresic-podnio-ostavku-sjednica-prekinuta\/"]}]},{"@type":"ImageObject","inLanguage":"bs-BA","@id":"https:\/\/tuzlainfo.ba\/index.php\/novosti\/item\/298550-skupstina-tk-boris-kresic-podnio-ostavku-sjednica-prekinuta\/#primaryimage","url":"https:\/\/tuzlainfo.ba\/wp-content\/uploads\/2026\/03\/2703_kresic.jpg","contentUrl":"https:\/\/tuzlainfo.ba\/wp-content\/uploads\/2026\/03\/2703_kresic.jpg","width":1000,"height":636},{"@type":"BreadcrumbList","@id":"https:\/\/tuzlainfo.ba\/index.php\/novosti\/item\/298550-skupstina-tk-boris-kresic-podnio-ostavku-sjednica-prekinuta\/#breadcrumb","itemListElement":[{"@type":"ListItem","position":1,"name":"Home","item":"https:\/\/tuzlainfo.ba\/"},{"@type":"ListItem","position":2,"name":"Skup\u0161tina TK: Boris Kre\u0161i\u0107 podnio ostavku, sjednica prekinuta"}]},{"@type":"WebSite","@id":"https:\/\/tuzlainfo.ba\/#website","url":"https:\/\/tuzlainfo.ba\/","name":"TuzlaInfo.ba","description":"Tuzla info, gradski informator - Tuzla na dlanu","publisher":{"@id":"https:\/\/tuzlainfo.ba\/#organization"},"potentialAction":[{"@type":"SearchAction","target":{"@type":"EntryPoint","urlTemplate":"https:\/\/tuzlainfo.ba\/?s={search_term_string}"},"query-input":{"@type":"PropertyValueSpecification","valueRequired":true,"valueName":"search_term_string"}}],"inLanguage":"bs-BA"},{"@type":"Organization","@id":"https:\/\/tuzlainfo.ba\/#organization","name":"TuzlaInfo.ba","url":"https:\/\/tuzlainfo.ba\/","logo":{"@type":"ImageObject","inLanguage":"bs-BA","@id":"https:\/\/tuzlainfo.ba\/#\/schema\/logo\/image\/","url":"https:\/\/tuzlainfo.ba\/wp-content\/uploads\/2021\/03\/logo-ver-3-1.png","contentUrl":"https:\/\/tuzlainfo.ba\/wp-content\/uploads\/2021\/03\/logo-ver-3-1.png","width":350,"height":95,"caption":"TuzlaInfo.ba"},"image":{"@id":"https:\/\/tuzlainfo.ba\/#\/schema\/logo\/image\/"},"sameAs":["https:\/\/www.facebook.com\/tuzlainfo.ba\/"]},{"@type":"Person","@id":"https:\/\/tuzlainfo.ba\/#\/schema\/person\/f434e20dc27ea133923aab08451b7f7f","name":"nedim","image":{"@type":"ImageObject","inLanguage":"bs-BA","@id":"https:\/\/tuzlainfo.ba\/#\/schema\/person\/image\/","url":"https:\/\/tuzlainfo.ba\/wp-content\/litespeed\/avatar\/aabad687af24844af817603ac1cbdc4f.jpg?ver=1777306975","contentUrl":"https:\/\/tuzlainfo.ba\/wp-content\/litespeed\/avatar\/aabad687af24844af817603ac1cbdc4f.jpg?ver=1777306975","caption":"nedim"},"description":"Tuzlainfo.ba pratite na dru\u0161tvenim mre\u017eama: Facebook, Instagram i Youtube. Svoje pri\u010de, upite i fotografije \u0161aljite na na\u0161u e-mail adresu."}]}},"_links":{"self":[{"href":"https:\/\/tuzlainfo.ba\/index.php\/wp-json\/wp\/v2\/posts\/298550"}],"collection":[{"href":"https:\/\/tuzlainfo.ba\/index.php\/wp-json\/wp\/v2\/posts"}],"about":[{"href":"https:\/\/tuzlainfo.ba\/index.php\/wp-json\/wp\/v2\/types\/post"}],"author":[{"embeddable":true,"href":"https:\/\/tuzlainfo.ba\/index.php\/wp-json\/wp\/v2\/users\/2"}],"replies":[{"embeddable":true,"href":"https:\/\/tuzlainfo.ba\/index.php\/wp-json\/wp\/v2\/comments?post=298550"}],"version-history":[{"count":1,"href":"https:\/\/tuzlainfo.ba\/index.php\/wp-json\/wp\/v2\/posts\/298550\/revisions"}],"predecessor-version":[{"id":298552,"href":"https:\/\/tuzlainfo.ba\/index.php\/wp-json\/wp\/v2\/posts\/298550\/revisions\/298552"}],"wp:featuredmedia":[{"embeddable":true,"href":"https:\/\/tuzlainfo.ba\/index.php\/wp-json\/wp\/v2\/media\/298551"}],"wp:attachment":[{"href":"https:\/\/tuzlainfo.ba\/index.php\/wp-json\/wp\/v2\/media?parent=298550"}],"wp:term":[{"taxonomy":"category","embeddable":true,"href":"https:\/\/tuzlainfo.ba\/index.php\/wp-json\/wp\/v2\/categories?post=298550"},{"taxonomy":"post_tag","embeddable":true,"href":"https:\/\/tuzlainfo.ba\/index.php\/wp-json\/wp\/v2\/tags?post=298550"}],"curies":[{"name":"wp","href":"https:\/\/api.w.org\/{rel}","templated":true}]}}