{"id":298548,"date":"2026-03-28T18:03:48","date_gmt":"2026-03-28T17:03:48","guid":{"rendered":"https:\/\/tuzlainfo.ba\/?p=298548"},"modified":"2026-03-28T10:06:53","modified_gmt":"2026-03-28T09:06:53","slug":"zahtjevi-jos-nisu-ispunjeni-sta-traze-prijevoznici","status":"publish","type":"post","link":"https:\/\/tuzlainfo.ba\/index.php\/bosna-i-hercegovina\/item\/298548-zahtjevi-jos-nisu-ispunjeni-sta-traze-prijevoznici\/","title":{"rendered":"Zahtjevi jo\u0161 nisu ispunjeni: \u0160ta tra\u017ee prijevoznici?"},"content":{"rendered":"<p>Ministarstvo unutra\u0161njih poslova Republike Srpske saop\u0107ilo je da \u0107e preduzeti sve mjere kako bi saobra\u0107aj tekao nesmetano i bez zastoja tokom protesta prevoznika na grani\u010dnim prelazima. Iz MUP-a RS navode da, u skladu sa zaklju\u010dkom Vlade Republike Srpske donesenim na telefonskoj sjednici, ne\u0107e dozvoliti da najavljena blokada granica ugrozi normalno odvijanje saobra\u0107aja, kao ni nesmetan prevoz roba i usluga.<\/p>\n<p>U saop\u0107enju je upu\u0107en i apel Konzorcijumu \u201cLogistika\u201d da po\u0161tuje zakon i ne ometa saobra\u0107aj na grani\u010dnim prelazima. Vlada RS ranije je upozorila da bi protesti i eventualne blokade mogli imati ozbiljne posljedice po ekonomiju i stabilnost energetskog sistema.<\/p>\n<p>Prevoznici su, s druge strane, ranije najavili o\u0161trije mjere i poru\u010dili da njihovi zahtjevi ve\u0107 dvije godine ne nailaze na odgovor nadle\u017enih. Prema njihovim navodima, tokom protesta cisterne sa gorivom ne\u0107e biti izuzete, dok bi prolaz bio omogu\u0107en za medicinske proizvode, lijekove, \u017eivu stoku te robu namijenjenu policiji i vojsci.<\/p>\n<p>Iz Konzorcijuma \u201cLogistika\u201d isti\u010du da, osim pitanja koje se odnosi na pravila boravka i rada profesionalnih voza\u010da u Evropskoj uniji, za ve\u0107inu njihovih zahtjeva odgovornost snose doma\u0107e vlasti. Zbog toga tra\u017ee zajedni\u010dki sastanak sa predsjedavaju\u0107om Vije\u0107a ministara BiH Borjanom Kri\u0161to, premijerom FBiH Nerminom Nik\u0161i\u0107em i predstavnicima vlasti Republike Srpske.<\/p>\n<p>Me\u0111u zahtjevima prevoznika su povrat akciza na gorivo po uzoru na zemlje regiona i EU, hitno zaklju\u010divanje sporazuma sa dr\u017eavama Evropske unije o povratu PDV-a, popust od 50 posto na putarine za kori\u0161tenje autoputeva u cijeloj BiH, kao i smanjenje zadr\u017eavanja kamiona na grani\u010dnim prijelazima i carinskim terminalima.<\/p>\n<p>Cijeli spor tako je prerastao iz sektorskog problema u \u0161iru raspravu o funkcionisanju transportnog sistema i odnosu vlasti prema jednoj od va\u017enijih privrednih grana u Bosni i Hercegovini. Prevoznici upozoravaju da zapo\u0161ljavaju desetine hiljada radnika, dok vlasti insistiraju da protesti ne smiju ugroziti svakodnevni promet i snabdijevanje.<\/p>\n","protected":false},"excerpt":{"rendered":"<p>Ministarstvo unutra\u0161njih poslova Republike Srpske saop\u0107ilo je da \u0107e preduzeti sve mjere kako bi saobra\u0107aj&hellip;<\/p>\n","protected":false},"author":8,"featured_media":298082,"comment_status":"closed","ping_status":"closed","sticky":false,"template":"","format":"standard","meta":{"_acf_changed":false,"footnotes":""},"categories":[291],"tags":[1998,5055],"acf":[],"yoast_head":"<!-- This site is optimized with the Yoast SEO plugin v23.5 - https:\/\/yoast.com\/wordpress\/plugins\/seo\/ -->\n<title>Zahtjevi jo\u0161 nisu ispunjeni: \u0160ta tra\u017ee prijevoznici? - TuzlaInfo.ba<\/title>\n<meta name=\"robots\" content=\"index, follow, max-snippet:-1, max-image-preview:large, max-video-preview:-1\" \/>\n<link rel=\"canonical\" href=\"https:\/\/tuzlainfo.ba\/index.php\/bosna-i-hercegovina\/item\/298548-zahtjevi-jos-nisu-ispunjeni-sta-traze-prijevoznici\/\" \/>\n<meta property=\"og:locale\" content=\"bs_BA\" \/>\n<meta property=\"og:type\" content=\"article\" \/>\n<meta property=\"og:title\" content=\"Zahtjevi jo\u0161 nisu ispunjeni: \u0160ta tra\u017ee prijevoznici? - TuzlaInfo.ba\" \/>\n<meta property=\"og:description\" content=\"Ministarstvo unutra\u0161njih poslova Republike Srpske saop\u0107ilo je da \u0107e preduzeti sve mjere kako bi saobra\u0107aj&hellip;\" \/>\n<meta property=\"og:url\" content=\"https:\/\/tuzlainfo.ba\/index.php\/bosna-i-hercegovina\/item\/298548-zahtjevi-jos-nisu-ispunjeni-sta-traze-prijevoznici\/\" \/>\n<meta property=\"og:site_name\" content=\"TuzlaInfo.ba\" \/>\n<meta property=\"article:publisher\" content=\"https:\/\/www.facebook.com\/tuzlainfo.ba\/\" \/>\n<meta property=\"article:published_time\" content=\"2026-03-28T17:03:48+00:00\" \/>\n<meta property=\"article:modified_time\" content=\"2026-03-28T09:06:53+00:00\" \/>\n<meta property=\"og:image\" content=\"https:\/\/tuzlainfo.ba\/wp-content\/uploads\/2026\/03\/653905408_1676202966872388_2795448566780485811_n-e1774269881685.jpg\" \/>\n\t<meta property=\"og:image:width\" content=\"1829\" \/>\n\t<meta property=\"og:image:height\" content=\"1211\" \/>\n\t<meta property=\"og:image:type\" content=\"image\/jpeg\" \/>\n<meta name=\"author\" content=\"Admin Tri\" \/>\n<meta name=\"twitter:card\" content=\"summary_large_image\" \/>\n<meta name=\"twitter:label1\" content=\"Written by\" \/>\n\t<meta name=\"twitter:data1\" content=\"Admin Tri\" \/>\n\t<meta name=\"twitter:label2\" content=\"Est. reading time\" \/>\n\t<meta name=\"twitter:data2\" content=\"2 minute\" \/>\n<script type=\"application\/ld+json\" class=\"yoast-schema-graph\">{\"@context\":\"https:\/\/schema.org\",\"@graph\":[{\"@type\":\"Article\",\"@id\":\"https:\/\/tuzlainfo.ba\/index.php\/bosna-i-hercegovina\/item\/298548-zahtjevi-jos-nisu-ispunjeni-sta-traze-prijevoznici\/#article\",\"isPartOf\":{\"@id\":\"https:\/\/tuzlainfo.ba\/index.php\/bosna-i-hercegovina\/item\/298548-zahtjevi-jos-nisu-ispunjeni-sta-traze-prijevoznici\/\"},\"author\":{\"name\":\"Admin Tri\",\"@id\":\"https:\/\/tuzlainfo.ba\/#\/schema\/person\/593e78a2f6378c5ba3e7600ecfa4e63a\"},\"headline\":\"Zahtjevi jo\u0161 nisu ispunjeni: \u0160ta tra\u017ee prijevoznici?\",\"datePublished\":\"2026-03-28T17:03:48+00:00\",\"dateModified\":\"2026-03-28T09:06:53+00:00\",\"mainEntityOfPage\":{\"@id\":\"https:\/\/tuzlainfo.ba\/index.php\/bosna-i-hercegovina\/item\/298548-zahtjevi-jos-nisu-ispunjeni-sta-traze-prijevoznici\/\"},\"wordCount\":335,\"publisher\":{\"@id\":\"https:\/\/tuzlainfo.ba\/#organization\"},\"image\":{\"@id\":\"https:\/\/tuzlainfo.ba\/index.php\/bosna-i-hercegovina\/item\/298548-zahtjevi-jos-nisu-ispunjeni-sta-traze-prijevoznici\/#primaryimage\"},\"thumbnailUrl\":\"https:\/\/tuzlainfo.ba\/wp-content\/uploads\/2026\/03\/653905408_1676202966872388_2795448566780485811_n-e1774269881685.jpg\",\"keywords\":[\"blokada\",\"Prijevoznici\"],\"articleSection\":[\"Bosna i Hercegovina\"],\"inLanguage\":\"bs-BA\"},{\"@type\":\"WebPage\",\"@id\":\"https:\/\/tuzlainfo.ba\/index.php\/bosna-i-hercegovina\/item\/298548-zahtjevi-jos-nisu-ispunjeni-sta-traze-prijevoznici\/\",\"url\":\"https:\/\/tuzlainfo.ba\/index.php\/bosna-i-hercegovina\/item\/298548-zahtjevi-jos-nisu-ispunjeni-sta-traze-prijevoznici\/\",\"name\":\"Zahtjevi jo\u0161 nisu ispunjeni: \u0160ta tra\u017ee prijevoznici? - TuzlaInfo.ba\",\"isPartOf\":{\"@id\":\"https:\/\/tuzlainfo.ba\/#website\"},\"primaryImageOfPage\":{\"@id\":\"https:\/\/tuzlainfo.ba\/index.php\/bosna-i-hercegovina\/item\/298548-zahtjevi-jos-nisu-ispunjeni-sta-traze-prijevoznici\/#primaryimage\"},\"image\":{\"@id\":\"https:\/\/tuzlainfo.ba\/index.php\/bosna-i-hercegovina\/item\/298548-zahtjevi-jos-nisu-ispunjeni-sta-traze-prijevoznici\/#primaryimage\"},\"thumbnailUrl\":\"https:\/\/tuzlainfo.ba\/wp-content\/uploads\/2026\/03\/653905408_1676202966872388_2795448566780485811_n-e1774269881685.jpg\",\"datePublished\":\"2026-03-28T17:03:48+00:00\",\"dateModified\":\"2026-03-28T09:06:53+00:00\",\"breadcrumb\":{\"@id\":\"https:\/\/tuzlainfo.ba\/index.php\/bosna-i-hercegovina\/item\/298548-zahtjevi-jos-nisu-ispunjeni-sta-traze-prijevoznici\/#breadcrumb\"},\"inLanguage\":\"bs-BA\",\"potentialAction\":[{\"@type\":\"ReadAction\",\"target\":[\"https:\/\/tuzlainfo.ba\/index.php\/bosna-i-hercegovina\/item\/298548-zahtjevi-jos-nisu-ispunjeni-sta-traze-prijevoznici\/\"]}]},{\"@type\":\"ImageObject\",\"inLanguage\":\"bs-BA\",\"@id\":\"https:\/\/tuzlainfo.ba\/index.php\/bosna-i-hercegovina\/item\/298548-zahtjevi-jos-nisu-ispunjeni-sta-traze-prijevoznici\/#primaryimage\",\"url\":\"https:\/\/tuzlainfo.ba\/wp-content\/uploads\/2026\/03\/653905408_1676202966872388_2795448566780485811_n-e1774269881685.jpg\",\"contentUrl\":\"https:\/\/tuzlainfo.ba\/wp-content\/uploads\/2026\/03\/653905408_1676202966872388_2795448566780485811_n-e1774269881685.jpg\",\"width\":1829,\"height\":1211},{\"@type\":\"BreadcrumbList\",\"@id\":\"https:\/\/tuzlainfo.ba\/index.php\/bosna-i-hercegovina\/item\/298548-zahtjevi-jos-nisu-ispunjeni-sta-traze-prijevoznici\/#breadcrumb\",\"itemListElement\":[{\"@type\":\"ListItem\",\"position\":1,\"name\":\"Home\",\"item\":\"https:\/\/tuzlainfo.ba\/\"},{\"@type\":\"ListItem\",\"position\":2,\"name\":\"Zahtjevi jo\u0161 nisu ispunjeni: \u0160ta tra\u017ee prijevoznici?\"}]},{\"@type\":\"WebSite\",\"@id\":\"https:\/\/tuzlainfo.ba\/#website\",\"url\":\"https:\/\/tuzlainfo.ba\/\",\"name\":\"TuzlaInfo.ba\",\"description\":\"Tuzla info, gradski informator - Tuzla na dlanu\",\"publisher\":{\"@id\":\"https:\/\/tuzlainfo.ba\/#organization\"},\"potentialAction\":[{\"@type\":\"SearchAction\",\"target\":{\"@type\":\"EntryPoint\",\"urlTemplate\":\"https:\/\/tuzlainfo.ba\/?s={search_term_string}\"},\"query-input\":{\"@type\":\"PropertyValueSpecification\",\"valueRequired\":true,\"valueName\":\"search_term_string\"}}],\"inLanguage\":\"bs-BA\"},{\"@type\":\"Organization\",\"@id\":\"https:\/\/tuzlainfo.ba\/#organization\",\"name\":\"TuzlaInfo.ba\",\"url\":\"https:\/\/tuzlainfo.ba\/\",\"logo\":{\"@type\":\"ImageObject\",\"inLanguage\":\"bs-BA\",\"@id\":\"https:\/\/tuzlainfo.ba\/#\/schema\/logo\/image\/\",\"url\":\"https:\/\/tuzlainfo.ba\/wp-content\/uploads\/2021\/03\/logo-ver-3-1.png\",\"contentUrl\":\"https:\/\/tuzlainfo.ba\/wp-content\/uploads\/2021\/03\/logo-ver-3-1.png\",\"width\":350,\"height\":95,\"caption\":\"TuzlaInfo.ba\"},\"image\":{\"@id\":\"https:\/\/tuzlainfo.ba\/#\/schema\/logo\/image\/\"},\"sameAs\":[\"https:\/\/www.facebook.com\/tuzlainfo.ba\/\"]},{\"@type\":\"Person\",\"@id\":\"https:\/\/tuzlainfo.ba\/#\/schema\/person\/593e78a2f6378c5ba3e7600ecfa4e63a\",\"name\":\"Admin Tri\",\"image\":{\"@type\":\"ImageObject\",\"inLanguage\":\"bs-BA\",\"@id\":\"https:\/\/tuzlainfo.ba\/#\/schema\/person\/image\/\",\"url\":\"https:\/\/tuzlainfo.ba\/wp-content\/litespeed\/avatar\/b7920db4cc34a71ad12497283ad2fe3f.jpg?ver=1777100914\",\"contentUrl\":\"https:\/\/tuzlainfo.ba\/wp-content\/litespeed\/avatar\/b7920db4cc34a71ad12497283ad2fe3f.jpg?ver=1777100914\",\"caption\":\"Admin Tri\"},\"sameAs\":[\"https:\/\/tuzlainfo.ba\"]}]}<\/script>\n<!-- \/ Yoast SEO plugin. -->","yoast_head_json":{"title":"Zahtjevi jo\u0161 nisu ispunjeni: \u0160ta tra\u017ee prijevoznici? - TuzlaInfo.ba","robots":{"index":"index","follow":"follow","max-snippet":"max-snippet:-1","max-image-preview":"max-image-preview:large","max-video-preview":"max-video-preview:-1"},"canonical":"https:\/\/tuzlainfo.ba\/index.php\/bosna-i-hercegovina\/item\/298548-zahtjevi-jos-nisu-ispunjeni-sta-traze-prijevoznici\/","og_locale":"bs_BA","og_type":"article","og_title":"Zahtjevi jo\u0161 nisu ispunjeni: \u0160ta tra\u017ee prijevoznici? - TuzlaInfo.ba","og_description":"Ministarstvo unutra\u0161njih poslova Republike Srpske saop\u0107ilo je da \u0107e preduzeti sve mjere kako bi saobra\u0107aj&hellip;","og_url":"https:\/\/tuzlainfo.ba\/index.php\/bosna-i-hercegovina\/item\/298548-zahtjevi-jos-nisu-ispunjeni-sta-traze-prijevoznici\/","og_site_name":"TuzlaInfo.ba","article_publisher":"https:\/\/www.facebook.com\/tuzlainfo.ba\/","article_published_time":"2026-03-28T17:03:48+00:00","article_modified_time":"2026-03-28T09:06:53+00:00","og_image":[{"width":1829,"height":1211,"url":"https:\/\/tuzlainfo.ba\/wp-content\/uploads\/2026\/03\/653905408_1676202966872388_2795448566780485811_n-e1774269881685.jpg","type":"image\/jpeg"}],"author":"Admin Tri","twitter_card":"summary_large_image","twitter_misc":{"Written by":"Admin Tri","Est. reading time":"2 minute"},"schema":{"@context":"https:\/\/schema.org","@graph":[{"@type":"Article","@id":"https:\/\/tuzlainfo.ba\/index.php\/bosna-i-hercegovina\/item\/298548-zahtjevi-jos-nisu-ispunjeni-sta-traze-prijevoznici\/#article","isPartOf":{"@id":"https:\/\/tuzlainfo.ba\/index.php\/bosna-i-hercegovina\/item\/298548-zahtjevi-jos-nisu-ispunjeni-sta-traze-prijevoznici\/"},"author":{"name":"Admin Tri","@id":"https:\/\/tuzlainfo.ba\/#\/schema\/person\/593e78a2f6378c5ba3e7600ecfa4e63a"},"headline":"Zahtjevi jo\u0161 nisu ispunjeni: \u0160ta tra\u017ee prijevoznici?","datePublished":"2026-03-28T17:03:48+00:00","dateModified":"2026-03-28T09:06:53+00:00","mainEntityOfPage":{"@id":"https:\/\/tuzlainfo.ba\/index.php\/bosna-i-hercegovina\/item\/298548-zahtjevi-jos-nisu-ispunjeni-sta-traze-prijevoznici\/"},"wordCount":335,"publisher":{"@id":"https:\/\/tuzlainfo.ba\/#organization"},"image":{"@id":"https:\/\/tuzlainfo.ba\/index.php\/bosna-i-hercegovina\/item\/298548-zahtjevi-jos-nisu-ispunjeni-sta-traze-prijevoznici\/#primaryimage"},"thumbnailUrl":"https:\/\/tuzlainfo.ba\/wp-content\/uploads\/2026\/03\/653905408_1676202966872388_2795448566780485811_n-e1774269881685.jpg","keywords":["blokada","Prijevoznici"],"articleSection":["Bosna i Hercegovina"],"inLanguage":"bs-BA"},{"@type":"WebPage","@id":"https:\/\/tuzlainfo.ba\/index.php\/bosna-i-hercegovina\/item\/298548-zahtjevi-jos-nisu-ispunjeni-sta-traze-prijevoznici\/","url":"https:\/\/tuzlainfo.ba\/index.php\/bosna-i-hercegovina\/item\/298548-zahtjevi-jos-nisu-ispunjeni-sta-traze-prijevoznici\/","name":"Zahtjevi jo\u0161 nisu ispunjeni: \u0160ta tra\u017ee prijevoznici? - TuzlaInfo.ba","isPartOf":{"@id":"https:\/\/tuzlainfo.ba\/#website"},"primaryImageOfPage":{"@id":"https:\/\/tuzlainfo.ba\/index.php\/bosna-i-hercegovina\/item\/298548-zahtjevi-jos-nisu-ispunjeni-sta-traze-prijevoznici\/#primaryimage"},"image":{"@id":"https:\/\/tuzlainfo.ba\/index.php\/bosna-i-hercegovina\/item\/298548-zahtjevi-jos-nisu-ispunjeni-sta-traze-prijevoznici\/#primaryimage"},"thumbnailUrl":"https:\/\/tuzlainfo.ba\/wp-content\/uploads\/2026\/03\/653905408_1676202966872388_2795448566780485811_n-e1774269881685.jpg","datePublished":"2026-03-28T17:03:48+00:00","dateModified":"2026-03-28T09:06:53+00:00","breadcrumb":{"@id":"https:\/\/tuzlainfo.ba\/index.php\/bosna-i-hercegovina\/item\/298548-zahtjevi-jos-nisu-ispunjeni-sta-traze-prijevoznici\/#breadcrumb"},"inLanguage":"bs-BA","potentialAction":[{"@type":"ReadAction","target":["https:\/\/tuzlainfo.ba\/index.php\/bosna-i-hercegovina\/item\/298548-zahtjevi-jos-nisu-ispunjeni-sta-traze-prijevoznici\/"]}]},{"@type":"ImageObject","inLanguage":"bs-BA","@id":"https:\/\/tuzlainfo.ba\/index.php\/bosna-i-hercegovina\/item\/298548-zahtjevi-jos-nisu-ispunjeni-sta-traze-prijevoznici\/#primaryimage","url":"https:\/\/tuzlainfo.ba\/wp-content\/uploads\/2026\/03\/653905408_1676202966872388_2795448566780485811_n-e1774269881685.jpg","contentUrl":"https:\/\/tuzlainfo.ba\/wp-content\/uploads\/2026\/03\/653905408_1676202966872388_2795448566780485811_n-e1774269881685.jpg","width":1829,"height":1211},{"@type":"BreadcrumbList","@id":"https:\/\/tuzlainfo.ba\/index.php\/bosna-i-hercegovina\/item\/298548-zahtjevi-jos-nisu-ispunjeni-sta-traze-prijevoznici\/#breadcrumb","itemListElement":[{"@type":"ListItem","position":1,"name":"Home","item":"https:\/\/tuzlainfo.ba\/"},{"@type":"ListItem","position":2,"name":"Zahtjevi jo\u0161 nisu ispunjeni: \u0160ta tra\u017ee prijevoznici?"}]},{"@type":"WebSite","@id":"https:\/\/tuzlainfo.ba\/#website","url":"https:\/\/tuzlainfo.ba\/","name":"TuzlaInfo.ba","description":"Tuzla info, gradski informator - Tuzla na dlanu","publisher":{"@id":"https:\/\/tuzlainfo.ba\/#organization"},"potentialAction":[{"@type":"SearchAction","target":{"@type":"EntryPoint","urlTemplate":"https:\/\/tuzlainfo.ba\/?s={search_term_string}"},"query-input":{"@type":"PropertyValueSpecification","valueRequired":true,"valueName":"search_term_string"}}],"inLanguage":"bs-BA"},{"@type":"Organization","@id":"https:\/\/tuzlainfo.ba\/#organization","name":"TuzlaInfo.ba","url":"https:\/\/tuzlainfo.ba\/","logo":{"@type":"ImageObject","inLanguage":"bs-BA","@id":"https:\/\/tuzlainfo.ba\/#\/schema\/logo\/image\/","url":"https:\/\/tuzlainfo.ba\/wp-content\/uploads\/2021\/03\/logo-ver-3-1.png","contentUrl":"https:\/\/tuzlainfo.ba\/wp-content\/uploads\/2021\/03\/logo-ver-3-1.png","width":350,"height":95,"caption":"TuzlaInfo.ba"},"image":{"@id":"https:\/\/tuzlainfo.ba\/#\/schema\/logo\/image\/"},"sameAs":["https:\/\/www.facebook.com\/tuzlainfo.ba\/"]},{"@type":"Person","@id":"https:\/\/tuzlainfo.ba\/#\/schema\/person\/593e78a2f6378c5ba3e7600ecfa4e63a","name":"Admin Tri","image":{"@type":"ImageObject","inLanguage":"bs-BA","@id":"https:\/\/tuzlainfo.ba\/#\/schema\/person\/image\/","url":"https:\/\/tuzlainfo.ba\/wp-content\/litespeed\/avatar\/b7920db4cc34a71ad12497283ad2fe3f.jpg?ver=1777100914","contentUrl":"https:\/\/tuzlainfo.ba\/wp-content\/litespeed\/avatar\/b7920db4cc34a71ad12497283ad2fe3f.jpg?ver=1777100914","caption":"Admin Tri"},"sameAs":["https:\/\/tuzlainfo.ba"]}]}},"_links":{"self":[{"href":"https:\/\/tuzlainfo.ba\/index.php\/wp-json\/wp\/v2\/posts\/298548"}],"collection":[{"href":"https:\/\/tuzlainfo.ba\/index.php\/wp-json\/wp\/v2\/posts"}],"about":[{"href":"https:\/\/tuzlainfo.ba\/index.php\/wp-json\/wp\/v2\/types\/post"}],"author":[{"embeddable":true,"href":"https:\/\/tuzlainfo.ba\/index.php\/wp-json\/wp\/v2\/users\/8"}],"replies":[{"embeddable":true,"href":"https:\/\/tuzlainfo.ba\/index.php\/wp-json\/wp\/v2\/comments?post=298548"}],"version-history":[{"count":1,"href":"https:\/\/tuzlainfo.ba\/index.php\/wp-json\/wp\/v2\/posts\/298548\/revisions"}],"predecessor-version":[{"id":298549,"href":"https:\/\/tuzlainfo.ba\/index.php\/wp-json\/wp\/v2\/posts\/298548\/revisions\/298549"}],"wp:featuredmedia":[{"embeddable":true,"href":"https:\/\/tuzlainfo.ba\/index.php\/wp-json\/wp\/v2\/media\/298082"}],"wp:attachment":[{"href":"https:\/\/tuzlainfo.ba\/index.php\/wp-json\/wp\/v2\/media?parent=298548"}],"wp:term":[{"taxonomy":"category","embeddable":true,"href":"https:\/\/tuzlainfo.ba\/index.php\/wp-json\/wp\/v2\/categories?post=298548"},{"taxonomy":"post_tag","embeddable":true,"href":"https:\/\/tuzlainfo.ba\/index.php\/wp-json\/wp\/v2\/tags?post=298548"}],"curies":[{"name":"wp","href":"https:\/\/api.w.org\/{rel}","templated":true}]}}