{"id":298545,"date":"2026-03-29T19:03:05","date_gmt":"2026-03-29T17:03:05","guid":{"rendered":"https:\/\/tuzlainfo.ba\/?p=298545"},"modified":"2026-03-27T14:03:24","modified_gmt":"2026-03-27T13:03:24","slug":"zmajevi-protiv-italije-u-zenici-igraju-za-mundijal-stadion-ce-biti-ispunjen-do-posljednjeg-mjesta","status":"publish","type":"post","link":"https:\/\/tuzlainfo.ba\/index.php\/bosna-i-hercegovina\/item\/298545-zmajevi-protiv-italije-u-zenici-igraju-za-mundijal-stadion-ce-biti-ispunjen-do-posljednjeg-mjesta\/","title":{"rendered":"Zmajevi protiv Italije u Zenici igraju za Mundijal, stadion \u0107e biti ispunjen do posljednjeg mjesta"},"content":{"rendered":"<p>Fudbalska reprezentacija Bosne i Hercegovine u utorak protiv Italije u Zenici igra utakmicu odluke za plasman na Svjetsko prvenstvo, nakon \u0161to su Zmajevi u Cardiffu poslije boljeg izvo\u0111enja penala eliminisali Vels i izborili finale bara\u017ea. Nakon 90 minuta i produ\u017eetaka bilo je 1:1, strijelci su bili Daniel James i Edin D\u017eeko, a u penal seriji reprezentacija Bosne i Hercegovine slavila je sa 4:2.<\/p>\n<p>Pred odlu\u010duju\u0107i me\u010d protiv Italije, u taboru reprezentacije vlada veliko samopouzdanje, ali i svijest o tome koliko te\u017eak zadatak \u010deka bh. tim. Selektor Sergej Barbarez nakon velike pobjede u Velsu poru\u010dio je da je ekipa bila spremna i za najzahtjevniji scenario.<\/p>\n<p>\u201cPrije utakmice sam rekao da smo vje\u017ebali penale. U ovoj fazi takmi\u010denja uvijek morate imati razli\u010dite scenarije u glavi. Znao sam da imamo dobre izvo\u0111a\u010de, ali i na\u0161eg Nikolu Vasilja, koji je odli\u010dan \u2018penald\u017eija\u2019. Iako je tokom utakmice imao pote\u0161ko\u0107a kod primljenog gola, pokazao je koliko je mentalno jak i kako se uspio vratiti u me\u010d. Od kada smo zajedno, stalno ponavljam, vjera je sve. Vjera u sebe, vjera u uspjeh. Sretan sam \u0161to imam ovakve igra\u010de. Bez obzira na to \u0161ta \u0107e biti u utorak, mi idemo dalje. Imamo volju da radimo zajedno i \u017eelju da obradujemo na\u0161u naciju. Ja sam rekao, ako pro\u0111emo prvu utakmicu, mo\u017ee do\u0107i bilo ko. Mi \u0107emo se \u2018pobiti\u2019 sa bilo kim. U na\u0161oj ekipi imamo dosta \u2018Italijana\u2019, oni \u0107e biti posebno motivisani. Samo preko ovakvih utakmica oni mogu da rastu. Mi od poraza od Njema\u010dke u novembru 2024. godine nismo izgubili na strani\u201d, rekao je Barbarez.<\/p>\n<p>Kapiten Edin D\u017eeko jo\u0161 jednom je pokazao koliko zna\u010di reprezentaciji, a upravo je njegov gol u 86. minuti BiH vratio u \u017eivot i otvorio put ka velikom slavlju nakon penala. Iskusni napada\u010d smatra da je reprezentacija zaslu\u017eeno stigla do finala bara\u017ea.<\/p>\n<p>\u201cTe\u0161ka utakmica. Oni su bili favoriti, prije svega zbog doma\u0107eg terena, ali i zbog ubjedljive pobjede nad Sjevernom Makedonijom (7:1), koja uop\u0161te nije lo\u0161a ekipa. Mi smo reprezentacija sa dosta mladih, kvalitetnih igra\u010da, uz nekoliko nas iskusnijih. To smo pokazali i danas i na kraju zaslu\u017eeno slavili. U utakmicu smo u\u0161li pomalo stidljivo. Do njihovog gola bilo je odre\u0111enih gre\u0161aka, posebno u igri s loptom, ali imam osje\u0107aj da nam je taj pogodak zapravo pomogao, jer smo tek tada po\u010deli igrati ono \u0161to smo se dogovorili prije utakmice. Mogli smo posti\u0107i jo\u0161 jedan gol i rije\u0161iti me\u010d u regularnom dijelu. U produ\u017eecima smo se dobro odbranili, a onda se i ta \u2018lutrija\u2019 penala kona\u010dno okrenula na na\u0161u stranu. Sada nas o\u010dekuje Italija, koja je veliki favorit, ali igramo pred na\u0161im navija\u010dima i vjerujemo u sebe\u201d, kazao je D\u017eeko.<\/p>\n<p>Jedan od junaka utakmice u Cardiffu bio je i Kerim Alajbegovi\u0107, koji je nakon ulaska s klupe asistirao za pogodak i potom postigao odlu\u010duju\u0107i penal. Mladi reprezentativac nije skrivao emocije nakon plasmana u finale bara\u017ea.<\/p>\n<p>\u201cPonosan sam na ekipu. Kada sam uzeo da \u0161utiram penal, znao sam da \u0107u ga realizovati. Ovo \u0161to se sada desilo je nevjerovatan osje\u0107aj. Nije bilo treme pri izvo\u0111enju penala, bio sam siguran da \u0107u pogoditi i da \u0107emo nakon toga svi zajedno slaviti sa na\u0161im navija\u010dima. Sada igramo na doma\u0107em terenu i nemamo se \u010dega pla\u0161iti\u201d, poru\u010dio je Alajbegovi\u0107.<\/p>\n<p>Veliki doprinos trijumfu dao je i Tarik Muharemovi\u0107, koji je zajedno sa saigra\u010dima iz odbrane iznio ogroman teret te\u0161ke utakmice. Njegove rije\u010di najbolje oslikavaju atmosferu u timu pred duel sa Italijom.<\/p>\n<p>\u201cNe mogu da prona\u0111em rije\u010di, jedva stojim. Pokazali smo da se borimo do kraja. Ovo je tek prvi korak. U utorak idemo da \u2018pojedemo\u2019 novog protivnika i da svi zajedno slavimo u Zenici. Ko god da do\u0111e, bori\u0107emo se do kraja, kao \u0161to smo se borili i danas. Borimo se za svoj san i san cijele Bosne i Hercegovine. Svi vjerujemo u sebe, od stru\u010dnog \u0161taba do svakog igra\u010da, i nemamo razloga da se bojimo bilo koga. Nema previ\u0161e slavlja, jer nas ve\u0107 u utorak o\u010dekuje veliki me\u010d. Nije bilo lako, izdr\u017eali smo i na kraju smo nagra\u0111eni nakon penala\u201d, rekao je Muharemovi\u0107.<\/p>\n<p>BiH sutra protiv Italije u Zenici ne\u0107e imati podr\u0161ku samo s tribina, nego i kompletan stadion iza sebe, jer su sve ulaznice za susret finala play-offa rasprodate. Iz Nogometnog saveza Bosne i Hercegovine zahvalili su navija\u010dima na velikom interesovanju i podr\u0161ci Zmajevima jer su sve ulaznice za ovaj me\u010d rasprodane, \u0161to je dodatna potvrda kakva atmosfera se o\u010dekuje na Bilinom polju.<\/p>\n<p>Pred reprezentacijom Bosne i Hercegovine sada je najva\u017enijih 90, a mo\u017eda i vi\u0161e minuta u borbi za plasman na Mundijal. Italija jeste favorit, ali nakon svega vi\u0111enog u Cardiffu, jasno je da Zmajevi u Zenici imaju pravo vjerovati u jo\u0161 jednu veliku no\u0107. Utakmica po\u010dinje u 20:45 sati.<\/p>\n","protected":false},"excerpt":{"rendered":"<p>Fudbalska reprezentacija Bosne i Hercegovine u utorak protiv Italije u Zenici igra utakmicu odluke za&hellip;<\/p>\n","protected":false},"author":8,"featured_media":298509,"comment_status":"closed","ping_status":"closed","sticky":false,"template":"","format":"standard","meta":{"_acf_changed":false,"footnotes":""},"categories":[291,304],"tags":[1428,1638,915,2436],"acf":[],"yoast_head":"<!-- This site is optimized with the Yoast SEO plugin v23.5 - https:\/\/yoast.com\/wordpress\/plugins\/seo\/ -->\n<title>Zmajevi protiv Italije u Zenici igraju za Mundijal, stadion \u0107e biti ispunjen do posljednjeg mjesta - TuzlaInfo.ba<\/title>\n<meta name=\"robots\" content=\"index, follow, max-snippet:-1, max-image-preview:large, max-video-preview:-1\" \/>\n<link rel=\"canonical\" href=\"https:\/\/tuzlainfo.ba\/index.php\/bosna-i-hercegovina\/item\/298545-zmajevi-protiv-italije-u-zenici-igraju-za-mundijal-stadion-ce-biti-ispunjen-do-posljednjeg-mjesta\/\" \/>\n<meta property=\"og:locale\" content=\"bs_BA\" \/>\n<meta property=\"og:type\" content=\"article\" \/>\n<meta property=\"og:title\" content=\"Zmajevi protiv Italije u Zenici igraju za Mundijal, stadion \u0107e biti ispunjen do posljednjeg mjesta - TuzlaInfo.ba\" \/>\n<meta property=\"og:description\" content=\"Fudbalska reprezentacija Bosne i Hercegovine u utorak protiv Italije u Zenici igra utakmicu odluke za&hellip;\" \/>\n<meta property=\"og:url\" content=\"https:\/\/tuzlainfo.ba\/index.php\/bosna-i-hercegovina\/item\/298545-zmajevi-protiv-italije-u-zenici-igraju-za-mundijal-stadion-ce-biti-ispunjen-do-posljednjeg-mjesta\/\" \/>\n<meta property=\"og:site_name\" content=\"TuzlaInfo.ba\" \/>\n<meta property=\"article:publisher\" content=\"https:\/\/www.facebook.com\/tuzlainfo.ba\/\" \/>\n<meta property=\"article:published_time\" content=\"2026-03-29T17:03:05+00:00\" \/>\n<meta property=\"article:modified_time\" content=\"2026-03-27T13:03:24+00:00\" \/>\n<meta property=\"og:image\" content=\"https:\/\/tuzlainfo.ba\/wp-content\/uploads\/2026\/03\/zmajevi_slavlje_WAL_BIH_.jpg\" \/>\n\t<meta property=\"og:image:width\" content=\"978\" \/>\n\t<meta property=\"og:image:height\" content=\"683\" \/>\n\t<meta property=\"og:image:type\" content=\"image\/jpeg\" \/>\n<meta name=\"author\" content=\"Admin Tri\" \/>\n<meta name=\"twitter:card\" content=\"summary_large_image\" \/>\n<meta name=\"twitter:label1\" content=\"Written by\" \/>\n\t<meta name=\"twitter:data1\" content=\"Admin Tri\" \/>\n\t<meta name=\"twitter:label2\" content=\"Est. reading time\" \/>\n\t<meta name=\"twitter:data2\" content=\"5 minuta\" \/>\n<script type=\"application\/ld+json\" class=\"yoast-schema-graph\">{\"@context\":\"https:\/\/schema.org\",\"@graph\":[{\"@type\":\"Article\",\"@id\":\"https:\/\/tuzlainfo.ba\/index.php\/bosna-i-hercegovina\/item\/298545-zmajevi-protiv-italije-u-zenici-igraju-za-mundijal-stadion-ce-biti-ispunjen-do-posljednjeg-mjesta\/#article\",\"isPartOf\":{\"@id\":\"https:\/\/tuzlainfo.ba\/index.php\/bosna-i-hercegovina\/item\/298545-zmajevi-protiv-italije-u-zenici-igraju-za-mundijal-stadion-ce-biti-ispunjen-do-posljednjeg-mjesta\/\"},\"author\":{\"name\":\"Admin Tri\",\"@id\":\"https:\/\/tuzlainfo.ba\/#\/schema\/person\/593e78a2f6378c5ba3e7600ecfa4e63a\"},\"headline\":\"Zmajevi protiv Italije u Zenici igraju za Mundijal, stadion \u0107e biti ispunjen do posljednjeg mjesta\",\"datePublished\":\"2026-03-29T17:03:05+00:00\",\"dateModified\":\"2026-03-27T13:03:24+00:00\",\"mainEntityOfPage\":{\"@id\":\"https:\/\/tuzlainfo.ba\/index.php\/bosna-i-hercegovina\/item\/298545-zmajevi-protiv-italije-u-zenici-igraju-za-mundijal-stadion-ce-biti-ispunjen-do-posljednjeg-mjesta\/\"},\"wordCount\":863,\"publisher\":{\"@id\":\"https:\/\/tuzlainfo.ba\/#organization\"},\"image\":{\"@id\":\"https:\/\/tuzlainfo.ba\/index.php\/bosna-i-hercegovina\/item\/298545-zmajevi-protiv-italije-u-zenici-igraju-za-mundijal-stadion-ce-biti-ispunjen-do-posljednjeg-mjesta\/#primaryimage\"},\"thumbnailUrl\":\"https:\/\/tuzlainfo.ba\/wp-content\/uploads\/2026\/03\/zmajevi_slavlje_WAL_BIH_.jpg\",\"keywords\":[\"fudbal\",\"reprezentacija\",\"sport\",\"svjetsko prvenstvo\"],\"articleSection\":[\"Bosna i Hercegovina\",\"Istaknuto\"],\"inLanguage\":\"bs-BA\"},{\"@type\":\"WebPage\",\"@id\":\"https:\/\/tuzlainfo.ba\/index.php\/bosna-i-hercegovina\/item\/298545-zmajevi-protiv-italije-u-zenici-igraju-za-mundijal-stadion-ce-biti-ispunjen-do-posljednjeg-mjesta\/\",\"url\":\"https:\/\/tuzlainfo.ba\/index.php\/bosna-i-hercegovina\/item\/298545-zmajevi-protiv-italije-u-zenici-igraju-za-mundijal-stadion-ce-biti-ispunjen-do-posljednjeg-mjesta\/\",\"name\":\"Zmajevi protiv Italije u Zenici igraju za Mundijal, stadion \u0107e biti ispunjen do posljednjeg mjesta - TuzlaInfo.ba\",\"isPartOf\":{\"@id\":\"https:\/\/tuzlainfo.ba\/#website\"},\"primaryImageOfPage\":{\"@id\":\"https:\/\/tuzlainfo.ba\/index.php\/bosna-i-hercegovina\/item\/298545-zmajevi-protiv-italije-u-zenici-igraju-za-mundijal-stadion-ce-biti-ispunjen-do-posljednjeg-mjesta\/#primaryimage\"},\"image\":{\"@id\":\"https:\/\/tuzlainfo.ba\/index.php\/bosna-i-hercegovina\/item\/298545-zmajevi-protiv-italije-u-zenici-igraju-za-mundijal-stadion-ce-biti-ispunjen-do-posljednjeg-mjesta\/#primaryimage\"},\"thumbnailUrl\":\"https:\/\/tuzlainfo.ba\/wp-content\/uploads\/2026\/03\/zmajevi_slavlje_WAL_BIH_.jpg\",\"datePublished\":\"2026-03-29T17:03:05+00:00\",\"dateModified\":\"2026-03-27T13:03:24+00:00\",\"breadcrumb\":{\"@id\":\"https:\/\/tuzlainfo.ba\/index.php\/bosna-i-hercegovina\/item\/298545-zmajevi-protiv-italije-u-zenici-igraju-za-mundijal-stadion-ce-biti-ispunjen-do-posljednjeg-mjesta\/#breadcrumb\"},\"inLanguage\":\"bs-BA\",\"potentialAction\":[{\"@type\":\"ReadAction\",\"target\":[\"https:\/\/tuzlainfo.ba\/index.php\/bosna-i-hercegovina\/item\/298545-zmajevi-protiv-italije-u-zenici-igraju-za-mundijal-stadion-ce-biti-ispunjen-do-posljednjeg-mjesta\/\"]}]},{\"@type\":\"ImageObject\",\"inLanguage\":\"bs-BA\",\"@id\":\"https:\/\/tuzlainfo.ba\/index.php\/bosna-i-hercegovina\/item\/298545-zmajevi-protiv-italije-u-zenici-igraju-za-mundijal-stadion-ce-biti-ispunjen-do-posljednjeg-mjesta\/#primaryimage\",\"url\":\"https:\/\/tuzlainfo.ba\/wp-content\/uploads\/2026\/03\/zmajevi_slavlje_WAL_BIH_.jpg\",\"contentUrl\":\"https:\/\/tuzlainfo.ba\/wp-content\/uploads\/2026\/03\/zmajevi_slavlje_WAL_BIH_.jpg\",\"width\":978,\"height\":683},{\"@type\":\"BreadcrumbList\",\"@id\":\"https:\/\/tuzlainfo.ba\/index.php\/bosna-i-hercegovina\/item\/298545-zmajevi-protiv-italije-u-zenici-igraju-za-mundijal-stadion-ce-biti-ispunjen-do-posljednjeg-mjesta\/#breadcrumb\",\"itemListElement\":[{\"@type\":\"ListItem\",\"position\":1,\"name\":\"Home\",\"item\":\"https:\/\/tuzlainfo.ba\/\"},{\"@type\":\"ListItem\",\"position\":2,\"name\":\"Zmajevi protiv Italije u Zenici igraju za Mundijal, stadion \u0107e biti ispunjen do posljednjeg mjesta\"}]},{\"@type\":\"WebSite\",\"@id\":\"https:\/\/tuzlainfo.ba\/#website\",\"url\":\"https:\/\/tuzlainfo.ba\/\",\"name\":\"TuzlaInfo.ba\",\"description\":\"Tuzla info, gradski informator - Tuzla na dlanu\",\"publisher\":{\"@id\":\"https:\/\/tuzlainfo.ba\/#organization\"},\"potentialAction\":[{\"@type\":\"SearchAction\",\"target\":{\"@type\":\"EntryPoint\",\"urlTemplate\":\"https:\/\/tuzlainfo.ba\/?s={search_term_string}\"},\"query-input\":{\"@type\":\"PropertyValueSpecification\",\"valueRequired\":true,\"valueName\":\"search_term_string\"}}],\"inLanguage\":\"bs-BA\"},{\"@type\":\"Organization\",\"@id\":\"https:\/\/tuzlainfo.ba\/#organization\",\"name\":\"TuzlaInfo.ba\",\"url\":\"https:\/\/tuzlainfo.ba\/\",\"logo\":{\"@type\":\"ImageObject\",\"inLanguage\":\"bs-BA\",\"@id\":\"https:\/\/tuzlainfo.ba\/#\/schema\/logo\/image\/\",\"url\":\"https:\/\/tuzlainfo.ba\/wp-content\/uploads\/2021\/03\/logo-ver-3-1.png\",\"contentUrl\":\"https:\/\/tuzlainfo.ba\/wp-content\/uploads\/2021\/03\/logo-ver-3-1.png\",\"width\":350,\"height\":95,\"caption\":\"TuzlaInfo.ba\"},\"image\":{\"@id\":\"https:\/\/tuzlainfo.ba\/#\/schema\/logo\/image\/\"},\"sameAs\":[\"https:\/\/www.facebook.com\/tuzlainfo.ba\/\"]},{\"@type\":\"Person\",\"@id\":\"https:\/\/tuzlainfo.ba\/#\/schema\/person\/593e78a2f6378c5ba3e7600ecfa4e63a\",\"name\":\"Admin Tri\",\"image\":{\"@type\":\"ImageObject\",\"inLanguage\":\"bs-BA\",\"@id\":\"https:\/\/tuzlainfo.ba\/#\/schema\/person\/image\/\",\"url\":\"https:\/\/tuzlainfo.ba\/wp-content\/litespeed\/avatar\/b7920db4cc34a71ad12497283ad2fe3f.jpg?ver=1777100914\",\"contentUrl\":\"https:\/\/tuzlainfo.ba\/wp-content\/litespeed\/avatar\/b7920db4cc34a71ad12497283ad2fe3f.jpg?ver=1777100914\",\"caption\":\"Admin Tri\"},\"sameAs\":[\"https:\/\/tuzlainfo.ba\"]}]}<\/script>\n<!-- \/ Yoast SEO plugin. -->","yoast_head_json":{"title":"Zmajevi protiv Italije u Zenici igraju za Mundijal, stadion \u0107e biti ispunjen do posljednjeg mjesta - TuzlaInfo.ba","robots":{"index":"index","follow":"follow","max-snippet":"max-snippet:-1","max-image-preview":"max-image-preview:large","max-video-preview":"max-video-preview:-1"},"canonical":"https:\/\/tuzlainfo.ba\/index.php\/bosna-i-hercegovina\/item\/298545-zmajevi-protiv-italije-u-zenici-igraju-za-mundijal-stadion-ce-biti-ispunjen-do-posljednjeg-mjesta\/","og_locale":"bs_BA","og_type":"article","og_title":"Zmajevi protiv Italije u Zenici igraju za Mundijal, stadion \u0107e biti ispunjen do posljednjeg mjesta - TuzlaInfo.ba","og_description":"Fudbalska reprezentacija Bosne i Hercegovine u utorak protiv Italije u Zenici igra utakmicu odluke za&hellip;","og_url":"https:\/\/tuzlainfo.ba\/index.php\/bosna-i-hercegovina\/item\/298545-zmajevi-protiv-italije-u-zenici-igraju-za-mundijal-stadion-ce-biti-ispunjen-do-posljednjeg-mjesta\/","og_site_name":"TuzlaInfo.ba","article_publisher":"https:\/\/www.facebook.com\/tuzlainfo.ba\/","article_published_time":"2026-03-29T17:03:05+00:00","article_modified_time":"2026-03-27T13:03:24+00:00","og_image":[{"width":978,"height":683,"url":"https:\/\/tuzlainfo.ba\/wp-content\/uploads\/2026\/03\/zmajevi_slavlje_WAL_BIH_.jpg","type":"image\/jpeg"}],"author":"Admin Tri","twitter_card":"summary_large_image","twitter_misc":{"Written by":"Admin Tri","Est. reading time":"5 minuta"},"schema":{"@context":"https:\/\/schema.org","@graph":[{"@type":"Article","@id":"https:\/\/tuzlainfo.ba\/index.php\/bosna-i-hercegovina\/item\/298545-zmajevi-protiv-italije-u-zenici-igraju-za-mundijal-stadion-ce-biti-ispunjen-do-posljednjeg-mjesta\/#article","isPartOf":{"@id":"https:\/\/tuzlainfo.ba\/index.php\/bosna-i-hercegovina\/item\/298545-zmajevi-protiv-italije-u-zenici-igraju-za-mundijal-stadion-ce-biti-ispunjen-do-posljednjeg-mjesta\/"},"author":{"name":"Admin Tri","@id":"https:\/\/tuzlainfo.ba\/#\/schema\/person\/593e78a2f6378c5ba3e7600ecfa4e63a"},"headline":"Zmajevi protiv Italije u Zenici igraju za Mundijal, stadion \u0107e biti ispunjen do posljednjeg mjesta","datePublished":"2026-03-29T17:03:05+00:00","dateModified":"2026-03-27T13:03:24+00:00","mainEntityOfPage":{"@id":"https:\/\/tuzlainfo.ba\/index.php\/bosna-i-hercegovina\/item\/298545-zmajevi-protiv-italije-u-zenici-igraju-za-mundijal-stadion-ce-biti-ispunjen-do-posljednjeg-mjesta\/"},"wordCount":863,"publisher":{"@id":"https:\/\/tuzlainfo.ba\/#organization"},"image":{"@id":"https:\/\/tuzlainfo.ba\/index.php\/bosna-i-hercegovina\/item\/298545-zmajevi-protiv-italije-u-zenici-igraju-za-mundijal-stadion-ce-biti-ispunjen-do-posljednjeg-mjesta\/#primaryimage"},"thumbnailUrl":"https:\/\/tuzlainfo.ba\/wp-content\/uploads\/2026\/03\/zmajevi_slavlje_WAL_BIH_.jpg","keywords":["fudbal","reprezentacija","sport","svjetsko prvenstvo"],"articleSection":["Bosna i Hercegovina","Istaknuto"],"inLanguage":"bs-BA"},{"@type":"WebPage","@id":"https:\/\/tuzlainfo.ba\/index.php\/bosna-i-hercegovina\/item\/298545-zmajevi-protiv-italije-u-zenici-igraju-za-mundijal-stadion-ce-biti-ispunjen-do-posljednjeg-mjesta\/","url":"https:\/\/tuzlainfo.ba\/index.php\/bosna-i-hercegovina\/item\/298545-zmajevi-protiv-italije-u-zenici-igraju-za-mundijal-stadion-ce-biti-ispunjen-do-posljednjeg-mjesta\/","name":"Zmajevi protiv Italije u Zenici igraju za Mundijal, stadion \u0107e biti ispunjen do posljednjeg mjesta - TuzlaInfo.ba","isPartOf":{"@id":"https:\/\/tuzlainfo.ba\/#website"},"primaryImageOfPage":{"@id":"https:\/\/tuzlainfo.ba\/index.php\/bosna-i-hercegovina\/item\/298545-zmajevi-protiv-italije-u-zenici-igraju-za-mundijal-stadion-ce-biti-ispunjen-do-posljednjeg-mjesta\/#primaryimage"},"image":{"@id":"https:\/\/tuzlainfo.ba\/index.php\/bosna-i-hercegovina\/item\/298545-zmajevi-protiv-italije-u-zenici-igraju-za-mundijal-stadion-ce-biti-ispunjen-do-posljednjeg-mjesta\/#primaryimage"},"thumbnailUrl":"https:\/\/tuzlainfo.ba\/wp-content\/uploads\/2026\/03\/zmajevi_slavlje_WAL_BIH_.jpg","datePublished":"2026-03-29T17:03:05+00:00","dateModified":"2026-03-27T13:03:24+00:00","breadcrumb":{"@id":"https:\/\/tuzlainfo.ba\/index.php\/bosna-i-hercegovina\/item\/298545-zmajevi-protiv-italije-u-zenici-igraju-za-mundijal-stadion-ce-biti-ispunjen-do-posljednjeg-mjesta\/#breadcrumb"},"inLanguage":"bs-BA","potentialAction":[{"@type":"ReadAction","target":["https:\/\/tuzlainfo.ba\/index.php\/bosna-i-hercegovina\/item\/298545-zmajevi-protiv-italije-u-zenici-igraju-za-mundijal-stadion-ce-biti-ispunjen-do-posljednjeg-mjesta\/"]}]},{"@type":"ImageObject","inLanguage":"bs-BA","@id":"https:\/\/tuzlainfo.ba\/index.php\/bosna-i-hercegovina\/item\/298545-zmajevi-protiv-italije-u-zenici-igraju-za-mundijal-stadion-ce-biti-ispunjen-do-posljednjeg-mjesta\/#primaryimage","url":"https:\/\/tuzlainfo.ba\/wp-content\/uploads\/2026\/03\/zmajevi_slavlje_WAL_BIH_.jpg","contentUrl":"https:\/\/tuzlainfo.ba\/wp-content\/uploads\/2026\/03\/zmajevi_slavlje_WAL_BIH_.jpg","width":978,"height":683},{"@type":"BreadcrumbList","@id":"https:\/\/tuzlainfo.ba\/index.php\/bosna-i-hercegovina\/item\/298545-zmajevi-protiv-italije-u-zenici-igraju-za-mundijal-stadion-ce-biti-ispunjen-do-posljednjeg-mjesta\/#breadcrumb","itemListElement":[{"@type":"ListItem","position":1,"name":"Home","item":"https:\/\/tuzlainfo.ba\/"},{"@type":"ListItem","position":2,"name":"Zmajevi protiv Italije u Zenici igraju za Mundijal, stadion \u0107e biti ispunjen do posljednjeg mjesta"}]},{"@type":"WebSite","@id":"https:\/\/tuzlainfo.ba\/#website","url":"https:\/\/tuzlainfo.ba\/","name":"TuzlaInfo.ba","description":"Tuzla info, gradski informator - Tuzla na dlanu","publisher":{"@id":"https:\/\/tuzlainfo.ba\/#organization"},"potentialAction":[{"@type":"SearchAction","target":{"@type":"EntryPoint","urlTemplate":"https:\/\/tuzlainfo.ba\/?s={search_term_string}"},"query-input":{"@type":"PropertyValueSpecification","valueRequired":true,"valueName":"search_term_string"}}],"inLanguage":"bs-BA"},{"@type":"Organization","@id":"https:\/\/tuzlainfo.ba\/#organization","name":"TuzlaInfo.ba","url":"https:\/\/tuzlainfo.ba\/","logo":{"@type":"ImageObject","inLanguage":"bs-BA","@id":"https:\/\/tuzlainfo.ba\/#\/schema\/logo\/image\/","url":"https:\/\/tuzlainfo.ba\/wp-content\/uploads\/2021\/03\/logo-ver-3-1.png","contentUrl":"https:\/\/tuzlainfo.ba\/wp-content\/uploads\/2021\/03\/logo-ver-3-1.png","width":350,"height":95,"caption":"TuzlaInfo.ba"},"image":{"@id":"https:\/\/tuzlainfo.ba\/#\/schema\/logo\/image\/"},"sameAs":["https:\/\/www.facebook.com\/tuzlainfo.ba\/"]},{"@type":"Person","@id":"https:\/\/tuzlainfo.ba\/#\/schema\/person\/593e78a2f6378c5ba3e7600ecfa4e63a","name":"Admin Tri","image":{"@type":"ImageObject","inLanguage":"bs-BA","@id":"https:\/\/tuzlainfo.ba\/#\/schema\/person\/image\/","url":"https:\/\/tuzlainfo.ba\/wp-content\/litespeed\/avatar\/b7920db4cc34a71ad12497283ad2fe3f.jpg?ver=1777100914","contentUrl":"https:\/\/tuzlainfo.ba\/wp-content\/litespeed\/avatar\/b7920db4cc34a71ad12497283ad2fe3f.jpg?ver=1777100914","caption":"Admin Tri"},"sameAs":["https:\/\/tuzlainfo.ba"]}]}},"_links":{"self":[{"href":"https:\/\/tuzlainfo.ba\/index.php\/wp-json\/wp\/v2\/posts\/298545"}],"collection":[{"href":"https:\/\/tuzlainfo.ba\/index.php\/wp-json\/wp\/v2\/posts"}],"about":[{"href":"https:\/\/tuzlainfo.ba\/index.php\/wp-json\/wp\/v2\/types\/post"}],"author":[{"embeddable":true,"href":"https:\/\/tuzlainfo.ba\/index.php\/wp-json\/wp\/v2\/users\/8"}],"replies":[{"embeddable":true,"href":"https:\/\/tuzlainfo.ba\/index.php\/wp-json\/wp\/v2\/comments?post=298545"}],"version-history":[{"count":4,"href":"https:\/\/tuzlainfo.ba\/index.php\/wp-json\/wp\/v2\/posts\/298545\/revisions"}],"predecessor-version":[{"id":298586,"href":"https:\/\/tuzlainfo.ba\/index.php\/wp-json\/wp\/v2\/posts\/298545\/revisions\/298586"}],"wp:featuredmedia":[{"embeddable":true,"href":"https:\/\/tuzlainfo.ba\/index.php\/wp-json\/wp\/v2\/media\/298509"}],"wp:attachment":[{"href":"https:\/\/tuzlainfo.ba\/index.php\/wp-json\/wp\/v2\/media?parent=298545"}],"wp:term":[{"taxonomy":"category","embeddable":true,"href":"https:\/\/tuzlainfo.ba\/index.php\/wp-json\/wp\/v2\/categories?post=298545"},{"taxonomy":"post_tag","embeddable":true,"href":"https:\/\/tuzlainfo.ba\/index.php\/wp-json\/wp\/v2\/tags?post=298545"}],"curies":[{"name":"wp","href":"https:\/\/api.w.org\/{rel}","templated":true}]}}