{"id":298534,"date":"2026-03-27T09:32:54","date_gmt":"2026-03-27T08:32:54","guid":{"rendered":"https:\/\/tuzlainfo.ba\/?p=298534"},"modified":"2026-03-27T08:47:45","modified_gmt":"2026-03-27T07:47:45","slug":"vukanovic-tvrdi-da-je-novo-zaduzenje-rs-uvod-u-predizbornu-kupovinu-biraca","status":"publish","type":"post","link":"https:\/\/tuzlainfo.ba\/index.php\/bosna-i-hercegovina\/item\/298534-vukanovic-tvrdi-da-je-novo-zaduzenje-rs-uvod-u-predizbornu-kupovinu-biraca\/","title":{"rendered":"Vukanovi\u0107 tvrdi da je novo zadu\u017eenje RS uvod u predizbornu kupovinu bira\u010da"},"content":{"rendered":"<p>Republika Srpska realizovala je novo zadu\u017eenje na me\u0111unarodnom tr\u017ei\u0161tu kapitala emitovanjem referentne euroobveznice u iznosu od 500 miliona eura, uz fiksnu kamatnu stopu od 6,25 posto i dospije\u0107e u aprilu 2031. godine, saop\u0107ilo je Ministarstvo finansija RS. Vijest su prenijeli i doma\u0107i mediji, navode\u0107i da je rije\u010d o obveznici listiranoj na Londonskoj berzi.<\/p>\n<p>Iz Ministarstva finansija RS poru\u010dili su da ova transakcija predstavlja zna\u010dajan iskorak na me\u0111unarodnom tr\u017ei\u0161tu kapitala, isti\u010du\u0107i da je rije\u010d o prvom izdanju sa evropskog tr\u017ei\u0161ta u razvoju nakon izbijanja rata na Bliskom istoku. U saop\u0107enju se navodi i da je investitorski portfelj geografski diversifikovan, uz dominantno u\u010de\u0161\u0107e investitora koji ranije nisu ulagali u javni dug Republike Srpske.<\/p>\n<p>Vlasti u RS tvrde i da je potra\u017enja za ovom emisijom prema\u0161ila milijardu eura svega nekoliko sati nakon objave transakcije, te da je to najve\u0107a tra\u017enja u historiji njihovog zadu\u017eivanja. U saop\u0107enju se dodatno nagla\u0161ava da je ovo do sada najve\u0107e me\u0111unarodno zadu\u017eenje entiteta.<\/p>\n<p>Prve reakcije uslijedile su vrlo brzo. Zastupnik u Narodnoj skup\u0161tini RS i lider Liste za pravdu i red Neboj\u0161a Vukanovi\u0107 ocijenio je da je kamata visoka i upozorio da \u0107e dug, zajedno sa kamatama i drugim tro\u0161kovima, u narednim godinama predstavljati veliko optere\u0107enje. Na svom portalu naveo je da je o\u010dekivao zadu\u017eenje od 800 miliona, ali da se RS na kraju zadu\u017eila za 500 miliona eura, odnosno blizu milijardu maraka.<\/p>\n<p>Vukanovi\u0107 tvrdi i da bi novac mogao biti iskori\u0161ten za pove\u0107anje plata i ja\u010danje podr\u0161ke bira\u010da pred izbore, \u0161to je povezao s predizbornim ambijentom u Republici Srpskoj. Za sada iz vlasti nije bilo dodatnog odgovora na ove optu\u017ebe, osim saop\u0107enja Ministarstva finansija u kojem se emisija predstavlja kao potvrda povjerenja investitora.<\/p>\n<p>Novo zadu\u017eenje dolazi u trenutku kada se u javnosti ve\u0107 vodi rasprava o fiskalnoj odr\u017eivosti i cijeni zadu\u017eivanja, posebno zbog kamatne stope od 6,25 posto i roka dospije\u0107a do 2031. godine. Upravo zbog toga ova emisija euroobveznica, osim finansijskog, dobija i sna\u017ean politi\u010dki zna\u010daj.<\/p>\n","protected":false},"excerpt":{"rendered":"<p>Republika Srpska realizovala je novo zadu\u017eenje na me\u0111unarodnom tr\u017ei\u0161tu kapitala emitovanjem referentne euroobveznice u iznosu&hellip;<\/p>\n","protected":false},"author":8,"featured_media":287275,"comment_status":"closed","ping_status":"closed","sticky":false,"template":"","format":"standard","meta":{"_acf_changed":false,"footnotes":""},"categories":[291],"tags":[1341],"acf":[],"yoast_head":"<!-- This site is optimized with the Yoast SEO plugin v23.5 - https:\/\/yoast.com\/wordpress\/plugins\/seo\/ -->\n<title>Vukanovi\u0107 tvrdi da je novo zadu\u017eenje RS uvod u predizbornu kupovinu bira\u010da - TuzlaInfo.ba<\/title>\n<meta name=\"robots\" content=\"index, follow, max-snippet:-1, max-image-preview:large, max-video-preview:-1\" \/>\n<link rel=\"canonical\" href=\"https:\/\/tuzlainfo.ba\/index.php\/bosna-i-hercegovina\/item\/298534-vukanovic-tvrdi-da-je-novo-zaduzenje-rs-uvod-u-predizbornu-kupovinu-biraca\/\" \/>\n<meta property=\"og:locale\" content=\"bs_BA\" \/>\n<meta property=\"og:type\" content=\"article\" \/>\n<meta property=\"og:title\" content=\"Vukanovi\u0107 tvrdi da je novo zadu\u017eenje RS uvod u predizbornu kupovinu bira\u010da - TuzlaInfo.ba\" \/>\n<meta property=\"og:description\" content=\"Republika Srpska realizovala je novo zadu\u017eenje na me\u0111unarodnom tr\u017ei\u0161tu kapitala emitovanjem referentne euroobveznice u iznosu&hellip;\" \/>\n<meta property=\"og:url\" content=\"https:\/\/tuzlainfo.ba\/index.php\/bosna-i-hercegovina\/item\/298534-vukanovic-tvrdi-da-je-novo-zaduzenje-rs-uvod-u-predizbornu-kupovinu-biraca\/\" \/>\n<meta property=\"og:site_name\" content=\"TuzlaInfo.ba\" \/>\n<meta property=\"article:publisher\" content=\"https:\/\/www.facebook.com\/tuzlainfo.ba\/\" \/>\n<meta property=\"article:published_time\" content=\"2026-03-27T08:32:54+00:00\" \/>\n<meta property=\"article:modified_time\" content=\"2026-03-27T07:47:45+00:00\" \/>\n<meta property=\"og:image\" content=\"https:\/\/tuzlainfo.ba\/wp-content\/uploads\/2025\/11\/2411_nebojsa-vukanovic.jpeg\" \/>\n\t<meta property=\"og:image:width\" content=\"2560\" \/>\n\t<meta property=\"og:image:height\" content=\"1439\" \/>\n\t<meta property=\"og:image:type\" content=\"image\/jpeg\" \/>\n<meta name=\"author\" content=\"Admin Tri\" \/>\n<meta name=\"twitter:card\" content=\"summary_large_image\" \/>\n<meta name=\"twitter:label1\" content=\"Written by\" \/>\n\t<meta name=\"twitter:data1\" content=\"Admin Tri\" \/>\n\t<meta name=\"twitter:label2\" content=\"Est. reading time\" \/>\n\t<meta name=\"twitter:data2\" content=\"2 minute\" \/>\n<script type=\"application\/ld+json\" class=\"yoast-schema-graph\">{\"@context\":\"https:\/\/schema.org\",\"@graph\":[{\"@type\":\"Article\",\"@id\":\"https:\/\/tuzlainfo.ba\/index.php\/bosna-i-hercegovina\/item\/298534-vukanovic-tvrdi-da-je-novo-zaduzenje-rs-uvod-u-predizbornu-kupovinu-biraca\/#article\",\"isPartOf\":{\"@id\":\"https:\/\/tuzlainfo.ba\/index.php\/bosna-i-hercegovina\/item\/298534-vukanovic-tvrdi-da-je-novo-zaduzenje-rs-uvod-u-predizbornu-kupovinu-biraca\/\"},\"author\":{\"name\":\"Admin Tri\",\"@id\":\"https:\/\/tuzlainfo.ba\/#\/schema\/person\/593e78a2f6378c5ba3e7600ecfa4e63a\"},\"headline\":\"Vukanovi\u0107 tvrdi da je novo zadu\u017eenje RS uvod u predizbornu kupovinu bira\u010da\",\"datePublished\":\"2026-03-27T08:32:54+00:00\",\"dateModified\":\"2026-03-27T07:47:45+00:00\",\"mainEntityOfPage\":{\"@id\":\"https:\/\/tuzlainfo.ba\/index.php\/bosna-i-hercegovina\/item\/298534-vukanovic-tvrdi-da-je-novo-zaduzenje-rs-uvod-u-predizbornu-kupovinu-biraca\/\"},\"wordCount\":378,\"publisher\":{\"@id\":\"https:\/\/tuzlainfo.ba\/#organization\"},\"image\":{\"@id\":\"https:\/\/tuzlainfo.ba\/index.php\/bosna-i-hercegovina\/item\/298534-vukanovic-tvrdi-da-je-novo-zaduzenje-rs-uvod-u-predizbornu-kupovinu-biraca\/#primaryimage\"},\"thumbnailUrl\":\"https:\/\/tuzlainfo.ba\/wp-content\/uploads\/2025\/11\/2411_nebojsa-vukanovic.jpeg\",\"keywords\":[\"neboj\u0161a Vukanovi\u0107\"],\"articleSection\":[\"Bosna i Hercegovina\"],\"inLanguage\":\"bs-BA\"},{\"@type\":\"WebPage\",\"@id\":\"https:\/\/tuzlainfo.ba\/index.php\/bosna-i-hercegovina\/item\/298534-vukanovic-tvrdi-da-je-novo-zaduzenje-rs-uvod-u-predizbornu-kupovinu-biraca\/\",\"url\":\"https:\/\/tuzlainfo.ba\/index.php\/bosna-i-hercegovina\/item\/298534-vukanovic-tvrdi-da-je-novo-zaduzenje-rs-uvod-u-predizbornu-kupovinu-biraca\/\",\"name\":\"Vukanovi\u0107 tvrdi da je novo zadu\u017eenje RS uvod u predizbornu kupovinu bira\u010da - TuzlaInfo.ba\",\"isPartOf\":{\"@id\":\"https:\/\/tuzlainfo.ba\/#website\"},\"primaryImageOfPage\":{\"@id\":\"https:\/\/tuzlainfo.ba\/index.php\/bosna-i-hercegovina\/item\/298534-vukanovic-tvrdi-da-je-novo-zaduzenje-rs-uvod-u-predizbornu-kupovinu-biraca\/#primaryimage\"},\"image\":{\"@id\":\"https:\/\/tuzlainfo.ba\/index.php\/bosna-i-hercegovina\/item\/298534-vukanovic-tvrdi-da-je-novo-zaduzenje-rs-uvod-u-predizbornu-kupovinu-biraca\/#primaryimage\"},\"thumbnailUrl\":\"https:\/\/tuzlainfo.ba\/wp-content\/uploads\/2025\/11\/2411_nebojsa-vukanovic.jpeg\",\"datePublished\":\"2026-03-27T08:32:54+00:00\",\"dateModified\":\"2026-03-27T07:47:45+00:00\",\"breadcrumb\":{\"@id\":\"https:\/\/tuzlainfo.ba\/index.php\/bosna-i-hercegovina\/item\/298534-vukanovic-tvrdi-da-je-novo-zaduzenje-rs-uvod-u-predizbornu-kupovinu-biraca\/#breadcrumb\"},\"inLanguage\":\"bs-BA\",\"potentialAction\":[{\"@type\":\"ReadAction\",\"target\":[\"https:\/\/tuzlainfo.ba\/index.php\/bosna-i-hercegovina\/item\/298534-vukanovic-tvrdi-da-je-novo-zaduzenje-rs-uvod-u-predizbornu-kupovinu-biraca\/\"]}]},{\"@type\":\"ImageObject\",\"inLanguage\":\"bs-BA\",\"@id\":\"https:\/\/tuzlainfo.ba\/index.php\/bosna-i-hercegovina\/item\/298534-vukanovic-tvrdi-da-je-novo-zaduzenje-rs-uvod-u-predizbornu-kupovinu-biraca\/#primaryimage\",\"url\":\"https:\/\/tuzlainfo.ba\/wp-content\/uploads\/2025\/11\/2411_nebojsa-vukanovic.jpeg\",\"contentUrl\":\"https:\/\/tuzlainfo.ba\/wp-content\/uploads\/2025\/11\/2411_nebojsa-vukanovic.jpeg\",\"width\":2560,\"height\":1439},{\"@type\":\"BreadcrumbList\",\"@id\":\"https:\/\/tuzlainfo.ba\/index.php\/bosna-i-hercegovina\/item\/298534-vukanovic-tvrdi-da-je-novo-zaduzenje-rs-uvod-u-predizbornu-kupovinu-biraca\/#breadcrumb\",\"itemListElement\":[{\"@type\":\"ListItem\",\"position\":1,\"name\":\"Home\",\"item\":\"https:\/\/tuzlainfo.ba\/\"},{\"@type\":\"ListItem\",\"position\":2,\"name\":\"Vukanovi\u0107 tvrdi da je novo zadu\u017eenje RS uvod u predizbornu kupovinu bira\u010da\"}]},{\"@type\":\"WebSite\",\"@id\":\"https:\/\/tuzlainfo.ba\/#website\",\"url\":\"https:\/\/tuzlainfo.ba\/\",\"name\":\"TuzlaInfo.ba\",\"description\":\"Tuzla info, gradski informator - Tuzla na dlanu\",\"publisher\":{\"@id\":\"https:\/\/tuzlainfo.ba\/#organization\"},\"potentialAction\":[{\"@type\":\"SearchAction\",\"target\":{\"@type\":\"EntryPoint\",\"urlTemplate\":\"https:\/\/tuzlainfo.ba\/?s={search_term_string}\"},\"query-input\":{\"@type\":\"PropertyValueSpecification\",\"valueRequired\":true,\"valueName\":\"search_term_string\"}}],\"inLanguage\":\"bs-BA\"},{\"@type\":\"Organization\",\"@id\":\"https:\/\/tuzlainfo.ba\/#organization\",\"name\":\"TuzlaInfo.ba\",\"url\":\"https:\/\/tuzlainfo.ba\/\",\"logo\":{\"@type\":\"ImageObject\",\"inLanguage\":\"bs-BA\",\"@id\":\"https:\/\/tuzlainfo.ba\/#\/schema\/logo\/image\/\",\"url\":\"https:\/\/tuzlainfo.ba\/wp-content\/uploads\/2021\/03\/logo-ver-3-1.png\",\"contentUrl\":\"https:\/\/tuzlainfo.ba\/wp-content\/uploads\/2021\/03\/logo-ver-3-1.png\",\"width\":350,\"height\":95,\"caption\":\"TuzlaInfo.ba\"},\"image\":{\"@id\":\"https:\/\/tuzlainfo.ba\/#\/schema\/logo\/image\/\"},\"sameAs\":[\"https:\/\/www.facebook.com\/tuzlainfo.ba\/\"]},{\"@type\":\"Person\",\"@id\":\"https:\/\/tuzlainfo.ba\/#\/schema\/person\/593e78a2f6378c5ba3e7600ecfa4e63a\",\"name\":\"Admin Tri\",\"image\":{\"@type\":\"ImageObject\",\"inLanguage\":\"bs-BA\",\"@id\":\"https:\/\/tuzlainfo.ba\/#\/schema\/person\/image\/\",\"url\":\"https:\/\/tuzlainfo.ba\/wp-content\/litespeed\/avatar\/b7920db4cc34a71ad12497283ad2fe3f.jpg?ver=1777100914\",\"contentUrl\":\"https:\/\/tuzlainfo.ba\/wp-content\/litespeed\/avatar\/b7920db4cc34a71ad12497283ad2fe3f.jpg?ver=1777100914\",\"caption\":\"Admin Tri\"},\"sameAs\":[\"https:\/\/tuzlainfo.ba\"]}]}<\/script>\n<!-- \/ Yoast SEO plugin. -->","yoast_head_json":{"title":"Vukanovi\u0107 tvrdi da je novo zadu\u017eenje RS uvod u predizbornu kupovinu bira\u010da - TuzlaInfo.ba","robots":{"index":"index","follow":"follow","max-snippet":"max-snippet:-1","max-image-preview":"max-image-preview:large","max-video-preview":"max-video-preview:-1"},"canonical":"https:\/\/tuzlainfo.ba\/index.php\/bosna-i-hercegovina\/item\/298534-vukanovic-tvrdi-da-je-novo-zaduzenje-rs-uvod-u-predizbornu-kupovinu-biraca\/","og_locale":"bs_BA","og_type":"article","og_title":"Vukanovi\u0107 tvrdi da je novo zadu\u017eenje RS uvod u predizbornu kupovinu bira\u010da - TuzlaInfo.ba","og_description":"Republika Srpska realizovala je novo zadu\u017eenje na me\u0111unarodnom tr\u017ei\u0161tu kapitala emitovanjem referentne euroobveznice u iznosu&hellip;","og_url":"https:\/\/tuzlainfo.ba\/index.php\/bosna-i-hercegovina\/item\/298534-vukanovic-tvrdi-da-je-novo-zaduzenje-rs-uvod-u-predizbornu-kupovinu-biraca\/","og_site_name":"TuzlaInfo.ba","article_publisher":"https:\/\/www.facebook.com\/tuzlainfo.ba\/","article_published_time":"2026-03-27T08:32:54+00:00","article_modified_time":"2026-03-27T07:47:45+00:00","og_image":[{"width":2560,"height":1439,"url":"https:\/\/tuzlainfo.ba\/wp-content\/uploads\/2025\/11\/2411_nebojsa-vukanovic.jpeg","type":"image\/jpeg"}],"author":"Admin Tri","twitter_card":"summary_large_image","twitter_misc":{"Written by":"Admin Tri","Est. reading time":"2 minute"},"schema":{"@context":"https:\/\/schema.org","@graph":[{"@type":"Article","@id":"https:\/\/tuzlainfo.ba\/index.php\/bosna-i-hercegovina\/item\/298534-vukanovic-tvrdi-da-je-novo-zaduzenje-rs-uvod-u-predizbornu-kupovinu-biraca\/#article","isPartOf":{"@id":"https:\/\/tuzlainfo.ba\/index.php\/bosna-i-hercegovina\/item\/298534-vukanovic-tvrdi-da-je-novo-zaduzenje-rs-uvod-u-predizbornu-kupovinu-biraca\/"},"author":{"name":"Admin Tri","@id":"https:\/\/tuzlainfo.ba\/#\/schema\/person\/593e78a2f6378c5ba3e7600ecfa4e63a"},"headline":"Vukanovi\u0107 tvrdi da je novo zadu\u017eenje RS uvod u predizbornu kupovinu bira\u010da","datePublished":"2026-03-27T08:32:54+00:00","dateModified":"2026-03-27T07:47:45+00:00","mainEntityOfPage":{"@id":"https:\/\/tuzlainfo.ba\/index.php\/bosna-i-hercegovina\/item\/298534-vukanovic-tvrdi-da-je-novo-zaduzenje-rs-uvod-u-predizbornu-kupovinu-biraca\/"},"wordCount":378,"publisher":{"@id":"https:\/\/tuzlainfo.ba\/#organization"},"image":{"@id":"https:\/\/tuzlainfo.ba\/index.php\/bosna-i-hercegovina\/item\/298534-vukanovic-tvrdi-da-je-novo-zaduzenje-rs-uvod-u-predizbornu-kupovinu-biraca\/#primaryimage"},"thumbnailUrl":"https:\/\/tuzlainfo.ba\/wp-content\/uploads\/2025\/11\/2411_nebojsa-vukanovic.jpeg","keywords":["neboj\u0161a Vukanovi\u0107"],"articleSection":["Bosna i Hercegovina"],"inLanguage":"bs-BA"},{"@type":"WebPage","@id":"https:\/\/tuzlainfo.ba\/index.php\/bosna-i-hercegovina\/item\/298534-vukanovic-tvrdi-da-je-novo-zaduzenje-rs-uvod-u-predizbornu-kupovinu-biraca\/","url":"https:\/\/tuzlainfo.ba\/index.php\/bosna-i-hercegovina\/item\/298534-vukanovic-tvrdi-da-je-novo-zaduzenje-rs-uvod-u-predizbornu-kupovinu-biraca\/","name":"Vukanovi\u0107 tvrdi da je novo zadu\u017eenje RS uvod u predizbornu kupovinu bira\u010da - TuzlaInfo.ba","isPartOf":{"@id":"https:\/\/tuzlainfo.ba\/#website"},"primaryImageOfPage":{"@id":"https:\/\/tuzlainfo.ba\/index.php\/bosna-i-hercegovina\/item\/298534-vukanovic-tvrdi-da-je-novo-zaduzenje-rs-uvod-u-predizbornu-kupovinu-biraca\/#primaryimage"},"image":{"@id":"https:\/\/tuzlainfo.ba\/index.php\/bosna-i-hercegovina\/item\/298534-vukanovic-tvrdi-da-je-novo-zaduzenje-rs-uvod-u-predizbornu-kupovinu-biraca\/#primaryimage"},"thumbnailUrl":"https:\/\/tuzlainfo.ba\/wp-content\/uploads\/2025\/11\/2411_nebojsa-vukanovic.jpeg","datePublished":"2026-03-27T08:32:54+00:00","dateModified":"2026-03-27T07:47:45+00:00","breadcrumb":{"@id":"https:\/\/tuzlainfo.ba\/index.php\/bosna-i-hercegovina\/item\/298534-vukanovic-tvrdi-da-je-novo-zaduzenje-rs-uvod-u-predizbornu-kupovinu-biraca\/#breadcrumb"},"inLanguage":"bs-BA","potentialAction":[{"@type":"ReadAction","target":["https:\/\/tuzlainfo.ba\/index.php\/bosna-i-hercegovina\/item\/298534-vukanovic-tvrdi-da-je-novo-zaduzenje-rs-uvod-u-predizbornu-kupovinu-biraca\/"]}]},{"@type":"ImageObject","inLanguage":"bs-BA","@id":"https:\/\/tuzlainfo.ba\/index.php\/bosna-i-hercegovina\/item\/298534-vukanovic-tvrdi-da-je-novo-zaduzenje-rs-uvod-u-predizbornu-kupovinu-biraca\/#primaryimage","url":"https:\/\/tuzlainfo.ba\/wp-content\/uploads\/2025\/11\/2411_nebojsa-vukanovic.jpeg","contentUrl":"https:\/\/tuzlainfo.ba\/wp-content\/uploads\/2025\/11\/2411_nebojsa-vukanovic.jpeg","width":2560,"height":1439},{"@type":"BreadcrumbList","@id":"https:\/\/tuzlainfo.ba\/index.php\/bosna-i-hercegovina\/item\/298534-vukanovic-tvrdi-da-je-novo-zaduzenje-rs-uvod-u-predizbornu-kupovinu-biraca\/#breadcrumb","itemListElement":[{"@type":"ListItem","position":1,"name":"Home","item":"https:\/\/tuzlainfo.ba\/"},{"@type":"ListItem","position":2,"name":"Vukanovi\u0107 tvrdi da je novo zadu\u017eenje RS uvod u predizbornu kupovinu bira\u010da"}]},{"@type":"WebSite","@id":"https:\/\/tuzlainfo.ba\/#website","url":"https:\/\/tuzlainfo.ba\/","name":"TuzlaInfo.ba","description":"Tuzla info, gradski informator - Tuzla na dlanu","publisher":{"@id":"https:\/\/tuzlainfo.ba\/#organization"},"potentialAction":[{"@type":"SearchAction","target":{"@type":"EntryPoint","urlTemplate":"https:\/\/tuzlainfo.ba\/?s={search_term_string}"},"query-input":{"@type":"PropertyValueSpecification","valueRequired":true,"valueName":"search_term_string"}}],"inLanguage":"bs-BA"},{"@type":"Organization","@id":"https:\/\/tuzlainfo.ba\/#organization","name":"TuzlaInfo.ba","url":"https:\/\/tuzlainfo.ba\/","logo":{"@type":"ImageObject","inLanguage":"bs-BA","@id":"https:\/\/tuzlainfo.ba\/#\/schema\/logo\/image\/","url":"https:\/\/tuzlainfo.ba\/wp-content\/uploads\/2021\/03\/logo-ver-3-1.png","contentUrl":"https:\/\/tuzlainfo.ba\/wp-content\/uploads\/2021\/03\/logo-ver-3-1.png","width":350,"height":95,"caption":"TuzlaInfo.ba"},"image":{"@id":"https:\/\/tuzlainfo.ba\/#\/schema\/logo\/image\/"},"sameAs":["https:\/\/www.facebook.com\/tuzlainfo.ba\/"]},{"@type":"Person","@id":"https:\/\/tuzlainfo.ba\/#\/schema\/person\/593e78a2f6378c5ba3e7600ecfa4e63a","name":"Admin Tri","image":{"@type":"ImageObject","inLanguage":"bs-BA","@id":"https:\/\/tuzlainfo.ba\/#\/schema\/person\/image\/","url":"https:\/\/tuzlainfo.ba\/wp-content\/litespeed\/avatar\/b7920db4cc34a71ad12497283ad2fe3f.jpg?ver=1777100914","contentUrl":"https:\/\/tuzlainfo.ba\/wp-content\/litespeed\/avatar\/b7920db4cc34a71ad12497283ad2fe3f.jpg?ver=1777100914","caption":"Admin Tri"},"sameAs":["https:\/\/tuzlainfo.ba"]}]}},"_links":{"self":[{"href":"https:\/\/tuzlainfo.ba\/index.php\/wp-json\/wp\/v2\/posts\/298534"}],"collection":[{"href":"https:\/\/tuzlainfo.ba\/index.php\/wp-json\/wp\/v2\/posts"}],"about":[{"href":"https:\/\/tuzlainfo.ba\/index.php\/wp-json\/wp\/v2\/types\/post"}],"author":[{"embeddable":true,"href":"https:\/\/tuzlainfo.ba\/index.php\/wp-json\/wp\/v2\/users\/8"}],"replies":[{"embeddable":true,"href":"https:\/\/tuzlainfo.ba\/index.php\/wp-json\/wp\/v2\/comments?post=298534"}],"version-history":[{"count":1,"href":"https:\/\/tuzlainfo.ba\/index.php\/wp-json\/wp\/v2\/posts\/298534\/revisions"}],"predecessor-version":[{"id":298535,"href":"https:\/\/tuzlainfo.ba\/index.php\/wp-json\/wp\/v2\/posts\/298534\/revisions\/298535"}],"wp:featuredmedia":[{"embeddable":true,"href":"https:\/\/tuzlainfo.ba\/index.php\/wp-json\/wp\/v2\/media\/287275"}],"wp:attachment":[{"href":"https:\/\/tuzlainfo.ba\/index.php\/wp-json\/wp\/v2\/media?parent=298534"}],"wp:term":[{"taxonomy":"category","embeddable":true,"href":"https:\/\/tuzlainfo.ba\/index.php\/wp-json\/wp\/v2\/categories?post=298534"},{"taxonomy":"post_tag","embeddable":true,"href":"https:\/\/tuzlainfo.ba\/index.php\/wp-json\/wp\/v2\/tags?post=298534"}],"curies":[{"name":"wp","href":"https:\/\/api.w.org\/{rel}","templated":true}]}}