{"id":298497,"date":"2026-03-26T20:22:37","date_gmt":"2026-03-26T19:22:37","guid":{"rendered":"https:\/\/tuzlainfo.ba\/?p=298497"},"modified":"2026-03-26T20:22:37","modified_gmt":"2026-03-26T19:22:37","slug":"teska-grupa-rukometasi-bih-saznali-protivnike-u-kvalifikacijama-za-euro-2028","status":"publish","type":"post","link":"https:\/\/tuzlainfo.ba\/index.php\/bosna-i-hercegovina\/item\/298497-teska-grupa-rukometasi-bih-saznali-protivnike-u-kvalifikacijama-za-euro-2028\/","title":{"rendered":"Te\u0161ka grupa: Rukometa\u0161i BiH saznali protivnike u kvalifikacijama za Euro 2028"},"content":{"rendered":"<p data-start=\"0\" data-end=\"176\">Rukometna reprezentacija Bosne i Hercegovine saznala je protivnike u kvalifikacijama za Evropsko prvenstvo 2028. godine, koje \u0107e biti odr\u017eano u Portugalu, \u0160paniji i \u0160vicarskoj.<\/p>\n<p data-start=\"178\" data-end=\"365\">Na \u017erijebu odr\u017eanom u Lisabonu bh. rukometa\u0161i su izvu\u010deni u grupu 5, gdje \u0107e za plasman na smotru najboljih selekcija Starog kontinenta igrati protiv Slovenije, \u010ce\u0161ke Republike i Izraela.<\/p>\n<p data-start=\"367\" data-end=\"585\">Na\u0161a reprezentacija uo\u010di \u017erijeba nalazila se u tre\u0107em \u0161e\u0161iru zajedno sa selekcijama Belgije, Gruzije, Gr\u010dke, Litvanije, Crne Gore, Rumunije i Ukrajine, a \u017erijeb joj je donio zahtjevnu grupu sa kvalitetnim protivnicima.<\/p>\n<p data-start=\"587\" data-end=\"766\">Plasman na Evropsko prvenstvo izborit \u0107e po dvije prvoplasirane selekcije iz svake grupe, kao i \u010detiri najbolje tre\u0107eplasirane reprezentacije iz ukupno osam kvalifikacionih grupa.<\/p>\n<p data-start=\"768\" data-end=\"874\">Kvalifikacije po\u010dinju u novembru ove godine, dok su preostali termini zakazani za mart i maj 2027. godine.<\/p>\n<p data-start=\"876\" data-end=\"891\">Raspored grupa:<\/p>\n<p data-start=\"893\" data-end=\"1313\">Grupa 1: Hrvatska, Nizozemska, Litvanija, Finska<br data-start=\"941\" data-end=\"944\" \/>Grupa 2: Norve\u0161ka, Austrija, Gruzija, Turska<br data-start=\"988\" data-end=\"991\" \/>Grupa 3: Island, Srbija, Ukrajina, Estonija<br data-start=\"1034\" data-end=\"1037\" \/>Grupa 4: Ma\u0111arska, Farska Ostrva, Crna Gora, Kosovo<br data-start=\"1088\" data-end=\"1091\" \/>Grupa 5: Slovenija, \u010ce\u0161ka Republika, Bosna i Hercegovina, Izrael<br data-start=\"1155\" data-end=\"1158\" \/>Grupa 6: Francuska, Poljska, Rumunija, Latvija<br data-start=\"1204\" data-end=\"1207\" data-is-only-node=\"\" \/>Grupa 7: Njema\u010dka, Italija, Belgija, Slova\u010dka<br data-start=\"1252\" data-end=\"1255\" \/>Grupa 8: \u0160vedska, Sjeverna Makedonija, Gr\u010dka, Luksemburg<\/p>\n","protected":false},"excerpt":{"rendered":"<p>Rukometna reprezentacija Bosne i Hercegovine saznala je protivnike u kvalifikacijama za Evropsko prvenstvo 2028. godine,&hellip;<\/p>\n","protected":false},"author":2,"featured_media":297946,"comment_status":"closed","ping_status":"closed","sticky":false,"template":"","format":"standard","meta":{"_acf_changed":false,"footnotes":""},"categories":[291],"tags":[1048,915],"acf":[],"yoast_head":"<!-- This site is optimized with the Yoast SEO plugin v23.5 - https:\/\/yoast.com\/wordpress\/plugins\/seo\/ -->\n<title>Te\u0161ka grupa: Rukometa\u0161i BiH saznali protivnike u kvalifikacijama za Euro 2028 - TuzlaInfo.ba<\/title>\n<meta name=\"robots\" content=\"index, follow, max-snippet:-1, max-image-preview:large, max-video-preview:-1\" \/>\n<link rel=\"canonical\" href=\"https:\/\/tuzlainfo.ba\/index.php\/bosna-i-hercegovina\/item\/298497-teska-grupa-rukometasi-bih-saznali-protivnike-u-kvalifikacijama-za-euro-2028\/\" \/>\n<meta property=\"og:locale\" content=\"bs_BA\" \/>\n<meta property=\"og:type\" content=\"article\" \/>\n<meta property=\"og:title\" content=\"Te\u0161ka grupa: Rukometa\u0161i BiH saznali protivnike u kvalifikacijama za Euro 2028 - TuzlaInfo.ba\" \/>\n<meta property=\"og:description\" content=\"Rukometna reprezentacija Bosne i Hercegovine saznala je protivnike u kvalifikacijama za Evropsko prvenstvo 2028. godine,&hellip;\" \/>\n<meta property=\"og:url\" content=\"https:\/\/tuzlainfo.ba\/index.php\/bosna-i-hercegovina\/item\/298497-teska-grupa-rukometasi-bih-saznali-protivnike-u-kvalifikacijama-za-euro-2028\/\" \/>\n<meta property=\"og:site_name\" content=\"TuzlaInfo.ba\" \/>\n<meta property=\"article:publisher\" content=\"https:\/\/www.facebook.com\/tuzlainfo.ba\/\" \/>\n<meta property=\"article:published_time\" content=\"2026-03-26T19:22:37+00:00\" \/>\n<meta property=\"og:image\" content=\"https:\/\/tuzlainfo.ba\/wp-content\/uploads\/2026\/03\/rukomet_mejdan_navijaci.jpg\" \/>\n\t<meta property=\"og:image:width\" content=\"2048\" \/>\n\t<meta property=\"og:image:height\" content=\"1366\" \/>\n\t<meta property=\"og:image:type\" content=\"image\/jpeg\" \/>\n<meta name=\"author\" content=\"nedim\" \/>\n<meta name=\"twitter:card\" content=\"summary_large_image\" \/>\n<meta name=\"twitter:label1\" content=\"Written by\" \/>\n\t<meta name=\"twitter:data1\" content=\"nedim\" \/>\n\t<meta name=\"twitter:label2\" content=\"Est. reading time\" \/>\n\t<meta name=\"twitter:data2\" content=\"2 minute\" \/>\n<script type=\"application\/ld+json\" class=\"yoast-schema-graph\">{\"@context\":\"https:\/\/schema.org\",\"@graph\":[{\"@type\":\"Article\",\"@id\":\"https:\/\/tuzlainfo.ba\/index.php\/bosna-i-hercegovina\/item\/298497-teska-grupa-rukometasi-bih-saznali-protivnike-u-kvalifikacijama-za-euro-2028\/#article\",\"isPartOf\":{\"@id\":\"https:\/\/tuzlainfo.ba\/index.php\/bosna-i-hercegovina\/item\/298497-teska-grupa-rukometasi-bih-saznali-protivnike-u-kvalifikacijama-za-euro-2028\/\"},\"author\":{\"name\":\"nedim\",\"@id\":\"https:\/\/tuzlainfo.ba\/#\/schema\/person\/f434e20dc27ea133923aab08451b7f7f\"},\"headline\":\"Te\u0161ka grupa: Rukometa\u0161i BiH saznali protivnike u kvalifikacijama za Euro 2028\",\"datePublished\":\"2026-03-26T19:22:37+00:00\",\"dateModified\":\"2026-03-26T19:22:37+00:00\",\"mainEntityOfPage\":{\"@id\":\"https:\/\/tuzlainfo.ba\/index.php\/bosna-i-hercegovina\/item\/298497-teska-grupa-rukometasi-bih-saznali-protivnike-u-kvalifikacijama-za-euro-2028\/\"},\"wordCount\":193,\"publisher\":{\"@id\":\"https:\/\/tuzlainfo.ba\/#organization\"},\"image\":{\"@id\":\"https:\/\/tuzlainfo.ba\/index.php\/bosna-i-hercegovina\/item\/298497-teska-grupa-rukometasi-bih-saznali-protivnike-u-kvalifikacijama-za-euro-2028\/#primaryimage\"},\"thumbnailUrl\":\"https:\/\/tuzlainfo.ba\/wp-content\/uploads\/2026\/03\/rukomet_mejdan_navijaci.jpg\",\"keywords\":[\"rukometna reprezentacija bih\",\"sport\"],\"articleSection\":[\"Bosna i Hercegovina\"],\"inLanguage\":\"bs-BA\"},{\"@type\":\"WebPage\",\"@id\":\"https:\/\/tuzlainfo.ba\/index.php\/bosna-i-hercegovina\/item\/298497-teska-grupa-rukometasi-bih-saznali-protivnike-u-kvalifikacijama-za-euro-2028\/\",\"url\":\"https:\/\/tuzlainfo.ba\/index.php\/bosna-i-hercegovina\/item\/298497-teska-grupa-rukometasi-bih-saznali-protivnike-u-kvalifikacijama-za-euro-2028\/\",\"name\":\"Te\u0161ka grupa: Rukometa\u0161i BiH saznali protivnike u kvalifikacijama za Euro 2028 - TuzlaInfo.ba\",\"isPartOf\":{\"@id\":\"https:\/\/tuzlainfo.ba\/#website\"},\"primaryImageOfPage\":{\"@id\":\"https:\/\/tuzlainfo.ba\/index.php\/bosna-i-hercegovina\/item\/298497-teska-grupa-rukometasi-bih-saznali-protivnike-u-kvalifikacijama-za-euro-2028\/#primaryimage\"},\"image\":{\"@id\":\"https:\/\/tuzlainfo.ba\/index.php\/bosna-i-hercegovina\/item\/298497-teska-grupa-rukometasi-bih-saznali-protivnike-u-kvalifikacijama-za-euro-2028\/#primaryimage\"},\"thumbnailUrl\":\"https:\/\/tuzlainfo.ba\/wp-content\/uploads\/2026\/03\/rukomet_mejdan_navijaci.jpg\",\"datePublished\":\"2026-03-26T19:22:37+00:00\",\"dateModified\":\"2026-03-26T19:22:37+00:00\",\"breadcrumb\":{\"@id\":\"https:\/\/tuzlainfo.ba\/index.php\/bosna-i-hercegovina\/item\/298497-teska-grupa-rukometasi-bih-saznali-protivnike-u-kvalifikacijama-za-euro-2028\/#breadcrumb\"},\"inLanguage\":\"bs-BA\",\"potentialAction\":[{\"@type\":\"ReadAction\",\"target\":[\"https:\/\/tuzlainfo.ba\/index.php\/bosna-i-hercegovina\/item\/298497-teska-grupa-rukometasi-bih-saznali-protivnike-u-kvalifikacijama-za-euro-2028\/\"]}]},{\"@type\":\"ImageObject\",\"inLanguage\":\"bs-BA\",\"@id\":\"https:\/\/tuzlainfo.ba\/index.php\/bosna-i-hercegovina\/item\/298497-teska-grupa-rukometasi-bih-saznali-protivnike-u-kvalifikacijama-za-euro-2028\/#primaryimage\",\"url\":\"https:\/\/tuzlainfo.ba\/wp-content\/uploads\/2026\/03\/rukomet_mejdan_navijaci.jpg\",\"contentUrl\":\"https:\/\/tuzlainfo.ba\/wp-content\/uploads\/2026\/03\/rukomet_mejdan_navijaci.jpg\",\"width\":2048,\"height\":1366},{\"@type\":\"BreadcrumbList\",\"@id\":\"https:\/\/tuzlainfo.ba\/index.php\/bosna-i-hercegovina\/item\/298497-teska-grupa-rukometasi-bih-saznali-protivnike-u-kvalifikacijama-za-euro-2028\/#breadcrumb\",\"itemListElement\":[{\"@type\":\"ListItem\",\"position\":1,\"name\":\"Home\",\"item\":\"https:\/\/tuzlainfo.ba\/\"},{\"@type\":\"ListItem\",\"position\":2,\"name\":\"Te\u0161ka grupa: Rukometa\u0161i BiH saznali protivnike u kvalifikacijama za Euro 2028\"}]},{\"@type\":\"WebSite\",\"@id\":\"https:\/\/tuzlainfo.ba\/#website\",\"url\":\"https:\/\/tuzlainfo.ba\/\",\"name\":\"TuzlaInfo.ba\",\"description\":\"Tuzla info, gradski informator - Tuzla na dlanu\",\"publisher\":{\"@id\":\"https:\/\/tuzlainfo.ba\/#organization\"},\"potentialAction\":[{\"@type\":\"SearchAction\",\"target\":{\"@type\":\"EntryPoint\",\"urlTemplate\":\"https:\/\/tuzlainfo.ba\/?s={search_term_string}\"},\"query-input\":{\"@type\":\"PropertyValueSpecification\",\"valueRequired\":true,\"valueName\":\"search_term_string\"}}],\"inLanguage\":\"bs-BA\"},{\"@type\":\"Organization\",\"@id\":\"https:\/\/tuzlainfo.ba\/#organization\",\"name\":\"TuzlaInfo.ba\",\"url\":\"https:\/\/tuzlainfo.ba\/\",\"logo\":{\"@type\":\"ImageObject\",\"inLanguage\":\"bs-BA\",\"@id\":\"https:\/\/tuzlainfo.ba\/#\/schema\/logo\/image\/\",\"url\":\"https:\/\/tuzlainfo.ba\/wp-content\/uploads\/2021\/03\/logo-ver-3-1.png\",\"contentUrl\":\"https:\/\/tuzlainfo.ba\/wp-content\/uploads\/2021\/03\/logo-ver-3-1.png\",\"width\":350,\"height\":95,\"caption\":\"TuzlaInfo.ba\"},\"image\":{\"@id\":\"https:\/\/tuzlainfo.ba\/#\/schema\/logo\/image\/\"},\"sameAs\":[\"https:\/\/www.facebook.com\/tuzlainfo.ba\/\"]},{\"@type\":\"Person\",\"@id\":\"https:\/\/tuzlainfo.ba\/#\/schema\/person\/f434e20dc27ea133923aab08451b7f7f\",\"name\":\"nedim\",\"image\":{\"@type\":\"ImageObject\",\"inLanguage\":\"bs-BA\",\"@id\":\"https:\/\/tuzlainfo.ba\/#\/schema\/person\/image\/\",\"url\":\"https:\/\/tuzlainfo.ba\/wp-content\/litespeed\/avatar\/aabad687af24844af817603ac1cbdc4f.jpg?ver=1777306975\",\"contentUrl\":\"https:\/\/tuzlainfo.ba\/wp-content\/litespeed\/avatar\/aabad687af24844af817603ac1cbdc4f.jpg?ver=1777306975\",\"caption\":\"nedim\"},\"description\":\"Tuzlainfo.ba pratite na dru\u0161tvenim mre\u017eama: Facebook, Instagram i Youtube. Svoje pri\u010de, upite i fotografije \u0161aljite na na\u0161u e-mail adresu.\"}]}<\/script>\n<!-- \/ Yoast SEO plugin. -->","yoast_head_json":{"title":"Te\u0161ka grupa: Rukometa\u0161i BiH saznali protivnike u kvalifikacijama za Euro 2028 - TuzlaInfo.ba","robots":{"index":"index","follow":"follow","max-snippet":"max-snippet:-1","max-image-preview":"max-image-preview:large","max-video-preview":"max-video-preview:-1"},"canonical":"https:\/\/tuzlainfo.ba\/index.php\/bosna-i-hercegovina\/item\/298497-teska-grupa-rukometasi-bih-saznali-protivnike-u-kvalifikacijama-za-euro-2028\/","og_locale":"bs_BA","og_type":"article","og_title":"Te\u0161ka grupa: Rukometa\u0161i BiH saznali protivnike u kvalifikacijama za Euro 2028 - TuzlaInfo.ba","og_description":"Rukometna reprezentacija Bosne i Hercegovine saznala je protivnike u kvalifikacijama za Evropsko prvenstvo 2028. godine,&hellip;","og_url":"https:\/\/tuzlainfo.ba\/index.php\/bosna-i-hercegovina\/item\/298497-teska-grupa-rukometasi-bih-saznali-protivnike-u-kvalifikacijama-za-euro-2028\/","og_site_name":"TuzlaInfo.ba","article_publisher":"https:\/\/www.facebook.com\/tuzlainfo.ba\/","article_published_time":"2026-03-26T19:22:37+00:00","og_image":[{"width":2048,"height":1366,"url":"https:\/\/tuzlainfo.ba\/wp-content\/uploads\/2026\/03\/rukomet_mejdan_navijaci.jpg","type":"image\/jpeg"}],"author":"nedim","twitter_card":"summary_large_image","twitter_misc":{"Written by":"nedim","Est. reading time":"2 minute"},"schema":{"@context":"https:\/\/schema.org","@graph":[{"@type":"Article","@id":"https:\/\/tuzlainfo.ba\/index.php\/bosna-i-hercegovina\/item\/298497-teska-grupa-rukometasi-bih-saznali-protivnike-u-kvalifikacijama-za-euro-2028\/#article","isPartOf":{"@id":"https:\/\/tuzlainfo.ba\/index.php\/bosna-i-hercegovina\/item\/298497-teska-grupa-rukometasi-bih-saznali-protivnike-u-kvalifikacijama-za-euro-2028\/"},"author":{"name":"nedim","@id":"https:\/\/tuzlainfo.ba\/#\/schema\/person\/f434e20dc27ea133923aab08451b7f7f"},"headline":"Te\u0161ka grupa: Rukometa\u0161i BiH saznali protivnike u kvalifikacijama za Euro 2028","datePublished":"2026-03-26T19:22:37+00:00","dateModified":"2026-03-26T19:22:37+00:00","mainEntityOfPage":{"@id":"https:\/\/tuzlainfo.ba\/index.php\/bosna-i-hercegovina\/item\/298497-teska-grupa-rukometasi-bih-saznali-protivnike-u-kvalifikacijama-za-euro-2028\/"},"wordCount":193,"publisher":{"@id":"https:\/\/tuzlainfo.ba\/#organization"},"image":{"@id":"https:\/\/tuzlainfo.ba\/index.php\/bosna-i-hercegovina\/item\/298497-teska-grupa-rukometasi-bih-saznali-protivnike-u-kvalifikacijama-za-euro-2028\/#primaryimage"},"thumbnailUrl":"https:\/\/tuzlainfo.ba\/wp-content\/uploads\/2026\/03\/rukomet_mejdan_navijaci.jpg","keywords":["rukometna reprezentacija bih","sport"],"articleSection":["Bosna i Hercegovina"],"inLanguage":"bs-BA"},{"@type":"WebPage","@id":"https:\/\/tuzlainfo.ba\/index.php\/bosna-i-hercegovina\/item\/298497-teska-grupa-rukometasi-bih-saznali-protivnike-u-kvalifikacijama-za-euro-2028\/","url":"https:\/\/tuzlainfo.ba\/index.php\/bosna-i-hercegovina\/item\/298497-teska-grupa-rukometasi-bih-saznali-protivnike-u-kvalifikacijama-za-euro-2028\/","name":"Te\u0161ka grupa: Rukometa\u0161i BiH saznali protivnike u kvalifikacijama za Euro 2028 - TuzlaInfo.ba","isPartOf":{"@id":"https:\/\/tuzlainfo.ba\/#website"},"primaryImageOfPage":{"@id":"https:\/\/tuzlainfo.ba\/index.php\/bosna-i-hercegovina\/item\/298497-teska-grupa-rukometasi-bih-saznali-protivnike-u-kvalifikacijama-za-euro-2028\/#primaryimage"},"image":{"@id":"https:\/\/tuzlainfo.ba\/index.php\/bosna-i-hercegovina\/item\/298497-teska-grupa-rukometasi-bih-saznali-protivnike-u-kvalifikacijama-za-euro-2028\/#primaryimage"},"thumbnailUrl":"https:\/\/tuzlainfo.ba\/wp-content\/uploads\/2026\/03\/rukomet_mejdan_navijaci.jpg","datePublished":"2026-03-26T19:22:37+00:00","dateModified":"2026-03-26T19:22:37+00:00","breadcrumb":{"@id":"https:\/\/tuzlainfo.ba\/index.php\/bosna-i-hercegovina\/item\/298497-teska-grupa-rukometasi-bih-saznali-protivnike-u-kvalifikacijama-za-euro-2028\/#breadcrumb"},"inLanguage":"bs-BA","potentialAction":[{"@type":"ReadAction","target":["https:\/\/tuzlainfo.ba\/index.php\/bosna-i-hercegovina\/item\/298497-teska-grupa-rukometasi-bih-saznali-protivnike-u-kvalifikacijama-za-euro-2028\/"]}]},{"@type":"ImageObject","inLanguage":"bs-BA","@id":"https:\/\/tuzlainfo.ba\/index.php\/bosna-i-hercegovina\/item\/298497-teska-grupa-rukometasi-bih-saznali-protivnike-u-kvalifikacijama-za-euro-2028\/#primaryimage","url":"https:\/\/tuzlainfo.ba\/wp-content\/uploads\/2026\/03\/rukomet_mejdan_navijaci.jpg","contentUrl":"https:\/\/tuzlainfo.ba\/wp-content\/uploads\/2026\/03\/rukomet_mejdan_navijaci.jpg","width":2048,"height":1366},{"@type":"BreadcrumbList","@id":"https:\/\/tuzlainfo.ba\/index.php\/bosna-i-hercegovina\/item\/298497-teska-grupa-rukometasi-bih-saznali-protivnike-u-kvalifikacijama-za-euro-2028\/#breadcrumb","itemListElement":[{"@type":"ListItem","position":1,"name":"Home","item":"https:\/\/tuzlainfo.ba\/"},{"@type":"ListItem","position":2,"name":"Te\u0161ka grupa: Rukometa\u0161i BiH saznali protivnike u kvalifikacijama za Euro 2028"}]},{"@type":"WebSite","@id":"https:\/\/tuzlainfo.ba\/#website","url":"https:\/\/tuzlainfo.ba\/","name":"TuzlaInfo.ba","description":"Tuzla info, gradski informator - Tuzla na dlanu","publisher":{"@id":"https:\/\/tuzlainfo.ba\/#organization"},"potentialAction":[{"@type":"SearchAction","target":{"@type":"EntryPoint","urlTemplate":"https:\/\/tuzlainfo.ba\/?s={search_term_string}"},"query-input":{"@type":"PropertyValueSpecification","valueRequired":true,"valueName":"search_term_string"}}],"inLanguage":"bs-BA"},{"@type":"Organization","@id":"https:\/\/tuzlainfo.ba\/#organization","name":"TuzlaInfo.ba","url":"https:\/\/tuzlainfo.ba\/","logo":{"@type":"ImageObject","inLanguage":"bs-BA","@id":"https:\/\/tuzlainfo.ba\/#\/schema\/logo\/image\/","url":"https:\/\/tuzlainfo.ba\/wp-content\/uploads\/2021\/03\/logo-ver-3-1.png","contentUrl":"https:\/\/tuzlainfo.ba\/wp-content\/uploads\/2021\/03\/logo-ver-3-1.png","width":350,"height":95,"caption":"TuzlaInfo.ba"},"image":{"@id":"https:\/\/tuzlainfo.ba\/#\/schema\/logo\/image\/"},"sameAs":["https:\/\/www.facebook.com\/tuzlainfo.ba\/"]},{"@type":"Person","@id":"https:\/\/tuzlainfo.ba\/#\/schema\/person\/f434e20dc27ea133923aab08451b7f7f","name":"nedim","image":{"@type":"ImageObject","inLanguage":"bs-BA","@id":"https:\/\/tuzlainfo.ba\/#\/schema\/person\/image\/","url":"https:\/\/tuzlainfo.ba\/wp-content\/litespeed\/avatar\/aabad687af24844af817603ac1cbdc4f.jpg?ver=1777306975","contentUrl":"https:\/\/tuzlainfo.ba\/wp-content\/litespeed\/avatar\/aabad687af24844af817603ac1cbdc4f.jpg?ver=1777306975","caption":"nedim"},"description":"Tuzlainfo.ba pratite na dru\u0161tvenim mre\u017eama: Facebook, Instagram i Youtube. Svoje pri\u010de, upite i fotografije \u0161aljite na na\u0161u e-mail adresu."}]}},"_links":{"self":[{"href":"https:\/\/tuzlainfo.ba\/index.php\/wp-json\/wp\/v2\/posts\/298497"}],"collection":[{"href":"https:\/\/tuzlainfo.ba\/index.php\/wp-json\/wp\/v2\/posts"}],"about":[{"href":"https:\/\/tuzlainfo.ba\/index.php\/wp-json\/wp\/v2\/types\/post"}],"author":[{"embeddable":true,"href":"https:\/\/tuzlainfo.ba\/index.php\/wp-json\/wp\/v2\/users\/2"}],"replies":[{"embeddable":true,"href":"https:\/\/tuzlainfo.ba\/index.php\/wp-json\/wp\/v2\/comments?post=298497"}],"version-history":[{"count":1,"href":"https:\/\/tuzlainfo.ba\/index.php\/wp-json\/wp\/v2\/posts\/298497\/revisions"}],"predecessor-version":[{"id":298498,"href":"https:\/\/tuzlainfo.ba\/index.php\/wp-json\/wp\/v2\/posts\/298497\/revisions\/298498"}],"wp:featuredmedia":[{"embeddable":true,"href":"https:\/\/tuzlainfo.ba\/index.php\/wp-json\/wp\/v2\/media\/297946"}],"wp:attachment":[{"href":"https:\/\/tuzlainfo.ba\/index.php\/wp-json\/wp\/v2\/media?parent=298497"}],"wp:term":[{"taxonomy":"category","embeddable":true,"href":"https:\/\/tuzlainfo.ba\/index.php\/wp-json\/wp\/v2\/categories?post=298497"},{"taxonomy":"post_tag","embeddable":true,"href":"https:\/\/tuzlainfo.ba\/index.php\/wp-json\/wp\/v2\/tags?post=298497"}],"curies":[{"name":"wp","href":"https:\/\/api.w.org\/{rel}","templated":true}]}}