{"id":298440,"date":"2026-03-29T07:44:34","date_gmt":"2026-03-29T05:44:34","guid":{"rendered":"https:\/\/tuzlainfo.ba\/?p=298440"},"modified":"2026-03-29T09:43:13","modified_gmt":"2026-03-29T07:43:13","slug":"danas-u-vecem-dijelu-zemlje-oblacno-sa-snijegom-i-susnjezicom","status":"publish","type":"post","link":"https:\/\/tuzlainfo.ba\/index.php\/bosna-i-hercegovina\/item\/298440-danas-u-vecem-dijelu-zemlje-oblacno-sa-snijegom-i-susnjezicom\/","title":{"rendered":"Danas u ve\u0107em dijelu zemlje obla\u010dno sa snijegom i susnje\u017eicom"},"content":{"rendered":"<p>Jutros je u Bosni i Hercegovini obla\u010dno. U Bosni, sjeveru i istoku Hercegovine pada snijeg ili susnje\u017eica, a u nizinama pada i ki\u0161a.<\/p>\n<p>Temperature zraka izmjerene u 8:00 sati (\u00b0C): Bjela\u0161nica -7; Sarajevo, Sokolac i Tuzla 0; Srebrenica 1; Sanski Most 2; Doboj i Livno 3; Banja Luka i Prijedor 4; Bijeljina 5; Trebinje 7; Mostar 10\u00b0C.<\/p>\n<p>Danas u Bosni obla\u010dno sa snijegom i susnje\u017eicom. U nizinama \u0107e padati i ki\u0161a. U Hercegovini slabije padavine u sjevernim i isto\u010dnim podru\u010djima, dok se na jugu o\u010dekuje smanjenje obla\u010dnosti. Vjetar je slab do umjerene ja\u010dine sjevernog i sjeverozapadnog smjera. Najvi\u0161a dnevna temperatura zraka uglavnom izme\u0111u 2 i 7\u00b0C, na jugu zemlje od 9 do 14\u00b0C.<\/p>\n","protected":false},"excerpt":{"rendered":"<p>Jutros je u Bosni i Hercegovini obla\u010dno. U Bosni, sjeveru i istoku Hercegovine pada snijeg&hellip;<\/p>\n","protected":false},"author":8,"featured_media":222719,"comment_status":"closed","ping_status":"closed","sticky":false,"template":"","format":"standard","meta":{"_acf_changed":false,"footnotes":""},"categories":[291,304],"tags":[328,312],"acf":[],"yoast_head":"<!-- This site is optimized with the Yoast SEO plugin v23.5 - https:\/\/yoast.com\/wordpress\/plugins\/seo\/ -->\n<title>Danas u ve\u0107em dijelu zemlje obla\u010dno sa snijegom i susnje\u017eicom - TuzlaInfo.ba<\/title>\n<meta name=\"robots\" content=\"index, follow, max-snippet:-1, max-image-preview:large, max-video-preview:-1\" \/>\n<link rel=\"canonical\" href=\"https:\/\/tuzlainfo.ba\/index.php\/bosna-i-hercegovina\/item\/298440-danas-u-vecem-dijelu-zemlje-oblacno-sa-snijegom-i-susnjezicom\/\" \/>\n<meta property=\"og:locale\" content=\"bs_BA\" \/>\n<meta property=\"og:type\" content=\"article\" \/>\n<meta property=\"og:title\" content=\"Danas u ve\u0107em dijelu zemlje obla\u010dno sa snijegom i susnje\u017eicom - TuzlaInfo.ba\" \/>\n<meta property=\"og:description\" content=\"Jutros je u Bosni i Hercegovini obla\u010dno. U Bosni, sjeveru i istoku Hercegovine pada snijeg&hellip;\" \/>\n<meta property=\"og:url\" content=\"https:\/\/tuzlainfo.ba\/index.php\/bosna-i-hercegovina\/item\/298440-danas-u-vecem-dijelu-zemlje-oblacno-sa-snijegom-i-susnjezicom\/\" \/>\n<meta property=\"og:site_name\" content=\"TuzlaInfo.ba\" \/>\n<meta property=\"article:publisher\" content=\"https:\/\/www.facebook.com\/tuzlainfo.ba\/\" \/>\n<meta property=\"article:published_time\" content=\"2026-03-29T05:44:34+00:00\" \/>\n<meta property=\"article:modified_time\" content=\"2026-03-29T07:43:13+00:00\" \/>\n<meta property=\"og:image\" content=\"https:\/\/tuzlainfo.ba\/wp-content\/uploads\/2023\/11\/1611_kisa_jesen_vrijeme1.jpg\" \/>\n\t<meta property=\"og:image:width\" content=\"2048\" \/>\n\t<meta property=\"og:image:height\" content=\"1537\" \/>\n\t<meta property=\"og:image:type\" content=\"image\/jpeg\" \/>\n<meta name=\"author\" content=\"Admin Tri\" \/>\n<meta name=\"twitter:card\" content=\"summary_large_image\" \/>\n<meta name=\"twitter:label1\" content=\"Written by\" \/>\n\t<meta name=\"twitter:data1\" content=\"Admin Tri\" \/>\n\t<meta name=\"twitter:label2\" content=\"Est. reading time\" \/>\n\t<meta name=\"twitter:data2\" content=\"1 minuta\" \/>\n<script type=\"application\/ld+json\" class=\"yoast-schema-graph\">{\"@context\":\"https:\/\/schema.org\",\"@graph\":[{\"@type\":\"Article\",\"@id\":\"https:\/\/tuzlainfo.ba\/index.php\/bosna-i-hercegovina\/item\/298440-danas-u-vecem-dijelu-zemlje-oblacno-sa-snijegom-i-susnjezicom\/#article\",\"isPartOf\":{\"@id\":\"https:\/\/tuzlainfo.ba\/index.php\/bosna-i-hercegovina\/item\/298440-danas-u-vecem-dijelu-zemlje-oblacno-sa-snijegom-i-susnjezicom\/\"},\"author\":{\"name\":\"Admin Tri\",\"@id\":\"https:\/\/tuzlainfo.ba\/#\/schema\/person\/593e78a2f6378c5ba3e7600ecfa4e63a\"},\"headline\":\"Danas u ve\u0107em dijelu zemlje obla\u010dno sa snijegom i susnje\u017eicom\",\"datePublished\":\"2026-03-29T05:44:34+00:00\",\"dateModified\":\"2026-03-29T07:43:13+00:00\",\"mainEntityOfPage\":{\"@id\":\"https:\/\/tuzlainfo.ba\/index.php\/bosna-i-hercegovina\/item\/298440-danas-u-vecem-dijelu-zemlje-oblacno-sa-snijegom-i-susnjezicom\/\"},\"wordCount\":130,\"publisher\":{\"@id\":\"https:\/\/tuzlainfo.ba\/#organization\"},\"image\":{\"@id\":\"https:\/\/tuzlainfo.ba\/index.php\/bosna-i-hercegovina\/item\/298440-danas-u-vecem-dijelu-zemlje-oblacno-sa-snijegom-i-susnjezicom\/#primaryimage\"},\"thumbnailUrl\":\"https:\/\/tuzlainfo.ba\/wp-content\/uploads\/2023\/11\/1611_kisa_jesen_vrijeme1.jpg\",\"keywords\":[\"vremenska prognoza\",\"vrijeme\"],\"articleSection\":[\"Bosna i Hercegovina\",\"Istaknuto\"],\"inLanguage\":\"bs-BA\"},{\"@type\":\"WebPage\",\"@id\":\"https:\/\/tuzlainfo.ba\/index.php\/bosna-i-hercegovina\/item\/298440-danas-u-vecem-dijelu-zemlje-oblacno-sa-snijegom-i-susnjezicom\/\",\"url\":\"https:\/\/tuzlainfo.ba\/index.php\/bosna-i-hercegovina\/item\/298440-danas-u-vecem-dijelu-zemlje-oblacno-sa-snijegom-i-susnjezicom\/\",\"name\":\"Danas u ve\u0107em dijelu zemlje obla\u010dno sa snijegom i susnje\u017eicom - TuzlaInfo.ba\",\"isPartOf\":{\"@id\":\"https:\/\/tuzlainfo.ba\/#website\"},\"primaryImageOfPage\":{\"@id\":\"https:\/\/tuzlainfo.ba\/index.php\/bosna-i-hercegovina\/item\/298440-danas-u-vecem-dijelu-zemlje-oblacno-sa-snijegom-i-susnjezicom\/#primaryimage\"},\"image\":{\"@id\":\"https:\/\/tuzlainfo.ba\/index.php\/bosna-i-hercegovina\/item\/298440-danas-u-vecem-dijelu-zemlje-oblacno-sa-snijegom-i-susnjezicom\/#primaryimage\"},\"thumbnailUrl\":\"https:\/\/tuzlainfo.ba\/wp-content\/uploads\/2023\/11\/1611_kisa_jesen_vrijeme1.jpg\",\"datePublished\":\"2026-03-29T05:44:34+00:00\",\"dateModified\":\"2026-03-29T07:43:13+00:00\",\"breadcrumb\":{\"@id\":\"https:\/\/tuzlainfo.ba\/index.php\/bosna-i-hercegovina\/item\/298440-danas-u-vecem-dijelu-zemlje-oblacno-sa-snijegom-i-susnjezicom\/#breadcrumb\"},\"inLanguage\":\"bs-BA\",\"potentialAction\":[{\"@type\":\"ReadAction\",\"target\":[\"https:\/\/tuzlainfo.ba\/index.php\/bosna-i-hercegovina\/item\/298440-danas-u-vecem-dijelu-zemlje-oblacno-sa-snijegom-i-susnjezicom\/\"]}]},{\"@type\":\"ImageObject\",\"inLanguage\":\"bs-BA\",\"@id\":\"https:\/\/tuzlainfo.ba\/index.php\/bosna-i-hercegovina\/item\/298440-danas-u-vecem-dijelu-zemlje-oblacno-sa-snijegom-i-susnjezicom\/#primaryimage\",\"url\":\"https:\/\/tuzlainfo.ba\/wp-content\/uploads\/2023\/11\/1611_kisa_jesen_vrijeme1.jpg\",\"contentUrl\":\"https:\/\/tuzlainfo.ba\/wp-content\/uploads\/2023\/11\/1611_kisa_jesen_vrijeme1.jpg\",\"width\":2048,\"height\":1537},{\"@type\":\"BreadcrumbList\",\"@id\":\"https:\/\/tuzlainfo.ba\/index.php\/bosna-i-hercegovina\/item\/298440-danas-u-vecem-dijelu-zemlje-oblacno-sa-snijegom-i-susnjezicom\/#breadcrumb\",\"itemListElement\":[{\"@type\":\"ListItem\",\"position\":1,\"name\":\"Home\",\"item\":\"https:\/\/tuzlainfo.ba\/\"},{\"@type\":\"ListItem\",\"position\":2,\"name\":\"Danas u ve\u0107em dijelu zemlje obla\u010dno sa snijegom i susnje\u017eicom\"}]},{\"@type\":\"WebSite\",\"@id\":\"https:\/\/tuzlainfo.ba\/#website\",\"url\":\"https:\/\/tuzlainfo.ba\/\",\"name\":\"TuzlaInfo.ba\",\"description\":\"Tuzla info, gradski informator - Tuzla na dlanu\",\"publisher\":{\"@id\":\"https:\/\/tuzlainfo.ba\/#organization\"},\"potentialAction\":[{\"@type\":\"SearchAction\",\"target\":{\"@type\":\"EntryPoint\",\"urlTemplate\":\"https:\/\/tuzlainfo.ba\/?s={search_term_string}\"},\"query-input\":{\"@type\":\"PropertyValueSpecification\",\"valueRequired\":true,\"valueName\":\"search_term_string\"}}],\"inLanguage\":\"bs-BA\"},{\"@type\":\"Organization\",\"@id\":\"https:\/\/tuzlainfo.ba\/#organization\",\"name\":\"TuzlaInfo.ba\",\"url\":\"https:\/\/tuzlainfo.ba\/\",\"logo\":{\"@type\":\"ImageObject\",\"inLanguage\":\"bs-BA\",\"@id\":\"https:\/\/tuzlainfo.ba\/#\/schema\/logo\/image\/\",\"url\":\"https:\/\/tuzlainfo.ba\/wp-content\/uploads\/2021\/03\/logo-ver-3-1.png\",\"contentUrl\":\"https:\/\/tuzlainfo.ba\/wp-content\/uploads\/2021\/03\/logo-ver-3-1.png\",\"width\":350,\"height\":95,\"caption\":\"TuzlaInfo.ba\"},\"image\":{\"@id\":\"https:\/\/tuzlainfo.ba\/#\/schema\/logo\/image\/\"},\"sameAs\":[\"https:\/\/www.facebook.com\/tuzlainfo.ba\/\"]},{\"@type\":\"Person\",\"@id\":\"https:\/\/tuzlainfo.ba\/#\/schema\/person\/593e78a2f6378c5ba3e7600ecfa4e63a\",\"name\":\"Admin Tri\",\"image\":{\"@type\":\"ImageObject\",\"inLanguage\":\"bs-BA\",\"@id\":\"https:\/\/tuzlainfo.ba\/#\/schema\/person\/image\/\",\"url\":\"https:\/\/tuzlainfo.ba\/wp-content\/litespeed\/avatar\/b7920db4cc34a71ad12497283ad2fe3f.jpg?ver=1777100914\",\"contentUrl\":\"https:\/\/tuzlainfo.ba\/wp-content\/litespeed\/avatar\/b7920db4cc34a71ad12497283ad2fe3f.jpg?ver=1777100914\",\"caption\":\"Admin Tri\"},\"sameAs\":[\"https:\/\/tuzlainfo.ba\"]}]}<\/script>\n<!-- \/ Yoast SEO plugin. -->","yoast_head_json":{"title":"Danas u ve\u0107em dijelu zemlje obla\u010dno sa snijegom i susnje\u017eicom - TuzlaInfo.ba","robots":{"index":"index","follow":"follow","max-snippet":"max-snippet:-1","max-image-preview":"max-image-preview:large","max-video-preview":"max-video-preview:-1"},"canonical":"https:\/\/tuzlainfo.ba\/index.php\/bosna-i-hercegovina\/item\/298440-danas-u-vecem-dijelu-zemlje-oblacno-sa-snijegom-i-susnjezicom\/","og_locale":"bs_BA","og_type":"article","og_title":"Danas u ve\u0107em dijelu zemlje obla\u010dno sa snijegom i susnje\u017eicom - TuzlaInfo.ba","og_description":"Jutros je u Bosni i Hercegovini obla\u010dno. U Bosni, sjeveru i istoku Hercegovine pada snijeg&hellip;","og_url":"https:\/\/tuzlainfo.ba\/index.php\/bosna-i-hercegovina\/item\/298440-danas-u-vecem-dijelu-zemlje-oblacno-sa-snijegom-i-susnjezicom\/","og_site_name":"TuzlaInfo.ba","article_publisher":"https:\/\/www.facebook.com\/tuzlainfo.ba\/","article_published_time":"2026-03-29T05:44:34+00:00","article_modified_time":"2026-03-29T07:43:13+00:00","og_image":[{"width":2048,"height":1537,"url":"https:\/\/tuzlainfo.ba\/wp-content\/uploads\/2023\/11\/1611_kisa_jesen_vrijeme1.jpg","type":"image\/jpeg"}],"author":"Admin Tri","twitter_card":"summary_large_image","twitter_misc":{"Written by":"Admin Tri","Est. reading time":"1 minuta"},"schema":{"@context":"https:\/\/schema.org","@graph":[{"@type":"Article","@id":"https:\/\/tuzlainfo.ba\/index.php\/bosna-i-hercegovina\/item\/298440-danas-u-vecem-dijelu-zemlje-oblacno-sa-snijegom-i-susnjezicom\/#article","isPartOf":{"@id":"https:\/\/tuzlainfo.ba\/index.php\/bosna-i-hercegovina\/item\/298440-danas-u-vecem-dijelu-zemlje-oblacno-sa-snijegom-i-susnjezicom\/"},"author":{"name":"Admin Tri","@id":"https:\/\/tuzlainfo.ba\/#\/schema\/person\/593e78a2f6378c5ba3e7600ecfa4e63a"},"headline":"Danas u ve\u0107em dijelu zemlje obla\u010dno sa snijegom i susnje\u017eicom","datePublished":"2026-03-29T05:44:34+00:00","dateModified":"2026-03-29T07:43:13+00:00","mainEntityOfPage":{"@id":"https:\/\/tuzlainfo.ba\/index.php\/bosna-i-hercegovina\/item\/298440-danas-u-vecem-dijelu-zemlje-oblacno-sa-snijegom-i-susnjezicom\/"},"wordCount":130,"publisher":{"@id":"https:\/\/tuzlainfo.ba\/#organization"},"image":{"@id":"https:\/\/tuzlainfo.ba\/index.php\/bosna-i-hercegovina\/item\/298440-danas-u-vecem-dijelu-zemlje-oblacno-sa-snijegom-i-susnjezicom\/#primaryimage"},"thumbnailUrl":"https:\/\/tuzlainfo.ba\/wp-content\/uploads\/2023\/11\/1611_kisa_jesen_vrijeme1.jpg","keywords":["vremenska prognoza","vrijeme"],"articleSection":["Bosna i Hercegovina","Istaknuto"],"inLanguage":"bs-BA"},{"@type":"WebPage","@id":"https:\/\/tuzlainfo.ba\/index.php\/bosna-i-hercegovina\/item\/298440-danas-u-vecem-dijelu-zemlje-oblacno-sa-snijegom-i-susnjezicom\/","url":"https:\/\/tuzlainfo.ba\/index.php\/bosna-i-hercegovina\/item\/298440-danas-u-vecem-dijelu-zemlje-oblacno-sa-snijegom-i-susnjezicom\/","name":"Danas u ve\u0107em dijelu zemlje obla\u010dno sa snijegom i susnje\u017eicom - TuzlaInfo.ba","isPartOf":{"@id":"https:\/\/tuzlainfo.ba\/#website"},"primaryImageOfPage":{"@id":"https:\/\/tuzlainfo.ba\/index.php\/bosna-i-hercegovina\/item\/298440-danas-u-vecem-dijelu-zemlje-oblacno-sa-snijegom-i-susnjezicom\/#primaryimage"},"image":{"@id":"https:\/\/tuzlainfo.ba\/index.php\/bosna-i-hercegovina\/item\/298440-danas-u-vecem-dijelu-zemlje-oblacno-sa-snijegom-i-susnjezicom\/#primaryimage"},"thumbnailUrl":"https:\/\/tuzlainfo.ba\/wp-content\/uploads\/2023\/11\/1611_kisa_jesen_vrijeme1.jpg","datePublished":"2026-03-29T05:44:34+00:00","dateModified":"2026-03-29T07:43:13+00:00","breadcrumb":{"@id":"https:\/\/tuzlainfo.ba\/index.php\/bosna-i-hercegovina\/item\/298440-danas-u-vecem-dijelu-zemlje-oblacno-sa-snijegom-i-susnjezicom\/#breadcrumb"},"inLanguage":"bs-BA","potentialAction":[{"@type":"ReadAction","target":["https:\/\/tuzlainfo.ba\/index.php\/bosna-i-hercegovina\/item\/298440-danas-u-vecem-dijelu-zemlje-oblacno-sa-snijegom-i-susnjezicom\/"]}]},{"@type":"ImageObject","inLanguage":"bs-BA","@id":"https:\/\/tuzlainfo.ba\/index.php\/bosna-i-hercegovina\/item\/298440-danas-u-vecem-dijelu-zemlje-oblacno-sa-snijegom-i-susnjezicom\/#primaryimage","url":"https:\/\/tuzlainfo.ba\/wp-content\/uploads\/2023\/11\/1611_kisa_jesen_vrijeme1.jpg","contentUrl":"https:\/\/tuzlainfo.ba\/wp-content\/uploads\/2023\/11\/1611_kisa_jesen_vrijeme1.jpg","width":2048,"height":1537},{"@type":"BreadcrumbList","@id":"https:\/\/tuzlainfo.ba\/index.php\/bosna-i-hercegovina\/item\/298440-danas-u-vecem-dijelu-zemlje-oblacno-sa-snijegom-i-susnjezicom\/#breadcrumb","itemListElement":[{"@type":"ListItem","position":1,"name":"Home","item":"https:\/\/tuzlainfo.ba\/"},{"@type":"ListItem","position":2,"name":"Danas u ve\u0107em dijelu zemlje obla\u010dno sa snijegom i susnje\u017eicom"}]},{"@type":"WebSite","@id":"https:\/\/tuzlainfo.ba\/#website","url":"https:\/\/tuzlainfo.ba\/","name":"TuzlaInfo.ba","description":"Tuzla info, gradski informator - Tuzla na dlanu","publisher":{"@id":"https:\/\/tuzlainfo.ba\/#organization"},"potentialAction":[{"@type":"SearchAction","target":{"@type":"EntryPoint","urlTemplate":"https:\/\/tuzlainfo.ba\/?s={search_term_string}"},"query-input":{"@type":"PropertyValueSpecification","valueRequired":true,"valueName":"search_term_string"}}],"inLanguage":"bs-BA"},{"@type":"Organization","@id":"https:\/\/tuzlainfo.ba\/#organization","name":"TuzlaInfo.ba","url":"https:\/\/tuzlainfo.ba\/","logo":{"@type":"ImageObject","inLanguage":"bs-BA","@id":"https:\/\/tuzlainfo.ba\/#\/schema\/logo\/image\/","url":"https:\/\/tuzlainfo.ba\/wp-content\/uploads\/2021\/03\/logo-ver-3-1.png","contentUrl":"https:\/\/tuzlainfo.ba\/wp-content\/uploads\/2021\/03\/logo-ver-3-1.png","width":350,"height":95,"caption":"TuzlaInfo.ba"},"image":{"@id":"https:\/\/tuzlainfo.ba\/#\/schema\/logo\/image\/"},"sameAs":["https:\/\/www.facebook.com\/tuzlainfo.ba\/"]},{"@type":"Person","@id":"https:\/\/tuzlainfo.ba\/#\/schema\/person\/593e78a2f6378c5ba3e7600ecfa4e63a","name":"Admin Tri","image":{"@type":"ImageObject","inLanguage":"bs-BA","@id":"https:\/\/tuzlainfo.ba\/#\/schema\/person\/image\/","url":"https:\/\/tuzlainfo.ba\/wp-content\/litespeed\/avatar\/b7920db4cc34a71ad12497283ad2fe3f.jpg?ver=1777100914","contentUrl":"https:\/\/tuzlainfo.ba\/wp-content\/litespeed\/avatar\/b7920db4cc34a71ad12497283ad2fe3f.jpg?ver=1777100914","caption":"Admin Tri"},"sameAs":["https:\/\/tuzlainfo.ba"]}]}},"_links":{"self":[{"href":"https:\/\/tuzlainfo.ba\/index.php\/wp-json\/wp\/v2\/posts\/298440"}],"collection":[{"href":"https:\/\/tuzlainfo.ba\/index.php\/wp-json\/wp\/v2\/posts"}],"about":[{"href":"https:\/\/tuzlainfo.ba\/index.php\/wp-json\/wp\/v2\/types\/post"}],"author":[{"embeddable":true,"href":"https:\/\/tuzlainfo.ba\/index.php\/wp-json\/wp\/v2\/users\/8"}],"replies":[{"embeddable":true,"href":"https:\/\/tuzlainfo.ba\/index.php\/wp-json\/wp\/v2\/comments?post=298440"}],"version-history":[{"count":2,"href":"https:\/\/tuzlainfo.ba\/index.php\/wp-json\/wp\/v2\/posts\/298440\/revisions"}],"predecessor-version":[{"id":298664,"href":"https:\/\/tuzlainfo.ba\/index.php\/wp-json\/wp\/v2\/posts\/298440\/revisions\/298664"}],"wp:featuredmedia":[{"embeddable":true,"href":"https:\/\/tuzlainfo.ba\/index.php\/wp-json\/wp\/v2\/media\/222719"}],"wp:attachment":[{"href":"https:\/\/tuzlainfo.ba\/index.php\/wp-json\/wp\/v2\/media?parent=298440"}],"wp:term":[{"taxonomy":"category","embeddable":true,"href":"https:\/\/tuzlainfo.ba\/index.php\/wp-json\/wp\/v2\/categories?post=298440"},{"taxonomy":"post_tag","embeddable":true,"href":"https:\/\/tuzlainfo.ba\/index.php\/wp-json\/wp\/v2\/tags?post=298440"}],"curies":[{"name":"wp","href":"https:\/\/api.w.org\/{rel}","templated":true}]}}