{"id":298419,"date":"2026-03-26T11:22:45","date_gmt":"2026-03-26T10:22:45","guid":{"rendered":"https:\/\/tuzlainfo.ba\/?p=298419"},"modified":"2026-03-26T11:22:45","modified_gmt":"2026-03-26T10:22:45","slug":"vlada-tk-nastavlja-zbrinjavanje-radnika-koksare-72-vec-zaposlena","status":"publish","type":"post","link":"https:\/\/tuzlainfo.ba\/index.php\/novosti\/item\/298419-vlada-tk-nastavlja-zbrinjavanje-radnika-koksare-72-vec-zaposlena\/","title":{"rendered":"Vlada TK nastavlja zbrinjavanje radnika Koksare, 72 ve\u0107 zaposlena"},"content":{"rendered":"<p>Zbrinjavanje biv\u0161ih radnika lukava\u010dke Koksare i dalje ostaje u fokusu rada Vlade Tuzlanskog kantona, a institucije Kantona nastavljaju provoditi konkretne mjere kako radnici ne bi ostali bez podr\u0161ke u periodu nakon ga\u0161enja ovog privrednog dru\u0161tva.<\/p>\n<p>Na inicijativu premijera Tuzlanskog kantona Irfana Halilagi\u0107a danas je odr\u017ean sastanak na kojem su razmotrene dosada\u0161nje aktivnosti i stepen realizacije obaveza koje su, nakon ranijih razgovora sa biv\u0161im radnicima Koksare, preuzeli nadle\u017eni organi i slu\u017ebe. Tokom sastanka istaknuto je da su se do sada 582 biv\u0161a radnika Koksare prijavila na evidenciju Slu\u017ebe za zapo\u0161ljavanje, a njih 72 je ve\u0107 prona\u0161lo novo zaposlenje.<\/p>\n<p>Prema trenutno dostupnim evidencijama, za 24 radnika potreban je dokup radnog sta\u017ea kako bi ostvarili uslove za penzionisanje, za 27 radnika nisu upla\u0107eni doprinosi, dok su \u010detiri radnika, uz asistenciju Sindikata, ve\u0107 otpremljena u penziju. Iz toga proizlazi da je trenutno oko 450 biv\u0161ih radnika u fazi tra\u017eenja novog zaposlenja, zbog \u010dega se aktivnosti na njihovom povezivanju sa poslodavcima dodatno intenziviraju.<\/p>\n<p>Direktor Kantonalne privredne komore Tuzla Nedret Kikanovi\u0107 informisao je prisutne da je Komora ve\u0107 u poodmakloj fazi organizacije konferencije koja bi trebala okupiti privredne subjekte zainteresirane za anga\u017eman biv\u0161ih radnika Koksare. Kako je istaknuto, 32 firme sa podru\u010dja Tuzlanskog kantona ve\u0107 su iskazale interes za zapo\u0161ljavanje oko 350 radnika, a kao okvirni termin odr\u017eavanja konferencije naveden je 8. april.<\/p>\n<p><img decoding=\"async\" src=\"https:\/\/www.vladatk.kim.ba\/media\/slike\/2026\/03\/0-02-05-fb4ad3fd461db9923bb278dfac21e70b5526844b810855988d97c3c80da39069_32ae3de8c9871e30.webp\" alt=\"0 02 05 fb4ad3fd461db9923bb278dfac21e70b5526844b810855988d97c3c80da39069 32ae3de8c9871e30\" \/><br \/>\nDirektor JU Slu\u017eba za zapo\u0161ljavanje TK Miralem Softi\u0107 potvrdio je da su ura\u0111ena sva rje\u0161enja za ostvarivanje prava na nov\u010dane naknade, te da bi isplata naknada za nezaposlene trebala po\u010deti oko 10. narednog mjeseca. Istovremeno, Slu\u017eba za zapo\u0161ljavanje ne\u0107e \u010dekati odr\u017eavanje konferencije, nego \u0107e ve\u0107 od danas po\u010deti sa neposrednim kontaktiranjem poslodavaca koji su iskazali interes za prijem radnika, kao i sa upu\u0107ivanjem biv\u0161ih radnika Koksare prema novim potencijalnim zaposlenjima.<\/p>\n<p>S obzirom na to da je Federalno ministarstvo energije, rudarstva i industrije najavilo skoro pokretanje Programa zbrinjavanja radnika, na dana\u0161njem sastanku je zaklju\u010deno da \u0107e Vlada Tuzlanskog kantona sa\u010dekati desetak dana na raspisivanje javnog poziva. Ukoliko se to ne desi u navedenom roku, Vlada Tuzlanskog kantona \u0107e, imaju\u0107i u vidu da je resorno kantonalno ministarstvo ve\u0107 pripremilo potrebne procedure i osiguralo sredstva, samostalno krenuti u zbrinjavanje radnika koji ispunjavaju uslove za penzionisanje.<\/p>\n<p>Premijer Halilagi\u0107 je poru\u010dio da biv\u0161i radnici Koksare ne\u0107e biti prepu\u0161teni sami sebi i da \u0107e Vlada Tuzlanskog kantona, u okviru svojih nadle\u017enosti, nastaviti djelovati brzo, odgovorno i solidarno.<\/p>\n<p>\u201eVlada Tuzlanskog kantona ne\u0107e ostaviti radnike Koksare na cjedilu. Na\u0161 cilj je da svakom od ovih ljudi ponudimo konkretan odgovor \u2013 bilo kroz novo zaposlenje, ostvarivanje prava na naknadu ili kroz hitno zbrinjavanje onih koji ispunjavaju uslove za penzionisanje\u201c, kazao je premijer Halilagi\u0107.<\/p>\n<p>Dana\u0161njem sastanku prisustvovali su premijer Tuzlanskog kantona Irfan Halilagi\u0107, ministar privrede TK Edin Durakovi\u0107, ministar za rad, socijalnu politiku i povratak Fadil Ali\u0107, direktor Kantonalne privredne komore Tuzla Nedret Kikanovi\u0107, direktor JU Slu\u017eba za zapo\u0161ljavanje TK Miralem Softi\u0107, pomo\u0107nica ministra privrede Edina Vranjkovina Salamovi\u0107, te predstavnici biv\u0161ih radnika Koksare.<\/p>\n","protected":false},"excerpt":{"rendered":"<p>Zbrinjavanje biv\u0161ih radnika lukava\u010dke Koksare i dalje ostaje u fokusu rada Vlade Tuzlanskog kantona, a&hellip;<\/p>\n","protected":false},"author":4,"featured_media":298420,"comment_status":"closed","ping_status":"closed","sticky":false,"template":"","format":"standard","meta":{"_acf_changed":false,"footnotes":""},"categories":[304,12],"tags":[12126,336],"acf":[],"yoast_head":"<!-- This site is optimized with the Yoast SEO plugin v23.5 - https:\/\/yoast.com\/wordpress\/plugins\/seo\/ -->\n<title>Vlada TK nastavlja zbrinjavanje radnika Koksare, 72 ve\u0107 zaposlena - TuzlaInfo.ba<\/title>\n<meta name=\"robots\" content=\"index, follow, max-snippet:-1, max-image-preview:large, max-video-preview:-1\" \/>\n<link rel=\"canonical\" href=\"https:\/\/tuzlainfo.ba\/index.php\/novosti\/item\/298419-vlada-tk-nastavlja-zbrinjavanje-radnika-koksare-72-vec-zaposlena\/\" \/>\n<meta property=\"og:locale\" content=\"bs_BA\" \/>\n<meta property=\"og:type\" content=\"article\" \/>\n<meta property=\"og:title\" content=\"Vlada TK nastavlja zbrinjavanje radnika Koksare, 72 ve\u0107 zaposlena - TuzlaInfo.ba\" \/>\n<meta property=\"og:description\" content=\"Zbrinjavanje biv\u0161ih radnika lukava\u010dke Koksare i dalje ostaje u fokusu rada Vlade Tuzlanskog kantona, a&hellip;\" \/>\n<meta property=\"og:url\" content=\"https:\/\/tuzlainfo.ba\/index.php\/novosti\/item\/298419-vlada-tk-nastavlja-zbrinjavanje-radnika-koksare-72-vec-zaposlena\/\" \/>\n<meta property=\"og:site_name\" content=\"TuzlaInfo.ba\" \/>\n<meta property=\"article:publisher\" content=\"https:\/\/www.facebook.com\/tuzlainfo.ba\/\" \/>\n<meta property=\"article:published_time\" content=\"2026-03-26T10:22:45+00:00\" \/>\n<meta property=\"og:image\" content=\"https:\/\/tuzlainfo.ba\/wp-content\/uploads\/2026\/03\/koksara-sastanak.webp\" \/>\n\t<meta property=\"og:image:width\" content=\"1600\" \/>\n\t<meta property=\"og:image:height\" content=\"900\" \/>\n\t<meta property=\"og:image:type\" content=\"image\/webp\" \/>\n<meta name=\"author\" content=\"Tuzla Info\" \/>\n<meta name=\"twitter:card\" content=\"summary_large_image\" \/>\n<meta name=\"twitter:label1\" content=\"Written by\" \/>\n\t<meta name=\"twitter:data1\" content=\"Tuzla Info\" \/>\n\t<meta name=\"twitter:label2\" content=\"Est. reading time\" \/>\n\t<meta name=\"twitter:data2\" content=\"4 minute\" \/>\n<script type=\"application\/ld+json\" class=\"yoast-schema-graph\">{\"@context\":\"https:\/\/schema.org\",\"@graph\":[{\"@type\":\"Article\",\"@id\":\"https:\/\/tuzlainfo.ba\/index.php\/novosti\/item\/298419-vlada-tk-nastavlja-zbrinjavanje-radnika-koksare-72-vec-zaposlena\/#article\",\"isPartOf\":{\"@id\":\"https:\/\/tuzlainfo.ba\/index.php\/novosti\/item\/298419-vlada-tk-nastavlja-zbrinjavanje-radnika-koksare-72-vec-zaposlena\/\"},\"author\":{\"name\":\"Tuzla Info\",\"@id\":\"https:\/\/tuzlainfo.ba\/#\/schema\/person\/46cad4c57790cbc50781edd14870825a\"},\"headline\":\"Vlada TK nastavlja zbrinjavanje radnika Koksare, 72 ve\u0107 zaposlena\",\"datePublished\":\"2026-03-26T10:22:45+00:00\",\"dateModified\":\"2026-03-26T10:22:45+00:00\",\"mainEntityOfPage\":{\"@id\":\"https:\/\/tuzlainfo.ba\/index.php\/novosti\/item\/298419-vlada-tk-nastavlja-zbrinjavanje-radnika-koksare-72-vec-zaposlena\/\"},\"wordCount\":530,\"publisher\":{\"@id\":\"https:\/\/tuzlainfo.ba\/#organization\"},\"image\":{\"@id\":\"https:\/\/tuzlainfo.ba\/index.php\/novosti\/item\/298419-vlada-tk-nastavlja-zbrinjavanje-radnika-koksare-72-vec-zaposlena\/#primaryimage\"},\"thumbnailUrl\":\"https:\/\/tuzlainfo.ba\/wp-content\/uploads\/2026\/03\/koksara-sastanak.webp\",\"keywords\":[\"koksara\",\"vlada tk\"],\"articleSection\":[\"Istaknuto\",\"Novosti\"],\"inLanguage\":\"bs-BA\"},{\"@type\":\"WebPage\",\"@id\":\"https:\/\/tuzlainfo.ba\/index.php\/novosti\/item\/298419-vlada-tk-nastavlja-zbrinjavanje-radnika-koksare-72-vec-zaposlena\/\",\"url\":\"https:\/\/tuzlainfo.ba\/index.php\/novosti\/item\/298419-vlada-tk-nastavlja-zbrinjavanje-radnika-koksare-72-vec-zaposlena\/\",\"name\":\"Vlada TK nastavlja zbrinjavanje radnika Koksare, 72 ve\u0107 zaposlena - TuzlaInfo.ba\",\"isPartOf\":{\"@id\":\"https:\/\/tuzlainfo.ba\/#website\"},\"primaryImageOfPage\":{\"@id\":\"https:\/\/tuzlainfo.ba\/index.php\/novosti\/item\/298419-vlada-tk-nastavlja-zbrinjavanje-radnika-koksare-72-vec-zaposlena\/#primaryimage\"},\"image\":{\"@id\":\"https:\/\/tuzlainfo.ba\/index.php\/novosti\/item\/298419-vlada-tk-nastavlja-zbrinjavanje-radnika-koksare-72-vec-zaposlena\/#primaryimage\"},\"thumbnailUrl\":\"https:\/\/tuzlainfo.ba\/wp-content\/uploads\/2026\/03\/koksara-sastanak.webp\",\"datePublished\":\"2026-03-26T10:22:45+00:00\",\"dateModified\":\"2026-03-26T10:22:45+00:00\",\"breadcrumb\":{\"@id\":\"https:\/\/tuzlainfo.ba\/index.php\/novosti\/item\/298419-vlada-tk-nastavlja-zbrinjavanje-radnika-koksare-72-vec-zaposlena\/#breadcrumb\"},\"inLanguage\":\"bs-BA\",\"potentialAction\":[{\"@type\":\"ReadAction\",\"target\":[\"https:\/\/tuzlainfo.ba\/index.php\/novosti\/item\/298419-vlada-tk-nastavlja-zbrinjavanje-radnika-koksare-72-vec-zaposlena\/\"]}]},{\"@type\":\"ImageObject\",\"inLanguage\":\"bs-BA\",\"@id\":\"https:\/\/tuzlainfo.ba\/index.php\/novosti\/item\/298419-vlada-tk-nastavlja-zbrinjavanje-radnika-koksare-72-vec-zaposlena\/#primaryimage\",\"url\":\"https:\/\/tuzlainfo.ba\/wp-content\/uploads\/2026\/03\/koksara-sastanak.webp\",\"contentUrl\":\"https:\/\/tuzlainfo.ba\/wp-content\/uploads\/2026\/03\/koksara-sastanak.webp\",\"width\":1600,\"height\":900},{\"@type\":\"BreadcrumbList\",\"@id\":\"https:\/\/tuzlainfo.ba\/index.php\/novosti\/item\/298419-vlada-tk-nastavlja-zbrinjavanje-radnika-koksare-72-vec-zaposlena\/#breadcrumb\",\"itemListElement\":[{\"@type\":\"ListItem\",\"position\":1,\"name\":\"Home\",\"item\":\"https:\/\/tuzlainfo.ba\/\"},{\"@type\":\"ListItem\",\"position\":2,\"name\":\"Vlada TK nastavlja zbrinjavanje radnika Koksare, 72 ve\u0107 zaposlena\"}]},{\"@type\":\"WebSite\",\"@id\":\"https:\/\/tuzlainfo.ba\/#website\",\"url\":\"https:\/\/tuzlainfo.ba\/\",\"name\":\"TuzlaInfo.ba\",\"description\":\"Tuzla info, gradski informator - Tuzla na dlanu\",\"publisher\":{\"@id\":\"https:\/\/tuzlainfo.ba\/#organization\"},\"potentialAction\":[{\"@type\":\"SearchAction\",\"target\":{\"@type\":\"EntryPoint\",\"urlTemplate\":\"https:\/\/tuzlainfo.ba\/?s={search_term_string}\"},\"query-input\":{\"@type\":\"PropertyValueSpecification\",\"valueRequired\":true,\"valueName\":\"search_term_string\"}}],\"inLanguage\":\"bs-BA\"},{\"@type\":\"Organization\",\"@id\":\"https:\/\/tuzlainfo.ba\/#organization\",\"name\":\"TuzlaInfo.ba\",\"url\":\"https:\/\/tuzlainfo.ba\/\",\"logo\":{\"@type\":\"ImageObject\",\"inLanguage\":\"bs-BA\",\"@id\":\"https:\/\/tuzlainfo.ba\/#\/schema\/logo\/image\/\",\"url\":\"https:\/\/tuzlainfo.ba\/wp-content\/uploads\/2021\/03\/logo-ver-3-1.png\",\"contentUrl\":\"https:\/\/tuzlainfo.ba\/wp-content\/uploads\/2021\/03\/logo-ver-3-1.png\",\"width\":350,\"height\":95,\"caption\":\"TuzlaInfo.ba\"},\"image\":{\"@id\":\"https:\/\/tuzlainfo.ba\/#\/schema\/logo\/image\/\"},\"sameAs\":[\"https:\/\/www.facebook.com\/tuzlainfo.ba\/\"]},{\"@type\":\"Person\",\"@id\":\"https:\/\/tuzlainfo.ba\/#\/schema\/person\/46cad4c57790cbc50781edd14870825a\",\"name\":\"Tuzla Info\",\"image\":{\"@type\":\"ImageObject\",\"inLanguage\":\"bs-BA\",\"@id\":\"https:\/\/tuzlainfo.ba\/#\/schema\/person\/image\/\",\"url\":\"https:\/\/tuzlainfo.ba\/wp-content\/litespeed\/avatar\/b6c453a6c38e3654f2e4416c643fc25c.jpg?ver=1777051911\",\"contentUrl\":\"https:\/\/tuzlainfo.ba\/wp-content\/litespeed\/avatar\/b6c453a6c38e3654f2e4416c643fc25c.jpg?ver=1777051911\",\"caption\":\"Tuzla Info\"}}]}<\/script>\n<!-- \/ Yoast SEO plugin. -->","yoast_head_json":{"title":"Vlada TK nastavlja zbrinjavanje radnika Koksare, 72 ve\u0107 zaposlena - TuzlaInfo.ba","robots":{"index":"index","follow":"follow","max-snippet":"max-snippet:-1","max-image-preview":"max-image-preview:large","max-video-preview":"max-video-preview:-1"},"canonical":"https:\/\/tuzlainfo.ba\/index.php\/novosti\/item\/298419-vlada-tk-nastavlja-zbrinjavanje-radnika-koksare-72-vec-zaposlena\/","og_locale":"bs_BA","og_type":"article","og_title":"Vlada TK nastavlja zbrinjavanje radnika Koksare, 72 ve\u0107 zaposlena - TuzlaInfo.ba","og_description":"Zbrinjavanje biv\u0161ih radnika lukava\u010dke Koksare i dalje ostaje u fokusu rada Vlade Tuzlanskog kantona, a&hellip;","og_url":"https:\/\/tuzlainfo.ba\/index.php\/novosti\/item\/298419-vlada-tk-nastavlja-zbrinjavanje-radnika-koksare-72-vec-zaposlena\/","og_site_name":"TuzlaInfo.ba","article_publisher":"https:\/\/www.facebook.com\/tuzlainfo.ba\/","article_published_time":"2026-03-26T10:22:45+00:00","og_image":[{"width":1600,"height":900,"url":"https:\/\/tuzlainfo.ba\/wp-content\/uploads\/2026\/03\/koksara-sastanak.webp","type":"image\/webp"}],"author":"Tuzla Info","twitter_card":"summary_large_image","twitter_misc":{"Written by":"Tuzla Info","Est. reading time":"4 minute"},"schema":{"@context":"https:\/\/schema.org","@graph":[{"@type":"Article","@id":"https:\/\/tuzlainfo.ba\/index.php\/novosti\/item\/298419-vlada-tk-nastavlja-zbrinjavanje-radnika-koksare-72-vec-zaposlena\/#article","isPartOf":{"@id":"https:\/\/tuzlainfo.ba\/index.php\/novosti\/item\/298419-vlada-tk-nastavlja-zbrinjavanje-radnika-koksare-72-vec-zaposlena\/"},"author":{"name":"Tuzla Info","@id":"https:\/\/tuzlainfo.ba\/#\/schema\/person\/46cad4c57790cbc50781edd14870825a"},"headline":"Vlada TK nastavlja zbrinjavanje radnika Koksare, 72 ve\u0107 zaposlena","datePublished":"2026-03-26T10:22:45+00:00","dateModified":"2026-03-26T10:22:45+00:00","mainEntityOfPage":{"@id":"https:\/\/tuzlainfo.ba\/index.php\/novosti\/item\/298419-vlada-tk-nastavlja-zbrinjavanje-radnika-koksare-72-vec-zaposlena\/"},"wordCount":530,"publisher":{"@id":"https:\/\/tuzlainfo.ba\/#organization"},"image":{"@id":"https:\/\/tuzlainfo.ba\/index.php\/novosti\/item\/298419-vlada-tk-nastavlja-zbrinjavanje-radnika-koksare-72-vec-zaposlena\/#primaryimage"},"thumbnailUrl":"https:\/\/tuzlainfo.ba\/wp-content\/uploads\/2026\/03\/koksara-sastanak.webp","keywords":["koksara","vlada tk"],"articleSection":["Istaknuto","Novosti"],"inLanguage":"bs-BA"},{"@type":"WebPage","@id":"https:\/\/tuzlainfo.ba\/index.php\/novosti\/item\/298419-vlada-tk-nastavlja-zbrinjavanje-radnika-koksare-72-vec-zaposlena\/","url":"https:\/\/tuzlainfo.ba\/index.php\/novosti\/item\/298419-vlada-tk-nastavlja-zbrinjavanje-radnika-koksare-72-vec-zaposlena\/","name":"Vlada TK nastavlja zbrinjavanje radnika Koksare, 72 ve\u0107 zaposlena - TuzlaInfo.ba","isPartOf":{"@id":"https:\/\/tuzlainfo.ba\/#website"},"primaryImageOfPage":{"@id":"https:\/\/tuzlainfo.ba\/index.php\/novosti\/item\/298419-vlada-tk-nastavlja-zbrinjavanje-radnika-koksare-72-vec-zaposlena\/#primaryimage"},"image":{"@id":"https:\/\/tuzlainfo.ba\/index.php\/novosti\/item\/298419-vlada-tk-nastavlja-zbrinjavanje-radnika-koksare-72-vec-zaposlena\/#primaryimage"},"thumbnailUrl":"https:\/\/tuzlainfo.ba\/wp-content\/uploads\/2026\/03\/koksara-sastanak.webp","datePublished":"2026-03-26T10:22:45+00:00","dateModified":"2026-03-26T10:22:45+00:00","breadcrumb":{"@id":"https:\/\/tuzlainfo.ba\/index.php\/novosti\/item\/298419-vlada-tk-nastavlja-zbrinjavanje-radnika-koksare-72-vec-zaposlena\/#breadcrumb"},"inLanguage":"bs-BA","potentialAction":[{"@type":"ReadAction","target":["https:\/\/tuzlainfo.ba\/index.php\/novosti\/item\/298419-vlada-tk-nastavlja-zbrinjavanje-radnika-koksare-72-vec-zaposlena\/"]}]},{"@type":"ImageObject","inLanguage":"bs-BA","@id":"https:\/\/tuzlainfo.ba\/index.php\/novosti\/item\/298419-vlada-tk-nastavlja-zbrinjavanje-radnika-koksare-72-vec-zaposlena\/#primaryimage","url":"https:\/\/tuzlainfo.ba\/wp-content\/uploads\/2026\/03\/koksara-sastanak.webp","contentUrl":"https:\/\/tuzlainfo.ba\/wp-content\/uploads\/2026\/03\/koksara-sastanak.webp","width":1600,"height":900},{"@type":"BreadcrumbList","@id":"https:\/\/tuzlainfo.ba\/index.php\/novosti\/item\/298419-vlada-tk-nastavlja-zbrinjavanje-radnika-koksare-72-vec-zaposlena\/#breadcrumb","itemListElement":[{"@type":"ListItem","position":1,"name":"Home","item":"https:\/\/tuzlainfo.ba\/"},{"@type":"ListItem","position":2,"name":"Vlada TK nastavlja zbrinjavanje radnika Koksare, 72 ve\u0107 zaposlena"}]},{"@type":"WebSite","@id":"https:\/\/tuzlainfo.ba\/#website","url":"https:\/\/tuzlainfo.ba\/","name":"TuzlaInfo.ba","description":"Tuzla info, gradski informator - Tuzla na dlanu","publisher":{"@id":"https:\/\/tuzlainfo.ba\/#organization"},"potentialAction":[{"@type":"SearchAction","target":{"@type":"EntryPoint","urlTemplate":"https:\/\/tuzlainfo.ba\/?s={search_term_string}"},"query-input":{"@type":"PropertyValueSpecification","valueRequired":true,"valueName":"search_term_string"}}],"inLanguage":"bs-BA"},{"@type":"Organization","@id":"https:\/\/tuzlainfo.ba\/#organization","name":"TuzlaInfo.ba","url":"https:\/\/tuzlainfo.ba\/","logo":{"@type":"ImageObject","inLanguage":"bs-BA","@id":"https:\/\/tuzlainfo.ba\/#\/schema\/logo\/image\/","url":"https:\/\/tuzlainfo.ba\/wp-content\/uploads\/2021\/03\/logo-ver-3-1.png","contentUrl":"https:\/\/tuzlainfo.ba\/wp-content\/uploads\/2021\/03\/logo-ver-3-1.png","width":350,"height":95,"caption":"TuzlaInfo.ba"},"image":{"@id":"https:\/\/tuzlainfo.ba\/#\/schema\/logo\/image\/"},"sameAs":["https:\/\/www.facebook.com\/tuzlainfo.ba\/"]},{"@type":"Person","@id":"https:\/\/tuzlainfo.ba\/#\/schema\/person\/46cad4c57790cbc50781edd14870825a","name":"Tuzla Info","image":{"@type":"ImageObject","inLanguage":"bs-BA","@id":"https:\/\/tuzlainfo.ba\/#\/schema\/person\/image\/","url":"https:\/\/tuzlainfo.ba\/wp-content\/litespeed\/avatar\/b6c453a6c38e3654f2e4416c643fc25c.jpg?ver=1777051911","contentUrl":"https:\/\/tuzlainfo.ba\/wp-content\/litespeed\/avatar\/b6c453a6c38e3654f2e4416c643fc25c.jpg?ver=1777051911","caption":"Tuzla Info"}}]}},"_links":{"self":[{"href":"https:\/\/tuzlainfo.ba\/index.php\/wp-json\/wp\/v2\/posts\/298419"}],"collection":[{"href":"https:\/\/tuzlainfo.ba\/index.php\/wp-json\/wp\/v2\/posts"}],"about":[{"href":"https:\/\/tuzlainfo.ba\/index.php\/wp-json\/wp\/v2\/types\/post"}],"author":[{"embeddable":true,"href":"https:\/\/tuzlainfo.ba\/index.php\/wp-json\/wp\/v2\/users\/4"}],"replies":[{"embeddable":true,"href":"https:\/\/tuzlainfo.ba\/index.php\/wp-json\/wp\/v2\/comments?post=298419"}],"version-history":[{"count":1,"href":"https:\/\/tuzlainfo.ba\/index.php\/wp-json\/wp\/v2\/posts\/298419\/revisions"}],"predecessor-version":[{"id":298421,"href":"https:\/\/tuzlainfo.ba\/index.php\/wp-json\/wp\/v2\/posts\/298419\/revisions\/298421"}],"wp:featuredmedia":[{"embeddable":true,"href":"https:\/\/tuzlainfo.ba\/index.php\/wp-json\/wp\/v2\/media\/298420"}],"wp:attachment":[{"href":"https:\/\/tuzlainfo.ba\/index.php\/wp-json\/wp\/v2\/media?parent=298419"}],"wp:term":[{"taxonomy":"category","embeddable":true,"href":"https:\/\/tuzlainfo.ba\/index.php\/wp-json\/wp\/v2\/categories?post=298419"},{"taxonomy":"post_tag","embeddable":true,"href":"https:\/\/tuzlainfo.ba\/index.php\/wp-json\/wp\/v2\/tags?post=298419"}],"curies":[{"name":"wp","href":"https:\/\/api.w.org\/{rel}","templated":true}]}}