{"id":298349,"date":"2026-03-25T14:30:36","date_gmt":"2026-03-25T13:30:36","guid":{"rendered":"https:\/\/tuzlainfo.ba\/?p=298349"},"modified":"2026-03-25T13:52:44","modified_gmt":"2026-03-25T12:52:44","slug":"vlada-fbih-donijela-odluku-nova-podrska-penzionerima-u-fbih","status":"publish","type":"post","link":"https:\/\/tuzlainfo.ba\/index.php\/bosna-i-hercegovina\/item\/298349-vlada-fbih-donijela-odluku-nova-podrska-penzionerima-u-fbih\/","title":{"rendered":"Vlada FBiH donijela odluku: Nova podr\u0161ka penzionerima u FBiH"},"content":{"rendered":"<p>Vlada FBiH usvojila je, na prijedlog Federalnog ministarstva rada i socijalne politike, \u0161est programa utro\u0161ka sredstava s kriterijima raspodjele planiranih u Bud\u017eetu Federacije BiH za 2026. godinu, u ukupnom iznosu od 6.990.000 KM.<\/p>\n<p>Najve\u0107i dio sredstava odnosi se na teku\u0107e transfere neprofitnim organizacijama i drugim nivoima vlasti, a obuhvata podr\u0161ku penzionerima, ustanovama socijalne za\u0161tite, organizacijama civilnih invalida, sigurnim ku\u0107ama, kao i centrima za socijalni rad.<\/p>\n<p>Za finansiranje rada udru\u017eenja, programa i projekata iz oblasti penzijskog i invalidskog osiguranja u 2026. godini odobreno je ukupno 2.240.000 KM. Od tog iznosa 140.000 KM planirano je za finansiranje rada udru\u017eenja penzionera na nivou Federacije BiH, u skladu sa Zakonom o penzijskom i invalidskom osiguranju, 2.000.000 KM za program podr\u0161ke pomo\u0107i penzionerima za lije\u010denje preko udru\u017eenja na nivou Federacije BiH, odnosno banjsko lije\u010denje, dok je 100.000 KM namijenjeno za finansiranje programa i projekata iz oblasti penzijskog i invalidskog osiguranja.<\/p>\n<p>Vlada FBiH usvojila je i program utro\u0161ka sredstava za sufinansiranje rada ustanova socijalne za\u0161tite za zbrinjavanje korisnika na nivou Federacije BiH, u iznosu od 2.000.000 KM. Od toga je 1.500.000 KM planirano za podr\u0161ku ustanovama kroz sufinansiranje tro\u0161kova rada i poslovanja, a dodatnih 500.000 KM kao interventna podr\u0161ka za tro\u0161kove energenata.<\/p>\n<p>Za transfer organizacijama civilnih invalida odobreno je 650.000 KM. Svrha ovog programa je stvaranje uslova za funkcionisanje saveza i udru\u017eenja osoba s invaliditetom i civilnih \u017ertava rata, kako bi se dodatno osna\u017eili u zastupanju interesa ove populacije.<\/p>\n<p>Posebnim programom predvi\u0111ena je i provedba Zakona o za\u0161titi od nasilja u porodici, za \u0161ta je izdvojeno 1.100.000 KM. Od tog iznosa 1.000.000 KM planirano je za podr\u0161ku sigurnim ku\u0107ama i skloni\u0161tima za privremeni smje\u0161taj \u017ertava porodi\u010dnog nasilja, dok je 100.000 KM namijenjeno za podr\u0161ku funkcionisanju besplatne SOS telefonske linije.<\/p>\n<p>Za ja\u010danje kapaciteta centara za socijalni rad, kroz transfer za provedbu federalnih zakona iz oblasti socijalne za\u0161tite, dje\u010dije za\u0161tite i za\u0161tite osoba s invaliditetom, odobreno je 700.000 KM.<\/p>\n<p>Usvojen je i poseban program u iznosu od 300.000 KM, \u010dija je svrha finansijska podr\u0161ka nesmetanom funkcionisanju centara za socijalni rad, te op\u0107inskih i gradskih slu\u017ebi socijalne za\u0161tite. Ova sredstva namijenjena su za pokrivanje pove\u0107anih materijalnih tro\u0161kova nastalih provo\u0111enjem postupaka i aktivnosti utvr\u0111enih federalnim propisima iz oblasti socijalne i dje\u010dije za\u0161tite, kao i za\u0161tite osoba s invaliditetom.<\/p>\n","protected":false},"excerpt":{"rendered":"<p>Vlada FBiH usvojila je, na prijedlog Federalnog ministarstva rada i socijalne politike, \u0161est programa utro\u0161ka&hellip;<\/p>\n","protected":false},"author":8,"featured_media":203737,"comment_status":"closed","ping_status":"closed","sticky":false,"template":"","format":"standard","meta":{"_acf_changed":false,"footnotes":""},"categories":[291],"tags":[502],"acf":[],"yoast_head":"<!-- This site is optimized with the Yoast SEO plugin v23.5 - https:\/\/yoast.com\/wordpress\/plugins\/seo\/ -->\n<title>Vlada FBiH donijela odluku: Nova podr\u0161ka penzionerima u FBiH - TuzlaInfo.ba<\/title>\n<meta name=\"robots\" content=\"index, follow, max-snippet:-1, max-image-preview:large, max-video-preview:-1\" \/>\n<link rel=\"canonical\" href=\"https:\/\/tuzlainfo.ba\/index.php\/bosna-i-hercegovina\/item\/298349-vlada-fbih-donijela-odluku-nova-podrska-penzionerima-u-fbih\/\" \/>\n<meta property=\"og:locale\" content=\"bs_BA\" \/>\n<meta property=\"og:type\" content=\"article\" \/>\n<meta property=\"og:title\" content=\"Vlada FBiH donijela odluku: Nova podr\u0161ka penzionerima u FBiH - TuzlaInfo.ba\" \/>\n<meta property=\"og:description\" content=\"Vlada FBiH usvojila je, na prijedlog Federalnog ministarstva rada i socijalne politike, \u0161est programa utro\u0161ka&hellip;\" \/>\n<meta property=\"og:url\" content=\"https:\/\/tuzlainfo.ba\/index.php\/bosna-i-hercegovina\/item\/298349-vlada-fbih-donijela-odluku-nova-podrska-penzionerima-u-fbih\/\" \/>\n<meta property=\"og:site_name\" content=\"TuzlaInfo.ba\" \/>\n<meta property=\"article:publisher\" content=\"https:\/\/www.facebook.com\/tuzlainfo.ba\/\" \/>\n<meta property=\"article:published_time\" content=\"2026-03-25T13:30:36+00:00\" \/>\n<meta property=\"article:modified_time\" content=\"2026-03-25T12:52:44+00:00\" \/>\n<meta property=\"og:image\" content=\"https:\/\/tuzlainfo.ba\/wp-content\/uploads\/2023\/05\/0405_vladafbih.jpg\" \/>\n\t<meta property=\"og:image:width\" content=\"800\" \/>\n\t<meta property=\"og:image:height\" content=\"570\" \/>\n\t<meta property=\"og:image:type\" content=\"image\/jpeg\" \/>\n<meta name=\"author\" content=\"Admin Tri\" \/>\n<meta name=\"twitter:card\" content=\"summary_large_image\" \/>\n<meta name=\"twitter:label1\" content=\"Written by\" \/>\n\t<meta name=\"twitter:data1\" content=\"Admin Tri\" \/>\n\t<meta name=\"twitter:label2\" content=\"Est. reading time\" \/>\n\t<meta name=\"twitter:data2\" content=\"3 minute\" \/>\n<script type=\"application\/ld+json\" class=\"yoast-schema-graph\">{\"@context\":\"https:\/\/schema.org\",\"@graph\":[{\"@type\":\"Article\",\"@id\":\"https:\/\/tuzlainfo.ba\/index.php\/bosna-i-hercegovina\/item\/298349-vlada-fbih-donijela-odluku-nova-podrska-penzionerima-u-fbih\/#article\",\"isPartOf\":{\"@id\":\"https:\/\/tuzlainfo.ba\/index.php\/bosna-i-hercegovina\/item\/298349-vlada-fbih-donijela-odluku-nova-podrska-penzionerima-u-fbih\/\"},\"author\":{\"name\":\"Admin Tri\",\"@id\":\"https:\/\/tuzlainfo.ba\/#\/schema\/person\/593e78a2f6378c5ba3e7600ecfa4e63a\"},\"headline\":\"Vlada FBiH donijela odluku: Nova podr\u0161ka penzionerima u FBiH\",\"datePublished\":\"2026-03-25T13:30:36+00:00\",\"dateModified\":\"2026-03-25T12:52:44+00:00\",\"mainEntityOfPage\":{\"@id\":\"https:\/\/tuzlainfo.ba\/index.php\/bosna-i-hercegovina\/item\/298349-vlada-fbih-donijela-odluku-nova-podrska-penzionerima-u-fbih\/\"},\"wordCount\":408,\"publisher\":{\"@id\":\"https:\/\/tuzlainfo.ba\/#organization\"},\"image\":{\"@id\":\"https:\/\/tuzlainfo.ba\/index.php\/bosna-i-hercegovina\/item\/298349-vlada-fbih-donijela-odluku-nova-podrska-penzionerima-u-fbih\/#primaryimage\"},\"thumbnailUrl\":\"https:\/\/tuzlainfo.ba\/wp-content\/uploads\/2023\/05\/0405_vladafbih.jpg\",\"keywords\":[\"vlada fbih\"],\"articleSection\":[\"Bosna i Hercegovina\"],\"inLanguage\":\"bs-BA\"},{\"@type\":\"WebPage\",\"@id\":\"https:\/\/tuzlainfo.ba\/index.php\/bosna-i-hercegovina\/item\/298349-vlada-fbih-donijela-odluku-nova-podrska-penzionerima-u-fbih\/\",\"url\":\"https:\/\/tuzlainfo.ba\/index.php\/bosna-i-hercegovina\/item\/298349-vlada-fbih-donijela-odluku-nova-podrska-penzionerima-u-fbih\/\",\"name\":\"Vlada FBiH donijela odluku: Nova podr\u0161ka penzionerima u FBiH - TuzlaInfo.ba\",\"isPartOf\":{\"@id\":\"https:\/\/tuzlainfo.ba\/#website\"},\"primaryImageOfPage\":{\"@id\":\"https:\/\/tuzlainfo.ba\/index.php\/bosna-i-hercegovina\/item\/298349-vlada-fbih-donijela-odluku-nova-podrska-penzionerima-u-fbih\/#primaryimage\"},\"image\":{\"@id\":\"https:\/\/tuzlainfo.ba\/index.php\/bosna-i-hercegovina\/item\/298349-vlada-fbih-donijela-odluku-nova-podrska-penzionerima-u-fbih\/#primaryimage\"},\"thumbnailUrl\":\"https:\/\/tuzlainfo.ba\/wp-content\/uploads\/2023\/05\/0405_vladafbih.jpg\",\"datePublished\":\"2026-03-25T13:30:36+00:00\",\"dateModified\":\"2026-03-25T12:52:44+00:00\",\"breadcrumb\":{\"@id\":\"https:\/\/tuzlainfo.ba\/index.php\/bosna-i-hercegovina\/item\/298349-vlada-fbih-donijela-odluku-nova-podrska-penzionerima-u-fbih\/#breadcrumb\"},\"inLanguage\":\"bs-BA\",\"potentialAction\":[{\"@type\":\"ReadAction\",\"target\":[\"https:\/\/tuzlainfo.ba\/index.php\/bosna-i-hercegovina\/item\/298349-vlada-fbih-donijela-odluku-nova-podrska-penzionerima-u-fbih\/\"]}]},{\"@type\":\"ImageObject\",\"inLanguage\":\"bs-BA\",\"@id\":\"https:\/\/tuzlainfo.ba\/index.php\/bosna-i-hercegovina\/item\/298349-vlada-fbih-donijela-odluku-nova-podrska-penzionerima-u-fbih\/#primaryimage\",\"url\":\"https:\/\/tuzlainfo.ba\/wp-content\/uploads\/2023\/05\/0405_vladafbih.jpg\",\"contentUrl\":\"https:\/\/tuzlainfo.ba\/wp-content\/uploads\/2023\/05\/0405_vladafbih.jpg\",\"width\":800,\"height\":570},{\"@type\":\"BreadcrumbList\",\"@id\":\"https:\/\/tuzlainfo.ba\/index.php\/bosna-i-hercegovina\/item\/298349-vlada-fbih-donijela-odluku-nova-podrska-penzionerima-u-fbih\/#breadcrumb\",\"itemListElement\":[{\"@type\":\"ListItem\",\"position\":1,\"name\":\"Home\",\"item\":\"https:\/\/tuzlainfo.ba\/\"},{\"@type\":\"ListItem\",\"position\":2,\"name\":\"Vlada FBiH donijela odluku: Nova podr\u0161ka penzionerima u FBiH\"}]},{\"@type\":\"WebSite\",\"@id\":\"https:\/\/tuzlainfo.ba\/#website\",\"url\":\"https:\/\/tuzlainfo.ba\/\",\"name\":\"TuzlaInfo.ba\",\"description\":\"Tuzla info, gradski informator - Tuzla na dlanu\",\"publisher\":{\"@id\":\"https:\/\/tuzlainfo.ba\/#organization\"},\"potentialAction\":[{\"@type\":\"SearchAction\",\"target\":{\"@type\":\"EntryPoint\",\"urlTemplate\":\"https:\/\/tuzlainfo.ba\/?s={search_term_string}\"},\"query-input\":{\"@type\":\"PropertyValueSpecification\",\"valueRequired\":true,\"valueName\":\"search_term_string\"}}],\"inLanguage\":\"bs-BA\"},{\"@type\":\"Organization\",\"@id\":\"https:\/\/tuzlainfo.ba\/#organization\",\"name\":\"TuzlaInfo.ba\",\"url\":\"https:\/\/tuzlainfo.ba\/\",\"logo\":{\"@type\":\"ImageObject\",\"inLanguage\":\"bs-BA\",\"@id\":\"https:\/\/tuzlainfo.ba\/#\/schema\/logo\/image\/\",\"url\":\"https:\/\/tuzlainfo.ba\/wp-content\/uploads\/2021\/03\/logo-ver-3-1.png\",\"contentUrl\":\"https:\/\/tuzlainfo.ba\/wp-content\/uploads\/2021\/03\/logo-ver-3-1.png\",\"width\":350,\"height\":95,\"caption\":\"TuzlaInfo.ba\"},\"image\":{\"@id\":\"https:\/\/tuzlainfo.ba\/#\/schema\/logo\/image\/\"},\"sameAs\":[\"https:\/\/www.facebook.com\/tuzlainfo.ba\/\"]},{\"@type\":\"Person\",\"@id\":\"https:\/\/tuzlainfo.ba\/#\/schema\/person\/593e78a2f6378c5ba3e7600ecfa4e63a\",\"name\":\"Admin Tri\",\"image\":{\"@type\":\"ImageObject\",\"inLanguage\":\"bs-BA\",\"@id\":\"https:\/\/tuzlainfo.ba\/#\/schema\/person\/image\/\",\"url\":\"https:\/\/tuzlainfo.ba\/wp-content\/litespeed\/avatar\/b7920db4cc34a71ad12497283ad2fe3f.jpg?ver=1777705770\",\"contentUrl\":\"https:\/\/tuzlainfo.ba\/wp-content\/litespeed\/avatar\/b7920db4cc34a71ad12497283ad2fe3f.jpg?ver=1777705770\",\"caption\":\"Admin Tri\"},\"sameAs\":[\"https:\/\/tuzlainfo.ba\"]}]}<\/script>\n<!-- \/ Yoast SEO plugin. -->","yoast_head_json":{"title":"Vlada FBiH donijela odluku: Nova podr\u0161ka penzionerima u FBiH - TuzlaInfo.ba","robots":{"index":"index","follow":"follow","max-snippet":"max-snippet:-1","max-image-preview":"max-image-preview:large","max-video-preview":"max-video-preview:-1"},"canonical":"https:\/\/tuzlainfo.ba\/index.php\/bosna-i-hercegovina\/item\/298349-vlada-fbih-donijela-odluku-nova-podrska-penzionerima-u-fbih\/","og_locale":"bs_BA","og_type":"article","og_title":"Vlada FBiH donijela odluku: Nova podr\u0161ka penzionerima u FBiH - TuzlaInfo.ba","og_description":"Vlada FBiH usvojila je, na prijedlog Federalnog ministarstva rada i socijalne politike, \u0161est programa utro\u0161ka&hellip;","og_url":"https:\/\/tuzlainfo.ba\/index.php\/bosna-i-hercegovina\/item\/298349-vlada-fbih-donijela-odluku-nova-podrska-penzionerima-u-fbih\/","og_site_name":"TuzlaInfo.ba","article_publisher":"https:\/\/www.facebook.com\/tuzlainfo.ba\/","article_published_time":"2026-03-25T13:30:36+00:00","article_modified_time":"2026-03-25T12:52:44+00:00","og_image":[{"width":800,"height":570,"url":"https:\/\/tuzlainfo.ba\/wp-content\/uploads\/2023\/05\/0405_vladafbih.jpg","type":"image\/jpeg"}],"author":"Admin Tri","twitter_card":"summary_large_image","twitter_misc":{"Written by":"Admin Tri","Est. reading time":"3 minute"},"schema":{"@context":"https:\/\/schema.org","@graph":[{"@type":"Article","@id":"https:\/\/tuzlainfo.ba\/index.php\/bosna-i-hercegovina\/item\/298349-vlada-fbih-donijela-odluku-nova-podrska-penzionerima-u-fbih\/#article","isPartOf":{"@id":"https:\/\/tuzlainfo.ba\/index.php\/bosna-i-hercegovina\/item\/298349-vlada-fbih-donijela-odluku-nova-podrska-penzionerima-u-fbih\/"},"author":{"name":"Admin Tri","@id":"https:\/\/tuzlainfo.ba\/#\/schema\/person\/593e78a2f6378c5ba3e7600ecfa4e63a"},"headline":"Vlada FBiH donijela odluku: Nova podr\u0161ka penzionerima u FBiH","datePublished":"2026-03-25T13:30:36+00:00","dateModified":"2026-03-25T12:52:44+00:00","mainEntityOfPage":{"@id":"https:\/\/tuzlainfo.ba\/index.php\/bosna-i-hercegovina\/item\/298349-vlada-fbih-donijela-odluku-nova-podrska-penzionerima-u-fbih\/"},"wordCount":408,"publisher":{"@id":"https:\/\/tuzlainfo.ba\/#organization"},"image":{"@id":"https:\/\/tuzlainfo.ba\/index.php\/bosna-i-hercegovina\/item\/298349-vlada-fbih-donijela-odluku-nova-podrska-penzionerima-u-fbih\/#primaryimage"},"thumbnailUrl":"https:\/\/tuzlainfo.ba\/wp-content\/uploads\/2023\/05\/0405_vladafbih.jpg","keywords":["vlada fbih"],"articleSection":["Bosna i Hercegovina"],"inLanguage":"bs-BA"},{"@type":"WebPage","@id":"https:\/\/tuzlainfo.ba\/index.php\/bosna-i-hercegovina\/item\/298349-vlada-fbih-donijela-odluku-nova-podrska-penzionerima-u-fbih\/","url":"https:\/\/tuzlainfo.ba\/index.php\/bosna-i-hercegovina\/item\/298349-vlada-fbih-donijela-odluku-nova-podrska-penzionerima-u-fbih\/","name":"Vlada FBiH donijela odluku: Nova podr\u0161ka penzionerima u FBiH - TuzlaInfo.ba","isPartOf":{"@id":"https:\/\/tuzlainfo.ba\/#website"},"primaryImageOfPage":{"@id":"https:\/\/tuzlainfo.ba\/index.php\/bosna-i-hercegovina\/item\/298349-vlada-fbih-donijela-odluku-nova-podrska-penzionerima-u-fbih\/#primaryimage"},"image":{"@id":"https:\/\/tuzlainfo.ba\/index.php\/bosna-i-hercegovina\/item\/298349-vlada-fbih-donijela-odluku-nova-podrska-penzionerima-u-fbih\/#primaryimage"},"thumbnailUrl":"https:\/\/tuzlainfo.ba\/wp-content\/uploads\/2023\/05\/0405_vladafbih.jpg","datePublished":"2026-03-25T13:30:36+00:00","dateModified":"2026-03-25T12:52:44+00:00","breadcrumb":{"@id":"https:\/\/tuzlainfo.ba\/index.php\/bosna-i-hercegovina\/item\/298349-vlada-fbih-donijela-odluku-nova-podrska-penzionerima-u-fbih\/#breadcrumb"},"inLanguage":"bs-BA","potentialAction":[{"@type":"ReadAction","target":["https:\/\/tuzlainfo.ba\/index.php\/bosna-i-hercegovina\/item\/298349-vlada-fbih-donijela-odluku-nova-podrska-penzionerima-u-fbih\/"]}]},{"@type":"ImageObject","inLanguage":"bs-BA","@id":"https:\/\/tuzlainfo.ba\/index.php\/bosna-i-hercegovina\/item\/298349-vlada-fbih-donijela-odluku-nova-podrska-penzionerima-u-fbih\/#primaryimage","url":"https:\/\/tuzlainfo.ba\/wp-content\/uploads\/2023\/05\/0405_vladafbih.jpg","contentUrl":"https:\/\/tuzlainfo.ba\/wp-content\/uploads\/2023\/05\/0405_vladafbih.jpg","width":800,"height":570},{"@type":"BreadcrumbList","@id":"https:\/\/tuzlainfo.ba\/index.php\/bosna-i-hercegovina\/item\/298349-vlada-fbih-donijela-odluku-nova-podrska-penzionerima-u-fbih\/#breadcrumb","itemListElement":[{"@type":"ListItem","position":1,"name":"Home","item":"https:\/\/tuzlainfo.ba\/"},{"@type":"ListItem","position":2,"name":"Vlada FBiH donijela odluku: Nova podr\u0161ka penzionerima u FBiH"}]},{"@type":"WebSite","@id":"https:\/\/tuzlainfo.ba\/#website","url":"https:\/\/tuzlainfo.ba\/","name":"TuzlaInfo.ba","description":"Tuzla info, gradski informator - Tuzla na dlanu","publisher":{"@id":"https:\/\/tuzlainfo.ba\/#organization"},"potentialAction":[{"@type":"SearchAction","target":{"@type":"EntryPoint","urlTemplate":"https:\/\/tuzlainfo.ba\/?s={search_term_string}"},"query-input":{"@type":"PropertyValueSpecification","valueRequired":true,"valueName":"search_term_string"}}],"inLanguage":"bs-BA"},{"@type":"Organization","@id":"https:\/\/tuzlainfo.ba\/#organization","name":"TuzlaInfo.ba","url":"https:\/\/tuzlainfo.ba\/","logo":{"@type":"ImageObject","inLanguage":"bs-BA","@id":"https:\/\/tuzlainfo.ba\/#\/schema\/logo\/image\/","url":"https:\/\/tuzlainfo.ba\/wp-content\/uploads\/2021\/03\/logo-ver-3-1.png","contentUrl":"https:\/\/tuzlainfo.ba\/wp-content\/uploads\/2021\/03\/logo-ver-3-1.png","width":350,"height":95,"caption":"TuzlaInfo.ba"},"image":{"@id":"https:\/\/tuzlainfo.ba\/#\/schema\/logo\/image\/"},"sameAs":["https:\/\/www.facebook.com\/tuzlainfo.ba\/"]},{"@type":"Person","@id":"https:\/\/tuzlainfo.ba\/#\/schema\/person\/593e78a2f6378c5ba3e7600ecfa4e63a","name":"Admin Tri","image":{"@type":"ImageObject","inLanguage":"bs-BA","@id":"https:\/\/tuzlainfo.ba\/#\/schema\/person\/image\/","url":"https:\/\/tuzlainfo.ba\/wp-content\/litespeed\/avatar\/b7920db4cc34a71ad12497283ad2fe3f.jpg?ver=1777705770","contentUrl":"https:\/\/tuzlainfo.ba\/wp-content\/litespeed\/avatar\/b7920db4cc34a71ad12497283ad2fe3f.jpg?ver=1777705770","caption":"Admin Tri"},"sameAs":["https:\/\/tuzlainfo.ba"]}]}},"_links":{"self":[{"href":"https:\/\/tuzlainfo.ba\/index.php\/wp-json\/wp\/v2\/posts\/298349"}],"collection":[{"href":"https:\/\/tuzlainfo.ba\/index.php\/wp-json\/wp\/v2\/posts"}],"about":[{"href":"https:\/\/tuzlainfo.ba\/index.php\/wp-json\/wp\/v2\/types\/post"}],"author":[{"embeddable":true,"href":"https:\/\/tuzlainfo.ba\/index.php\/wp-json\/wp\/v2\/users\/8"}],"replies":[{"embeddable":true,"href":"https:\/\/tuzlainfo.ba\/index.php\/wp-json\/wp\/v2\/comments?post=298349"}],"version-history":[{"count":1,"href":"https:\/\/tuzlainfo.ba\/index.php\/wp-json\/wp\/v2\/posts\/298349\/revisions"}],"predecessor-version":[{"id":298350,"href":"https:\/\/tuzlainfo.ba\/index.php\/wp-json\/wp\/v2\/posts\/298349\/revisions\/298350"}],"wp:featuredmedia":[{"embeddable":true,"href":"https:\/\/tuzlainfo.ba\/index.php\/wp-json\/wp\/v2\/media\/203737"}],"wp:attachment":[{"href":"https:\/\/tuzlainfo.ba\/index.php\/wp-json\/wp\/v2\/media?parent=298349"}],"wp:term":[{"taxonomy":"category","embeddable":true,"href":"https:\/\/tuzlainfo.ba\/index.php\/wp-json\/wp\/v2\/categories?post=298349"},{"taxonomy":"post_tag","embeddable":true,"href":"https:\/\/tuzlainfo.ba\/index.php\/wp-json\/wp\/v2\/tags?post=298349"}],"curies":[{"name":"wp","href":"https:\/\/api.w.org\/{rel}","templated":true}]}}