{"id":298324,"date":"2026-03-25T10:36:22","date_gmt":"2026-03-25T09:36:22","guid":{"rendered":"https:\/\/tuzlainfo.ba\/?p=298324"},"modified":"2026-03-25T10:36:22","modified_gmt":"2026-03-25T09:36:22","slug":"gusic-nakon-smjene-vujovica-meta-su-oni-koji-ne-idu-po-misljenje-u-razne-prezidente","status":"publish","type":"post","link":"https:\/\/tuzlainfo.ba\/index.php\/novosti\/item\/298324-gusic-nakon-smjene-vujovica-meta-su-oni-koji-ne-idu-po-misljenje-u-razne-prezidente\/","title":{"rendered":"Gu\u0161i\u0107 nakon smjene Vujovi\u0107a: Meta su oni koji ne idu po mi\u0161ljenje u razne &#8220;prezidente&#8221;"},"content":{"rendered":"<p data-start=\"0\" data-end=\"360\">Na vanrednoj sjednici Skup\u0161tine Tuzlanskog kantona ju\u010der je smijenjen predsjednik Skup\u0161tine \u017darko Vujovi\u0107, a ova odluka izazvala je brojne politi\u010dke reakcije. Me\u0111u njima je i reagovanje predsjednika Kantonalnog vije\u0107a Stranke za Bosnu i Hercegovinu Tuzlanskog kantona Mirnesa Gu\u0161i\u0107a, stranke \u010diji je smijenjeni Vujovi\u0107 nedavno postao \u010dlan.<\/p>\n<p data-start=\"0\" data-end=\"360\">On je ovaj potez ocijenio politi\u010dkom porukom usmjerenom prema toj stranci.<\/p>\n<p data-start=\"362\" data-end=\"536\">Gu\u0161i\u0107 navodi da je smjena rezultat politi\u010dkih odnosa unutar vladaju\u0107e ve\u0107ine, isti\u010du\u0107i da je SDA, kako tvrdi, ispo\u0161tovala zahtjev DF-a, ali i da je sama \u017eeljela ovakav ishod.<\/p>\n<p data-start=\"538\" data-end=\"809\">\u201eNa danas odr\u017eanoj vanrednoj sjednici Skup\u0161tine Tuzlanskog kantona smijenjen je predsjednik Skup\u0161tine, gospodin \u017darko Vujovi\u0107. Na ovoj sjednici SDA je ispo\u0161tovala zahtjev svog vjernog priljepka DF-a, a zapravo je smjenu gospodina Vujovi\u0107a i sama \u017eeljela\u201c, naveo je Gu\u0161i\u0107.<\/p>\n<p data-start=\"811\" data-end=\"911\">Dodaje da dana\u0161nja de\u0161avanja vidi kao nastavak, kako tvrdi, poku\u0161aja destabilizacije Stranke za BiH.<\/p>\n<p data-start=\"913\" data-end=\"1267\">\u201eDana\u0161nja de\u0161avanja samo su nastavak napada na Stranku za Bosnu i Hercegovinu i poku\u0161aj destabilizacije koji traje ve\u0107 du\u017ee vrijeme, a sve u re\u017eiji SDFA interesne grupacije. Svi napadi i poku\u0161aji destabilizacije SBiH dolaze iz jednog koncentrisanog centra mo\u0107i, kojem je krajnja namjera da, pored DF-a, kontroli\u0161e i druge politi\u010dke subjekte\u201c, istakao je.<\/p>\n<p data-start=\"1269\" data-end=\"1387\">Prema njegovim rije\u010dima, problem za politi\u010dke protivnike nastaje u trenutku kada se Vujovi\u0107 priklju\u010dio Stranci za BiH.<\/p>\n<p data-start=\"1389\" data-end=\"1562\">\u201eKako i sami navode u svojim izjavama, problem nastaje kada se gospodin Vujovi\u0107 priklju\u010duje SBiH, \u0161to govori da on nije jedina meta, nego SBiH u cjelosti\u201c, poru\u010dio je Gu\u0161i\u0107.<\/p>\n<p data-start=\"1564\" data-end=\"1662\">On tvrdi da odre\u0111enim politi\u010dkim strukturama ne odgovara ja\u010danje ove stranke u Tuzlanskom kantonu.<\/p>\n<p data-start=\"1664\" data-end=\"1861\">\u201eSvima je ve\u0107 jasno da SDFA ne odgovara jaka SBiH u Tuzlanskom kantonu, te krajnje prizemnim i politi\u010dki nekorektnim sredstvima poku\u0161avaju destabilizirati SBiH, udarima izvana i iznutra\u201c, naveo je.<\/p>\n<p data-start=\"1863\" data-end=\"1961\">Gu\u0161i\u0107 smatra da su politi\u010dki pritisci intenzivirani nakon najave kandidature predsjednika stranke.<\/p>\n<p data-start=\"1963\" data-end=\"2098\">\u201eUdari su posebno intenzivirani nakon objave kandidature predsjednika Efendi\u0107a za \u010dlana Predsjedni\u0161tva BiH iz reda Bo\u0161njaka\u201c, dodao je.<\/p>\n<p data-start=\"2100\" data-end=\"2175\">Kao krajnji cilj ovih aktivnosti vidi poku\u0161aj kontrole politi\u010dkog utjecaja.<\/p>\n<p data-start=\"2177\" data-end=\"2359\">\u201eKrajnji cilj svih ovih napada jeste stavljanje pod kontrolu SBiH ili njenog izbornog rezultata, kako bi se vlast u Tuzlanskom kantonu zadr\u017eala isklju\u010divo u rukama SDFA\u201c, istakao je.<\/p>\n<p data-start=\"2361\" data-end=\"2420\">U svom obra\u0107anju osvrnuo se i na politi\u010dko djelovanje DF-a.<\/p>\n<p data-start=\"2422\" data-end=\"2596\">\u201eO ispravnosti politike koju DF vodi kao filijala SDA najbolje govore masovna napu\u0161tanja njihovog \u010dlanstva i izabranih zvani\u010dnika te priklju\u010divanje Stranci za BiH\u201c, naveo je.<\/p>\n<p data-start=\"2598\" data-end=\"2688\">Na kraju je poru\u010dio da \u0107e Stranka za BiH nastaviti samostalno djelovati uprkos pritiscima.<\/p>\n<p data-start=\"2690\" data-end=\"3048\">\u201eNakon ovakve smjene gospodina Vujovi\u0107a, upu\u0107uje se javna poruka: ukoliko postanete \u010dlan Stranke za BiH i poku\u0161ate voditi svoju politiku bez odlaska po mi\u0161ljenje u razne \u2018prezidente\u2019, postajete direktna meta SDFA. Stoga im poru\u010dujemo da, ma koliko jaki i opskurni bili njihovi napadi, SBiH \u0107e voditi svoju politiku i djelovati nezavisno\u201c, zaklju\u010dio je Gu\u0161i\u0107.<\/p>\n<p data-start=\"3050\" data-end=\"3144\">Dodao je i da gra\u0111ani Tuzlanskog kantona, kako tvrdi, prepoznaju politi\u010dke procese u pozadini.<\/p>\n<p data-start=\"3146\" data-end=\"3427\">\u201eGra\u0111anima Tuzlanskog kantona ve\u0107 je odavno jasno da su ove dvije stranke politiku u Tuzlanskom kantonu pretvorile u \u010distu trgovinu, gdje se sve institucije i njihovi resursi koriste isklju\u010divo za zadovoljavanje interesa uskog kruga ljudi, dok za gra\u0111ane uop\u0161te ne mare\u201c, naveo je.<\/p>\n<p data-start=\"3429\" data-end=\"3489\">Na kraju je otvorio i pitanje politi\u010dkih odnosa u Skup\u0161tini.<\/p>\n<p data-start=\"3491\" data-end=\"3683\" data-is-last-node=\"\" data-is-only-node=\"\">\u201eNe zaboravimo da je dana\u0161nja smjena potpomognuta glasovima opozicije, stoga pitanje za razmi\u0161ljanje; najavljuje li nam to SDA koaliciju sa \u2018mrskim i izdajni\u010dkim\u2019 SDP-om?\u201c, zaklju\u010dio je Gu\u0161i\u0107.<\/p>\n","protected":false},"excerpt":{"rendered":"<p>Na vanrednoj sjednici Skup\u0161tine Tuzlanskog kantona ju\u010der je smijenjen predsjednik Skup\u0161tine \u017darko Vujovi\u0107, a ova&hellip;<\/p>\n","protected":false},"author":2,"featured_media":293441,"comment_status":"closed","ping_status":"closed","sticky":false,"template":"","format":"standard","meta":{"_acf_changed":false,"footnotes":""},"categories":[304,12],"tags":[13385,3903],"acf":[],"yoast_head":"<!-- This site is optimized with the Yoast SEO plugin v23.5 - https:\/\/yoast.com\/wordpress\/plugins\/seo\/ -->\n<title>Gu\u0161i\u0107 nakon smjene Vujovi\u0107a: Meta su oni koji ne idu po mi\u0161ljenje u razne &quot;prezidente&quot; - TuzlaInfo.ba<\/title>\n<meta name=\"robots\" content=\"index, follow, max-snippet:-1, max-image-preview:large, max-video-preview:-1\" \/>\n<link rel=\"canonical\" href=\"https:\/\/tuzlainfo.ba\/index.php\/novosti\/item\/298324-gusic-nakon-smjene-vujovica-meta-su-oni-koji-ne-idu-po-misljenje-u-razne-prezidente\/\" \/>\n<meta property=\"og:locale\" content=\"bs_BA\" \/>\n<meta property=\"og:type\" content=\"article\" \/>\n<meta property=\"og:title\" content=\"Gu\u0161i\u0107 nakon smjene Vujovi\u0107a: Meta su oni koji ne idu po mi\u0161ljenje u razne &quot;prezidente&quot; - TuzlaInfo.ba\" \/>\n<meta property=\"og:description\" content=\"Na vanrednoj sjednici Skup\u0161tine Tuzlanskog kantona ju\u010der je smijenjen predsjednik Skup\u0161tine \u017darko Vujovi\u0107, a ova&hellip;\" \/>\n<meta property=\"og:url\" content=\"https:\/\/tuzlainfo.ba\/index.php\/novosti\/item\/298324-gusic-nakon-smjene-vujovica-meta-su-oni-koji-ne-idu-po-misljenje-u-razne-prezidente\/\" \/>\n<meta property=\"og:site_name\" content=\"TuzlaInfo.ba\" \/>\n<meta property=\"article:publisher\" content=\"https:\/\/www.facebook.com\/tuzlainfo.ba\/\" \/>\n<meta property=\"article:published_time\" content=\"2026-03-25T09:36:22+00:00\" \/>\n<meta property=\"og:image\" content=\"https:\/\/tuzlainfo.ba\/wp-content\/uploads\/2026\/02\/0302_mirnes_gusic.jpg\" \/>\n\t<meta property=\"og:image:width\" content=\"800\" \/>\n\t<meta property=\"og:image:height\" content=\"476\" \/>\n\t<meta property=\"og:image:type\" content=\"image\/jpeg\" \/>\n<meta name=\"author\" content=\"nedim\" \/>\n<meta name=\"twitter:card\" content=\"summary_large_image\" \/>\n<meta name=\"twitter:label1\" content=\"Written by\" \/>\n\t<meta name=\"twitter:data1\" content=\"nedim\" \/>\n\t<meta name=\"twitter:label2\" content=\"Est. reading time\" \/>\n\t<meta name=\"twitter:data2\" content=\"4 minute\" \/>\n<script type=\"application\/ld+json\" class=\"yoast-schema-graph\">{\"@context\":\"https:\/\/schema.org\",\"@graph\":[{\"@type\":\"Article\",\"@id\":\"https:\/\/tuzlainfo.ba\/index.php\/novosti\/item\/298324-gusic-nakon-smjene-vujovica-meta-su-oni-koji-ne-idu-po-misljenje-u-razne-prezidente\/#article\",\"isPartOf\":{\"@id\":\"https:\/\/tuzlainfo.ba\/index.php\/novosti\/item\/298324-gusic-nakon-smjene-vujovica-meta-su-oni-koji-ne-idu-po-misljenje-u-razne-prezidente\/\"},\"author\":{\"name\":\"nedim\",\"@id\":\"https:\/\/tuzlainfo.ba\/#\/schema\/person\/f434e20dc27ea133923aab08451b7f7f\"},\"headline\":\"Gu\u0161i\u0107 nakon smjene Vujovi\u0107a: Meta su oni koji ne idu po mi\u0161ljenje u razne &#8220;prezidente&#8221;\",\"datePublished\":\"2026-03-25T09:36:22+00:00\",\"dateModified\":\"2026-03-25T09:36:22+00:00\",\"mainEntityOfPage\":{\"@id\":\"https:\/\/tuzlainfo.ba\/index.php\/novosti\/item\/298324-gusic-nakon-smjene-vujovica-meta-su-oni-koji-ne-idu-po-misljenje-u-razne-prezidente\/\"},\"wordCount\":642,\"publisher\":{\"@id\":\"https:\/\/tuzlainfo.ba\/#organization\"},\"image\":{\"@id\":\"https:\/\/tuzlainfo.ba\/index.php\/novosti\/item\/298324-gusic-nakon-smjene-vujovica-meta-su-oni-koji-ne-idu-po-misljenje-u-razne-prezidente\/#primaryimage\"},\"thumbnailUrl\":\"https:\/\/tuzlainfo.ba\/wp-content\/uploads\/2026\/02\/0302_mirnes_gusic.jpg\",\"keywords\":[\"mirnes gu\u0161i\u0107\",\"\u017earko vujovi\u0107\"],\"articleSection\":[\"Istaknuto\",\"Novosti\"],\"inLanguage\":\"bs-BA\"},{\"@type\":\"WebPage\",\"@id\":\"https:\/\/tuzlainfo.ba\/index.php\/novosti\/item\/298324-gusic-nakon-smjene-vujovica-meta-su-oni-koji-ne-idu-po-misljenje-u-razne-prezidente\/\",\"url\":\"https:\/\/tuzlainfo.ba\/index.php\/novosti\/item\/298324-gusic-nakon-smjene-vujovica-meta-su-oni-koji-ne-idu-po-misljenje-u-razne-prezidente\/\",\"name\":\"Gu\u0161i\u0107 nakon smjene Vujovi\u0107a: Meta su oni koji ne idu po mi\u0161ljenje u razne \\\"prezidente\\\" - TuzlaInfo.ba\",\"isPartOf\":{\"@id\":\"https:\/\/tuzlainfo.ba\/#website\"},\"primaryImageOfPage\":{\"@id\":\"https:\/\/tuzlainfo.ba\/index.php\/novosti\/item\/298324-gusic-nakon-smjene-vujovica-meta-su-oni-koji-ne-idu-po-misljenje-u-razne-prezidente\/#primaryimage\"},\"image\":{\"@id\":\"https:\/\/tuzlainfo.ba\/index.php\/novosti\/item\/298324-gusic-nakon-smjene-vujovica-meta-su-oni-koji-ne-idu-po-misljenje-u-razne-prezidente\/#primaryimage\"},\"thumbnailUrl\":\"https:\/\/tuzlainfo.ba\/wp-content\/uploads\/2026\/02\/0302_mirnes_gusic.jpg\",\"datePublished\":\"2026-03-25T09:36:22+00:00\",\"dateModified\":\"2026-03-25T09:36:22+00:00\",\"breadcrumb\":{\"@id\":\"https:\/\/tuzlainfo.ba\/index.php\/novosti\/item\/298324-gusic-nakon-smjene-vujovica-meta-su-oni-koji-ne-idu-po-misljenje-u-razne-prezidente\/#breadcrumb\"},\"inLanguage\":\"bs-BA\",\"potentialAction\":[{\"@type\":\"ReadAction\",\"target\":[\"https:\/\/tuzlainfo.ba\/index.php\/novosti\/item\/298324-gusic-nakon-smjene-vujovica-meta-su-oni-koji-ne-idu-po-misljenje-u-razne-prezidente\/\"]}]},{\"@type\":\"ImageObject\",\"inLanguage\":\"bs-BA\",\"@id\":\"https:\/\/tuzlainfo.ba\/index.php\/novosti\/item\/298324-gusic-nakon-smjene-vujovica-meta-su-oni-koji-ne-idu-po-misljenje-u-razne-prezidente\/#primaryimage\",\"url\":\"https:\/\/tuzlainfo.ba\/wp-content\/uploads\/2026\/02\/0302_mirnes_gusic.jpg\",\"contentUrl\":\"https:\/\/tuzlainfo.ba\/wp-content\/uploads\/2026\/02\/0302_mirnes_gusic.jpg\",\"width\":800,\"height\":476},{\"@type\":\"BreadcrumbList\",\"@id\":\"https:\/\/tuzlainfo.ba\/index.php\/novosti\/item\/298324-gusic-nakon-smjene-vujovica-meta-su-oni-koji-ne-idu-po-misljenje-u-razne-prezidente\/#breadcrumb\",\"itemListElement\":[{\"@type\":\"ListItem\",\"position\":1,\"name\":\"Home\",\"item\":\"https:\/\/tuzlainfo.ba\/\"},{\"@type\":\"ListItem\",\"position\":2,\"name\":\"Gu\u0161i\u0107 nakon smjene Vujovi\u0107a: Meta su oni koji ne idu po mi\u0161ljenje u razne &#8220;prezidente&#8221;\"}]},{\"@type\":\"WebSite\",\"@id\":\"https:\/\/tuzlainfo.ba\/#website\",\"url\":\"https:\/\/tuzlainfo.ba\/\",\"name\":\"TuzlaInfo.ba\",\"description\":\"Tuzla info, gradski informator - Tuzla na dlanu\",\"publisher\":{\"@id\":\"https:\/\/tuzlainfo.ba\/#organization\"},\"potentialAction\":[{\"@type\":\"SearchAction\",\"target\":{\"@type\":\"EntryPoint\",\"urlTemplate\":\"https:\/\/tuzlainfo.ba\/?s={search_term_string}\"},\"query-input\":{\"@type\":\"PropertyValueSpecification\",\"valueRequired\":true,\"valueName\":\"search_term_string\"}}],\"inLanguage\":\"bs-BA\"},{\"@type\":\"Organization\",\"@id\":\"https:\/\/tuzlainfo.ba\/#organization\",\"name\":\"TuzlaInfo.ba\",\"url\":\"https:\/\/tuzlainfo.ba\/\",\"logo\":{\"@type\":\"ImageObject\",\"inLanguage\":\"bs-BA\",\"@id\":\"https:\/\/tuzlainfo.ba\/#\/schema\/logo\/image\/\",\"url\":\"https:\/\/tuzlainfo.ba\/wp-content\/uploads\/2021\/03\/logo-ver-3-1.png\",\"contentUrl\":\"https:\/\/tuzlainfo.ba\/wp-content\/uploads\/2021\/03\/logo-ver-3-1.png\",\"width\":350,\"height\":95,\"caption\":\"TuzlaInfo.ba\"},\"image\":{\"@id\":\"https:\/\/tuzlainfo.ba\/#\/schema\/logo\/image\/\"},\"sameAs\":[\"https:\/\/www.facebook.com\/tuzlainfo.ba\/\"]},{\"@type\":\"Person\",\"@id\":\"https:\/\/tuzlainfo.ba\/#\/schema\/person\/f434e20dc27ea133923aab08451b7f7f\",\"name\":\"nedim\",\"image\":{\"@type\":\"ImageObject\",\"inLanguage\":\"bs-BA\",\"@id\":\"https:\/\/tuzlainfo.ba\/#\/schema\/person\/image\/\",\"url\":\"https:\/\/tuzlainfo.ba\/wp-content\/litespeed\/avatar\/aabad687af24844af817603ac1cbdc4f.jpg?ver=1777306975\",\"contentUrl\":\"https:\/\/tuzlainfo.ba\/wp-content\/litespeed\/avatar\/aabad687af24844af817603ac1cbdc4f.jpg?ver=1777306975\",\"caption\":\"nedim\"},\"description\":\"Tuzlainfo.ba pratite na dru\u0161tvenim mre\u017eama: Facebook, Instagram i Youtube. Svoje pri\u010de, upite i fotografije \u0161aljite na na\u0161u e-mail adresu.\"}]}<\/script>\n<!-- \/ Yoast SEO plugin. -->","yoast_head_json":{"title":"Gu\u0161i\u0107 nakon smjene Vujovi\u0107a: Meta su oni koji ne idu po mi\u0161ljenje u razne \"prezidente\" - TuzlaInfo.ba","robots":{"index":"index","follow":"follow","max-snippet":"max-snippet:-1","max-image-preview":"max-image-preview:large","max-video-preview":"max-video-preview:-1"},"canonical":"https:\/\/tuzlainfo.ba\/index.php\/novosti\/item\/298324-gusic-nakon-smjene-vujovica-meta-su-oni-koji-ne-idu-po-misljenje-u-razne-prezidente\/","og_locale":"bs_BA","og_type":"article","og_title":"Gu\u0161i\u0107 nakon smjene Vujovi\u0107a: Meta su oni koji ne idu po mi\u0161ljenje u razne \"prezidente\" - TuzlaInfo.ba","og_description":"Na vanrednoj sjednici Skup\u0161tine Tuzlanskog kantona ju\u010der je smijenjen predsjednik Skup\u0161tine \u017darko Vujovi\u0107, a ova&hellip;","og_url":"https:\/\/tuzlainfo.ba\/index.php\/novosti\/item\/298324-gusic-nakon-smjene-vujovica-meta-su-oni-koji-ne-idu-po-misljenje-u-razne-prezidente\/","og_site_name":"TuzlaInfo.ba","article_publisher":"https:\/\/www.facebook.com\/tuzlainfo.ba\/","article_published_time":"2026-03-25T09:36:22+00:00","og_image":[{"width":800,"height":476,"url":"https:\/\/tuzlainfo.ba\/wp-content\/uploads\/2026\/02\/0302_mirnes_gusic.jpg","type":"image\/jpeg"}],"author":"nedim","twitter_card":"summary_large_image","twitter_misc":{"Written by":"nedim","Est. reading time":"4 minute"},"schema":{"@context":"https:\/\/schema.org","@graph":[{"@type":"Article","@id":"https:\/\/tuzlainfo.ba\/index.php\/novosti\/item\/298324-gusic-nakon-smjene-vujovica-meta-su-oni-koji-ne-idu-po-misljenje-u-razne-prezidente\/#article","isPartOf":{"@id":"https:\/\/tuzlainfo.ba\/index.php\/novosti\/item\/298324-gusic-nakon-smjene-vujovica-meta-su-oni-koji-ne-idu-po-misljenje-u-razne-prezidente\/"},"author":{"name":"nedim","@id":"https:\/\/tuzlainfo.ba\/#\/schema\/person\/f434e20dc27ea133923aab08451b7f7f"},"headline":"Gu\u0161i\u0107 nakon smjene Vujovi\u0107a: Meta su oni koji ne idu po mi\u0161ljenje u razne &#8220;prezidente&#8221;","datePublished":"2026-03-25T09:36:22+00:00","dateModified":"2026-03-25T09:36:22+00:00","mainEntityOfPage":{"@id":"https:\/\/tuzlainfo.ba\/index.php\/novosti\/item\/298324-gusic-nakon-smjene-vujovica-meta-su-oni-koji-ne-idu-po-misljenje-u-razne-prezidente\/"},"wordCount":642,"publisher":{"@id":"https:\/\/tuzlainfo.ba\/#organization"},"image":{"@id":"https:\/\/tuzlainfo.ba\/index.php\/novosti\/item\/298324-gusic-nakon-smjene-vujovica-meta-su-oni-koji-ne-idu-po-misljenje-u-razne-prezidente\/#primaryimage"},"thumbnailUrl":"https:\/\/tuzlainfo.ba\/wp-content\/uploads\/2026\/02\/0302_mirnes_gusic.jpg","keywords":["mirnes gu\u0161i\u0107","\u017earko vujovi\u0107"],"articleSection":["Istaknuto","Novosti"],"inLanguage":"bs-BA"},{"@type":"WebPage","@id":"https:\/\/tuzlainfo.ba\/index.php\/novosti\/item\/298324-gusic-nakon-smjene-vujovica-meta-su-oni-koji-ne-idu-po-misljenje-u-razne-prezidente\/","url":"https:\/\/tuzlainfo.ba\/index.php\/novosti\/item\/298324-gusic-nakon-smjene-vujovica-meta-su-oni-koji-ne-idu-po-misljenje-u-razne-prezidente\/","name":"Gu\u0161i\u0107 nakon smjene Vujovi\u0107a: Meta su oni koji ne idu po mi\u0161ljenje u razne \"prezidente\" - TuzlaInfo.ba","isPartOf":{"@id":"https:\/\/tuzlainfo.ba\/#website"},"primaryImageOfPage":{"@id":"https:\/\/tuzlainfo.ba\/index.php\/novosti\/item\/298324-gusic-nakon-smjene-vujovica-meta-su-oni-koji-ne-idu-po-misljenje-u-razne-prezidente\/#primaryimage"},"image":{"@id":"https:\/\/tuzlainfo.ba\/index.php\/novosti\/item\/298324-gusic-nakon-smjene-vujovica-meta-su-oni-koji-ne-idu-po-misljenje-u-razne-prezidente\/#primaryimage"},"thumbnailUrl":"https:\/\/tuzlainfo.ba\/wp-content\/uploads\/2026\/02\/0302_mirnes_gusic.jpg","datePublished":"2026-03-25T09:36:22+00:00","dateModified":"2026-03-25T09:36:22+00:00","breadcrumb":{"@id":"https:\/\/tuzlainfo.ba\/index.php\/novosti\/item\/298324-gusic-nakon-smjene-vujovica-meta-su-oni-koji-ne-idu-po-misljenje-u-razne-prezidente\/#breadcrumb"},"inLanguage":"bs-BA","potentialAction":[{"@type":"ReadAction","target":["https:\/\/tuzlainfo.ba\/index.php\/novosti\/item\/298324-gusic-nakon-smjene-vujovica-meta-su-oni-koji-ne-idu-po-misljenje-u-razne-prezidente\/"]}]},{"@type":"ImageObject","inLanguage":"bs-BA","@id":"https:\/\/tuzlainfo.ba\/index.php\/novosti\/item\/298324-gusic-nakon-smjene-vujovica-meta-su-oni-koji-ne-idu-po-misljenje-u-razne-prezidente\/#primaryimage","url":"https:\/\/tuzlainfo.ba\/wp-content\/uploads\/2026\/02\/0302_mirnes_gusic.jpg","contentUrl":"https:\/\/tuzlainfo.ba\/wp-content\/uploads\/2026\/02\/0302_mirnes_gusic.jpg","width":800,"height":476},{"@type":"BreadcrumbList","@id":"https:\/\/tuzlainfo.ba\/index.php\/novosti\/item\/298324-gusic-nakon-smjene-vujovica-meta-su-oni-koji-ne-idu-po-misljenje-u-razne-prezidente\/#breadcrumb","itemListElement":[{"@type":"ListItem","position":1,"name":"Home","item":"https:\/\/tuzlainfo.ba\/"},{"@type":"ListItem","position":2,"name":"Gu\u0161i\u0107 nakon smjene Vujovi\u0107a: Meta su oni koji ne idu po mi\u0161ljenje u razne &#8220;prezidente&#8221;"}]},{"@type":"WebSite","@id":"https:\/\/tuzlainfo.ba\/#website","url":"https:\/\/tuzlainfo.ba\/","name":"TuzlaInfo.ba","description":"Tuzla info, gradski informator - Tuzla na dlanu","publisher":{"@id":"https:\/\/tuzlainfo.ba\/#organization"},"potentialAction":[{"@type":"SearchAction","target":{"@type":"EntryPoint","urlTemplate":"https:\/\/tuzlainfo.ba\/?s={search_term_string}"},"query-input":{"@type":"PropertyValueSpecification","valueRequired":true,"valueName":"search_term_string"}}],"inLanguage":"bs-BA"},{"@type":"Organization","@id":"https:\/\/tuzlainfo.ba\/#organization","name":"TuzlaInfo.ba","url":"https:\/\/tuzlainfo.ba\/","logo":{"@type":"ImageObject","inLanguage":"bs-BA","@id":"https:\/\/tuzlainfo.ba\/#\/schema\/logo\/image\/","url":"https:\/\/tuzlainfo.ba\/wp-content\/uploads\/2021\/03\/logo-ver-3-1.png","contentUrl":"https:\/\/tuzlainfo.ba\/wp-content\/uploads\/2021\/03\/logo-ver-3-1.png","width":350,"height":95,"caption":"TuzlaInfo.ba"},"image":{"@id":"https:\/\/tuzlainfo.ba\/#\/schema\/logo\/image\/"},"sameAs":["https:\/\/www.facebook.com\/tuzlainfo.ba\/"]},{"@type":"Person","@id":"https:\/\/tuzlainfo.ba\/#\/schema\/person\/f434e20dc27ea133923aab08451b7f7f","name":"nedim","image":{"@type":"ImageObject","inLanguage":"bs-BA","@id":"https:\/\/tuzlainfo.ba\/#\/schema\/person\/image\/","url":"https:\/\/tuzlainfo.ba\/wp-content\/litespeed\/avatar\/aabad687af24844af817603ac1cbdc4f.jpg?ver=1777306975","contentUrl":"https:\/\/tuzlainfo.ba\/wp-content\/litespeed\/avatar\/aabad687af24844af817603ac1cbdc4f.jpg?ver=1777306975","caption":"nedim"},"description":"Tuzlainfo.ba pratite na dru\u0161tvenim mre\u017eama: Facebook, Instagram i Youtube. Svoje pri\u010de, upite i fotografije \u0161aljite na na\u0161u e-mail adresu."}]}},"_links":{"self":[{"href":"https:\/\/tuzlainfo.ba\/index.php\/wp-json\/wp\/v2\/posts\/298324"}],"collection":[{"href":"https:\/\/tuzlainfo.ba\/index.php\/wp-json\/wp\/v2\/posts"}],"about":[{"href":"https:\/\/tuzlainfo.ba\/index.php\/wp-json\/wp\/v2\/types\/post"}],"author":[{"embeddable":true,"href":"https:\/\/tuzlainfo.ba\/index.php\/wp-json\/wp\/v2\/users\/2"}],"replies":[{"embeddable":true,"href":"https:\/\/tuzlainfo.ba\/index.php\/wp-json\/wp\/v2\/comments?post=298324"}],"version-history":[{"count":1,"href":"https:\/\/tuzlainfo.ba\/index.php\/wp-json\/wp\/v2\/posts\/298324\/revisions"}],"predecessor-version":[{"id":298325,"href":"https:\/\/tuzlainfo.ba\/index.php\/wp-json\/wp\/v2\/posts\/298324\/revisions\/298325"}],"wp:featuredmedia":[{"embeddable":true,"href":"https:\/\/tuzlainfo.ba\/index.php\/wp-json\/wp\/v2\/media\/293441"}],"wp:attachment":[{"href":"https:\/\/tuzlainfo.ba\/index.php\/wp-json\/wp\/v2\/media?parent=298324"}],"wp:term":[{"taxonomy":"category","embeddable":true,"href":"https:\/\/tuzlainfo.ba\/index.php\/wp-json\/wp\/v2\/categories?post=298324"},{"taxonomy":"post_tag","embeddable":true,"href":"https:\/\/tuzlainfo.ba\/index.php\/wp-json\/wp\/v2\/tags?post=298324"}],"curies":[{"name":"wp","href":"https:\/\/api.w.org\/{rel}","templated":true}]}}