{"id":298292,"date":"2026-03-25T08:15:37","date_gmt":"2026-03-25T07:15:37","guid":{"rendered":"https:\/\/tuzlainfo.ba\/?p=298292"},"modified":"2026-03-25T08:15:37","modified_gmt":"2026-03-25T07:15:37","slug":"prevoznici-nakon-protesta-danas-za-stolom-s-vlastima-bih","status":"publish","type":"post","link":"https:\/\/tuzlainfo.ba\/index.php\/bosna-i-hercegovina\/item\/298292-prevoznici-nakon-protesta-danas-za-stolom-s-vlastima-bih\/","title":{"rendered":"Prevoznici nakon protesta danas za stolom s vlastima BiH"},"content":{"rendered":"<p>Prevoznici u Gradi\u0161ci danas bi trebali odr\u017eati sastanak s predstavnicima Vije\u0107a ministara Bosne i Hercegovine, kao i sa delegacijama Vlade Republike Srpske i Vlade Federacije BiH, dok je poziv za u\u010de\u0161\u0107e upu\u0107en i predstavnicima Vlade Hrvatske.<\/p>\n<p>Sastanak dolazi nakon protesta koje su prevoznici u ponedjeljak organizovali na vi\u0161e grani\u010dnih prelaza prema Hrvatskoj, \u017eele\u0107i skrenuti pa\u017enju na problem ograni\u010denog boravka profesionalnih voza\u010da u Evropskoj uniji. Rije\u010d je o pravilu koje propisuje maksimalno 90 dana boravka u okviru 180 dana, \u0161to prevoznici ve\u0107 du\u017ee vrijeme isti\u010du kao ozbiljan problem za funkcionisanje me\u0111unarodnog transporta.<\/p>\n<p>Tokom poku\u0161aja protesta na nekoliko grani\u010dnih prelaza, policija Republike Srpske sprije\u010dila je blokade, postupaju\u0107i po ranijem nalogu Vlade RS da takve aktivnosti ne\u0107e biti dozvoljene.<\/p>\n<p>Nakon sastanka s premijerom Republike Srpske, iz Konzorcija \u201cLogistika BiH\u201d poru\u010deno je da od institucija Bosne i Hercegovine o\u010dekuju hitno organizovanje zajedni\u010dkog sastanka svih nadle\u017enih nivoa vlasti, uklju\u010duju\u0107i Vije\u0107e ministara BiH i vlade entiteta. Upravo zbog toga dana\u0161nji razgovori, na kojima se o\u010dekuju prevoznici u Gradi\u0161ci i predstavnici vi\u0161e institucija, mogli bi biti va\u017ean korak ka konkretnijem rje\u0161avanju njihovih zahtjeva.<\/p>\n<p>Premijer Federacije BiH Nermin Nik\u0161i\u0107 izjavio je da su zahtjevi prevoznika ve\u0107 u velikoj mjeri ispunjeni, ali i naglasio da sva rje\u0161enja moraju biti uskla\u0111ena na nivou dr\u017eavnih institucija. Prema njegovim rije\u010dima, Vlada Federacije BiH ne mo\u017ee djelovati mimo odluka Vije\u0107a ministara Bosne i Hercegovine.<\/p>\n<p>S druge strane, premijer Republike Srpske Savo Mini\u0107 poru\u010dio je da su predstavnici Vlade RS spremni u\u010destvovati u razgovorima bez obzira na mjesto njihovog odr\u017eavanja, ali je istakao da blokade grani\u010dnih prelaza nisu prihvatljive.<\/p>\n<p>Podsje\u0107amo, od 1. aprila 2026. godine na teritoriji cijele Bosne i Hercegovine trebao bi biti uspostavljen jedinstven i uskla\u0111en na\u010din rada izme\u0111u Ureda za veterinarstvo BiH i Uprave za indirektno oporezivanje BiH. Ova promjena predstavlja jedan od zahtjeva koje su prevoznici u Gradi\u0161ci i ranije nagla\u0161avali, a njen cilj je smanjenje zastoja i administrativnih prepreka u prometu robe.<\/p>\n","protected":false},"excerpt":{"rendered":"<p>Prevoznici u Gradi\u0161ci danas bi trebali odr\u017eati sastanak s predstavnicima Vije\u0107a ministara Bosne i Hercegovine,&hellip;<\/p>\n","protected":false},"author":8,"featured_media":298082,"comment_status":"closed","ping_status":"closed","sticky":false,"template":"","format":"standard","meta":{"_acf_changed":false,"footnotes":""},"categories":[291],"tags":[455,5055],"acf":[],"yoast_head":"<!-- This site is optimized with the Yoast SEO plugin v23.5 - https:\/\/yoast.com\/wordpress\/plugins\/seo\/ -->\n<title>Prevoznici nakon protesta danas za stolom s vlastima BiH - TuzlaInfo.ba<\/title>\n<meta name=\"robots\" content=\"index, follow, max-snippet:-1, max-image-preview:large, max-video-preview:-1\" \/>\n<link rel=\"canonical\" href=\"https:\/\/tuzlainfo.ba\/index.php\/bosna-i-hercegovina\/item\/298292-prevoznici-nakon-protesta-danas-za-stolom-s-vlastima-bih\/\" \/>\n<meta property=\"og:locale\" content=\"bs_BA\" \/>\n<meta property=\"og:type\" content=\"article\" \/>\n<meta property=\"og:title\" content=\"Prevoznici nakon protesta danas za stolom s vlastima BiH - TuzlaInfo.ba\" \/>\n<meta property=\"og:description\" content=\"Prevoznici u Gradi\u0161ci danas bi trebali odr\u017eati sastanak s predstavnicima Vije\u0107a ministara Bosne i Hercegovine,&hellip;\" \/>\n<meta property=\"og:url\" content=\"https:\/\/tuzlainfo.ba\/index.php\/bosna-i-hercegovina\/item\/298292-prevoznici-nakon-protesta-danas-za-stolom-s-vlastima-bih\/\" \/>\n<meta property=\"og:site_name\" content=\"TuzlaInfo.ba\" \/>\n<meta property=\"article:publisher\" content=\"https:\/\/www.facebook.com\/tuzlainfo.ba\/\" \/>\n<meta property=\"article:published_time\" content=\"2026-03-25T07:15:37+00:00\" \/>\n<meta property=\"og:image\" content=\"https:\/\/tuzlainfo.ba\/wp-content\/uploads\/2026\/03\/653905408_1676202966872388_2795448566780485811_n-e1774269881685.jpg\" \/>\n\t<meta property=\"og:image:width\" content=\"1829\" \/>\n\t<meta property=\"og:image:height\" content=\"1211\" \/>\n\t<meta property=\"og:image:type\" content=\"image\/jpeg\" \/>\n<meta name=\"author\" content=\"Admin Tri\" \/>\n<meta name=\"twitter:card\" content=\"summary_large_image\" \/>\n<meta name=\"twitter:label1\" content=\"Written by\" \/>\n\t<meta name=\"twitter:data1\" content=\"Admin Tri\" \/>\n\t<meta name=\"twitter:label2\" content=\"Est. reading time\" \/>\n\t<meta name=\"twitter:data2\" content=\"2 minute\" \/>\n<script type=\"application\/ld+json\" class=\"yoast-schema-graph\">{\"@context\":\"https:\/\/schema.org\",\"@graph\":[{\"@type\":\"Article\",\"@id\":\"https:\/\/tuzlainfo.ba\/index.php\/bosna-i-hercegovina\/item\/298292-prevoznici-nakon-protesta-danas-za-stolom-s-vlastima-bih\/#article\",\"isPartOf\":{\"@id\":\"https:\/\/tuzlainfo.ba\/index.php\/bosna-i-hercegovina\/item\/298292-prevoznici-nakon-protesta-danas-za-stolom-s-vlastima-bih\/\"},\"author\":{\"name\":\"Admin Tri\",\"@id\":\"https:\/\/tuzlainfo.ba\/#\/schema\/person\/593e78a2f6378c5ba3e7600ecfa4e63a\"},\"headline\":\"Prevoznici nakon protesta danas za stolom s vlastima BiH\",\"datePublished\":\"2026-03-25T07:15:37+00:00\",\"dateModified\":\"2026-03-25T07:15:37+00:00\",\"mainEntityOfPage\":{\"@id\":\"https:\/\/tuzlainfo.ba\/index.php\/bosna-i-hercegovina\/item\/298292-prevoznici-nakon-protesta-danas-za-stolom-s-vlastima-bih\/\"},\"wordCount\":368,\"publisher\":{\"@id\":\"https:\/\/tuzlainfo.ba\/#organization\"},\"image\":{\"@id\":\"https:\/\/tuzlainfo.ba\/index.php\/bosna-i-hercegovina\/item\/298292-prevoznici-nakon-protesta-danas-za-stolom-s-vlastima-bih\/#primaryimage\"},\"thumbnailUrl\":\"https:\/\/tuzlainfo.ba\/wp-content\/uploads\/2026\/03\/653905408_1676202966872388_2795448566780485811_n-e1774269881685.jpg\",\"keywords\":[\"granica\",\"Prijevoznici\"],\"articleSection\":[\"Bosna i Hercegovina\"],\"inLanguage\":\"bs-BA\"},{\"@type\":\"WebPage\",\"@id\":\"https:\/\/tuzlainfo.ba\/index.php\/bosna-i-hercegovina\/item\/298292-prevoznici-nakon-protesta-danas-za-stolom-s-vlastima-bih\/\",\"url\":\"https:\/\/tuzlainfo.ba\/index.php\/bosna-i-hercegovina\/item\/298292-prevoznici-nakon-protesta-danas-za-stolom-s-vlastima-bih\/\",\"name\":\"Prevoznici nakon protesta danas za stolom s vlastima BiH - TuzlaInfo.ba\",\"isPartOf\":{\"@id\":\"https:\/\/tuzlainfo.ba\/#website\"},\"primaryImageOfPage\":{\"@id\":\"https:\/\/tuzlainfo.ba\/index.php\/bosna-i-hercegovina\/item\/298292-prevoznici-nakon-protesta-danas-za-stolom-s-vlastima-bih\/#primaryimage\"},\"image\":{\"@id\":\"https:\/\/tuzlainfo.ba\/index.php\/bosna-i-hercegovina\/item\/298292-prevoznici-nakon-protesta-danas-za-stolom-s-vlastima-bih\/#primaryimage\"},\"thumbnailUrl\":\"https:\/\/tuzlainfo.ba\/wp-content\/uploads\/2026\/03\/653905408_1676202966872388_2795448566780485811_n-e1774269881685.jpg\",\"datePublished\":\"2026-03-25T07:15:37+00:00\",\"dateModified\":\"2026-03-25T07:15:37+00:00\",\"breadcrumb\":{\"@id\":\"https:\/\/tuzlainfo.ba\/index.php\/bosna-i-hercegovina\/item\/298292-prevoznici-nakon-protesta-danas-za-stolom-s-vlastima-bih\/#breadcrumb\"},\"inLanguage\":\"bs-BA\",\"potentialAction\":[{\"@type\":\"ReadAction\",\"target\":[\"https:\/\/tuzlainfo.ba\/index.php\/bosna-i-hercegovina\/item\/298292-prevoznici-nakon-protesta-danas-za-stolom-s-vlastima-bih\/\"]}]},{\"@type\":\"ImageObject\",\"inLanguage\":\"bs-BA\",\"@id\":\"https:\/\/tuzlainfo.ba\/index.php\/bosna-i-hercegovina\/item\/298292-prevoznici-nakon-protesta-danas-za-stolom-s-vlastima-bih\/#primaryimage\",\"url\":\"https:\/\/tuzlainfo.ba\/wp-content\/uploads\/2026\/03\/653905408_1676202966872388_2795448566780485811_n-e1774269881685.jpg\",\"contentUrl\":\"https:\/\/tuzlainfo.ba\/wp-content\/uploads\/2026\/03\/653905408_1676202966872388_2795448566780485811_n-e1774269881685.jpg\",\"width\":1829,\"height\":1211},{\"@type\":\"BreadcrumbList\",\"@id\":\"https:\/\/tuzlainfo.ba\/index.php\/bosna-i-hercegovina\/item\/298292-prevoznici-nakon-protesta-danas-za-stolom-s-vlastima-bih\/#breadcrumb\",\"itemListElement\":[{\"@type\":\"ListItem\",\"position\":1,\"name\":\"Home\",\"item\":\"https:\/\/tuzlainfo.ba\/\"},{\"@type\":\"ListItem\",\"position\":2,\"name\":\"Prevoznici nakon protesta danas za stolom s vlastima BiH\"}]},{\"@type\":\"WebSite\",\"@id\":\"https:\/\/tuzlainfo.ba\/#website\",\"url\":\"https:\/\/tuzlainfo.ba\/\",\"name\":\"TuzlaInfo.ba\",\"description\":\"Tuzla info, gradski informator - Tuzla na dlanu\",\"publisher\":{\"@id\":\"https:\/\/tuzlainfo.ba\/#organization\"},\"potentialAction\":[{\"@type\":\"SearchAction\",\"target\":{\"@type\":\"EntryPoint\",\"urlTemplate\":\"https:\/\/tuzlainfo.ba\/?s={search_term_string}\"},\"query-input\":{\"@type\":\"PropertyValueSpecification\",\"valueRequired\":true,\"valueName\":\"search_term_string\"}}],\"inLanguage\":\"bs-BA\"},{\"@type\":\"Organization\",\"@id\":\"https:\/\/tuzlainfo.ba\/#organization\",\"name\":\"TuzlaInfo.ba\",\"url\":\"https:\/\/tuzlainfo.ba\/\",\"logo\":{\"@type\":\"ImageObject\",\"inLanguage\":\"bs-BA\",\"@id\":\"https:\/\/tuzlainfo.ba\/#\/schema\/logo\/image\/\",\"url\":\"https:\/\/tuzlainfo.ba\/wp-content\/uploads\/2021\/03\/logo-ver-3-1.png\",\"contentUrl\":\"https:\/\/tuzlainfo.ba\/wp-content\/uploads\/2021\/03\/logo-ver-3-1.png\",\"width\":350,\"height\":95,\"caption\":\"TuzlaInfo.ba\"},\"image\":{\"@id\":\"https:\/\/tuzlainfo.ba\/#\/schema\/logo\/image\/\"},\"sameAs\":[\"https:\/\/www.facebook.com\/tuzlainfo.ba\/\"]},{\"@type\":\"Person\",\"@id\":\"https:\/\/tuzlainfo.ba\/#\/schema\/person\/593e78a2f6378c5ba3e7600ecfa4e63a\",\"name\":\"Admin Tri\",\"image\":{\"@type\":\"ImageObject\",\"inLanguage\":\"bs-BA\",\"@id\":\"https:\/\/tuzlainfo.ba\/#\/schema\/person\/image\/\",\"url\":\"https:\/\/tuzlainfo.ba\/wp-content\/litespeed\/avatar\/b7920db4cc34a71ad12497283ad2fe3f.jpg?ver=1777100914\",\"contentUrl\":\"https:\/\/tuzlainfo.ba\/wp-content\/litespeed\/avatar\/b7920db4cc34a71ad12497283ad2fe3f.jpg?ver=1777100914\",\"caption\":\"Admin Tri\"},\"sameAs\":[\"https:\/\/tuzlainfo.ba\"]}]}<\/script>\n<!-- \/ Yoast SEO plugin. -->","yoast_head_json":{"title":"Prevoznici nakon protesta danas za stolom s vlastima BiH - TuzlaInfo.ba","robots":{"index":"index","follow":"follow","max-snippet":"max-snippet:-1","max-image-preview":"max-image-preview:large","max-video-preview":"max-video-preview:-1"},"canonical":"https:\/\/tuzlainfo.ba\/index.php\/bosna-i-hercegovina\/item\/298292-prevoznici-nakon-protesta-danas-za-stolom-s-vlastima-bih\/","og_locale":"bs_BA","og_type":"article","og_title":"Prevoznici nakon protesta danas za stolom s vlastima BiH - TuzlaInfo.ba","og_description":"Prevoznici u Gradi\u0161ci danas bi trebali odr\u017eati sastanak s predstavnicima Vije\u0107a ministara Bosne i Hercegovine,&hellip;","og_url":"https:\/\/tuzlainfo.ba\/index.php\/bosna-i-hercegovina\/item\/298292-prevoznici-nakon-protesta-danas-za-stolom-s-vlastima-bih\/","og_site_name":"TuzlaInfo.ba","article_publisher":"https:\/\/www.facebook.com\/tuzlainfo.ba\/","article_published_time":"2026-03-25T07:15:37+00:00","og_image":[{"width":1829,"height":1211,"url":"https:\/\/tuzlainfo.ba\/wp-content\/uploads\/2026\/03\/653905408_1676202966872388_2795448566780485811_n-e1774269881685.jpg","type":"image\/jpeg"}],"author":"Admin Tri","twitter_card":"summary_large_image","twitter_misc":{"Written by":"Admin Tri","Est. reading time":"2 minute"},"schema":{"@context":"https:\/\/schema.org","@graph":[{"@type":"Article","@id":"https:\/\/tuzlainfo.ba\/index.php\/bosna-i-hercegovina\/item\/298292-prevoznici-nakon-protesta-danas-za-stolom-s-vlastima-bih\/#article","isPartOf":{"@id":"https:\/\/tuzlainfo.ba\/index.php\/bosna-i-hercegovina\/item\/298292-prevoznici-nakon-protesta-danas-za-stolom-s-vlastima-bih\/"},"author":{"name":"Admin Tri","@id":"https:\/\/tuzlainfo.ba\/#\/schema\/person\/593e78a2f6378c5ba3e7600ecfa4e63a"},"headline":"Prevoznici nakon protesta danas za stolom s vlastima BiH","datePublished":"2026-03-25T07:15:37+00:00","dateModified":"2026-03-25T07:15:37+00:00","mainEntityOfPage":{"@id":"https:\/\/tuzlainfo.ba\/index.php\/bosna-i-hercegovina\/item\/298292-prevoznici-nakon-protesta-danas-za-stolom-s-vlastima-bih\/"},"wordCount":368,"publisher":{"@id":"https:\/\/tuzlainfo.ba\/#organization"},"image":{"@id":"https:\/\/tuzlainfo.ba\/index.php\/bosna-i-hercegovina\/item\/298292-prevoznici-nakon-protesta-danas-za-stolom-s-vlastima-bih\/#primaryimage"},"thumbnailUrl":"https:\/\/tuzlainfo.ba\/wp-content\/uploads\/2026\/03\/653905408_1676202966872388_2795448566780485811_n-e1774269881685.jpg","keywords":["granica","Prijevoznici"],"articleSection":["Bosna i Hercegovina"],"inLanguage":"bs-BA"},{"@type":"WebPage","@id":"https:\/\/tuzlainfo.ba\/index.php\/bosna-i-hercegovina\/item\/298292-prevoznici-nakon-protesta-danas-za-stolom-s-vlastima-bih\/","url":"https:\/\/tuzlainfo.ba\/index.php\/bosna-i-hercegovina\/item\/298292-prevoznici-nakon-protesta-danas-za-stolom-s-vlastima-bih\/","name":"Prevoznici nakon protesta danas za stolom s vlastima BiH - TuzlaInfo.ba","isPartOf":{"@id":"https:\/\/tuzlainfo.ba\/#website"},"primaryImageOfPage":{"@id":"https:\/\/tuzlainfo.ba\/index.php\/bosna-i-hercegovina\/item\/298292-prevoznici-nakon-protesta-danas-za-stolom-s-vlastima-bih\/#primaryimage"},"image":{"@id":"https:\/\/tuzlainfo.ba\/index.php\/bosna-i-hercegovina\/item\/298292-prevoznici-nakon-protesta-danas-za-stolom-s-vlastima-bih\/#primaryimage"},"thumbnailUrl":"https:\/\/tuzlainfo.ba\/wp-content\/uploads\/2026\/03\/653905408_1676202966872388_2795448566780485811_n-e1774269881685.jpg","datePublished":"2026-03-25T07:15:37+00:00","dateModified":"2026-03-25T07:15:37+00:00","breadcrumb":{"@id":"https:\/\/tuzlainfo.ba\/index.php\/bosna-i-hercegovina\/item\/298292-prevoznici-nakon-protesta-danas-za-stolom-s-vlastima-bih\/#breadcrumb"},"inLanguage":"bs-BA","potentialAction":[{"@type":"ReadAction","target":["https:\/\/tuzlainfo.ba\/index.php\/bosna-i-hercegovina\/item\/298292-prevoznici-nakon-protesta-danas-za-stolom-s-vlastima-bih\/"]}]},{"@type":"ImageObject","inLanguage":"bs-BA","@id":"https:\/\/tuzlainfo.ba\/index.php\/bosna-i-hercegovina\/item\/298292-prevoznici-nakon-protesta-danas-za-stolom-s-vlastima-bih\/#primaryimage","url":"https:\/\/tuzlainfo.ba\/wp-content\/uploads\/2026\/03\/653905408_1676202966872388_2795448566780485811_n-e1774269881685.jpg","contentUrl":"https:\/\/tuzlainfo.ba\/wp-content\/uploads\/2026\/03\/653905408_1676202966872388_2795448566780485811_n-e1774269881685.jpg","width":1829,"height":1211},{"@type":"BreadcrumbList","@id":"https:\/\/tuzlainfo.ba\/index.php\/bosna-i-hercegovina\/item\/298292-prevoznici-nakon-protesta-danas-za-stolom-s-vlastima-bih\/#breadcrumb","itemListElement":[{"@type":"ListItem","position":1,"name":"Home","item":"https:\/\/tuzlainfo.ba\/"},{"@type":"ListItem","position":2,"name":"Prevoznici nakon protesta danas za stolom s vlastima BiH"}]},{"@type":"WebSite","@id":"https:\/\/tuzlainfo.ba\/#website","url":"https:\/\/tuzlainfo.ba\/","name":"TuzlaInfo.ba","description":"Tuzla info, gradski informator - Tuzla na dlanu","publisher":{"@id":"https:\/\/tuzlainfo.ba\/#organization"},"potentialAction":[{"@type":"SearchAction","target":{"@type":"EntryPoint","urlTemplate":"https:\/\/tuzlainfo.ba\/?s={search_term_string}"},"query-input":{"@type":"PropertyValueSpecification","valueRequired":true,"valueName":"search_term_string"}}],"inLanguage":"bs-BA"},{"@type":"Organization","@id":"https:\/\/tuzlainfo.ba\/#organization","name":"TuzlaInfo.ba","url":"https:\/\/tuzlainfo.ba\/","logo":{"@type":"ImageObject","inLanguage":"bs-BA","@id":"https:\/\/tuzlainfo.ba\/#\/schema\/logo\/image\/","url":"https:\/\/tuzlainfo.ba\/wp-content\/uploads\/2021\/03\/logo-ver-3-1.png","contentUrl":"https:\/\/tuzlainfo.ba\/wp-content\/uploads\/2021\/03\/logo-ver-3-1.png","width":350,"height":95,"caption":"TuzlaInfo.ba"},"image":{"@id":"https:\/\/tuzlainfo.ba\/#\/schema\/logo\/image\/"},"sameAs":["https:\/\/www.facebook.com\/tuzlainfo.ba\/"]},{"@type":"Person","@id":"https:\/\/tuzlainfo.ba\/#\/schema\/person\/593e78a2f6378c5ba3e7600ecfa4e63a","name":"Admin Tri","image":{"@type":"ImageObject","inLanguage":"bs-BA","@id":"https:\/\/tuzlainfo.ba\/#\/schema\/person\/image\/","url":"https:\/\/tuzlainfo.ba\/wp-content\/litespeed\/avatar\/b7920db4cc34a71ad12497283ad2fe3f.jpg?ver=1777100914","contentUrl":"https:\/\/tuzlainfo.ba\/wp-content\/litespeed\/avatar\/b7920db4cc34a71ad12497283ad2fe3f.jpg?ver=1777100914","caption":"Admin Tri"},"sameAs":["https:\/\/tuzlainfo.ba"]}]}},"_links":{"self":[{"href":"https:\/\/tuzlainfo.ba\/index.php\/wp-json\/wp\/v2\/posts\/298292"}],"collection":[{"href":"https:\/\/tuzlainfo.ba\/index.php\/wp-json\/wp\/v2\/posts"}],"about":[{"href":"https:\/\/tuzlainfo.ba\/index.php\/wp-json\/wp\/v2\/types\/post"}],"author":[{"embeddable":true,"href":"https:\/\/tuzlainfo.ba\/index.php\/wp-json\/wp\/v2\/users\/8"}],"replies":[{"embeddable":true,"href":"https:\/\/tuzlainfo.ba\/index.php\/wp-json\/wp\/v2\/comments?post=298292"}],"version-history":[{"count":2,"href":"https:\/\/tuzlainfo.ba\/index.php\/wp-json\/wp\/v2\/posts\/298292\/revisions"}],"predecessor-version":[{"id":298294,"href":"https:\/\/tuzlainfo.ba\/index.php\/wp-json\/wp\/v2\/posts\/298292\/revisions\/298294"}],"wp:featuredmedia":[{"embeddable":true,"href":"https:\/\/tuzlainfo.ba\/index.php\/wp-json\/wp\/v2\/media\/298082"}],"wp:attachment":[{"href":"https:\/\/tuzlainfo.ba\/index.php\/wp-json\/wp\/v2\/media?parent=298292"}],"wp:term":[{"taxonomy":"category","embeddable":true,"href":"https:\/\/tuzlainfo.ba\/index.php\/wp-json\/wp\/v2\/categories?post=298292"},{"taxonomy":"post_tag","embeddable":true,"href":"https:\/\/tuzlainfo.ba\/index.php\/wp-json\/wp\/v2\/tags?post=298292"}],"curies":[{"name":"wp","href":"https:\/\/api.w.org\/{rel}","templated":true}]}}