{"id":298285,"date":"2026-03-25T08:25:22","date_gmt":"2026-03-25T07:25:22","guid":{"rendered":"https:\/\/tuzlainfo.ba\/?p=298285"},"modified":"2026-03-25T08:43:09","modified_gmt":"2026-03-25T07:43:09","slug":"tuzla-maloljetnik-tesko-povrijedjen-u-incidentu-u-naselju-irac","status":"publish","type":"post","link":"https:\/\/tuzlainfo.ba\/index.php\/novosti\/item\/298285-tuzla-maloljetnik-tesko-povrijedjen-u-incidentu-u-naselju-irac\/","title":{"rendered":"Tuzla: Maloljetnik te\u0161ko povrije\u0111en u incidentu u naselju Irac"},"content":{"rendered":"<p data-start=\"0\" data-end=\"191\">U tuzlanskom naselju Irac, sino\u0107 je zabilje\u017een incident u kojem je maloljetna osoba zadobila te\u0161ke tjelesne povrede, potvr\u0111eno je iz Uprave policije MUP-a Tuzlanskog kantona.<\/p>\n<p data-start=\"193\" data-end=\"457\">Povrije\u0111enom maloljetniku pomo\u0107 je ukazana u UKC-u Tuzla, gdje su ljekari konstatovali te\u017einu povreda. Prema prvim informacijama, povreda je nanesena istog dana na podru\u010dju Tuzle, a u vezi s ovim slu\u010dajem pod nadzorom policije nalazi se jo\u0161 jedna maloljetna osoba.<\/p>\n<p data-start=\"459\" data-end=\"691\">O doga\u0111aju je obavije\u0161ten de\u017eurni tu\u017eilac Kantonalnog tu\u017eila\u0161tva Tuzlanskog kantona, dok su uvi\u0111ajne i druge istra\u017ene radnje proveli slu\u017ebenici Policijske stanice Centar i Odjeljenja kriminalisti\u010dke policije Policijske uprave Tuzla.<\/p>\n<p data-start=\"693\" data-end=\"831\" data-is-last-node=\"\" data-is-only-node=\"\">Iz Uprave policije isti\u010du da je istraga u toku, te da zbog zakonskih odredbi o za\u0161titi djece i maloljetnika ne mogu iznositi vi\u0161e detalja.<\/p>\n","protected":false},"excerpt":{"rendered":"<p>U tuzlanskom naselju Irac, sino\u0107 je zabilje\u017een incident u kojem je maloljetna osoba zadobila te\u0161ke&hellip;<\/p>\n","protected":false},"author":4,"featured_media":298290,"comment_status":"closed","ping_status":"closed","sticky":false,"template":"","format":"standard","meta":{"_acf_changed":false,"footnotes":""},"categories":[304,12],"tags":[3427,424,42],"acf":[],"yoast_head":"<!-- This site is optimized with the Yoast SEO plugin v23.5 - https:\/\/yoast.com\/wordpress\/plugins\/seo\/ -->\n<title>Tuzla: Maloljetnik te\u0161ko povrije\u0111en u incidentu u naselju Irac - TuzlaInfo.ba<\/title>\n<meta name=\"robots\" content=\"index, follow, max-snippet:-1, max-image-preview:large, max-video-preview:-1\" \/>\n<link rel=\"canonical\" href=\"https:\/\/tuzlainfo.ba\/index.php\/novosti\/item\/298285-tuzla-maloljetnik-tesko-povrijedjen-u-incidentu-u-naselju-irac\/\" \/>\n<meta property=\"og:locale\" content=\"bs_BA\" \/>\n<meta property=\"og:type\" content=\"article\" \/>\n<meta property=\"og:title\" content=\"Tuzla: Maloljetnik te\u0161ko povrije\u0111en u incidentu u naselju Irac - TuzlaInfo.ba\" \/>\n<meta property=\"og:description\" content=\"U tuzlanskom naselju Irac, sino\u0107 je zabilje\u017een incident u kojem je maloljetna osoba zadobila te\u0161ke&hellip;\" \/>\n<meta property=\"og:url\" content=\"https:\/\/tuzlainfo.ba\/index.php\/novosti\/item\/298285-tuzla-maloljetnik-tesko-povrijedjen-u-incidentu-u-naselju-irac\/\" \/>\n<meta property=\"og:site_name\" content=\"TuzlaInfo.ba\" \/>\n<meta property=\"article:publisher\" content=\"https:\/\/www.facebook.com\/tuzlainfo.ba\/\" \/>\n<meta property=\"article:published_time\" content=\"2026-03-25T07:25:22+00:00\" \/>\n<meta property=\"article:modified_time\" content=\"2026-03-25T07:43:09+00:00\" \/>\n<meta property=\"og:image\" content=\"https:\/\/tuzlainfo.ba\/wp-content\/uploads\/2026\/03\/2503_ir1.jpg\" \/>\n\t<meta property=\"og:image:width\" content=\"800\" \/>\n\t<meta property=\"og:image:height\" content=\"461\" \/>\n\t<meta property=\"og:image:type\" content=\"image\/jpeg\" \/>\n<meta name=\"author\" content=\"Tuzla Info\" \/>\n<meta name=\"twitter:card\" content=\"summary_large_image\" \/>\n<meta name=\"twitter:label1\" content=\"Written by\" \/>\n\t<meta name=\"twitter:data1\" content=\"Tuzla Info\" \/>\n\t<meta name=\"twitter:label2\" content=\"Est. reading time\" \/>\n\t<meta name=\"twitter:data2\" content=\"1 minuta\" \/>\n<script type=\"application\/ld+json\" class=\"yoast-schema-graph\">{\"@context\":\"https:\/\/schema.org\",\"@graph\":[{\"@type\":\"Article\",\"@id\":\"https:\/\/tuzlainfo.ba\/index.php\/novosti\/item\/298285-tuzla-maloljetnik-tesko-povrijedjen-u-incidentu-u-naselju-irac\/#article\",\"isPartOf\":{\"@id\":\"https:\/\/tuzlainfo.ba\/index.php\/novosti\/item\/298285-tuzla-maloljetnik-tesko-povrijedjen-u-incidentu-u-naselju-irac\/\"},\"author\":{\"name\":\"Tuzla Info\",\"@id\":\"https:\/\/tuzlainfo.ba\/#\/schema\/person\/46cad4c57790cbc50781edd14870825a\"},\"headline\":\"Tuzla: Maloljetnik te\u0161ko povrije\u0111en u incidentu u naselju Irac\",\"datePublished\":\"2026-03-25T07:25:22+00:00\",\"dateModified\":\"2026-03-25T07:43:09+00:00\",\"mainEntityOfPage\":{\"@id\":\"https:\/\/tuzlainfo.ba\/index.php\/novosti\/item\/298285-tuzla-maloljetnik-tesko-povrijedjen-u-incidentu-u-naselju-irac\/\"},\"wordCount\":149,\"publisher\":{\"@id\":\"https:\/\/tuzlainfo.ba\/#organization\"},\"image\":{\"@id\":\"https:\/\/tuzlainfo.ba\/index.php\/novosti\/item\/298285-tuzla-maloljetnik-tesko-povrijedjen-u-incidentu-u-naselju-irac\/#primaryimage\"},\"thumbnailUrl\":\"https:\/\/tuzlainfo.ba\/wp-content\/uploads\/2026\/03\/2503_ir1.jpg\",\"keywords\":[\"Irac\",\"policija\",\"tuzla\"],\"articleSection\":[\"Istaknuto\",\"Novosti\"],\"inLanguage\":\"bs-BA\"},{\"@type\":\"WebPage\",\"@id\":\"https:\/\/tuzlainfo.ba\/index.php\/novosti\/item\/298285-tuzla-maloljetnik-tesko-povrijedjen-u-incidentu-u-naselju-irac\/\",\"url\":\"https:\/\/tuzlainfo.ba\/index.php\/novosti\/item\/298285-tuzla-maloljetnik-tesko-povrijedjen-u-incidentu-u-naselju-irac\/\",\"name\":\"Tuzla: Maloljetnik te\u0161ko povrije\u0111en u incidentu u naselju Irac - TuzlaInfo.ba\",\"isPartOf\":{\"@id\":\"https:\/\/tuzlainfo.ba\/#website\"},\"primaryImageOfPage\":{\"@id\":\"https:\/\/tuzlainfo.ba\/index.php\/novosti\/item\/298285-tuzla-maloljetnik-tesko-povrijedjen-u-incidentu-u-naselju-irac\/#primaryimage\"},\"image\":{\"@id\":\"https:\/\/tuzlainfo.ba\/index.php\/novosti\/item\/298285-tuzla-maloljetnik-tesko-povrijedjen-u-incidentu-u-naselju-irac\/#primaryimage\"},\"thumbnailUrl\":\"https:\/\/tuzlainfo.ba\/wp-content\/uploads\/2026\/03\/2503_ir1.jpg\",\"datePublished\":\"2026-03-25T07:25:22+00:00\",\"dateModified\":\"2026-03-25T07:43:09+00:00\",\"breadcrumb\":{\"@id\":\"https:\/\/tuzlainfo.ba\/index.php\/novosti\/item\/298285-tuzla-maloljetnik-tesko-povrijedjen-u-incidentu-u-naselju-irac\/#breadcrumb\"},\"inLanguage\":\"bs-BA\",\"potentialAction\":[{\"@type\":\"ReadAction\",\"target\":[\"https:\/\/tuzlainfo.ba\/index.php\/novosti\/item\/298285-tuzla-maloljetnik-tesko-povrijedjen-u-incidentu-u-naselju-irac\/\"]}]},{\"@type\":\"ImageObject\",\"inLanguage\":\"bs-BA\",\"@id\":\"https:\/\/tuzlainfo.ba\/index.php\/novosti\/item\/298285-tuzla-maloljetnik-tesko-povrijedjen-u-incidentu-u-naselju-irac\/#primaryimage\",\"url\":\"https:\/\/tuzlainfo.ba\/wp-content\/uploads\/2026\/03\/2503_ir1.jpg\",\"contentUrl\":\"https:\/\/tuzlainfo.ba\/wp-content\/uploads\/2026\/03\/2503_ir1.jpg\",\"width\":800,\"height\":461},{\"@type\":\"BreadcrumbList\",\"@id\":\"https:\/\/tuzlainfo.ba\/index.php\/novosti\/item\/298285-tuzla-maloljetnik-tesko-povrijedjen-u-incidentu-u-naselju-irac\/#breadcrumb\",\"itemListElement\":[{\"@type\":\"ListItem\",\"position\":1,\"name\":\"Home\",\"item\":\"https:\/\/tuzlainfo.ba\/\"},{\"@type\":\"ListItem\",\"position\":2,\"name\":\"Tuzla: Maloljetnik te\u0161ko povrije\u0111en u incidentu u naselju Irac\"}]},{\"@type\":\"WebSite\",\"@id\":\"https:\/\/tuzlainfo.ba\/#website\",\"url\":\"https:\/\/tuzlainfo.ba\/\",\"name\":\"TuzlaInfo.ba\",\"description\":\"Tuzla info, gradski informator - Tuzla na dlanu\",\"publisher\":{\"@id\":\"https:\/\/tuzlainfo.ba\/#organization\"},\"potentialAction\":[{\"@type\":\"SearchAction\",\"target\":{\"@type\":\"EntryPoint\",\"urlTemplate\":\"https:\/\/tuzlainfo.ba\/?s={search_term_string}\"},\"query-input\":{\"@type\":\"PropertyValueSpecification\",\"valueRequired\":true,\"valueName\":\"search_term_string\"}}],\"inLanguage\":\"bs-BA\"},{\"@type\":\"Organization\",\"@id\":\"https:\/\/tuzlainfo.ba\/#organization\",\"name\":\"TuzlaInfo.ba\",\"url\":\"https:\/\/tuzlainfo.ba\/\",\"logo\":{\"@type\":\"ImageObject\",\"inLanguage\":\"bs-BA\",\"@id\":\"https:\/\/tuzlainfo.ba\/#\/schema\/logo\/image\/\",\"url\":\"https:\/\/tuzlainfo.ba\/wp-content\/uploads\/2021\/03\/logo-ver-3-1.png\",\"contentUrl\":\"https:\/\/tuzlainfo.ba\/wp-content\/uploads\/2021\/03\/logo-ver-3-1.png\",\"width\":350,\"height\":95,\"caption\":\"TuzlaInfo.ba\"},\"image\":{\"@id\":\"https:\/\/tuzlainfo.ba\/#\/schema\/logo\/image\/\"},\"sameAs\":[\"https:\/\/www.facebook.com\/tuzlainfo.ba\/\"]},{\"@type\":\"Person\",\"@id\":\"https:\/\/tuzlainfo.ba\/#\/schema\/person\/46cad4c57790cbc50781edd14870825a\",\"name\":\"Tuzla Info\",\"image\":{\"@type\":\"ImageObject\",\"inLanguage\":\"bs-BA\",\"@id\":\"https:\/\/tuzlainfo.ba\/#\/schema\/person\/image\/\",\"url\":\"https:\/\/tuzlainfo.ba\/wp-content\/litespeed\/avatar\/b6c453a6c38e3654f2e4416c643fc25c.jpg?ver=1777051911\",\"contentUrl\":\"https:\/\/tuzlainfo.ba\/wp-content\/litespeed\/avatar\/b6c453a6c38e3654f2e4416c643fc25c.jpg?ver=1777051911\",\"caption\":\"Tuzla Info\"}}]}<\/script>\n<!-- \/ Yoast SEO plugin. -->","yoast_head_json":{"title":"Tuzla: Maloljetnik te\u0161ko povrije\u0111en u incidentu u naselju Irac - TuzlaInfo.ba","robots":{"index":"index","follow":"follow","max-snippet":"max-snippet:-1","max-image-preview":"max-image-preview:large","max-video-preview":"max-video-preview:-1"},"canonical":"https:\/\/tuzlainfo.ba\/index.php\/novosti\/item\/298285-tuzla-maloljetnik-tesko-povrijedjen-u-incidentu-u-naselju-irac\/","og_locale":"bs_BA","og_type":"article","og_title":"Tuzla: Maloljetnik te\u0161ko povrije\u0111en u incidentu u naselju Irac - TuzlaInfo.ba","og_description":"U tuzlanskom naselju Irac, sino\u0107 je zabilje\u017een incident u kojem je maloljetna osoba zadobila te\u0161ke&hellip;","og_url":"https:\/\/tuzlainfo.ba\/index.php\/novosti\/item\/298285-tuzla-maloljetnik-tesko-povrijedjen-u-incidentu-u-naselju-irac\/","og_site_name":"TuzlaInfo.ba","article_publisher":"https:\/\/www.facebook.com\/tuzlainfo.ba\/","article_published_time":"2026-03-25T07:25:22+00:00","article_modified_time":"2026-03-25T07:43:09+00:00","og_image":[{"width":800,"height":461,"url":"https:\/\/tuzlainfo.ba\/wp-content\/uploads\/2026\/03\/2503_ir1.jpg","type":"image\/jpeg"}],"author":"Tuzla Info","twitter_card":"summary_large_image","twitter_misc":{"Written by":"Tuzla Info","Est. reading time":"1 minuta"},"schema":{"@context":"https:\/\/schema.org","@graph":[{"@type":"Article","@id":"https:\/\/tuzlainfo.ba\/index.php\/novosti\/item\/298285-tuzla-maloljetnik-tesko-povrijedjen-u-incidentu-u-naselju-irac\/#article","isPartOf":{"@id":"https:\/\/tuzlainfo.ba\/index.php\/novosti\/item\/298285-tuzla-maloljetnik-tesko-povrijedjen-u-incidentu-u-naselju-irac\/"},"author":{"name":"Tuzla Info","@id":"https:\/\/tuzlainfo.ba\/#\/schema\/person\/46cad4c57790cbc50781edd14870825a"},"headline":"Tuzla: Maloljetnik te\u0161ko povrije\u0111en u incidentu u naselju Irac","datePublished":"2026-03-25T07:25:22+00:00","dateModified":"2026-03-25T07:43:09+00:00","mainEntityOfPage":{"@id":"https:\/\/tuzlainfo.ba\/index.php\/novosti\/item\/298285-tuzla-maloljetnik-tesko-povrijedjen-u-incidentu-u-naselju-irac\/"},"wordCount":149,"publisher":{"@id":"https:\/\/tuzlainfo.ba\/#organization"},"image":{"@id":"https:\/\/tuzlainfo.ba\/index.php\/novosti\/item\/298285-tuzla-maloljetnik-tesko-povrijedjen-u-incidentu-u-naselju-irac\/#primaryimage"},"thumbnailUrl":"https:\/\/tuzlainfo.ba\/wp-content\/uploads\/2026\/03\/2503_ir1.jpg","keywords":["Irac","policija","tuzla"],"articleSection":["Istaknuto","Novosti"],"inLanguage":"bs-BA"},{"@type":"WebPage","@id":"https:\/\/tuzlainfo.ba\/index.php\/novosti\/item\/298285-tuzla-maloljetnik-tesko-povrijedjen-u-incidentu-u-naselju-irac\/","url":"https:\/\/tuzlainfo.ba\/index.php\/novosti\/item\/298285-tuzla-maloljetnik-tesko-povrijedjen-u-incidentu-u-naselju-irac\/","name":"Tuzla: Maloljetnik te\u0161ko povrije\u0111en u incidentu u naselju Irac - TuzlaInfo.ba","isPartOf":{"@id":"https:\/\/tuzlainfo.ba\/#website"},"primaryImageOfPage":{"@id":"https:\/\/tuzlainfo.ba\/index.php\/novosti\/item\/298285-tuzla-maloljetnik-tesko-povrijedjen-u-incidentu-u-naselju-irac\/#primaryimage"},"image":{"@id":"https:\/\/tuzlainfo.ba\/index.php\/novosti\/item\/298285-tuzla-maloljetnik-tesko-povrijedjen-u-incidentu-u-naselju-irac\/#primaryimage"},"thumbnailUrl":"https:\/\/tuzlainfo.ba\/wp-content\/uploads\/2026\/03\/2503_ir1.jpg","datePublished":"2026-03-25T07:25:22+00:00","dateModified":"2026-03-25T07:43:09+00:00","breadcrumb":{"@id":"https:\/\/tuzlainfo.ba\/index.php\/novosti\/item\/298285-tuzla-maloljetnik-tesko-povrijedjen-u-incidentu-u-naselju-irac\/#breadcrumb"},"inLanguage":"bs-BA","potentialAction":[{"@type":"ReadAction","target":["https:\/\/tuzlainfo.ba\/index.php\/novosti\/item\/298285-tuzla-maloljetnik-tesko-povrijedjen-u-incidentu-u-naselju-irac\/"]}]},{"@type":"ImageObject","inLanguage":"bs-BA","@id":"https:\/\/tuzlainfo.ba\/index.php\/novosti\/item\/298285-tuzla-maloljetnik-tesko-povrijedjen-u-incidentu-u-naselju-irac\/#primaryimage","url":"https:\/\/tuzlainfo.ba\/wp-content\/uploads\/2026\/03\/2503_ir1.jpg","contentUrl":"https:\/\/tuzlainfo.ba\/wp-content\/uploads\/2026\/03\/2503_ir1.jpg","width":800,"height":461},{"@type":"BreadcrumbList","@id":"https:\/\/tuzlainfo.ba\/index.php\/novosti\/item\/298285-tuzla-maloljetnik-tesko-povrijedjen-u-incidentu-u-naselju-irac\/#breadcrumb","itemListElement":[{"@type":"ListItem","position":1,"name":"Home","item":"https:\/\/tuzlainfo.ba\/"},{"@type":"ListItem","position":2,"name":"Tuzla: Maloljetnik te\u0161ko povrije\u0111en u incidentu u naselju Irac"}]},{"@type":"WebSite","@id":"https:\/\/tuzlainfo.ba\/#website","url":"https:\/\/tuzlainfo.ba\/","name":"TuzlaInfo.ba","description":"Tuzla info, gradski informator - Tuzla na dlanu","publisher":{"@id":"https:\/\/tuzlainfo.ba\/#organization"},"potentialAction":[{"@type":"SearchAction","target":{"@type":"EntryPoint","urlTemplate":"https:\/\/tuzlainfo.ba\/?s={search_term_string}"},"query-input":{"@type":"PropertyValueSpecification","valueRequired":true,"valueName":"search_term_string"}}],"inLanguage":"bs-BA"},{"@type":"Organization","@id":"https:\/\/tuzlainfo.ba\/#organization","name":"TuzlaInfo.ba","url":"https:\/\/tuzlainfo.ba\/","logo":{"@type":"ImageObject","inLanguage":"bs-BA","@id":"https:\/\/tuzlainfo.ba\/#\/schema\/logo\/image\/","url":"https:\/\/tuzlainfo.ba\/wp-content\/uploads\/2021\/03\/logo-ver-3-1.png","contentUrl":"https:\/\/tuzlainfo.ba\/wp-content\/uploads\/2021\/03\/logo-ver-3-1.png","width":350,"height":95,"caption":"TuzlaInfo.ba"},"image":{"@id":"https:\/\/tuzlainfo.ba\/#\/schema\/logo\/image\/"},"sameAs":["https:\/\/www.facebook.com\/tuzlainfo.ba\/"]},{"@type":"Person","@id":"https:\/\/tuzlainfo.ba\/#\/schema\/person\/46cad4c57790cbc50781edd14870825a","name":"Tuzla Info","image":{"@type":"ImageObject","inLanguage":"bs-BA","@id":"https:\/\/tuzlainfo.ba\/#\/schema\/person\/image\/","url":"https:\/\/tuzlainfo.ba\/wp-content\/litespeed\/avatar\/b6c453a6c38e3654f2e4416c643fc25c.jpg?ver=1777051911","contentUrl":"https:\/\/tuzlainfo.ba\/wp-content\/litespeed\/avatar\/b6c453a6c38e3654f2e4416c643fc25c.jpg?ver=1777051911","caption":"Tuzla Info"}}]}},"_links":{"self":[{"href":"https:\/\/tuzlainfo.ba\/index.php\/wp-json\/wp\/v2\/posts\/298285"}],"collection":[{"href":"https:\/\/tuzlainfo.ba\/index.php\/wp-json\/wp\/v2\/posts"}],"about":[{"href":"https:\/\/tuzlainfo.ba\/index.php\/wp-json\/wp\/v2\/types\/post"}],"author":[{"embeddable":true,"href":"https:\/\/tuzlainfo.ba\/index.php\/wp-json\/wp\/v2\/users\/4"}],"replies":[{"embeddable":true,"href":"https:\/\/tuzlainfo.ba\/index.php\/wp-json\/wp\/v2\/comments?post=298285"}],"version-history":[{"count":2,"href":"https:\/\/tuzlainfo.ba\/index.php\/wp-json\/wp\/v2\/posts\/298285\/revisions"}],"predecessor-version":[{"id":298302,"href":"https:\/\/tuzlainfo.ba\/index.php\/wp-json\/wp\/v2\/posts\/298285\/revisions\/298302"}],"wp:featuredmedia":[{"embeddable":true,"href":"https:\/\/tuzlainfo.ba\/index.php\/wp-json\/wp\/v2\/media\/298290"}],"wp:attachment":[{"href":"https:\/\/tuzlainfo.ba\/index.php\/wp-json\/wp\/v2\/media?parent=298285"}],"wp:term":[{"taxonomy":"category","embeddable":true,"href":"https:\/\/tuzlainfo.ba\/index.php\/wp-json\/wp\/v2\/categories?post=298285"},{"taxonomy":"post_tag","embeddable":true,"href":"https:\/\/tuzlainfo.ba\/index.php\/wp-json\/wp\/v2\/tags?post=298285"}],"curies":[{"name":"wp","href":"https:\/\/api.w.org\/{rel}","templated":true}]}}