{"id":298233,"date":"2026-03-24T10:11:56","date_gmt":"2026-03-24T09:11:56","guid":{"rendered":"https:\/\/tuzlainfo.ba\/?p=298233"},"modified":"2026-03-24T09:50:59","modified_gmt":"2026-03-24T08:50:59","slug":"dodik-nakon-izetbegovicevog-nastupa-na-bhrt-u-jadni-su-i-on-i-njegova-politika","status":"publish","type":"post","link":"https:\/\/tuzlainfo.ba\/index.php\/bosna-i-hercegovina\/item\/298233-dodik-nakon-izetbegovicevog-nastupa-na-bhrt-u-jadni-su-i-on-i-njegova-politika\/","title":{"rendered":"Dodik nakon Izetbegovi\u0107evog nastupa na BHRT-u: Jadni su i on i njegova politika"},"content":{"rendered":"<p>Milorad Dodik oglasio se na dru\u0161tvenoj mre\u017ei X nakon gostovanja Bakira Izetbegovi\u0107a na BHRT-u, poru\u010div\u0161i da mu, kako je naveo, \u201cnekako prosto do\u0111e \u017eao Bakira Izetbegovi\u0107a\u201d, uz niz o\u0161trih kritika na ra\u010dun lidera SDA i njegove politike. Dodikova reakcija uslijedila je nakon \u0161to je Izetbegovi\u0107 u televizijskom intervjuu govorio o ranijoj saradnji sa SNSD-om i priznao da je s Dodikom pravio politi\u010dke trgovine.<\/p>\n<p>U objavi na X-u Dodik je poru\u010dio da Izetbegovi\u0107, prema njegovom mi\u0161ljenju, poku\u0161ava dominirati procesima u Republici Srpskoj i Bosni i Hercegovini, iako za to nema politi\u010dki kapacitet. \u201cNe pita se ni\u0161ta u RS, a htio bi. Priznaje da je naivan, a htio bi da dominira. Upada u nekakve zami\u0161ljene zamke, a htio bi da kreira procese\u201d, napisao je Dodik.<\/p>\n<p>Nastavljaju\u0107i kritiku, Dodik je ustvrdio da Izetbegovi\u0107 zagovara sekularnu dr\u017eavu, a istovremeno, kako je naveo, pi\u0161e politi\u010dke izjave sa reisom, te ga optu\u017eio da Bosnu i Hercegovinu svojata samo za Bo\u0161njake dok javno govori o ravnopravnosti. \u201cPi\u0161e politi\u010dke izjave sa reisom, a govori o sekularnoj dr\u017eavi. Svojata BiH samo za Bo\u0161njake, a govori o ravnopravnosti\u201d, naveo je Dodik.<\/p>\n<p>U zavr\u0161nom dijelu objave lider SNSD-a osvrnuo se i na Izetbegovi\u0107evo pozivanje na antifa\u0161izam, poru\u010div\u0161i da pre\u0161u\u0107uje neke historijske teme, nakon \u010dega je zaklju\u010dio: \u201cJadni su i on i njegova politika.\u201d<\/p>\n<p>Dodikova objava dolazi nakon ju\u010dera\u0161njeg gostovanja Bakira Izetbegovi\u0107a na BHRT-u, gdje je predsjednik SDA govorio o odnosima sa SNSD-om, mogu\u0107im postizbornim partnerstvima i ranijim dogovorima sa Dodikom. U tom intervjuu Izetbegovi\u0107 je rekao da je s Dodikom rije\u0161io SSP i koordinacioni mehanizam, te otvoreno priznao da je rije\u010d bila o politi\u010dkoj trgovini. \u201cTo je bila politi\u010dka trgovina. I mnogo je toga \u0161to treba RS, prije svega oni trebaju sredstva\u201d, kazao je Izetbegovi\u0107.<\/p>\n<p>Govore\u0107i o mogu\u0107im budu\u0107im odnosima, Izetbegovi\u0107 je naveo da bi, ukoliko to bude politi\u010dki potrebno, ponovo tra\u017eio na\u010din za dogovor sa SNSD-om, poru\u010div\u0161i da \u0107e \u201cpolitika i trgovina\u201d ostati okvir kroz koji se mogu praviti partnerstva i donositi odluke u institucijama BiH.<\/p>\n","protected":false},"excerpt":{"rendered":"<p>Milorad Dodik oglasio se na dru\u0161tvenoj mre\u017ei X nakon gostovanja Bakira Izetbegovi\u0107a na BHRT-u, poru\u010div\u0161i&hellip;<\/p>\n","protected":false},"author":8,"featured_media":237641,"comment_status":"closed","ping_status":"closed","sticky":false,"template":"","format":"standard","meta":{"_acf_changed":false,"footnotes":""},"categories":[291],"tags":[1370,535],"acf":[],"yoast_head":"<!-- This site is optimized with the Yoast SEO plugin v23.5 - https:\/\/yoast.com\/wordpress\/plugins\/seo\/ -->\n<title>Dodik nakon Izetbegovi\u0107evog nastupa na BHRT-u: Jadni su i on i njegova politika - TuzlaInfo.ba<\/title>\n<meta name=\"robots\" content=\"index, follow, max-snippet:-1, max-image-preview:large, max-video-preview:-1\" \/>\n<link rel=\"canonical\" href=\"https:\/\/tuzlainfo.ba\/index.php\/bosna-i-hercegovina\/item\/298233-dodik-nakon-izetbegovicevog-nastupa-na-bhrt-u-jadni-su-i-on-i-njegova-politika\/\" \/>\n<meta property=\"og:locale\" content=\"bs_BA\" \/>\n<meta property=\"og:type\" content=\"article\" \/>\n<meta property=\"og:title\" content=\"Dodik nakon Izetbegovi\u0107evog nastupa na BHRT-u: Jadni su i on i njegova politika - TuzlaInfo.ba\" \/>\n<meta property=\"og:description\" content=\"Milorad Dodik oglasio se na dru\u0161tvenoj mre\u017ei X nakon gostovanja Bakira Izetbegovi\u0107a na BHRT-u, poru\u010div\u0161i&hellip;\" \/>\n<meta property=\"og:url\" content=\"https:\/\/tuzlainfo.ba\/index.php\/bosna-i-hercegovina\/item\/298233-dodik-nakon-izetbegovicevog-nastupa-na-bhrt-u-jadni-su-i-on-i-njegova-politika\/\" \/>\n<meta property=\"og:site_name\" content=\"TuzlaInfo.ba\" \/>\n<meta property=\"article:publisher\" content=\"https:\/\/www.facebook.com\/tuzlainfo.ba\/\" \/>\n<meta property=\"article:published_time\" content=\"2026-03-24T09:11:56+00:00\" \/>\n<meta property=\"article:modified_time\" content=\"2026-03-24T08:50:59+00:00\" \/>\n<meta property=\"og:image\" content=\"https:\/\/tuzlainfo.ba\/wp-content\/uploads\/2024\/05\/0705_milorad_dodik.jpg\" \/>\n\t<meta property=\"og:image:width\" content=\"1000\" \/>\n\t<meta property=\"og:image:height\" content=\"666\" \/>\n\t<meta property=\"og:image:type\" content=\"image\/jpeg\" \/>\n<meta name=\"author\" content=\"Admin Tri\" \/>\n<meta name=\"twitter:card\" content=\"summary_large_image\" \/>\n<meta name=\"twitter:label1\" content=\"Written by\" \/>\n\t<meta name=\"twitter:data1\" content=\"Admin Tri\" \/>\n\t<meta name=\"twitter:label2\" content=\"Est. reading time\" \/>\n\t<meta name=\"twitter:data2\" content=\"2 minute\" \/>\n<script type=\"application\/ld+json\" class=\"yoast-schema-graph\">{\"@context\":\"https:\/\/schema.org\",\"@graph\":[{\"@type\":\"Article\",\"@id\":\"https:\/\/tuzlainfo.ba\/index.php\/bosna-i-hercegovina\/item\/298233-dodik-nakon-izetbegovicevog-nastupa-na-bhrt-u-jadni-su-i-on-i-njegova-politika\/#article\",\"isPartOf\":{\"@id\":\"https:\/\/tuzlainfo.ba\/index.php\/bosna-i-hercegovina\/item\/298233-dodik-nakon-izetbegovicevog-nastupa-na-bhrt-u-jadni-su-i-on-i-njegova-politika\/\"},\"author\":{\"name\":\"Admin Tri\",\"@id\":\"https:\/\/tuzlainfo.ba\/#\/schema\/person\/593e78a2f6378c5ba3e7600ecfa4e63a\"},\"headline\":\"Dodik nakon Izetbegovi\u0107evog nastupa na BHRT-u: Jadni su i on i njegova politika\",\"datePublished\":\"2026-03-24T09:11:56+00:00\",\"dateModified\":\"2026-03-24T08:50:59+00:00\",\"mainEntityOfPage\":{\"@id\":\"https:\/\/tuzlainfo.ba\/index.php\/bosna-i-hercegovina\/item\/298233-dodik-nakon-izetbegovicevog-nastupa-na-bhrt-u-jadni-su-i-on-i-njegova-politika\/\"},\"wordCount\":389,\"publisher\":{\"@id\":\"https:\/\/tuzlainfo.ba\/#organization\"},\"image\":{\"@id\":\"https:\/\/tuzlainfo.ba\/index.php\/bosna-i-hercegovina\/item\/298233-dodik-nakon-izetbegovicevog-nastupa-na-bhrt-u-jadni-su-i-on-i-njegova-politika\/#primaryimage\"},\"thumbnailUrl\":\"https:\/\/tuzlainfo.ba\/wp-content\/uploads\/2024\/05\/0705_milorad_dodik.jpg\",\"keywords\":[\"bakir izetbegovi\u0107\",\"milorad dodik\"],\"articleSection\":[\"Bosna i Hercegovina\"],\"inLanguage\":\"bs-BA\"},{\"@type\":\"WebPage\",\"@id\":\"https:\/\/tuzlainfo.ba\/index.php\/bosna-i-hercegovina\/item\/298233-dodik-nakon-izetbegovicevog-nastupa-na-bhrt-u-jadni-su-i-on-i-njegova-politika\/\",\"url\":\"https:\/\/tuzlainfo.ba\/index.php\/bosna-i-hercegovina\/item\/298233-dodik-nakon-izetbegovicevog-nastupa-na-bhrt-u-jadni-su-i-on-i-njegova-politika\/\",\"name\":\"Dodik nakon Izetbegovi\u0107evog nastupa na BHRT-u: Jadni su i on i njegova politika - TuzlaInfo.ba\",\"isPartOf\":{\"@id\":\"https:\/\/tuzlainfo.ba\/#website\"},\"primaryImageOfPage\":{\"@id\":\"https:\/\/tuzlainfo.ba\/index.php\/bosna-i-hercegovina\/item\/298233-dodik-nakon-izetbegovicevog-nastupa-na-bhrt-u-jadni-su-i-on-i-njegova-politika\/#primaryimage\"},\"image\":{\"@id\":\"https:\/\/tuzlainfo.ba\/index.php\/bosna-i-hercegovina\/item\/298233-dodik-nakon-izetbegovicevog-nastupa-na-bhrt-u-jadni-su-i-on-i-njegova-politika\/#primaryimage\"},\"thumbnailUrl\":\"https:\/\/tuzlainfo.ba\/wp-content\/uploads\/2024\/05\/0705_milorad_dodik.jpg\",\"datePublished\":\"2026-03-24T09:11:56+00:00\",\"dateModified\":\"2026-03-24T08:50:59+00:00\",\"breadcrumb\":{\"@id\":\"https:\/\/tuzlainfo.ba\/index.php\/bosna-i-hercegovina\/item\/298233-dodik-nakon-izetbegovicevog-nastupa-na-bhrt-u-jadni-su-i-on-i-njegova-politika\/#breadcrumb\"},\"inLanguage\":\"bs-BA\",\"potentialAction\":[{\"@type\":\"ReadAction\",\"target\":[\"https:\/\/tuzlainfo.ba\/index.php\/bosna-i-hercegovina\/item\/298233-dodik-nakon-izetbegovicevog-nastupa-na-bhrt-u-jadni-su-i-on-i-njegova-politika\/\"]}]},{\"@type\":\"ImageObject\",\"inLanguage\":\"bs-BA\",\"@id\":\"https:\/\/tuzlainfo.ba\/index.php\/bosna-i-hercegovina\/item\/298233-dodik-nakon-izetbegovicevog-nastupa-na-bhrt-u-jadni-su-i-on-i-njegova-politika\/#primaryimage\",\"url\":\"https:\/\/tuzlainfo.ba\/wp-content\/uploads\/2024\/05\/0705_milorad_dodik.jpg\",\"contentUrl\":\"https:\/\/tuzlainfo.ba\/wp-content\/uploads\/2024\/05\/0705_milorad_dodik.jpg\",\"width\":1000,\"height\":666},{\"@type\":\"BreadcrumbList\",\"@id\":\"https:\/\/tuzlainfo.ba\/index.php\/bosna-i-hercegovina\/item\/298233-dodik-nakon-izetbegovicevog-nastupa-na-bhrt-u-jadni-su-i-on-i-njegova-politika\/#breadcrumb\",\"itemListElement\":[{\"@type\":\"ListItem\",\"position\":1,\"name\":\"Home\",\"item\":\"https:\/\/tuzlainfo.ba\/\"},{\"@type\":\"ListItem\",\"position\":2,\"name\":\"Dodik nakon Izetbegovi\u0107evog nastupa na BHRT-u: Jadni su i on i njegova politika\"}]},{\"@type\":\"WebSite\",\"@id\":\"https:\/\/tuzlainfo.ba\/#website\",\"url\":\"https:\/\/tuzlainfo.ba\/\",\"name\":\"TuzlaInfo.ba\",\"description\":\"Tuzla info, gradski informator - Tuzla na dlanu\",\"publisher\":{\"@id\":\"https:\/\/tuzlainfo.ba\/#organization\"},\"potentialAction\":[{\"@type\":\"SearchAction\",\"target\":{\"@type\":\"EntryPoint\",\"urlTemplate\":\"https:\/\/tuzlainfo.ba\/?s={search_term_string}\"},\"query-input\":{\"@type\":\"PropertyValueSpecification\",\"valueRequired\":true,\"valueName\":\"search_term_string\"}}],\"inLanguage\":\"bs-BA\"},{\"@type\":\"Organization\",\"@id\":\"https:\/\/tuzlainfo.ba\/#organization\",\"name\":\"TuzlaInfo.ba\",\"url\":\"https:\/\/tuzlainfo.ba\/\",\"logo\":{\"@type\":\"ImageObject\",\"inLanguage\":\"bs-BA\",\"@id\":\"https:\/\/tuzlainfo.ba\/#\/schema\/logo\/image\/\",\"url\":\"https:\/\/tuzlainfo.ba\/wp-content\/uploads\/2021\/03\/logo-ver-3-1.png\",\"contentUrl\":\"https:\/\/tuzlainfo.ba\/wp-content\/uploads\/2021\/03\/logo-ver-3-1.png\",\"width\":350,\"height\":95,\"caption\":\"TuzlaInfo.ba\"},\"image\":{\"@id\":\"https:\/\/tuzlainfo.ba\/#\/schema\/logo\/image\/\"},\"sameAs\":[\"https:\/\/www.facebook.com\/tuzlainfo.ba\/\"]},{\"@type\":\"Person\",\"@id\":\"https:\/\/tuzlainfo.ba\/#\/schema\/person\/593e78a2f6378c5ba3e7600ecfa4e63a\",\"name\":\"Admin Tri\",\"image\":{\"@type\":\"ImageObject\",\"inLanguage\":\"bs-BA\",\"@id\":\"https:\/\/tuzlainfo.ba\/#\/schema\/person\/image\/\",\"url\":\"https:\/\/tuzlainfo.ba\/wp-content\/litespeed\/avatar\/b7920db4cc34a71ad12497283ad2fe3f.jpg?ver=1777100914\",\"contentUrl\":\"https:\/\/tuzlainfo.ba\/wp-content\/litespeed\/avatar\/b7920db4cc34a71ad12497283ad2fe3f.jpg?ver=1777100914\",\"caption\":\"Admin Tri\"},\"sameAs\":[\"https:\/\/tuzlainfo.ba\"]}]}<\/script>\n<!-- \/ Yoast SEO plugin. -->","yoast_head_json":{"title":"Dodik nakon Izetbegovi\u0107evog nastupa na BHRT-u: Jadni su i on i njegova politika - TuzlaInfo.ba","robots":{"index":"index","follow":"follow","max-snippet":"max-snippet:-1","max-image-preview":"max-image-preview:large","max-video-preview":"max-video-preview:-1"},"canonical":"https:\/\/tuzlainfo.ba\/index.php\/bosna-i-hercegovina\/item\/298233-dodik-nakon-izetbegovicevog-nastupa-na-bhrt-u-jadni-su-i-on-i-njegova-politika\/","og_locale":"bs_BA","og_type":"article","og_title":"Dodik nakon Izetbegovi\u0107evog nastupa na BHRT-u: Jadni su i on i njegova politika - TuzlaInfo.ba","og_description":"Milorad Dodik oglasio se na dru\u0161tvenoj mre\u017ei X nakon gostovanja Bakira Izetbegovi\u0107a na BHRT-u, poru\u010div\u0161i&hellip;","og_url":"https:\/\/tuzlainfo.ba\/index.php\/bosna-i-hercegovina\/item\/298233-dodik-nakon-izetbegovicevog-nastupa-na-bhrt-u-jadni-su-i-on-i-njegova-politika\/","og_site_name":"TuzlaInfo.ba","article_publisher":"https:\/\/www.facebook.com\/tuzlainfo.ba\/","article_published_time":"2026-03-24T09:11:56+00:00","article_modified_time":"2026-03-24T08:50:59+00:00","og_image":[{"width":1000,"height":666,"url":"https:\/\/tuzlainfo.ba\/wp-content\/uploads\/2024\/05\/0705_milorad_dodik.jpg","type":"image\/jpeg"}],"author":"Admin Tri","twitter_card":"summary_large_image","twitter_misc":{"Written by":"Admin Tri","Est. reading time":"2 minute"},"schema":{"@context":"https:\/\/schema.org","@graph":[{"@type":"Article","@id":"https:\/\/tuzlainfo.ba\/index.php\/bosna-i-hercegovina\/item\/298233-dodik-nakon-izetbegovicevog-nastupa-na-bhrt-u-jadni-su-i-on-i-njegova-politika\/#article","isPartOf":{"@id":"https:\/\/tuzlainfo.ba\/index.php\/bosna-i-hercegovina\/item\/298233-dodik-nakon-izetbegovicevog-nastupa-na-bhrt-u-jadni-su-i-on-i-njegova-politika\/"},"author":{"name":"Admin Tri","@id":"https:\/\/tuzlainfo.ba\/#\/schema\/person\/593e78a2f6378c5ba3e7600ecfa4e63a"},"headline":"Dodik nakon Izetbegovi\u0107evog nastupa na BHRT-u: Jadni su i on i njegova politika","datePublished":"2026-03-24T09:11:56+00:00","dateModified":"2026-03-24T08:50:59+00:00","mainEntityOfPage":{"@id":"https:\/\/tuzlainfo.ba\/index.php\/bosna-i-hercegovina\/item\/298233-dodik-nakon-izetbegovicevog-nastupa-na-bhrt-u-jadni-su-i-on-i-njegova-politika\/"},"wordCount":389,"publisher":{"@id":"https:\/\/tuzlainfo.ba\/#organization"},"image":{"@id":"https:\/\/tuzlainfo.ba\/index.php\/bosna-i-hercegovina\/item\/298233-dodik-nakon-izetbegovicevog-nastupa-na-bhrt-u-jadni-su-i-on-i-njegova-politika\/#primaryimage"},"thumbnailUrl":"https:\/\/tuzlainfo.ba\/wp-content\/uploads\/2024\/05\/0705_milorad_dodik.jpg","keywords":["bakir izetbegovi\u0107","milorad dodik"],"articleSection":["Bosna i Hercegovina"],"inLanguage":"bs-BA"},{"@type":"WebPage","@id":"https:\/\/tuzlainfo.ba\/index.php\/bosna-i-hercegovina\/item\/298233-dodik-nakon-izetbegovicevog-nastupa-na-bhrt-u-jadni-su-i-on-i-njegova-politika\/","url":"https:\/\/tuzlainfo.ba\/index.php\/bosna-i-hercegovina\/item\/298233-dodik-nakon-izetbegovicevog-nastupa-na-bhrt-u-jadni-su-i-on-i-njegova-politika\/","name":"Dodik nakon Izetbegovi\u0107evog nastupa na BHRT-u: Jadni su i on i njegova politika - TuzlaInfo.ba","isPartOf":{"@id":"https:\/\/tuzlainfo.ba\/#website"},"primaryImageOfPage":{"@id":"https:\/\/tuzlainfo.ba\/index.php\/bosna-i-hercegovina\/item\/298233-dodik-nakon-izetbegovicevog-nastupa-na-bhrt-u-jadni-su-i-on-i-njegova-politika\/#primaryimage"},"image":{"@id":"https:\/\/tuzlainfo.ba\/index.php\/bosna-i-hercegovina\/item\/298233-dodik-nakon-izetbegovicevog-nastupa-na-bhrt-u-jadni-su-i-on-i-njegova-politika\/#primaryimage"},"thumbnailUrl":"https:\/\/tuzlainfo.ba\/wp-content\/uploads\/2024\/05\/0705_milorad_dodik.jpg","datePublished":"2026-03-24T09:11:56+00:00","dateModified":"2026-03-24T08:50:59+00:00","breadcrumb":{"@id":"https:\/\/tuzlainfo.ba\/index.php\/bosna-i-hercegovina\/item\/298233-dodik-nakon-izetbegovicevog-nastupa-na-bhrt-u-jadni-su-i-on-i-njegova-politika\/#breadcrumb"},"inLanguage":"bs-BA","potentialAction":[{"@type":"ReadAction","target":["https:\/\/tuzlainfo.ba\/index.php\/bosna-i-hercegovina\/item\/298233-dodik-nakon-izetbegovicevog-nastupa-na-bhrt-u-jadni-su-i-on-i-njegova-politika\/"]}]},{"@type":"ImageObject","inLanguage":"bs-BA","@id":"https:\/\/tuzlainfo.ba\/index.php\/bosna-i-hercegovina\/item\/298233-dodik-nakon-izetbegovicevog-nastupa-na-bhrt-u-jadni-su-i-on-i-njegova-politika\/#primaryimage","url":"https:\/\/tuzlainfo.ba\/wp-content\/uploads\/2024\/05\/0705_milorad_dodik.jpg","contentUrl":"https:\/\/tuzlainfo.ba\/wp-content\/uploads\/2024\/05\/0705_milorad_dodik.jpg","width":1000,"height":666},{"@type":"BreadcrumbList","@id":"https:\/\/tuzlainfo.ba\/index.php\/bosna-i-hercegovina\/item\/298233-dodik-nakon-izetbegovicevog-nastupa-na-bhrt-u-jadni-su-i-on-i-njegova-politika\/#breadcrumb","itemListElement":[{"@type":"ListItem","position":1,"name":"Home","item":"https:\/\/tuzlainfo.ba\/"},{"@type":"ListItem","position":2,"name":"Dodik nakon Izetbegovi\u0107evog nastupa na BHRT-u: Jadni su i on i njegova politika"}]},{"@type":"WebSite","@id":"https:\/\/tuzlainfo.ba\/#website","url":"https:\/\/tuzlainfo.ba\/","name":"TuzlaInfo.ba","description":"Tuzla info, gradski informator - Tuzla na dlanu","publisher":{"@id":"https:\/\/tuzlainfo.ba\/#organization"},"potentialAction":[{"@type":"SearchAction","target":{"@type":"EntryPoint","urlTemplate":"https:\/\/tuzlainfo.ba\/?s={search_term_string}"},"query-input":{"@type":"PropertyValueSpecification","valueRequired":true,"valueName":"search_term_string"}}],"inLanguage":"bs-BA"},{"@type":"Organization","@id":"https:\/\/tuzlainfo.ba\/#organization","name":"TuzlaInfo.ba","url":"https:\/\/tuzlainfo.ba\/","logo":{"@type":"ImageObject","inLanguage":"bs-BA","@id":"https:\/\/tuzlainfo.ba\/#\/schema\/logo\/image\/","url":"https:\/\/tuzlainfo.ba\/wp-content\/uploads\/2021\/03\/logo-ver-3-1.png","contentUrl":"https:\/\/tuzlainfo.ba\/wp-content\/uploads\/2021\/03\/logo-ver-3-1.png","width":350,"height":95,"caption":"TuzlaInfo.ba"},"image":{"@id":"https:\/\/tuzlainfo.ba\/#\/schema\/logo\/image\/"},"sameAs":["https:\/\/www.facebook.com\/tuzlainfo.ba\/"]},{"@type":"Person","@id":"https:\/\/tuzlainfo.ba\/#\/schema\/person\/593e78a2f6378c5ba3e7600ecfa4e63a","name":"Admin Tri","image":{"@type":"ImageObject","inLanguage":"bs-BA","@id":"https:\/\/tuzlainfo.ba\/#\/schema\/person\/image\/","url":"https:\/\/tuzlainfo.ba\/wp-content\/litespeed\/avatar\/b7920db4cc34a71ad12497283ad2fe3f.jpg?ver=1777100914","contentUrl":"https:\/\/tuzlainfo.ba\/wp-content\/litespeed\/avatar\/b7920db4cc34a71ad12497283ad2fe3f.jpg?ver=1777100914","caption":"Admin Tri"},"sameAs":["https:\/\/tuzlainfo.ba"]}]}},"_links":{"self":[{"href":"https:\/\/tuzlainfo.ba\/index.php\/wp-json\/wp\/v2\/posts\/298233"}],"collection":[{"href":"https:\/\/tuzlainfo.ba\/index.php\/wp-json\/wp\/v2\/posts"}],"about":[{"href":"https:\/\/tuzlainfo.ba\/index.php\/wp-json\/wp\/v2\/types\/post"}],"author":[{"embeddable":true,"href":"https:\/\/tuzlainfo.ba\/index.php\/wp-json\/wp\/v2\/users\/8"}],"replies":[{"embeddable":true,"href":"https:\/\/tuzlainfo.ba\/index.php\/wp-json\/wp\/v2\/comments?post=298233"}],"version-history":[{"count":1,"href":"https:\/\/tuzlainfo.ba\/index.php\/wp-json\/wp\/v2\/posts\/298233\/revisions"}],"predecessor-version":[{"id":298234,"href":"https:\/\/tuzlainfo.ba\/index.php\/wp-json\/wp\/v2\/posts\/298233\/revisions\/298234"}],"wp:featuredmedia":[{"embeddable":true,"href":"https:\/\/tuzlainfo.ba\/index.php\/wp-json\/wp\/v2\/media\/237641"}],"wp:attachment":[{"href":"https:\/\/tuzlainfo.ba\/index.php\/wp-json\/wp\/v2\/media?parent=298233"}],"wp:term":[{"taxonomy":"category","embeddable":true,"href":"https:\/\/tuzlainfo.ba\/index.php\/wp-json\/wp\/v2\/categories?post=298233"},{"taxonomy":"post_tag","embeddable":true,"href":"https:\/\/tuzlainfo.ba\/index.php\/wp-json\/wp\/v2\/tags?post=298233"}],"curies":[{"name":"wp","href":"https:\/\/api.w.org\/{rel}","templated":true}]}}