{"id":298214,"date":"2026-03-24T08:51:15","date_gmt":"2026-03-24T07:51:15","guid":{"rendered":"https:\/\/tuzlainfo.ba\/?p=298214"},"modified":"2026-03-24T08:51:15","modified_gmt":"2026-03-24T07:51:15","slug":"vukanovic-najavio-kandidaturu-za-predsjednistvo-bih-snsd-i-hdz-nece-biti-ni-u-tragovima","status":"publish","type":"post","link":"https:\/\/tuzlainfo.ba\/index.php\/bosna-i-hercegovina\/item\/298214-vukanovic-najavio-kandidaturu-za-predsjednistvo-bih-snsd-i-hdz-nece-biti-ni-u-tragovima\/","title":{"rendered":"Vukanovi\u0107 najavio kandidaturu za Predsjedni\u0161tvo BiH: &#8220;SNSD i HDZ ne\u0107e biti ni u tragovima&#8221;"},"content":{"rendered":"<p>Neboj\u0161a Vukanovi\u0107, predsjednik stranke Za pravdu i red, gostovao je u ponedjeljak, 23. marta, na RTRS-u, gdje je u televizijskom duelu razgovarao sa glasnogovornikom SNSD-a Radovanom Kova\u010devi\u0107em, a njegovo pojavljivanje na javnom servisu Republike Srpske izazvalo je pa\u017enju javnosti s obzirom na ure\u0111iva\u010dku politiku te televizije.<\/p>\n<p>Govore\u0107i o odnosima unutar opozicionog bloka, Neboj\u0161a Vukanovi\u0107 je kazao da me\u0111u opozicionim partnerima nema ve\u0107ih nesuglasica, osim pitanja kandidatura za Op\u0107e izbore 2026. godine.<\/p>\n<p>\u201cMnogo su bolji odnosi me\u0111u nama. Mi imamo samo jedan problem, to je da gospodin Dra\u0161ko Stanivukovi\u0107 \u017eeli biti kandidat za predsjednika, ali ve\u0107 spla\u0161njava ambicije. Kandidat za predsjednika RS-a \u0107e biti Branko Blanu\u0161a i to je za nas strate\u0161ko pitanje\u201d, rekao je Vukanovi\u0107.<\/p>\n<p>U nastavku emisije poru\u010dio je da vjeruje u pobjedu opozicionog kandidata, bez obzira na, kako tvrdi, ranije izborne nepravilnosti i kra\u0111u glasova na prijevremenim predsjedni\u010dkim izborima.<\/p>\n<p>Neboj\u0161a Vukanovi\u0107 je govorio i o svojim politi\u010dkim ambicijama, najaviv\u0161i kandidaturu za \u010dlana Predsjedni\u0161tva Bosne i Hercegovine. Tom prilikom iznio je i o\u0161tru poruku na ra\u010dun stranaka koje trenutno imaju klju\u010dnu ulogu u vlasti.<\/p>\n<p>\u201cUkoliko pobijedim na izborima, HDZ-a i SNSD-a ne\u0107e biti ni u tragovima\u201d, poru\u010dio je Vukanovi\u0107.<\/p>\n<p>Tokom duela sa Radovanom Kova\u010devi\u0107em bilo je i me\u0111usobnih prozivki, a Vukanovi\u0107 je istakao da svoju politi\u010dku snagu temelji na podr\u0161ci gra\u0111ana, nagla\u0161avaju\u0107i da njegova stranka bilje\u017ei rast uprkos tome \u0161to je, kako ka\u017ee, nastala bez jake infrastrukture i poznatih politi\u010dkih imena.<\/p>\n<p>\u201cImam podr\u0161ku naroda i to je najva\u017enije. Nismo sluge Zagreba, a ni Beograda, mi smo sluge svog naroda\u201d, rekao je Vukanovi\u0107.<\/p>\n<p>Njegovo gostovanje na RTRS-u dolazi u trenutku poja\u010danih politi\u010dkih tenzija u Republici Srpskoj i Bosne i Hercegovini, kao i sve \u010de\u0161\u0107ih rasprava o tome kako bi opozicija mogla nastupiti na izborima 2026. godine.<\/p>\n","protected":false},"excerpt":{"rendered":"<p>Neboj\u0161a Vukanovi\u0107, predsjednik stranke Za pravdu i red, gostovao je u ponedjeljak, 23. marta, na&hellip;<\/p>\n","protected":false},"author":8,"featured_media":287275,"comment_status":"closed","ping_status":"closed","sticky":false,"template":"","format":"standard","meta":{"_acf_changed":false,"footnotes":""},"categories":[291],"tags":[1341,13667],"acf":[],"yoast_head":"<!-- This site is optimized with the Yoast SEO plugin v23.5 - https:\/\/yoast.com\/wordpress\/plugins\/seo\/ -->\n<title>Vukanovi\u0107 najavio kandidaturu za Predsjedni\u0161tvo BiH: &quot;SNSD i HDZ ne\u0107e biti ni u tragovima&quot; - TuzlaInfo.ba<\/title>\n<meta name=\"robots\" content=\"index, follow, max-snippet:-1, max-image-preview:large, max-video-preview:-1\" \/>\n<link rel=\"canonical\" href=\"https:\/\/tuzlainfo.ba\/index.php\/bosna-i-hercegovina\/item\/298214-vukanovic-najavio-kandidaturu-za-predsjednistvo-bih-snsd-i-hdz-nece-biti-ni-u-tragovima\/\" \/>\n<meta property=\"og:locale\" content=\"bs_BA\" \/>\n<meta property=\"og:type\" content=\"article\" \/>\n<meta property=\"og:title\" content=\"Vukanovi\u0107 najavio kandidaturu za Predsjedni\u0161tvo BiH: &quot;SNSD i HDZ ne\u0107e biti ni u tragovima&quot; - TuzlaInfo.ba\" \/>\n<meta property=\"og:description\" content=\"Neboj\u0161a Vukanovi\u0107, predsjednik stranke Za pravdu i red, gostovao je u ponedjeljak, 23. marta, na&hellip;\" \/>\n<meta property=\"og:url\" content=\"https:\/\/tuzlainfo.ba\/index.php\/bosna-i-hercegovina\/item\/298214-vukanovic-najavio-kandidaturu-za-predsjednistvo-bih-snsd-i-hdz-nece-biti-ni-u-tragovima\/\" \/>\n<meta property=\"og:site_name\" content=\"TuzlaInfo.ba\" \/>\n<meta property=\"article:publisher\" content=\"https:\/\/www.facebook.com\/tuzlainfo.ba\/\" \/>\n<meta property=\"article:published_time\" content=\"2026-03-24T07:51:15+00:00\" \/>\n<meta property=\"og:image\" content=\"https:\/\/tuzlainfo.ba\/wp-content\/uploads\/2025\/11\/2411_nebojsa-vukanovic.jpeg\" \/>\n\t<meta property=\"og:image:width\" content=\"2560\" \/>\n\t<meta property=\"og:image:height\" content=\"1439\" \/>\n\t<meta property=\"og:image:type\" content=\"image\/jpeg\" \/>\n<meta name=\"author\" content=\"Admin Tri\" \/>\n<meta name=\"twitter:card\" content=\"summary_large_image\" \/>\n<meta name=\"twitter:label1\" content=\"Written by\" \/>\n\t<meta name=\"twitter:data1\" content=\"Admin Tri\" \/>\n\t<meta name=\"twitter:label2\" content=\"Est. reading time\" \/>\n\t<meta name=\"twitter:data2\" content=\"2 minute\" \/>\n<script type=\"application\/ld+json\" class=\"yoast-schema-graph\">{\"@context\":\"https:\/\/schema.org\",\"@graph\":[{\"@type\":\"Article\",\"@id\":\"https:\/\/tuzlainfo.ba\/index.php\/bosna-i-hercegovina\/item\/298214-vukanovic-najavio-kandidaturu-za-predsjednistvo-bih-snsd-i-hdz-nece-biti-ni-u-tragovima\/#article\",\"isPartOf\":{\"@id\":\"https:\/\/tuzlainfo.ba\/index.php\/bosna-i-hercegovina\/item\/298214-vukanovic-najavio-kandidaturu-za-predsjednistvo-bih-snsd-i-hdz-nece-biti-ni-u-tragovima\/\"},\"author\":{\"name\":\"Admin Tri\",\"@id\":\"https:\/\/tuzlainfo.ba\/#\/schema\/person\/593e78a2f6378c5ba3e7600ecfa4e63a\"},\"headline\":\"Vukanovi\u0107 najavio kandidaturu za Predsjedni\u0161tvo BiH: &#8220;SNSD i HDZ ne\u0107e biti ni u tragovima&#8221;\",\"datePublished\":\"2026-03-24T07:51:15+00:00\",\"dateModified\":\"2026-03-24T07:51:15+00:00\",\"mainEntityOfPage\":{\"@id\":\"https:\/\/tuzlainfo.ba\/index.php\/bosna-i-hercegovina\/item\/298214-vukanovic-najavio-kandidaturu-za-predsjednistvo-bih-snsd-i-hdz-nece-biti-ni-u-tragovima\/\"},\"wordCount\":343,\"publisher\":{\"@id\":\"https:\/\/tuzlainfo.ba\/#organization\"},\"image\":{\"@id\":\"https:\/\/tuzlainfo.ba\/index.php\/bosna-i-hercegovina\/item\/298214-vukanovic-najavio-kandidaturu-za-predsjednistvo-bih-snsd-i-hdz-nece-biti-ni-u-tragovima\/#primaryimage\"},\"thumbnailUrl\":\"https:\/\/tuzlainfo.ba\/wp-content\/uploads\/2025\/11\/2411_nebojsa-vukanovic.jpeg\",\"keywords\":[\"neboj\u0161a Vukanovi\u0107\",\"predsjedni\u0161tvo\"],\"articleSection\":[\"Bosna i Hercegovina\"],\"inLanguage\":\"bs-BA\"},{\"@type\":\"WebPage\",\"@id\":\"https:\/\/tuzlainfo.ba\/index.php\/bosna-i-hercegovina\/item\/298214-vukanovic-najavio-kandidaturu-za-predsjednistvo-bih-snsd-i-hdz-nece-biti-ni-u-tragovima\/\",\"url\":\"https:\/\/tuzlainfo.ba\/index.php\/bosna-i-hercegovina\/item\/298214-vukanovic-najavio-kandidaturu-za-predsjednistvo-bih-snsd-i-hdz-nece-biti-ni-u-tragovima\/\",\"name\":\"Vukanovi\u0107 najavio kandidaturu za Predsjedni\u0161tvo BiH: \\\"SNSD i HDZ ne\u0107e biti ni u tragovima\\\" - TuzlaInfo.ba\",\"isPartOf\":{\"@id\":\"https:\/\/tuzlainfo.ba\/#website\"},\"primaryImageOfPage\":{\"@id\":\"https:\/\/tuzlainfo.ba\/index.php\/bosna-i-hercegovina\/item\/298214-vukanovic-najavio-kandidaturu-za-predsjednistvo-bih-snsd-i-hdz-nece-biti-ni-u-tragovima\/#primaryimage\"},\"image\":{\"@id\":\"https:\/\/tuzlainfo.ba\/index.php\/bosna-i-hercegovina\/item\/298214-vukanovic-najavio-kandidaturu-za-predsjednistvo-bih-snsd-i-hdz-nece-biti-ni-u-tragovima\/#primaryimage\"},\"thumbnailUrl\":\"https:\/\/tuzlainfo.ba\/wp-content\/uploads\/2025\/11\/2411_nebojsa-vukanovic.jpeg\",\"datePublished\":\"2026-03-24T07:51:15+00:00\",\"dateModified\":\"2026-03-24T07:51:15+00:00\",\"breadcrumb\":{\"@id\":\"https:\/\/tuzlainfo.ba\/index.php\/bosna-i-hercegovina\/item\/298214-vukanovic-najavio-kandidaturu-za-predsjednistvo-bih-snsd-i-hdz-nece-biti-ni-u-tragovima\/#breadcrumb\"},\"inLanguage\":\"bs-BA\",\"potentialAction\":[{\"@type\":\"ReadAction\",\"target\":[\"https:\/\/tuzlainfo.ba\/index.php\/bosna-i-hercegovina\/item\/298214-vukanovic-najavio-kandidaturu-za-predsjednistvo-bih-snsd-i-hdz-nece-biti-ni-u-tragovima\/\"]}]},{\"@type\":\"ImageObject\",\"inLanguage\":\"bs-BA\",\"@id\":\"https:\/\/tuzlainfo.ba\/index.php\/bosna-i-hercegovina\/item\/298214-vukanovic-najavio-kandidaturu-za-predsjednistvo-bih-snsd-i-hdz-nece-biti-ni-u-tragovima\/#primaryimage\",\"url\":\"https:\/\/tuzlainfo.ba\/wp-content\/uploads\/2025\/11\/2411_nebojsa-vukanovic.jpeg\",\"contentUrl\":\"https:\/\/tuzlainfo.ba\/wp-content\/uploads\/2025\/11\/2411_nebojsa-vukanovic.jpeg\",\"width\":2560,\"height\":1439},{\"@type\":\"BreadcrumbList\",\"@id\":\"https:\/\/tuzlainfo.ba\/index.php\/bosna-i-hercegovina\/item\/298214-vukanovic-najavio-kandidaturu-za-predsjednistvo-bih-snsd-i-hdz-nece-biti-ni-u-tragovima\/#breadcrumb\",\"itemListElement\":[{\"@type\":\"ListItem\",\"position\":1,\"name\":\"Home\",\"item\":\"https:\/\/tuzlainfo.ba\/\"},{\"@type\":\"ListItem\",\"position\":2,\"name\":\"Vukanovi\u0107 najavio kandidaturu za Predsjedni\u0161tvo BiH: &#8220;SNSD i HDZ ne\u0107e biti ni u tragovima&#8221;\"}]},{\"@type\":\"WebSite\",\"@id\":\"https:\/\/tuzlainfo.ba\/#website\",\"url\":\"https:\/\/tuzlainfo.ba\/\",\"name\":\"TuzlaInfo.ba\",\"description\":\"Tuzla info, gradski informator - Tuzla na dlanu\",\"publisher\":{\"@id\":\"https:\/\/tuzlainfo.ba\/#organization\"},\"potentialAction\":[{\"@type\":\"SearchAction\",\"target\":{\"@type\":\"EntryPoint\",\"urlTemplate\":\"https:\/\/tuzlainfo.ba\/?s={search_term_string}\"},\"query-input\":{\"@type\":\"PropertyValueSpecification\",\"valueRequired\":true,\"valueName\":\"search_term_string\"}}],\"inLanguage\":\"bs-BA\"},{\"@type\":\"Organization\",\"@id\":\"https:\/\/tuzlainfo.ba\/#organization\",\"name\":\"TuzlaInfo.ba\",\"url\":\"https:\/\/tuzlainfo.ba\/\",\"logo\":{\"@type\":\"ImageObject\",\"inLanguage\":\"bs-BA\",\"@id\":\"https:\/\/tuzlainfo.ba\/#\/schema\/logo\/image\/\",\"url\":\"https:\/\/tuzlainfo.ba\/wp-content\/uploads\/2021\/03\/logo-ver-3-1.png\",\"contentUrl\":\"https:\/\/tuzlainfo.ba\/wp-content\/uploads\/2021\/03\/logo-ver-3-1.png\",\"width\":350,\"height\":95,\"caption\":\"TuzlaInfo.ba\"},\"image\":{\"@id\":\"https:\/\/tuzlainfo.ba\/#\/schema\/logo\/image\/\"},\"sameAs\":[\"https:\/\/www.facebook.com\/tuzlainfo.ba\/\"]},{\"@type\":\"Person\",\"@id\":\"https:\/\/tuzlainfo.ba\/#\/schema\/person\/593e78a2f6378c5ba3e7600ecfa4e63a\",\"name\":\"Admin Tri\",\"image\":{\"@type\":\"ImageObject\",\"inLanguage\":\"bs-BA\",\"@id\":\"https:\/\/tuzlainfo.ba\/#\/schema\/person\/image\/\",\"url\":\"https:\/\/tuzlainfo.ba\/wp-content\/litespeed\/avatar\/b7920db4cc34a71ad12497283ad2fe3f.jpg?ver=1777100914\",\"contentUrl\":\"https:\/\/tuzlainfo.ba\/wp-content\/litespeed\/avatar\/b7920db4cc34a71ad12497283ad2fe3f.jpg?ver=1777100914\",\"caption\":\"Admin Tri\"},\"sameAs\":[\"https:\/\/tuzlainfo.ba\"]}]}<\/script>\n<!-- \/ Yoast SEO plugin. -->","yoast_head_json":{"title":"Vukanovi\u0107 najavio kandidaturu za Predsjedni\u0161tvo BiH: \"SNSD i HDZ ne\u0107e biti ni u tragovima\" - TuzlaInfo.ba","robots":{"index":"index","follow":"follow","max-snippet":"max-snippet:-1","max-image-preview":"max-image-preview:large","max-video-preview":"max-video-preview:-1"},"canonical":"https:\/\/tuzlainfo.ba\/index.php\/bosna-i-hercegovina\/item\/298214-vukanovic-najavio-kandidaturu-za-predsjednistvo-bih-snsd-i-hdz-nece-biti-ni-u-tragovima\/","og_locale":"bs_BA","og_type":"article","og_title":"Vukanovi\u0107 najavio kandidaturu za Predsjedni\u0161tvo BiH: \"SNSD i HDZ ne\u0107e biti ni u tragovima\" - TuzlaInfo.ba","og_description":"Neboj\u0161a Vukanovi\u0107, predsjednik stranke Za pravdu i red, gostovao je u ponedjeljak, 23. marta, na&hellip;","og_url":"https:\/\/tuzlainfo.ba\/index.php\/bosna-i-hercegovina\/item\/298214-vukanovic-najavio-kandidaturu-za-predsjednistvo-bih-snsd-i-hdz-nece-biti-ni-u-tragovima\/","og_site_name":"TuzlaInfo.ba","article_publisher":"https:\/\/www.facebook.com\/tuzlainfo.ba\/","article_published_time":"2026-03-24T07:51:15+00:00","og_image":[{"width":2560,"height":1439,"url":"https:\/\/tuzlainfo.ba\/wp-content\/uploads\/2025\/11\/2411_nebojsa-vukanovic.jpeg","type":"image\/jpeg"}],"author":"Admin Tri","twitter_card":"summary_large_image","twitter_misc":{"Written by":"Admin Tri","Est. reading time":"2 minute"},"schema":{"@context":"https:\/\/schema.org","@graph":[{"@type":"Article","@id":"https:\/\/tuzlainfo.ba\/index.php\/bosna-i-hercegovina\/item\/298214-vukanovic-najavio-kandidaturu-za-predsjednistvo-bih-snsd-i-hdz-nece-biti-ni-u-tragovima\/#article","isPartOf":{"@id":"https:\/\/tuzlainfo.ba\/index.php\/bosna-i-hercegovina\/item\/298214-vukanovic-najavio-kandidaturu-za-predsjednistvo-bih-snsd-i-hdz-nece-biti-ni-u-tragovima\/"},"author":{"name":"Admin Tri","@id":"https:\/\/tuzlainfo.ba\/#\/schema\/person\/593e78a2f6378c5ba3e7600ecfa4e63a"},"headline":"Vukanovi\u0107 najavio kandidaturu za Predsjedni\u0161tvo BiH: &#8220;SNSD i HDZ ne\u0107e biti ni u tragovima&#8221;","datePublished":"2026-03-24T07:51:15+00:00","dateModified":"2026-03-24T07:51:15+00:00","mainEntityOfPage":{"@id":"https:\/\/tuzlainfo.ba\/index.php\/bosna-i-hercegovina\/item\/298214-vukanovic-najavio-kandidaturu-za-predsjednistvo-bih-snsd-i-hdz-nece-biti-ni-u-tragovima\/"},"wordCount":343,"publisher":{"@id":"https:\/\/tuzlainfo.ba\/#organization"},"image":{"@id":"https:\/\/tuzlainfo.ba\/index.php\/bosna-i-hercegovina\/item\/298214-vukanovic-najavio-kandidaturu-za-predsjednistvo-bih-snsd-i-hdz-nece-biti-ni-u-tragovima\/#primaryimage"},"thumbnailUrl":"https:\/\/tuzlainfo.ba\/wp-content\/uploads\/2025\/11\/2411_nebojsa-vukanovic.jpeg","keywords":["neboj\u0161a Vukanovi\u0107","predsjedni\u0161tvo"],"articleSection":["Bosna i Hercegovina"],"inLanguage":"bs-BA"},{"@type":"WebPage","@id":"https:\/\/tuzlainfo.ba\/index.php\/bosna-i-hercegovina\/item\/298214-vukanovic-najavio-kandidaturu-za-predsjednistvo-bih-snsd-i-hdz-nece-biti-ni-u-tragovima\/","url":"https:\/\/tuzlainfo.ba\/index.php\/bosna-i-hercegovina\/item\/298214-vukanovic-najavio-kandidaturu-za-predsjednistvo-bih-snsd-i-hdz-nece-biti-ni-u-tragovima\/","name":"Vukanovi\u0107 najavio kandidaturu za Predsjedni\u0161tvo BiH: \"SNSD i HDZ ne\u0107e biti ni u tragovima\" - TuzlaInfo.ba","isPartOf":{"@id":"https:\/\/tuzlainfo.ba\/#website"},"primaryImageOfPage":{"@id":"https:\/\/tuzlainfo.ba\/index.php\/bosna-i-hercegovina\/item\/298214-vukanovic-najavio-kandidaturu-za-predsjednistvo-bih-snsd-i-hdz-nece-biti-ni-u-tragovima\/#primaryimage"},"image":{"@id":"https:\/\/tuzlainfo.ba\/index.php\/bosna-i-hercegovina\/item\/298214-vukanovic-najavio-kandidaturu-za-predsjednistvo-bih-snsd-i-hdz-nece-biti-ni-u-tragovima\/#primaryimage"},"thumbnailUrl":"https:\/\/tuzlainfo.ba\/wp-content\/uploads\/2025\/11\/2411_nebojsa-vukanovic.jpeg","datePublished":"2026-03-24T07:51:15+00:00","dateModified":"2026-03-24T07:51:15+00:00","breadcrumb":{"@id":"https:\/\/tuzlainfo.ba\/index.php\/bosna-i-hercegovina\/item\/298214-vukanovic-najavio-kandidaturu-za-predsjednistvo-bih-snsd-i-hdz-nece-biti-ni-u-tragovima\/#breadcrumb"},"inLanguage":"bs-BA","potentialAction":[{"@type":"ReadAction","target":["https:\/\/tuzlainfo.ba\/index.php\/bosna-i-hercegovina\/item\/298214-vukanovic-najavio-kandidaturu-za-predsjednistvo-bih-snsd-i-hdz-nece-biti-ni-u-tragovima\/"]}]},{"@type":"ImageObject","inLanguage":"bs-BA","@id":"https:\/\/tuzlainfo.ba\/index.php\/bosna-i-hercegovina\/item\/298214-vukanovic-najavio-kandidaturu-za-predsjednistvo-bih-snsd-i-hdz-nece-biti-ni-u-tragovima\/#primaryimage","url":"https:\/\/tuzlainfo.ba\/wp-content\/uploads\/2025\/11\/2411_nebojsa-vukanovic.jpeg","contentUrl":"https:\/\/tuzlainfo.ba\/wp-content\/uploads\/2025\/11\/2411_nebojsa-vukanovic.jpeg","width":2560,"height":1439},{"@type":"BreadcrumbList","@id":"https:\/\/tuzlainfo.ba\/index.php\/bosna-i-hercegovina\/item\/298214-vukanovic-najavio-kandidaturu-za-predsjednistvo-bih-snsd-i-hdz-nece-biti-ni-u-tragovima\/#breadcrumb","itemListElement":[{"@type":"ListItem","position":1,"name":"Home","item":"https:\/\/tuzlainfo.ba\/"},{"@type":"ListItem","position":2,"name":"Vukanovi\u0107 najavio kandidaturu za Predsjedni\u0161tvo BiH: &#8220;SNSD i HDZ ne\u0107e biti ni u tragovima&#8221;"}]},{"@type":"WebSite","@id":"https:\/\/tuzlainfo.ba\/#website","url":"https:\/\/tuzlainfo.ba\/","name":"TuzlaInfo.ba","description":"Tuzla info, gradski informator - Tuzla na dlanu","publisher":{"@id":"https:\/\/tuzlainfo.ba\/#organization"},"potentialAction":[{"@type":"SearchAction","target":{"@type":"EntryPoint","urlTemplate":"https:\/\/tuzlainfo.ba\/?s={search_term_string}"},"query-input":{"@type":"PropertyValueSpecification","valueRequired":true,"valueName":"search_term_string"}}],"inLanguage":"bs-BA"},{"@type":"Organization","@id":"https:\/\/tuzlainfo.ba\/#organization","name":"TuzlaInfo.ba","url":"https:\/\/tuzlainfo.ba\/","logo":{"@type":"ImageObject","inLanguage":"bs-BA","@id":"https:\/\/tuzlainfo.ba\/#\/schema\/logo\/image\/","url":"https:\/\/tuzlainfo.ba\/wp-content\/uploads\/2021\/03\/logo-ver-3-1.png","contentUrl":"https:\/\/tuzlainfo.ba\/wp-content\/uploads\/2021\/03\/logo-ver-3-1.png","width":350,"height":95,"caption":"TuzlaInfo.ba"},"image":{"@id":"https:\/\/tuzlainfo.ba\/#\/schema\/logo\/image\/"},"sameAs":["https:\/\/www.facebook.com\/tuzlainfo.ba\/"]},{"@type":"Person","@id":"https:\/\/tuzlainfo.ba\/#\/schema\/person\/593e78a2f6378c5ba3e7600ecfa4e63a","name":"Admin Tri","image":{"@type":"ImageObject","inLanguage":"bs-BA","@id":"https:\/\/tuzlainfo.ba\/#\/schema\/person\/image\/","url":"https:\/\/tuzlainfo.ba\/wp-content\/litespeed\/avatar\/b7920db4cc34a71ad12497283ad2fe3f.jpg?ver=1777100914","contentUrl":"https:\/\/tuzlainfo.ba\/wp-content\/litespeed\/avatar\/b7920db4cc34a71ad12497283ad2fe3f.jpg?ver=1777100914","caption":"Admin Tri"},"sameAs":["https:\/\/tuzlainfo.ba"]}]}},"_links":{"self":[{"href":"https:\/\/tuzlainfo.ba\/index.php\/wp-json\/wp\/v2\/posts\/298214"}],"collection":[{"href":"https:\/\/tuzlainfo.ba\/index.php\/wp-json\/wp\/v2\/posts"}],"about":[{"href":"https:\/\/tuzlainfo.ba\/index.php\/wp-json\/wp\/v2\/types\/post"}],"author":[{"embeddable":true,"href":"https:\/\/tuzlainfo.ba\/index.php\/wp-json\/wp\/v2\/users\/8"}],"replies":[{"embeddable":true,"href":"https:\/\/tuzlainfo.ba\/index.php\/wp-json\/wp\/v2\/comments?post=298214"}],"version-history":[{"count":1,"href":"https:\/\/tuzlainfo.ba\/index.php\/wp-json\/wp\/v2\/posts\/298214\/revisions"}],"predecessor-version":[{"id":298215,"href":"https:\/\/tuzlainfo.ba\/index.php\/wp-json\/wp\/v2\/posts\/298214\/revisions\/298215"}],"wp:featuredmedia":[{"embeddable":true,"href":"https:\/\/tuzlainfo.ba\/index.php\/wp-json\/wp\/v2\/media\/287275"}],"wp:attachment":[{"href":"https:\/\/tuzlainfo.ba\/index.php\/wp-json\/wp\/v2\/media?parent=298214"}],"wp:term":[{"taxonomy":"category","embeddable":true,"href":"https:\/\/tuzlainfo.ba\/index.php\/wp-json\/wp\/v2\/categories?post=298214"},{"taxonomy":"post_tag","embeddable":true,"href":"https:\/\/tuzlainfo.ba\/index.php\/wp-json\/wp\/v2\/tags?post=298214"}],"curies":[{"name":"wp","href":"https:\/\/api.w.org\/{rel}","templated":true}]}}