{"id":298202,"date":"2026-03-24T08:23:26","date_gmt":"2026-03-24T07:23:26","guid":{"rendered":"https:\/\/tuzlainfo.ba\/?p=298202"},"modified":"2026-03-24T08:23:41","modified_gmt":"2026-03-24T07:23:41","slug":"drasko-stanivukovic-priveden-nakon-visesatnog-zadrzavanja-na-hrvatskoj-granici","status":"publish","type":"post","link":"https:\/\/tuzlainfo.ba\/index.php\/bosna-i-hercegovina\/item\/298202-drasko-stanivukovic-priveden-nakon-visesatnog-zadrzavanja-na-hrvatskoj-granici\/","title":{"rendered":"Dra\u0161ko Stanivukovi\u0107 priveden nakon vi\u0161esatnog zadr\u017eavanja na hrvatskoj granici"},"content":{"rendered":"<p>Dra\u0161ko Stanivukovi\u0107 priveden je na hrvatskom grani\u010dnom prijelazu nakon vi\u0161esatnog zadr\u017eavanja prilikom povratka iz Budimpe\u0161te, a tim povodom poru\u010dio je da nije \u017eelio pristati na, kako tvrdi, neosnovano zadr\u017eavanje, pretres i oduzimanje privatnih stvari.<\/p>\n<p>Gradona\u010delnik Banjaluke i predsjednik PSS-a rekao je da je tokom kontrole odbio da mu se, bez jasnog obrazlo\u017eenja, oduzimaju li\u010dne stvari, isti\u010du\u0107i da je prema svima pokazao po\u0161tovanje, ali da nije \u017eelio pristati na postupanje koje smatra neprihvatljivim.<\/p>\n<p>\u201eSvoje dostojanstvo ne dam, a po\u0161tovanje sam pokazao prema svima\u201c, izjavio je Stanivukovi\u0107.<\/p>\n<p>On tvrdi da ovo nije prvi put da prolazi kroz sli\u010dnu proceduru na granici, navode\u0107i da je isti tretman do\u017eivio i u ponedjeljak ujutro kada je putovao za Budimpe\u0161tu.<\/p>\n<p>\u201eOvo nije prvi put, nego \u010detrnaesti. Isto su uradili i u ponedjeljak ujutro kada sam putovao za Budimpe\u0161tu, zadr\u017ean sam, pretresan, a slu\u017ebenog psa sam \u010dekao sat vremena da do\u0111e i da pretra\u017ei moje li\u010dne stvari. I tako ve\u0107 puna dva mjeseca\u201c, naveo je Stanivukovi\u0107.<\/p>\n<p>Dra\u0161ko Stanivukovi\u0107 priveden je, kako je poru\u010dio, u okolnostima koje vidi kao mnogo \u0161ire od li\u010dnog slu\u010daja, zbog \u010dega je cijeli doga\u0111aj povezao sa odnosom prema Srbima.<\/p>\n<p>\u201eOvo nije pitanje mene kao \u010dovjeka i gradona\u010delnika. Ovo je pitanje odnosa prema Srbima. U ovoj borbi ostajem miran, dostojanstven i ispravan. A istina \u0107e uvijek na\u0107i svoj put\u201c, poru\u010dio je Stanivukovi\u0107.<\/p>\n<p>Za sada nema zvani\u010dnog saop\u0107enja nadle\u017enih hrvatskih institucija o razlozima zadr\u017eavanja, niti o okolnostima koje su dovele do privo\u0111enja gradona\u010delnika Banjaluke.<\/p>\n","protected":false},"excerpt":{"rendered":"<p>Dra\u0161ko Stanivukovi\u0107 priveden je na hrvatskom grani\u010dnom prijelazu nakon vi\u0161esatnog zadr\u017eavanja prilikom povratka iz Budimpe\u0161te,&hellip;<\/p>\n","protected":false},"author":8,"featured_media":298203,"comment_status":"closed","ping_status":"closed","sticky":false,"template":"","format":"standard","meta":{"_acf_changed":false,"footnotes":""},"categories":[291],"tags":[778],"acf":[],"yoast_head":"<!-- This site is optimized with the Yoast SEO plugin v23.5 - https:\/\/yoast.com\/wordpress\/plugins\/seo\/ -->\n<title>Dra\u0161ko Stanivukovi\u0107 priveden nakon vi\u0161esatnog zadr\u017eavanja na hrvatskoj granici - TuzlaInfo.ba<\/title>\n<meta name=\"robots\" content=\"index, follow, max-snippet:-1, max-image-preview:large, max-video-preview:-1\" \/>\n<link rel=\"canonical\" href=\"https:\/\/tuzlainfo.ba\/index.php\/bosna-i-hercegovina\/item\/298202-drasko-stanivukovic-priveden-nakon-visesatnog-zadrzavanja-na-hrvatskoj-granici\/\" \/>\n<meta property=\"og:locale\" content=\"bs_BA\" \/>\n<meta property=\"og:type\" content=\"article\" \/>\n<meta property=\"og:title\" content=\"Dra\u0161ko Stanivukovi\u0107 priveden nakon vi\u0161esatnog zadr\u017eavanja na hrvatskoj granici - TuzlaInfo.ba\" \/>\n<meta property=\"og:description\" content=\"Dra\u0161ko Stanivukovi\u0107 priveden je na hrvatskom grani\u010dnom prijelazu nakon vi\u0161esatnog zadr\u017eavanja prilikom povratka iz Budimpe\u0161te,&hellip;\" \/>\n<meta property=\"og:url\" content=\"https:\/\/tuzlainfo.ba\/index.php\/bosna-i-hercegovina\/item\/298202-drasko-stanivukovic-priveden-nakon-visesatnog-zadrzavanja-na-hrvatskoj-granici\/\" \/>\n<meta property=\"og:site_name\" content=\"TuzlaInfo.ba\" \/>\n<meta property=\"article:publisher\" content=\"https:\/\/www.facebook.com\/tuzlainfo.ba\/\" \/>\n<meta property=\"article:published_time\" content=\"2026-03-24T07:23:26+00:00\" \/>\n<meta property=\"article:modified_time\" content=\"2026-03-24T07:23:41+00:00\" \/>\n<meta property=\"og:image\" content=\"https:\/\/tuzlainfo.ba\/wp-content\/uploads\/2026\/03\/drasko-hapsenje.jpg\" \/>\n\t<meta property=\"og:image:width\" content=\"900\" \/>\n\t<meta property=\"og:image:height\" content=\"600\" \/>\n\t<meta property=\"og:image:type\" content=\"image\/jpeg\" \/>\n<meta name=\"author\" content=\"Admin Tri\" \/>\n<meta name=\"twitter:card\" content=\"summary_large_image\" \/>\n<meta name=\"twitter:label1\" content=\"Written by\" \/>\n\t<meta name=\"twitter:data1\" content=\"Admin Tri\" \/>\n\t<meta name=\"twitter:label2\" content=\"Est. reading time\" \/>\n\t<meta name=\"twitter:data2\" content=\"2 minute\" \/>\n<script type=\"application\/ld+json\" class=\"yoast-schema-graph\">{\"@context\":\"https:\/\/schema.org\",\"@graph\":[{\"@type\":\"Article\",\"@id\":\"https:\/\/tuzlainfo.ba\/index.php\/bosna-i-hercegovina\/item\/298202-drasko-stanivukovic-priveden-nakon-visesatnog-zadrzavanja-na-hrvatskoj-granici\/#article\",\"isPartOf\":{\"@id\":\"https:\/\/tuzlainfo.ba\/index.php\/bosna-i-hercegovina\/item\/298202-drasko-stanivukovic-priveden-nakon-visesatnog-zadrzavanja-na-hrvatskoj-granici\/\"},\"author\":{\"name\":\"Admin Tri\",\"@id\":\"https:\/\/tuzlainfo.ba\/#\/schema\/person\/593e78a2f6378c5ba3e7600ecfa4e63a\"},\"headline\":\"Dra\u0161ko Stanivukovi\u0107 priveden nakon vi\u0161esatnog zadr\u017eavanja na hrvatskoj granici\",\"datePublished\":\"2026-03-24T07:23:26+00:00\",\"dateModified\":\"2026-03-24T07:23:41+00:00\",\"mainEntityOfPage\":{\"@id\":\"https:\/\/tuzlainfo.ba\/index.php\/bosna-i-hercegovina\/item\/298202-drasko-stanivukovic-priveden-nakon-visesatnog-zadrzavanja-na-hrvatskoj-granici\/\"},\"wordCount\":289,\"publisher\":{\"@id\":\"https:\/\/tuzlainfo.ba\/#organization\"},\"image\":{\"@id\":\"https:\/\/tuzlainfo.ba\/index.php\/bosna-i-hercegovina\/item\/298202-drasko-stanivukovic-priveden-nakon-visesatnog-zadrzavanja-na-hrvatskoj-granici\/#primaryimage\"},\"thumbnailUrl\":\"https:\/\/tuzlainfo.ba\/wp-content\/uploads\/2026\/03\/drasko-hapsenje.jpg\",\"keywords\":[\"dra\u0161ko stanivukovi\u0107\"],\"articleSection\":[\"Bosna i Hercegovina\"],\"inLanguage\":\"bs-BA\"},{\"@type\":\"WebPage\",\"@id\":\"https:\/\/tuzlainfo.ba\/index.php\/bosna-i-hercegovina\/item\/298202-drasko-stanivukovic-priveden-nakon-visesatnog-zadrzavanja-na-hrvatskoj-granici\/\",\"url\":\"https:\/\/tuzlainfo.ba\/index.php\/bosna-i-hercegovina\/item\/298202-drasko-stanivukovic-priveden-nakon-visesatnog-zadrzavanja-na-hrvatskoj-granici\/\",\"name\":\"Dra\u0161ko Stanivukovi\u0107 priveden nakon vi\u0161esatnog zadr\u017eavanja na hrvatskoj granici - TuzlaInfo.ba\",\"isPartOf\":{\"@id\":\"https:\/\/tuzlainfo.ba\/#website\"},\"primaryImageOfPage\":{\"@id\":\"https:\/\/tuzlainfo.ba\/index.php\/bosna-i-hercegovina\/item\/298202-drasko-stanivukovic-priveden-nakon-visesatnog-zadrzavanja-na-hrvatskoj-granici\/#primaryimage\"},\"image\":{\"@id\":\"https:\/\/tuzlainfo.ba\/index.php\/bosna-i-hercegovina\/item\/298202-drasko-stanivukovic-priveden-nakon-visesatnog-zadrzavanja-na-hrvatskoj-granici\/#primaryimage\"},\"thumbnailUrl\":\"https:\/\/tuzlainfo.ba\/wp-content\/uploads\/2026\/03\/drasko-hapsenje.jpg\",\"datePublished\":\"2026-03-24T07:23:26+00:00\",\"dateModified\":\"2026-03-24T07:23:41+00:00\",\"breadcrumb\":{\"@id\":\"https:\/\/tuzlainfo.ba\/index.php\/bosna-i-hercegovina\/item\/298202-drasko-stanivukovic-priveden-nakon-visesatnog-zadrzavanja-na-hrvatskoj-granici\/#breadcrumb\"},\"inLanguage\":\"bs-BA\",\"potentialAction\":[{\"@type\":\"ReadAction\",\"target\":[\"https:\/\/tuzlainfo.ba\/index.php\/bosna-i-hercegovina\/item\/298202-drasko-stanivukovic-priveden-nakon-visesatnog-zadrzavanja-na-hrvatskoj-granici\/\"]}]},{\"@type\":\"ImageObject\",\"inLanguage\":\"bs-BA\",\"@id\":\"https:\/\/tuzlainfo.ba\/index.php\/bosna-i-hercegovina\/item\/298202-drasko-stanivukovic-priveden-nakon-visesatnog-zadrzavanja-na-hrvatskoj-granici\/#primaryimage\",\"url\":\"https:\/\/tuzlainfo.ba\/wp-content\/uploads\/2026\/03\/drasko-hapsenje.jpg\",\"contentUrl\":\"https:\/\/tuzlainfo.ba\/wp-content\/uploads\/2026\/03\/drasko-hapsenje.jpg\",\"width\":900,\"height\":600,\"caption\":\"Foto: PSS\"},{\"@type\":\"BreadcrumbList\",\"@id\":\"https:\/\/tuzlainfo.ba\/index.php\/bosna-i-hercegovina\/item\/298202-drasko-stanivukovic-priveden-nakon-visesatnog-zadrzavanja-na-hrvatskoj-granici\/#breadcrumb\",\"itemListElement\":[{\"@type\":\"ListItem\",\"position\":1,\"name\":\"Home\",\"item\":\"https:\/\/tuzlainfo.ba\/\"},{\"@type\":\"ListItem\",\"position\":2,\"name\":\"Dra\u0161ko Stanivukovi\u0107 priveden nakon vi\u0161esatnog zadr\u017eavanja na hrvatskoj granici\"}]},{\"@type\":\"WebSite\",\"@id\":\"https:\/\/tuzlainfo.ba\/#website\",\"url\":\"https:\/\/tuzlainfo.ba\/\",\"name\":\"TuzlaInfo.ba\",\"description\":\"Tuzla info, gradski informator - Tuzla na dlanu\",\"publisher\":{\"@id\":\"https:\/\/tuzlainfo.ba\/#organization\"},\"potentialAction\":[{\"@type\":\"SearchAction\",\"target\":{\"@type\":\"EntryPoint\",\"urlTemplate\":\"https:\/\/tuzlainfo.ba\/?s={search_term_string}\"},\"query-input\":{\"@type\":\"PropertyValueSpecification\",\"valueRequired\":true,\"valueName\":\"search_term_string\"}}],\"inLanguage\":\"bs-BA\"},{\"@type\":\"Organization\",\"@id\":\"https:\/\/tuzlainfo.ba\/#organization\",\"name\":\"TuzlaInfo.ba\",\"url\":\"https:\/\/tuzlainfo.ba\/\",\"logo\":{\"@type\":\"ImageObject\",\"inLanguage\":\"bs-BA\",\"@id\":\"https:\/\/tuzlainfo.ba\/#\/schema\/logo\/image\/\",\"url\":\"https:\/\/tuzlainfo.ba\/wp-content\/uploads\/2021\/03\/logo-ver-3-1.png\",\"contentUrl\":\"https:\/\/tuzlainfo.ba\/wp-content\/uploads\/2021\/03\/logo-ver-3-1.png\",\"width\":350,\"height\":95,\"caption\":\"TuzlaInfo.ba\"},\"image\":{\"@id\":\"https:\/\/tuzlainfo.ba\/#\/schema\/logo\/image\/\"},\"sameAs\":[\"https:\/\/www.facebook.com\/tuzlainfo.ba\/\"]},{\"@type\":\"Person\",\"@id\":\"https:\/\/tuzlainfo.ba\/#\/schema\/person\/593e78a2f6378c5ba3e7600ecfa4e63a\",\"name\":\"Admin Tri\",\"image\":{\"@type\":\"ImageObject\",\"inLanguage\":\"bs-BA\",\"@id\":\"https:\/\/tuzlainfo.ba\/#\/schema\/person\/image\/\",\"url\":\"https:\/\/tuzlainfo.ba\/wp-content\/litespeed\/avatar\/b7920db4cc34a71ad12497283ad2fe3f.jpg?ver=1777100914\",\"contentUrl\":\"https:\/\/tuzlainfo.ba\/wp-content\/litespeed\/avatar\/b7920db4cc34a71ad12497283ad2fe3f.jpg?ver=1777100914\",\"caption\":\"Admin Tri\"},\"sameAs\":[\"https:\/\/tuzlainfo.ba\"]}]}<\/script>\n<!-- \/ Yoast SEO plugin. -->","yoast_head_json":{"title":"Dra\u0161ko Stanivukovi\u0107 priveden nakon vi\u0161esatnog zadr\u017eavanja na hrvatskoj granici - TuzlaInfo.ba","robots":{"index":"index","follow":"follow","max-snippet":"max-snippet:-1","max-image-preview":"max-image-preview:large","max-video-preview":"max-video-preview:-1"},"canonical":"https:\/\/tuzlainfo.ba\/index.php\/bosna-i-hercegovina\/item\/298202-drasko-stanivukovic-priveden-nakon-visesatnog-zadrzavanja-na-hrvatskoj-granici\/","og_locale":"bs_BA","og_type":"article","og_title":"Dra\u0161ko Stanivukovi\u0107 priveden nakon vi\u0161esatnog zadr\u017eavanja na hrvatskoj granici - TuzlaInfo.ba","og_description":"Dra\u0161ko Stanivukovi\u0107 priveden je na hrvatskom grani\u010dnom prijelazu nakon vi\u0161esatnog zadr\u017eavanja prilikom povratka iz Budimpe\u0161te,&hellip;","og_url":"https:\/\/tuzlainfo.ba\/index.php\/bosna-i-hercegovina\/item\/298202-drasko-stanivukovic-priveden-nakon-visesatnog-zadrzavanja-na-hrvatskoj-granici\/","og_site_name":"TuzlaInfo.ba","article_publisher":"https:\/\/www.facebook.com\/tuzlainfo.ba\/","article_published_time":"2026-03-24T07:23:26+00:00","article_modified_time":"2026-03-24T07:23:41+00:00","og_image":[{"width":900,"height":600,"url":"https:\/\/tuzlainfo.ba\/wp-content\/uploads\/2026\/03\/drasko-hapsenje.jpg","type":"image\/jpeg"}],"author":"Admin Tri","twitter_card":"summary_large_image","twitter_misc":{"Written by":"Admin Tri","Est. reading time":"2 minute"},"schema":{"@context":"https:\/\/schema.org","@graph":[{"@type":"Article","@id":"https:\/\/tuzlainfo.ba\/index.php\/bosna-i-hercegovina\/item\/298202-drasko-stanivukovic-priveden-nakon-visesatnog-zadrzavanja-na-hrvatskoj-granici\/#article","isPartOf":{"@id":"https:\/\/tuzlainfo.ba\/index.php\/bosna-i-hercegovina\/item\/298202-drasko-stanivukovic-priveden-nakon-visesatnog-zadrzavanja-na-hrvatskoj-granici\/"},"author":{"name":"Admin Tri","@id":"https:\/\/tuzlainfo.ba\/#\/schema\/person\/593e78a2f6378c5ba3e7600ecfa4e63a"},"headline":"Dra\u0161ko Stanivukovi\u0107 priveden nakon vi\u0161esatnog zadr\u017eavanja na hrvatskoj granici","datePublished":"2026-03-24T07:23:26+00:00","dateModified":"2026-03-24T07:23:41+00:00","mainEntityOfPage":{"@id":"https:\/\/tuzlainfo.ba\/index.php\/bosna-i-hercegovina\/item\/298202-drasko-stanivukovic-priveden-nakon-visesatnog-zadrzavanja-na-hrvatskoj-granici\/"},"wordCount":289,"publisher":{"@id":"https:\/\/tuzlainfo.ba\/#organization"},"image":{"@id":"https:\/\/tuzlainfo.ba\/index.php\/bosna-i-hercegovina\/item\/298202-drasko-stanivukovic-priveden-nakon-visesatnog-zadrzavanja-na-hrvatskoj-granici\/#primaryimage"},"thumbnailUrl":"https:\/\/tuzlainfo.ba\/wp-content\/uploads\/2026\/03\/drasko-hapsenje.jpg","keywords":["dra\u0161ko stanivukovi\u0107"],"articleSection":["Bosna i Hercegovina"],"inLanguage":"bs-BA"},{"@type":"WebPage","@id":"https:\/\/tuzlainfo.ba\/index.php\/bosna-i-hercegovina\/item\/298202-drasko-stanivukovic-priveden-nakon-visesatnog-zadrzavanja-na-hrvatskoj-granici\/","url":"https:\/\/tuzlainfo.ba\/index.php\/bosna-i-hercegovina\/item\/298202-drasko-stanivukovic-priveden-nakon-visesatnog-zadrzavanja-na-hrvatskoj-granici\/","name":"Dra\u0161ko Stanivukovi\u0107 priveden nakon vi\u0161esatnog zadr\u017eavanja na hrvatskoj granici - TuzlaInfo.ba","isPartOf":{"@id":"https:\/\/tuzlainfo.ba\/#website"},"primaryImageOfPage":{"@id":"https:\/\/tuzlainfo.ba\/index.php\/bosna-i-hercegovina\/item\/298202-drasko-stanivukovic-priveden-nakon-visesatnog-zadrzavanja-na-hrvatskoj-granici\/#primaryimage"},"image":{"@id":"https:\/\/tuzlainfo.ba\/index.php\/bosna-i-hercegovina\/item\/298202-drasko-stanivukovic-priveden-nakon-visesatnog-zadrzavanja-na-hrvatskoj-granici\/#primaryimage"},"thumbnailUrl":"https:\/\/tuzlainfo.ba\/wp-content\/uploads\/2026\/03\/drasko-hapsenje.jpg","datePublished":"2026-03-24T07:23:26+00:00","dateModified":"2026-03-24T07:23:41+00:00","breadcrumb":{"@id":"https:\/\/tuzlainfo.ba\/index.php\/bosna-i-hercegovina\/item\/298202-drasko-stanivukovic-priveden-nakon-visesatnog-zadrzavanja-na-hrvatskoj-granici\/#breadcrumb"},"inLanguage":"bs-BA","potentialAction":[{"@type":"ReadAction","target":["https:\/\/tuzlainfo.ba\/index.php\/bosna-i-hercegovina\/item\/298202-drasko-stanivukovic-priveden-nakon-visesatnog-zadrzavanja-na-hrvatskoj-granici\/"]}]},{"@type":"ImageObject","inLanguage":"bs-BA","@id":"https:\/\/tuzlainfo.ba\/index.php\/bosna-i-hercegovina\/item\/298202-drasko-stanivukovic-priveden-nakon-visesatnog-zadrzavanja-na-hrvatskoj-granici\/#primaryimage","url":"https:\/\/tuzlainfo.ba\/wp-content\/uploads\/2026\/03\/drasko-hapsenje.jpg","contentUrl":"https:\/\/tuzlainfo.ba\/wp-content\/uploads\/2026\/03\/drasko-hapsenje.jpg","width":900,"height":600,"caption":"Foto: PSS"},{"@type":"BreadcrumbList","@id":"https:\/\/tuzlainfo.ba\/index.php\/bosna-i-hercegovina\/item\/298202-drasko-stanivukovic-priveden-nakon-visesatnog-zadrzavanja-na-hrvatskoj-granici\/#breadcrumb","itemListElement":[{"@type":"ListItem","position":1,"name":"Home","item":"https:\/\/tuzlainfo.ba\/"},{"@type":"ListItem","position":2,"name":"Dra\u0161ko Stanivukovi\u0107 priveden nakon vi\u0161esatnog zadr\u017eavanja na hrvatskoj granici"}]},{"@type":"WebSite","@id":"https:\/\/tuzlainfo.ba\/#website","url":"https:\/\/tuzlainfo.ba\/","name":"TuzlaInfo.ba","description":"Tuzla info, gradski informator - Tuzla na dlanu","publisher":{"@id":"https:\/\/tuzlainfo.ba\/#organization"},"potentialAction":[{"@type":"SearchAction","target":{"@type":"EntryPoint","urlTemplate":"https:\/\/tuzlainfo.ba\/?s={search_term_string}"},"query-input":{"@type":"PropertyValueSpecification","valueRequired":true,"valueName":"search_term_string"}}],"inLanguage":"bs-BA"},{"@type":"Organization","@id":"https:\/\/tuzlainfo.ba\/#organization","name":"TuzlaInfo.ba","url":"https:\/\/tuzlainfo.ba\/","logo":{"@type":"ImageObject","inLanguage":"bs-BA","@id":"https:\/\/tuzlainfo.ba\/#\/schema\/logo\/image\/","url":"https:\/\/tuzlainfo.ba\/wp-content\/uploads\/2021\/03\/logo-ver-3-1.png","contentUrl":"https:\/\/tuzlainfo.ba\/wp-content\/uploads\/2021\/03\/logo-ver-3-1.png","width":350,"height":95,"caption":"TuzlaInfo.ba"},"image":{"@id":"https:\/\/tuzlainfo.ba\/#\/schema\/logo\/image\/"},"sameAs":["https:\/\/www.facebook.com\/tuzlainfo.ba\/"]},{"@type":"Person","@id":"https:\/\/tuzlainfo.ba\/#\/schema\/person\/593e78a2f6378c5ba3e7600ecfa4e63a","name":"Admin Tri","image":{"@type":"ImageObject","inLanguage":"bs-BA","@id":"https:\/\/tuzlainfo.ba\/#\/schema\/person\/image\/","url":"https:\/\/tuzlainfo.ba\/wp-content\/litespeed\/avatar\/b7920db4cc34a71ad12497283ad2fe3f.jpg?ver=1777100914","contentUrl":"https:\/\/tuzlainfo.ba\/wp-content\/litespeed\/avatar\/b7920db4cc34a71ad12497283ad2fe3f.jpg?ver=1777100914","caption":"Admin Tri"},"sameAs":["https:\/\/tuzlainfo.ba"]}]}},"_links":{"self":[{"href":"https:\/\/tuzlainfo.ba\/index.php\/wp-json\/wp\/v2\/posts\/298202"}],"collection":[{"href":"https:\/\/tuzlainfo.ba\/index.php\/wp-json\/wp\/v2\/posts"}],"about":[{"href":"https:\/\/tuzlainfo.ba\/index.php\/wp-json\/wp\/v2\/types\/post"}],"author":[{"embeddable":true,"href":"https:\/\/tuzlainfo.ba\/index.php\/wp-json\/wp\/v2\/users\/8"}],"replies":[{"embeddable":true,"href":"https:\/\/tuzlainfo.ba\/index.php\/wp-json\/wp\/v2\/comments?post=298202"}],"version-history":[{"count":2,"href":"https:\/\/tuzlainfo.ba\/index.php\/wp-json\/wp\/v2\/posts\/298202\/revisions"}],"predecessor-version":[{"id":298205,"href":"https:\/\/tuzlainfo.ba\/index.php\/wp-json\/wp\/v2\/posts\/298202\/revisions\/298205"}],"wp:featuredmedia":[{"embeddable":true,"href":"https:\/\/tuzlainfo.ba\/index.php\/wp-json\/wp\/v2\/media\/298203"}],"wp:attachment":[{"href":"https:\/\/tuzlainfo.ba\/index.php\/wp-json\/wp\/v2\/media?parent=298202"}],"wp:term":[{"taxonomy":"category","embeddable":true,"href":"https:\/\/tuzlainfo.ba\/index.php\/wp-json\/wp\/v2\/categories?post=298202"},{"taxonomy":"post_tag","embeddable":true,"href":"https:\/\/tuzlainfo.ba\/index.php\/wp-json\/wp\/v2\/tags?post=298202"}],"curies":[{"name":"wp","href":"https:\/\/api.w.org\/{rel}","templated":true}]}}