{"id":298193,"date":"2026-03-24T22:02:00","date_gmt":"2026-03-24T21:02:00","guid":{"rendered":"https:\/\/tuzlainfo.ba\/?p=298193"},"modified":"2026-03-24T16:40:20","modified_gmt":"2026-03-24T15:40:20","slug":"prilika-za-aplikante-ove-sedmice-u-tuzli-info-dan-za-naucne-projekte","status":"publish","type":"post","link":"https:\/\/tuzlainfo.ba\/index.php\/novosti\/item\/298193-prilika-za-aplikante-ove-sedmice-u-tuzli-info-dan-za-naucne-projekte\/","title":{"rendered":"Prilika za aplikante: Ove sedmice u Tuzli Info dan za nau\u010dne projekte"},"content":{"rendered":"<p data-start=\"234\" data-end=\"478\">Ministarstvo obrazovanja i nauke Tuzlanskog kantona, u saradnji sa Kantonalnim savjetom za nauku i tehnologiju, organizuje\u00a0info dan povodom objavljenih javnih poziva za finansiranje i sufinansiranje programa u oblasti nauke za 2026. godinu.<\/p>\n<p data-start=\"480\" data-end=\"504\">Info dan \u0107e biti odr\u017ean u\u00a0\u010detvrtak, 26.03.2026. godine,\u00a0u 13:00 sati, u\u00a0amfiteatru Fakulteta za tjelesni odgoj i sport Univerziteta u Tuzli.<\/p>\n<p data-start=\"621\" data-end=\"709\">Tokom info dana, zainteresovani aplikanti \u0107e imati priliku da se detaljnije upoznaju sa:<\/p>\n<ul data-start=\"711\" data-end=\"889\">\n<li data-section-id=\"o2kgrv\" data-start=\"711\" data-end=\"751\">uslovima i kriterijima javnih poziva<\/li>\n<li data-section-id=\"rfmb1f\" data-start=\"752\" data-end=\"798\">na\u010dinom prijave i potrebnom dokumentacijom<\/li>\n<li data-section-id=\"6ejug4\" data-start=\"799\" data-end=\"831\">postupkom evaluacije prijava<\/li>\n<li data-section-id=\"1wkdfio\" data-start=\"832\" data-end=\"889\">kao i da postave pitanja i dobiju dodatna poja\u0161njenja<\/li>\n<\/ul>\n<p data-start=\"891\" data-end=\"1061\">Pozivaju se sve zainteresovane nau\u010dnoistra\u017eiva\u010dke organizacije, istra\u017eiva\u010di, predstavnici akademske zajednice i drugi potencijalni aplikanti da prisustvuju ovom doga\u0111aju.<\/p>\n","protected":false},"excerpt":{"rendered":"<p>Ministarstvo obrazovanja i nauke Tuzlanskog kantona, u saradnji sa Kantonalnim savjetom za nauku i tehnologiju,&hellip;<\/p>\n","protected":false},"author":4,"featured_media":143254,"comment_status":"closed","ping_status":"closed","sticky":false,"template":"","format":"standard","meta":{"_acf_changed":false,"footnotes":""},"categories":[12],"tags":[6906,13666],"acf":[],"yoast_head":"<!-- This site is optimized with the Yoast SEO plugin v23.5 - https:\/\/yoast.com\/wordpress\/plugins\/seo\/ -->\n<title>Prilika za aplikante: Ove sedmice u Tuzli Info dan za nau\u010dne projekte - TuzlaInfo.ba<\/title>\n<meta name=\"robots\" content=\"index, follow, max-snippet:-1, max-image-preview:large, max-video-preview:-1\" \/>\n<link rel=\"canonical\" href=\"https:\/\/tuzlainfo.ba\/index.php\/novosti\/item\/298193-prilika-za-aplikante-ove-sedmice-u-tuzli-info-dan-za-naucne-projekte\/\" \/>\n<meta property=\"og:locale\" content=\"bs_BA\" \/>\n<meta property=\"og:type\" content=\"article\" \/>\n<meta property=\"og:title\" content=\"Prilika za aplikante: Ove sedmice u Tuzli Info dan za nau\u010dne projekte - TuzlaInfo.ba\" \/>\n<meta property=\"og:description\" content=\"Ministarstvo obrazovanja i nauke Tuzlanskog kantona, u saradnji sa Kantonalnim savjetom za nauku i tehnologiju,&hellip;\" \/>\n<meta property=\"og:url\" content=\"https:\/\/tuzlainfo.ba\/index.php\/novosti\/item\/298193-prilika-za-aplikante-ove-sedmice-u-tuzli-info-dan-za-naucne-projekte\/\" \/>\n<meta property=\"og:site_name\" content=\"TuzlaInfo.ba\" \/>\n<meta property=\"article:publisher\" content=\"https:\/\/www.facebook.com\/tuzlainfo.ba\/\" \/>\n<meta property=\"article:published_time\" content=\"2026-03-24T21:02:00+00:00\" \/>\n<meta property=\"article:modified_time\" content=\"2026-03-24T15:40:20+00:00\" \/>\n<meta property=\"og:image\" content=\"https:\/\/tuzlainfo.ba\/wp-content\/uploads\/2021\/07\/2807_ministarstvo-obrazovanja-i-nauke-tk-.jpg\" \/>\n\t<meta property=\"og:image:width\" content=\"800\" \/>\n\t<meta property=\"og:image:height\" content=\"416\" \/>\n\t<meta property=\"og:image:type\" content=\"image\/jpeg\" \/>\n<meta name=\"author\" content=\"Tuzla Info\" \/>\n<meta name=\"twitter:card\" content=\"summary_large_image\" \/>\n<meta name=\"twitter:label1\" content=\"Written by\" \/>\n\t<meta name=\"twitter:data1\" content=\"Tuzla Info\" \/>\n\t<meta name=\"twitter:label2\" content=\"Est. reading time\" \/>\n\t<meta name=\"twitter:data2\" content=\"1 minuta\" \/>\n<script type=\"application\/ld+json\" class=\"yoast-schema-graph\">{\"@context\":\"https:\/\/schema.org\",\"@graph\":[{\"@type\":\"Article\",\"@id\":\"https:\/\/tuzlainfo.ba\/index.php\/novosti\/item\/298193-prilika-za-aplikante-ove-sedmice-u-tuzli-info-dan-za-naucne-projekte\/#article\",\"isPartOf\":{\"@id\":\"https:\/\/tuzlainfo.ba\/index.php\/novosti\/item\/298193-prilika-za-aplikante-ove-sedmice-u-tuzli-info-dan-za-naucne-projekte\/\"},\"author\":{\"name\":\"Tuzla Info\",\"@id\":\"https:\/\/tuzlainfo.ba\/#\/schema\/person\/46cad4c57790cbc50781edd14870825a\"},\"headline\":\"Prilika za aplikante: Ove sedmice u Tuzli Info dan za nau\u010dne projekte\",\"datePublished\":\"2026-03-24T21:02:00+00:00\",\"dateModified\":\"2026-03-24T15:40:20+00:00\",\"mainEntityOfPage\":{\"@id\":\"https:\/\/tuzlainfo.ba\/index.php\/novosti\/item\/298193-prilika-za-aplikante-ove-sedmice-u-tuzli-info-dan-za-naucne-projekte\/\"},\"wordCount\":128,\"publisher\":{\"@id\":\"https:\/\/tuzlainfo.ba\/#organization\"},\"image\":{\"@id\":\"https:\/\/tuzlainfo.ba\/index.php\/novosti\/item\/298193-prilika-za-aplikante-ove-sedmice-u-tuzli-info-dan-za-naucne-projekte\/#primaryimage\"},\"thumbnailUrl\":\"https:\/\/tuzlainfo.ba\/wp-content\/uploads\/2021\/07\/2807_ministarstvo-obrazovanja-i-nauke-tk-.jpg\",\"keywords\":[\"info dan\",\"nau\u010dni projekti\"],\"articleSection\":[\"Novosti\"],\"inLanguage\":\"bs-BA\"},{\"@type\":\"WebPage\",\"@id\":\"https:\/\/tuzlainfo.ba\/index.php\/novosti\/item\/298193-prilika-za-aplikante-ove-sedmice-u-tuzli-info-dan-za-naucne-projekte\/\",\"url\":\"https:\/\/tuzlainfo.ba\/index.php\/novosti\/item\/298193-prilika-za-aplikante-ove-sedmice-u-tuzli-info-dan-za-naucne-projekte\/\",\"name\":\"Prilika za aplikante: Ove sedmice u Tuzli Info dan za nau\u010dne projekte - TuzlaInfo.ba\",\"isPartOf\":{\"@id\":\"https:\/\/tuzlainfo.ba\/#website\"},\"primaryImageOfPage\":{\"@id\":\"https:\/\/tuzlainfo.ba\/index.php\/novosti\/item\/298193-prilika-za-aplikante-ove-sedmice-u-tuzli-info-dan-za-naucne-projekte\/#primaryimage\"},\"image\":{\"@id\":\"https:\/\/tuzlainfo.ba\/index.php\/novosti\/item\/298193-prilika-za-aplikante-ove-sedmice-u-tuzli-info-dan-za-naucne-projekte\/#primaryimage\"},\"thumbnailUrl\":\"https:\/\/tuzlainfo.ba\/wp-content\/uploads\/2021\/07\/2807_ministarstvo-obrazovanja-i-nauke-tk-.jpg\",\"datePublished\":\"2026-03-24T21:02:00+00:00\",\"dateModified\":\"2026-03-24T15:40:20+00:00\",\"breadcrumb\":{\"@id\":\"https:\/\/tuzlainfo.ba\/index.php\/novosti\/item\/298193-prilika-za-aplikante-ove-sedmice-u-tuzli-info-dan-za-naucne-projekte\/#breadcrumb\"},\"inLanguage\":\"bs-BA\",\"potentialAction\":[{\"@type\":\"ReadAction\",\"target\":[\"https:\/\/tuzlainfo.ba\/index.php\/novosti\/item\/298193-prilika-za-aplikante-ove-sedmice-u-tuzli-info-dan-za-naucne-projekte\/\"]}]},{\"@type\":\"ImageObject\",\"inLanguage\":\"bs-BA\",\"@id\":\"https:\/\/tuzlainfo.ba\/index.php\/novosti\/item\/298193-prilika-za-aplikante-ove-sedmice-u-tuzli-info-dan-za-naucne-projekte\/#primaryimage\",\"url\":\"https:\/\/tuzlainfo.ba\/wp-content\/uploads\/2021\/07\/2807_ministarstvo-obrazovanja-i-nauke-tk-.jpg\",\"contentUrl\":\"https:\/\/tuzlainfo.ba\/wp-content\/uploads\/2021\/07\/2807_ministarstvo-obrazovanja-i-nauke-tk-.jpg\",\"width\":800,\"height\":416},{\"@type\":\"BreadcrumbList\",\"@id\":\"https:\/\/tuzlainfo.ba\/index.php\/novosti\/item\/298193-prilika-za-aplikante-ove-sedmice-u-tuzli-info-dan-za-naucne-projekte\/#breadcrumb\",\"itemListElement\":[{\"@type\":\"ListItem\",\"position\":1,\"name\":\"Home\",\"item\":\"https:\/\/tuzlainfo.ba\/\"},{\"@type\":\"ListItem\",\"position\":2,\"name\":\"Prilika za aplikante: Ove sedmice u Tuzli Info dan za nau\u010dne projekte\"}]},{\"@type\":\"WebSite\",\"@id\":\"https:\/\/tuzlainfo.ba\/#website\",\"url\":\"https:\/\/tuzlainfo.ba\/\",\"name\":\"TuzlaInfo.ba\",\"description\":\"Tuzla info, gradski informator - Tuzla na dlanu\",\"publisher\":{\"@id\":\"https:\/\/tuzlainfo.ba\/#organization\"},\"potentialAction\":[{\"@type\":\"SearchAction\",\"target\":{\"@type\":\"EntryPoint\",\"urlTemplate\":\"https:\/\/tuzlainfo.ba\/?s={search_term_string}\"},\"query-input\":{\"@type\":\"PropertyValueSpecification\",\"valueRequired\":true,\"valueName\":\"search_term_string\"}}],\"inLanguage\":\"bs-BA\"},{\"@type\":\"Organization\",\"@id\":\"https:\/\/tuzlainfo.ba\/#organization\",\"name\":\"TuzlaInfo.ba\",\"url\":\"https:\/\/tuzlainfo.ba\/\",\"logo\":{\"@type\":\"ImageObject\",\"inLanguage\":\"bs-BA\",\"@id\":\"https:\/\/tuzlainfo.ba\/#\/schema\/logo\/image\/\",\"url\":\"https:\/\/tuzlainfo.ba\/wp-content\/uploads\/2021\/03\/logo-ver-3-1.png\",\"contentUrl\":\"https:\/\/tuzlainfo.ba\/wp-content\/uploads\/2021\/03\/logo-ver-3-1.png\",\"width\":350,\"height\":95,\"caption\":\"TuzlaInfo.ba\"},\"image\":{\"@id\":\"https:\/\/tuzlainfo.ba\/#\/schema\/logo\/image\/\"},\"sameAs\":[\"https:\/\/www.facebook.com\/tuzlainfo.ba\/\"]},{\"@type\":\"Person\",\"@id\":\"https:\/\/tuzlainfo.ba\/#\/schema\/person\/46cad4c57790cbc50781edd14870825a\",\"name\":\"Tuzla Info\",\"image\":{\"@type\":\"ImageObject\",\"inLanguage\":\"bs-BA\",\"@id\":\"https:\/\/tuzlainfo.ba\/#\/schema\/person\/image\/\",\"url\":\"https:\/\/tuzlainfo.ba\/wp-content\/litespeed\/avatar\/b6c453a6c38e3654f2e4416c643fc25c.jpg?ver=1777656712\",\"contentUrl\":\"https:\/\/tuzlainfo.ba\/wp-content\/litespeed\/avatar\/b6c453a6c38e3654f2e4416c643fc25c.jpg?ver=1777656712\",\"caption\":\"Tuzla Info\"}}]}<\/script>\n<!-- \/ Yoast SEO plugin. -->","yoast_head_json":{"title":"Prilika za aplikante: Ove sedmice u Tuzli Info dan za nau\u010dne projekte - TuzlaInfo.ba","robots":{"index":"index","follow":"follow","max-snippet":"max-snippet:-1","max-image-preview":"max-image-preview:large","max-video-preview":"max-video-preview:-1"},"canonical":"https:\/\/tuzlainfo.ba\/index.php\/novosti\/item\/298193-prilika-za-aplikante-ove-sedmice-u-tuzli-info-dan-za-naucne-projekte\/","og_locale":"bs_BA","og_type":"article","og_title":"Prilika za aplikante: Ove sedmice u Tuzli Info dan za nau\u010dne projekte - TuzlaInfo.ba","og_description":"Ministarstvo obrazovanja i nauke Tuzlanskog kantona, u saradnji sa Kantonalnim savjetom za nauku i tehnologiju,&hellip;","og_url":"https:\/\/tuzlainfo.ba\/index.php\/novosti\/item\/298193-prilika-za-aplikante-ove-sedmice-u-tuzli-info-dan-za-naucne-projekte\/","og_site_name":"TuzlaInfo.ba","article_publisher":"https:\/\/www.facebook.com\/tuzlainfo.ba\/","article_published_time":"2026-03-24T21:02:00+00:00","article_modified_time":"2026-03-24T15:40:20+00:00","og_image":[{"width":800,"height":416,"url":"https:\/\/tuzlainfo.ba\/wp-content\/uploads\/2021\/07\/2807_ministarstvo-obrazovanja-i-nauke-tk-.jpg","type":"image\/jpeg"}],"author":"Tuzla Info","twitter_card":"summary_large_image","twitter_misc":{"Written by":"Tuzla Info","Est. reading time":"1 minuta"},"schema":{"@context":"https:\/\/schema.org","@graph":[{"@type":"Article","@id":"https:\/\/tuzlainfo.ba\/index.php\/novosti\/item\/298193-prilika-za-aplikante-ove-sedmice-u-tuzli-info-dan-za-naucne-projekte\/#article","isPartOf":{"@id":"https:\/\/tuzlainfo.ba\/index.php\/novosti\/item\/298193-prilika-za-aplikante-ove-sedmice-u-tuzli-info-dan-za-naucne-projekte\/"},"author":{"name":"Tuzla Info","@id":"https:\/\/tuzlainfo.ba\/#\/schema\/person\/46cad4c57790cbc50781edd14870825a"},"headline":"Prilika za aplikante: Ove sedmice u Tuzli Info dan za nau\u010dne projekte","datePublished":"2026-03-24T21:02:00+00:00","dateModified":"2026-03-24T15:40:20+00:00","mainEntityOfPage":{"@id":"https:\/\/tuzlainfo.ba\/index.php\/novosti\/item\/298193-prilika-za-aplikante-ove-sedmice-u-tuzli-info-dan-za-naucne-projekte\/"},"wordCount":128,"publisher":{"@id":"https:\/\/tuzlainfo.ba\/#organization"},"image":{"@id":"https:\/\/tuzlainfo.ba\/index.php\/novosti\/item\/298193-prilika-za-aplikante-ove-sedmice-u-tuzli-info-dan-za-naucne-projekte\/#primaryimage"},"thumbnailUrl":"https:\/\/tuzlainfo.ba\/wp-content\/uploads\/2021\/07\/2807_ministarstvo-obrazovanja-i-nauke-tk-.jpg","keywords":["info dan","nau\u010dni projekti"],"articleSection":["Novosti"],"inLanguage":"bs-BA"},{"@type":"WebPage","@id":"https:\/\/tuzlainfo.ba\/index.php\/novosti\/item\/298193-prilika-za-aplikante-ove-sedmice-u-tuzli-info-dan-za-naucne-projekte\/","url":"https:\/\/tuzlainfo.ba\/index.php\/novosti\/item\/298193-prilika-za-aplikante-ove-sedmice-u-tuzli-info-dan-za-naucne-projekte\/","name":"Prilika za aplikante: Ove sedmice u Tuzli Info dan za nau\u010dne projekte - TuzlaInfo.ba","isPartOf":{"@id":"https:\/\/tuzlainfo.ba\/#website"},"primaryImageOfPage":{"@id":"https:\/\/tuzlainfo.ba\/index.php\/novosti\/item\/298193-prilika-za-aplikante-ove-sedmice-u-tuzli-info-dan-za-naucne-projekte\/#primaryimage"},"image":{"@id":"https:\/\/tuzlainfo.ba\/index.php\/novosti\/item\/298193-prilika-za-aplikante-ove-sedmice-u-tuzli-info-dan-za-naucne-projekte\/#primaryimage"},"thumbnailUrl":"https:\/\/tuzlainfo.ba\/wp-content\/uploads\/2021\/07\/2807_ministarstvo-obrazovanja-i-nauke-tk-.jpg","datePublished":"2026-03-24T21:02:00+00:00","dateModified":"2026-03-24T15:40:20+00:00","breadcrumb":{"@id":"https:\/\/tuzlainfo.ba\/index.php\/novosti\/item\/298193-prilika-za-aplikante-ove-sedmice-u-tuzli-info-dan-za-naucne-projekte\/#breadcrumb"},"inLanguage":"bs-BA","potentialAction":[{"@type":"ReadAction","target":["https:\/\/tuzlainfo.ba\/index.php\/novosti\/item\/298193-prilika-za-aplikante-ove-sedmice-u-tuzli-info-dan-za-naucne-projekte\/"]}]},{"@type":"ImageObject","inLanguage":"bs-BA","@id":"https:\/\/tuzlainfo.ba\/index.php\/novosti\/item\/298193-prilika-za-aplikante-ove-sedmice-u-tuzli-info-dan-za-naucne-projekte\/#primaryimage","url":"https:\/\/tuzlainfo.ba\/wp-content\/uploads\/2021\/07\/2807_ministarstvo-obrazovanja-i-nauke-tk-.jpg","contentUrl":"https:\/\/tuzlainfo.ba\/wp-content\/uploads\/2021\/07\/2807_ministarstvo-obrazovanja-i-nauke-tk-.jpg","width":800,"height":416},{"@type":"BreadcrumbList","@id":"https:\/\/tuzlainfo.ba\/index.php\/novosti\/item\/298193-prilika-za-aplikante-ove-sedmice-u-tuzli-info-dan-za-naucne-projekte\/#breadcrumb","itemListElement":[{"@type":"ListItem","position":1,"name":"Home","item":"https:\/\/tuzlainfo.ba\/"},{"@type":"ListItem","position":2,"name":"Prilika za aplikante: Ove sedmice u Tuzli Info dan za nau\u010dne projekte"}]},{"@type":"WebSite","@id":"https:\/\/tuzlainfo.ba\/#website","url":"https:\/\/tuzlainfo.ba\/","name":"TuzlaInfo.ba","description":"Tuzla info, gradski informator - Tuzla na dlanu","publisher":{"@id":"https:\/\/tuzlainfo.ba\/#organization"},"potentialAction":[{"@type":"SearchAction","target":{"@type":"EntryPoint","urlTemplate":"https:\/\/tuzlainfo.ba\/?s={search_term_string}"},"query-input":{"@type":"PropertyValueSpecification","valueRequired":true,"valueName":"search_term_string"}}],"inLanguage":"bs-BA"},{"@type":"Organization","@id":"https:\/\/tuzlainfo.ba\/#organization","name":"TuzlaInfo.ba","url":"https:\/\/tuzlainfo.ba\/","logo":{"@type":"ImageObject","inLanguage":"bs-BA","@id":"https:\/\/tuzlainfo.ba\/#\/schema\/logo\/image\/","url":"https:\/\/tuzlainfo.ba\/wp-content\/uploads\/2021\/03\/logo-ver-3-1.png","contentUrl":"https:\/\/tuzlainfo.ba\/wp-content\/uploads\/2021\/03\/logo-ver-3-1.png","width":350,"height":95,"caption":"TuzlaInfo.ba"},"image":{"@id":"https:\/\/tuzlainfo.ba\/#\/schema\/logo\/image\/"},"sameAs":["https:\/\/www.facebook.com\/tuzlainfo.ba\/"]},{"@type":"Person","@id":"https:\/\/tuzlainfo.ba\/#\/schema\/person\/46cad4c57790cbc50781edd14870825a","name":"Tuzla Info","image":{"@type":"ImageObject","inLanguage":"bs-BA","@id":"https:\/\/tuzlainfo.ba\/#\/schema\/person\/image\/","url":"https:\/\/tuzlainfo.ba\/wp-content\/litespeed\/avatar\/b6c453a6c38e3654f2e4416c643fc25c.jpg?ver=1777656712","contentUrl":"https:\/\/tuzlainfo.ba\/wp-content\/litespeed\/avatar\/b6c453a6c38e3654f2e4416c643fc25c.jpg?ver=1777656712","caption":"Tuzla Info"}}]}},"_links":{"self":[{"href":"https:\/\/tuzlainfo.ba\/index.php\/wp-json\/wp\/v2\/posts\/298193"}],"collection":[{"href":"https:\/\/tuzlainfo.ba\/index.php\/wp-json\/wp\/v2\/posts"}],"about":[{"href":"https:\/\/tuzlainfo.ba\/index.php\/wp-json\/wp\/v2\/types\/post"}],"author":[{"embeddable":true,"href":"https:\/\/tuzlainfo.ba\/index.php\/wp-json\/wp\/v2\/users\/4"}],"replies":[{"embeddable":true,"href":"https:\/\/tuzlainfo.ba\/index.php\/wp-json\/wp\/v2\/comments?post=298193"}],"version-history":[{"count":1,"href":"https:\/\/tuzlainfo.ba\/index.php\/wp-json\/wp\/v2\/posts\/298193\/revisions"}],"predecessor-version":[{"id":298194,"href":"https:\/\/tuzlainfo.ba\/index.php\/wp-json\/wp\/v2\/posts\/298193\/revisions\/298194"}],"wp:featuredmedia":[{"embeddable":true,"href":"https:\/\/tuzlainfo.ba\/index.php\/wp-json\/wp\/v2\/media\/143254"}],"wp:attachment":[{"href":"https:\/\/tuzlainfo.ba\/index.php\/wp-json\/wp\/v2\/media?parent=298193"}],"wp:term":[{"taxonomy":"category","embeddable":true,"href":"https:\/\/tuzlainfo.ba\/index.php\/wp-json\/wp\/v2\/categories?post=298193"},{"taxonomy":"post_tag","embeddable":true,"href":"https:\/\/tuzlainfo.ba\/index.php\/wp-json\/wp\/v2\/tags?post=298193"}],"curies":[{"name":"wp","href":"https:\/\/api.w.org\/{rel}","templated":true}]}}