{"id":298180,"date":"2026-03-24T08:02:37","date_gmt":"2026-03-24T07:02:37","guid":{"rendered":"https:\/\/tuzlainfo.ba\/?p=298180"},"modified":"2026-03-24T07:28:02","modified_gmt":"2026-03-24T06:28:02","slug":"danas-uglavnom-oblacno-u-dijelovima-bih-moguc-i-snijeg","status":"publish","type":"post","link":"https:\/\/tuzlainfo.ba\/index.php\/bosna-i-hercegovina\/item\/298180-danas-uglavnom-oblacno-u-dijelovima-bih-moguc-i-snijeg\/","title":{"rendered":"Danas uglavnom obla\u010dno, u dijelovima BiH mogu\u0107 i snijeg"},"content":{"rendered":"<p data-start=\"0\" data-end=\"169\">Prema podacima <span class=\"hover:entity-accent entity-underline inline cursor-pointer align-baseline\"><span class=\"whitespace-normal\">Federalnog hidrometeorolo\u0161kog zavoda<\/span><\/span>, danas se u Hercegovini o\u010dekuje prete\u017eno sun\u010dano vrijeme, dok \u0107e u Bosni preovladavati umjereno do prete\u017eno obla\u010dno.<\/p>\n<p data-start=\"171\" data-end=\"455\">U jutarnjim satima, u centralnim i isto\u010dnim podru\u010djima Bosne lokalno je mogu\u0107a slaba ki\u0161a, a na planinama i slab snijeg. U Hercegovini, posebno na jugu i jugozapadu, o\u010dekuje se umjerena do poja\u010dana bura, dok \u0107e u ostatku zemlje puhati slab do umjeren sjeverni i sjeveroisto\u010dni vjetar.<\/p>\n<p data-start=\"457\" data-end=\"618\">Jutarnje temperature zraka kretat \u0107e se od 2 do 8 stepeni, na jugu do 10, dok \u0107e dnevne iznositi od 8 do 14 stepeni Celzijusa, a na jugu i sjeveru do 18 stepeni.<\/p>\n<p data-start=\"620\" data-end=\"1051\" data-is-last-node=\"\" data-is-only-node=\"\">Biometeorolo\u0161ke prilike bit \u0107e djelimi\u010dno nepovoljne u Bosni zbog pove\u0107ane naoblake i slabijih padavina, dok \u0107e u Hercegovini biti ugodnije uz vi\u0161e sun\u010danih intervala. Blagi porast temperatura tokom dana pozitivno \u0107e uticati na ve\u0107inu stanovni\u0161tva, pa bi se tegobe kod hroni\u010dnih bolesnika mogle smanjiti. Ipak, kod osjetljivijih osoba mogu\u0107e su bla\u017ee meteopatske reakcije, poput promjene raspolo\u017eenja, glavobolje i dekoncentracije.<\/p>\n","protected":false},"excerpt":{"rendered":"<p>Prema podacima Federalnog hidrometeorolo\u0161kog zavoda, danas se u Hercegovini o\u010dekuje prete\u017eno sun\u010dano vrijeme, dok \u0107e&hellip;<\/p>\n","protected":false},"author":4,"featured_media":255348,"comment_status":"closed","ping_status":"closed","sticky":false,"template":"","format":"standard","meta":{"_acf_changed":false,"footnotes":""},"categories":[291,304],"tags":[328],"acf":[],"yoast_head":"<!-- This site is optimized with the Yoast SEO plugin v23.5 - https:\/\/yoast.com\/wordpress\/plugins\/seo\/ -->\n<title>Danas uglavnom obla\u010dno, u dijelovima BiH mogu\u0107 i snijeg - TuzlaInfo.ba<\/title>\n<meta name=\"robots\" content=\"index, follow, max-snippet:-1, max-image-preview:large, max-video-preview:-1\" \/>\n<link rel=\"canonical\" href=\"https:\/\/tuzlainfo.ba\/index.php\/bosna-i-hercegovina\/item\/298180-danas-uglavnom-oblacno-u-dijelovima-bih-moguc-i-snijeg\/\" \/>\n<meta property=\"og:locale\" content=\"bs_BA\" \/>\n<meta property=\"og:type\" content=\"article\" \/>\n<meta property=\"og:title\" content=\"Danas uglavnom obla\u010dno, u dijelovima BiH mogu\u0107 i snijeg - TuzlaInfo.ba\" \/>\n<meta property=\"og:description\" content=\"Prema podacima Federalnog hidrometeorolo\u0161kog zavoda, danas se u Hercegovini o\u010dekuje prete\u017eno sun\u010dano vrijeme, dok \u0107e&hellip;\" \/>\n<meta property=\"og:url\" content=\"https:\/\/tuzlainfo.ba\/index.php\/bosna-i-hercegovina\/item\/298180-danas-uglavnom-oblacno-u-dijelovima-bih-moguc-i-snijeg\/\" \/>\n<meta property=\"og:site_name\" content=\"TuzlaInfo.ba\" \/>\n<meta property=\"article:publisher\" content=\"https:\/\/www.facebook.com\/tuzlainfo.ba\/\" \/>\n<meta property=\"article:published_time\" content=\"2026-03-24T07:02:37+00:00\" \/>\n<meta property=\"article:modified_time\" content=\"2026-03-24T06:28:02+00:00\" \/>\n<meta property=\"og:image\" content=\"https:\/\/tuzlainfo.ba\/wp-content\/uploads\/2024\/11\/1411_tuzla_vrijeme_oblacno1.jpg\" \/>\n\t<meta property=\"og:image:width\" content=\"2048\" \/>\n\t<meta property=\"og:image:height\" content=\"1148\" \/>\n\t<meta property=\"og:image:type\" content=\"image\/jpeg\" \/>\n<meta name=\"author\" content=\"Tuzla Info\" \/>\n<meta name=\"twitter:card\" content=\"summary_large_image\" \/>\n<meta name=\"twitter:label1\" content=\"Written by\" \/>\n\t<meta name=\"twitter:data1\" content=\"Tuzla Info\" \/>\n\t<meta name=\"twitter:label2\" content=\"Est. reading time\" \/>\n\t<meta name=\"twitter:data2\" content=\"2 minute\" \/>\n<script type=\"application\/ld+json\" class=\"yoast-schema-graph\">{\"@context\":\"https:\/\/schema.org\",\"@graph\":[{\"@type\":\"Article\",\"@id\":\"https:\/\/tuzlainfo.ba\/index.php\/bosna-i-hercegovina\/item\/298180-danas-uglavnom-oblacno-u-dijelovima-bih-moguc-i-snijeg\/#article\",\"isPartOf\":{\"@id\":\"https:\/\/tuzlainfo.ba\/index.php\/bosna-i-hercegovina\/item\/298180-danas-uglavnom-oblacno-u-dijelovima-bih-moguc-i-snijeg\/\"},\"author\":{\"name\":\"Tuzla Info\",\"@id\":\"https:\/\/tuzlainfo.ba\/#\/schema\/person\/46cad4c57790cbc50781edd14870825a\"},\"headline\":\"Danas uglavnom obla\u010dno, u dijelovima BiH mogu\u0107 i snijeg\",\"datePublished\":\"2026-03-24T07:02:37+00:00\",\"dateModified\":\"2026-03-24T06:28:02+00:00\",\"mainEntityOfPage\":{\"@id\":\"https:\/\/tuzlainfo.ba\/index.php\/bosna-i-hercegovina\/item\/298180-danas-uglavnom-oblacno-u-dijelovima-bih-moguc-i-snijeg\/\"},\"wordCount\":188,\"publisher\":{\"@id\":\"https:\/\/tuzlainfo.ba\/#organization\"},\"image\":{\"@id\":\"https:\/\/tuzlainfo.ba\/index.php\/bosna-i-hercegovina\/item\/298180-danas-uglavnom-oblacno-u-dijelovima-bih-moguc-i-snijeg\/#primaryimage\"},\"thumbnailUrl\":\"https:\/\/tuzlainfo.ba\/wp-content\/uploads\/2024\/11\/1411_tuzla_vrijeme_oblacno1.jpg\",\"keywords\":[\"vremenska prognoza\"],\"articleSection\":[\"Bosna i Hercegovina\",\"Istaknuto\"],\"inLanguage\":\"bs-BA\"},{\"@type\":\"WebPage\",\"@id\":\"https:\/\/tuzlainfo.ba\/index.php\/bosna-i-hercegovina\/item\/298180-danas-uglavnom-oblacno-u-dijelovima-bih-moguc-i-snijeg\/\",\"url\":\"https:\/\/tuzlainfo.ba\/index.php\/bosna-i-hercegovina\/item\/298180-danas-uglavnom-oblacno-u-dijelovima-bih-moguc-i-snijeg\/\",\"name\":\"Danas uglavnom obla\u010dno, u dijelovima BiH mogu\u0107 i snijeg - TuzlaInfo.ba\",\"isPartOf\":{\"@id\":\"https:\/\/tuzlainfo.ba\/#website\"},\"primaryImageOfPage\":{\"@id\":\"https:\/\/tuzlainfo.ba\/index.php\/bosna-i-hercegovina\/item\/298180-danas-uglavnom-oblacno-u-dijelovima-bih-moguc-i-snijeg\/#primaryimage\"},\"image\":{\"@id\":\"https:\/\/tuzlainfo.ba\/index.php\/bosna-i-hercegovina\/item\/298180-danas-uglavnom-oblacno-u-dijelovima-bih-moguc-i-snijeg\/#primaryimage\"},\"thumbnailUrl\":\"https:\/\/tuzlainfo.ba\/wp-content\/uploads\/2024\/11\/1411_tuzla_vrijeme_oblacno1.jpg\",\"datePublished\":\"2026-03-24T07:02:37+00:00\",\"dateModified\":\"2026-03-24T06:28:02+00:00\",\"breadcrumb\":{\"@id\":\"https:\/\/tuzlainfo.ba\/index.php\/bosna-i-hercegovina\/item\/298180-danas-uglavnom-oblacno-u-dijelovima-bih-moguc-i-snijeg\/#breadcrumb\"},\"inLanguage\":\"bs-BA\",\"potentialAction\":[{\"@type\":\"ReadAction\",\"target\":[\"https:\/\/tuzlainfo.ba\/index.php\/bosna-i-hercegovina\/item\/298180-danas-uglavnom-oblacno-u-dijelovima-bih-moguc-i-snijeg\/\"]}]},{\"@type\":\"ImageObject\",\"inLanguage\":\"bs-BA\",\"@id\":\"https:\/\/tuzlainfo.ba\/index.php\/bosna-i-hercegovina\/item\/298180-danas-uglavnom-oblacno-u-dijelovima-bih-moguc-i-snijeg\/#primaryimage\",\"url\":\"https:\/\/tuzlainfo.ba\/wp-content\/uploads\/2024\/11\/1411_tuzla_vrijeme_oblacno1.jpg\",\"contentUrl\":\"https:\/\/tuzlainfo.ba\/wp-content\/uploads\/2024\/11\/1411_tuzla_vrijeme_oblacno1.jpg\",\"width\":2048,\"height\":1148},{\"@type\":\"BreadcrumbList\",\"@id\":\"https:\/\/tuzlainfo.ba\/index.php\/bosna-i-hercegovina\/item\/298180-danas-uglavnom-oblacno-u-dijelovima-bih-moguc-i-snijeg\/#breadcrumb\",\"itemListElement\":[{\"@type\":\"ListItem\",\"position\":1,\"name\":\"Home\",\"item\":\"https:\/\/tuzlainfo.ba\/\"},{\"@type\":\"ListItem\",\"position\":2,\"name\":\"Danas uglavnom obla\u010dno, u dijelovima BiH mogu\u0107 i snijeg\"}]},{\"@type\":\"WebSite\",\"@id\":\"https:\/\/tuzlainfo.ba\/#website\",\"url\":\"https:\/\/tuzlainfo.ba\/\",\"name\":\"TuzlaInfo.ba\",\"description\":\"Tuzla info, gradski informator - Tuzla na dlanu\",\"publisher\":{\"@id\":\"https:\/\/tuzlainfo.ba\/#organization\"},\"potentialAction\":[{\"@type\":\"SearchAction\",\"target\":{\"@type\":\"EntryPoint\",\"urlTemplate\":\"https:\/\/tuzlainfo.ba\/?s={search_term_string}\"},\"query-input\":{\"@type\":\"PropertyValueSpecification\",\"valueRequired\":true,\"valueName\":\"search_term_string\"}}],\"inLanguage\":\"bs-BA\"},{\"@type\":\"Organization\",\"@id\":\"https:\/\/tuzlainfo.ba\/#organization\",\"name\":\"TuzlaInfo.ba\",\"url\":\"https:\/\/tuzlainfo.ba\/\",\"logo\":{\"@type\":\"ImageObject\",\"inLanguage\":\"bs-BA\",\"@id\":\"https:\/\/tuzlainfo.ba\/#\/schema\/logo\/image\/\",\"url\":\"https:\/\/tuzlainfo.ba\/wp-content\/uploads\/2021\/03\/logo-ver-3-1.png\",\"contentUrl\":\"https:\/\/tuzlainfo.ba\/wp-content\/uploads\/2021\/03\/logo-ver-3-1.png\",\"width\":350,\"height\":95,\"caption\":\"TuzlaInfo.ba\"},\"image\":{\"@id\":\"https:\/\/tuzlainfo.ba\/#\/schema\/logo\/image\/\"},\"sameAs\":[\"https:\/\/www.facebook.com\/tuzlainfo.ba\/\"]},{\"@type\":\"Person\",\"@id\":\"https:\/\/tuzlainfo.ba\/#\/schema\/person\/46cad4c57790cbc50781edd14870825a\",\"name\":\"Tuzla Info\",\"image\":{\"@type\":\"ImageObject\",\"inLanguage\":\"bs-BA\",\"@id\":\"https:\/\/tuzlainfo.ba\/#\/schema\/person\/image\/\",\"url\":\"https:\/\/tuzlainfo.ba\/wp-content\/litespeed\/avatar\/b6c453a6c38e3654f2e4416c643fc25c.jpg?ver=1777656712\",\"contentUrl\":\"https:\/\/tuzlainfo.ba\/wp-content\/litespeed\/avatar\/b6c453a6c38e3654f2e4416c643fc25c.jpg?ver=1777656712\",\"caption\":\"Tuzla Info\"}}]}<\/script>\n<!-- \/ Yoast SEO plugin. -->","yoast_head_json":{"title":"Danas uglavnom obla\u010dno, u dijelovima BiH mogu\u0107 i snijeg - TuzlaInfo.ba","robots":{"index":"index","follow":"follow","max-snippet":"max-snippet:-1","max-image-preview":"max-image-preview:large","max-video-preview":"max-video-preview:-1"},"canonical":"https:\/\/tuzlainfo.ba\/index.php\/bosna-i-hercegovina\/item\/298180-danas-uglavnom-oblacno-u-dijelovima-bih-moguc-i-snijeg\/","og_locale":"bs_BA","og_type":"article","og_title":"Danas uglavnom obla\u010dno, u dijelovima BiH mogu\u0107 i snijeg - TuzlaInfo.ba","og_description":"Prema podacima Federalnog hidrometeorolo\u0161kog zavoda, danas se u Hercegovini o\u010dekuje prete\u017eno sun\u010dano vrijeme, dok \u0107e&hellip;","og_url":"https:\/\/tuzlainfo.ba\/index.php\/bosna-i-hercegovina\/item\/298180-danas-uglavnom-oblacno-u-dijelovima-bih-moguc-i-snijeg\/","og_site_name":"TuzlaInfo.ba","article_publisher":"https:\/\/www.facebook.com\/tuzlainfo.ba\/","article_published_time":"2026-03-24T07:02:37+00:00","article_modified_time":"2026-03-24T06:28:02+00:00","og_image":[{"width":2048,"height":1148,"url":"https:\/\/tuzlainfo.ba\/wp-content\/uploads\/2024\/11\/1411_tuzla_vrijeme_oblacno1.jpg","type":"image\/jpeg"}],"author":"Tuzla Info","twitter_card":"summary_large_image","twitter_misc":{"Written by":"Tuzla Info","Est. reading time":"2 minute"},"schema":{"@context":"https:\/\/schema.org","@graph":[{"@type":"Article","@id":"https:\/\/tuzlainfo.ba\/index.php\/bosna-i-hercegovina\/item\/298180-danas-uglavnom-oblacno-u-dijelovima-bih-moguc-i-snijeg\/#article","isPartOf":{"@id":"https:\/\/tuzlainfo.ba\/index.php\/bosna-i-hercegovina\/item\/298180-danas-uglavnom-oblacno-u-dijelovima-bih-moguc-i-snijeg\/"},"author":{"name":"Tuzla Info","@id":"https:\/\/tuzlainfo.ba\/#\/schema\/person\/46cad4c57790cbc50781edd14870825a"},"headline":"Danas uglavnom obla\u010dno, u dijelovima BiH mogu\u0107 i snijeg","datePublished":"2026-03-24T07:02:37+00:00","dateModified":"2026-03-24T06:28:02+00:00","mainEntityOfPage":{"@id":"https:\/\/tuzlainfo.ba\/index.php\/bosna-i-hercegovina\/item\/298180-danas-uglavnom-oblacno-u-dijelovima-bih-moguc-i-snijeg\/"},"wordCount":188,"publisher":{"@id":"https:\/\/tuzlainfo.ba\/#organization"},"image":{"@id":"https:\/\/tuzlainfo.ba\/index.php\/bosna-i-hercegovina\/item\/298180-danas-uglavnom-oblacno-u-dijelovima-bih-moguc-i-snijeg\/#primaryimage"},"thumbnailUrl":"https:\/\/tuzlainfo.ba\/wp-content\/uploads\/2024\/11\/1411_tuzla_vrijeme_oblacno1.jpg","keywords":["vremenska prognoza"],"articleSection":["Bosna i Hercegovina","Istaknuto"],"inLanguage":"bs-BA"},{"@type":"WebPage","@id":"https:\/\/tuzlainfo.ba\/index.php\/bosna-i-hercegovina\/item\/298180-danas-uglavnom-oblacno-u-dijelovima-bih-moguc-i-snijeg\/","url":"https:\/\/tuzlainfo.ba\/index.php\/bosna-i-hercegovina\/item\/298180-danas-uglavnom-oblacno-u-dijelovima-bih-moguc-i-snijeg\/","name":"Danas uglavnom obla\u010dno, u dijelovima BiH mogu\u0107 i snijeg - TuzlaInfo.ba","isPartOf":{"@id":"https:\/\/tuzlainfo.ba\/#website"},"primaryImageOfPage":{"@id":"https:\/\/tuzlainfo.ba\/index.php\/bosna-i-hercegovina\/item\/298180-danas-uglavnom-oblacno-u-dijelovima-bih-moguc-i-snijeg\/#primaryimage"},"image":{"@id":"https:\/\/tuzlainfo.ba\/index.php\/bosna-i-hercegovina\/item\/298180-danas-uglavnom-oblacno-u-dijelovima-bih-moguc-i-snijeg\/#primaryimage"},"thumbnailUrl":"https:\/\/tuzlainfo.ba\/wp-content\/uploads\/2024\/11\/1411_tuzla_vrijeme_oblacno1.jpg","datePublished":"2026-03-24T07:02:37+00:00","dateModified":"2026-03-24T06:28:02+00:00","breadcrumb":{"@id":"https:\/\/tuzlainfo.ba\/index.php\/bosna-i-hercegovina\/item\/298180-danas-uglavnom-oblacno-u-dijelovima-bih-moguc-i-snijeg\/#breadcrumb"},"inLanguage":"bs-BA","potentialAction":[{"@type":"ReadAction","target":["https:\/\/tuzlainfo.ba\/index.php\/bosna-i-hercegovina\/item\/298180-danas-uglavnom-oblacno-u-dijelovima-bih-moguc-i-snijeg\/"]}]},{"@type":"ImageObject","inLanguage":"bs-BA","@id":"https:\/\/tuzlainfo.ba\/index.php\/bosna-i-hercegovina\/item\/298180-danas-uglavnom-oblacno-u-dijelovima-bih-moguc-i-snijeg\/#primaryimage","url":"https:\/\/tuzlainfo.ba\/wp-content\/uploads\/2024\/11\/1411_tuzla_vrijeme_oblacno1.jpg","contentUrl":"https:\/\/tuzlainfo.ba\/wp-content\/uploads\/2024\/11\/1411_tuzla_vrijeme_oblacno1.jpg","width":2048,"height":1148},{"@type":"BreadcrumbList","@id":"https:\/\/tuzlainfo.ba\/index.php\/bosna-i-hercegovina\/item\/298180-danas-uglavnom-oblacno-u-dijelovima-bih-moguc-i-snijeg\/#breadcrumb","itemListElement":[{"@type":"ListItem","position":1,"name":"Home","item":"https:\/\/tuzlainfo.ba\/"},{"@type":"ListItem","position":2,"name":"Danas uglavnom obla\u010dno, u dijelovima BiH mogu\u0107 i snijeg"}]},{"@type":"WebSite","@id":"https:\/\/tuzlainfo.ba\/#website","url":"https:\/\/tuzlainfo.ba\/","name":"TuzlaInfo.ba","description":"Tuzla info, gradski informator - Tuzla na dlanu","publisher":{"@id":"https:\/\/tuzlainfo.ba\/#organization"},"potentialAction":[{"@type":"SearchAction","target":{"@type":"EntryPoint","urlTemplate":"https:\/\/tuzlainfo.ba\/?s={search_term_string}"},"query-input":{"@type":"PropertyValueSpecification","valueRequired":true,"valueName":"search_term_string"}}],"inLanguage":"bs-BA"},{"@type":"Organization","@id":"https:\/\/tuzlainfo.ba\/#organization","name":"TuzlaInfo.ba","url":"https:\/\/tuzlainfo.ba\/","logo":{"@type":"ImageObject","inLanguage":"bs-BA","@id":"https:\/\/tuzlainfo.ba\/#\/schema\/logo\/image\/","url":"https:\/\/tuzlainfo.ba\/wp-content\/uploads\/2021\/03\/logo-ver-3-1.png","contentUrl":"https:\/\/tuzlainfo.ba\/wp-content\/uploads\/2021\/03\/logo-ver-3-1.png","width":350,"height":95,"caption":"TuzlaInfo.ba"},"image":{"@id":"https:\/\/tuzlainfo.ba\/#\/schema\/logo\/image\/"},"sameAs":["https:\/\/www.facebook.com\/tuzlainfo.ba\/"]},{"@type":"Person","@id":"https:\/\/tuzlainfo.ba\/#\/schema\/person\/46cad4c57790cbc50781edd14870825a","name":"Tuzla Info","image":{"@type":"ImageObject","inLanguage":"bs-BA","@id":"https:\/\/tuzlainfo.ba\/#\/schema\/person\/image\/","url":"https:\/\/tuzlainfo.ba\/wp-content\/litespeed\/avatar\/b6c453a6c38e3654f2e4416c643fc25c.jpg?ver=1777656712","contentUrl":"https:\/\/tuzlainfo.ba\/wp-content\/litespeed\/avatar\/b6c453a6c38e3654f2e4416c643fc25c.jpg?ver=1777656712","caption":"Tuzla Info"}}]}},"_links":{"self":[{"href":"https:\/\/tuzlainfo.ba\/index.php\/wp-json\/wp\/v2\/posts\/298180"}],"collection":[{"href":"https:\/\/tuzlainfo.ba\/index.php\/wp-json\/wp\/v2\/posts"}],"about":[{"href":"https:\/\/tuzlainfo.ba\/index.php\/wp-json\/wp\/v2\/types\/post"}],"author":[{"embeddable":true,"href":"https:\/\/tuzlainfo.ba\/index.php\/wp-json\/wp\/v2\/users\/4"}],"replies":[{"embeddable":true,"href":"https:\/\/tuzlainfo.ba\/index.php\/wp-json\/wp\/v2\/comments?post=298180"}],"version-history":[{"count":1,"href":"https:\/\/tuzlainfo.ba\/index.php\/wp-json\/wp\/v2\/posts\/298180\/revisions"}],"predecessor-version":[{"id":298181,"href":"https:\/\/tuzlainfo.ba\/index.php\/wp-json\/wp\/v2\/posts\/298180\/revisions\/298181"}],"wp:featuredmedia":[{"embeddable":true,"href":"https:\/\/tuzlainfo.ba\/index.php\/wp-json\/wp\/v2\/media\/255348"}],"wp:attachment":[{"href":"https:\/\/tuzlainfo.ba\/index.php\/wp-json\/wp\/v2\/media?parent=298180"}],"wp:term":[{"taxonomy":"category","embeddable":true,"href":"https:\/\/tuzlainfo.ba\/index.php\/wp-json\/wp\/v2\/categories?post=298180"},{"taxonomy":"post_tag","embeddable":true,"href":"https:\/\/tuzlainfo.ba\/index.php\/wp-json\/wp\/v2\/tags?post=298180"}],"curies":[{"name":"wp","href":"https:\/\/api.w.org\/{rel}","templated":true}]}}