{"id":298096,"date":"2026-03-28T12:04:23","date_gmt":"2026-03-28T11:04:23","guid":{"rendered":"https:\/\/tuzlainfo.ba\/?p=298096"},"modified":"2026-03-28T10:07:43","modified_gmt":"2026-03-28T09:07:43","slug":"pocinje-ljetno-racunanje-vremena-evo-kada-se-mijenja-termin-jeftine-i-skupe-struje","status":"publish","type":"post","link":"https:\/\/tuzlainfo.ba\/index.php\/bosna-i-hercegovina\/item\/298096-pocinje-ljetno-racunanje-vremena-evo-kada-se-mijenja-termin-jeftine-i-skupe-struje\/","title":{"rendered":"Po\u010dinje ljetno ra\u010dunanje vremena: Evo kada se mijenja termin jeftine i skupe struje"},"content":{"rendered":"<p>Po\u010detkom ljetnog ra\u010dunanja vremena, koje ove godine po\u010dinje u nedjelju 29. marta, mijenjaju se i termini primjene jeftinije i skuplje elektri\u010dne energije za doma\u0107instva sa dvotarifnim brojilima.<\/p>\n<p>Pomjeranjem kazaljki sa 2 na 3 sata, dolazi i do prilago\u0111avanja obra\u010dunskih perioda ni\u017ee i vi\u0161e tarife, potvr\u0111eno je ranije iz Elektroprivreda BiH. Prema va\u017ee\u0107im pravilima, tokom ljetnog ra\u010dunanja vremena jeftinija tarifa radnim danima i subotom primjenjuje se u periodu od 14 do 17 sati, te od 23 do 8 sati ujutro, dok se nedjeljom elektri\u010dna energija obra\u010dunava po ni\u017eoj tarifi tokom cijelog dana.<\/p>\n<p>Sve ostalo vrijeme ra\u010duna se po vi\u0161oj, skupljoj tarifi, \u0161to zna\u010di da \u0107e dnevni sati izvan navedenih termina i dalje biti najnepovoljniji za ve\u0107u potro\u0161nju elektri\u010dne energije.<\/p>\n<p>Promjena sata ne uti\u010de na cijenu kilovata, ali uti\u010de na raspored obra\u010duna, pa se gra\u0111anima preporu\u010duje da ve\u0107e ku\u0107anske aparate, poput ma\u0161ina za ve\u0161 i su\u0111e ili bojlera, koriste u periodima ni\u017ee tarife kako bi umanjili mjese\u010dne ra\u010dune.<\/p>\n","protected":false},"excerpt":{"rendered":"<p>Po\u010detkom ljetnog ra\u010dunanja vremena, koje ove godine po\u010dinje u nedjelju 29. marta, mijenjaju se i&hellip;<\/p>\n","protected":false},"author":8,"featured_media":85687,"comment_status":"closed","ping_status":"closed","sticky":false,"template":"","format":"standard","meta":{"_acf_changed":false,"footnotes":""},"categories":[291,304],"tags":[13655,4436,1880],"acf":[],"yoast_head":"<!-- This site is optimized with the Yoast SEO plugin v23.5 - https:\/\/yoast.com\/wordpress\/plugins\/seo\/ -->\n<title>Po\u010dinje ljetno ra\u010dunanje vremena: Evo kada se mijenja termin jeftine i skupe struje - TuzlaInfo.ba<\/title>\n<meta name=\"robots\" content=\"index, follow, max-snippet:-1, max-image-preview:large, max-video-preview:-1\" \/>\n<link rel=\"canonical\" href=\"https:\/\/tuzlainfo.ba\/index.php\/bosna-i-hercegovina\/item\/298096-pocinje-ljetno-racunanje-vremena-evo-kada-se-mijenja-termin-jeftine-i-skupe-struje\/\" \/>\n<meta property=\"og:locale\" content=\"bs_BA\" \/>\n<meta property=\"og:type\" content=\"article\" \/>\n<meta property=\"og:title\" content=\"Po\u010dinje ljetno ra\u010dunanje vremena: Evo kada se mijenja termin jeftine i skupe struje - TuzlaInfo.ba\" \/>\n<meta property=\"og:description\" content=\"Po\u010detkom ljetnog ra\u010dunanja vremena, koje ove godine po\u010dinje u nedjelju 29. marta, mijenjaju se i&hellip;\" \/>\n<meta property=\"og:url\" content=\"https:\/\/tuzlainfo.ba\/index.php\/bosna-i-hercegovina\/item\/298096-pocinje-ljetno-racunanje-vremena-evo-kada-se-mijenja-termin-jeftine-i-skupe-struje\/\" \/>\n<meta property=\"og:site_name\" content=\"TuzlaInfo.ba\" \/>\n<meta property=\"article:publisher\" content=\"https:\/\/www.facebook.com\/tuzlainfo.ba\/\" \/>\n<meta property=\"article:published_time\" content=\"2026-03-28T11:04:23+00:00\" \/>\n<meta property=\"article:modified_time\" content=\"2026-03-28T09:07:43+00:00\" \/>\n<meta property=\"og:image\" content=\"https:\/\/tuzlainfo.ba\/wp-content\/uploads\/2021\/01\/sadrzaj_2021_20210102_1401_brojilo.jpg\" \/>\n\t<meta property=\"og:image:width\" content=\"770\" \/>\n\t<meta property=\"og:image:height\" content=\"526\" \/>\n\t<meta property=\"og:image:type\" content=\"image\/jpeg\" \/>\n<meta name=\"author\" content=\"Admin Tri\" \/>\n<meta name=\"twitter:card\" content=\"summary_large_image\" \/>\n<meta name=\"twitter:label1\" content=\"Written by\" \/>\n\t<meta name=\"twitter:data1\" content=\"Admin Tri\" \/>\n\t<meta name=\"twitter:label2\" content=\"Est. reading time\" \/>\n\t<meta name=\"twitter:data2\" content=\"1 minuta\" \/>\n<script type=\"application\/ld+json\" class=\"yoast-schema-graph\">{\"@context\":\"https:\/\/schema.org\",\"@graph\":[{\"@type\":\"Article\",\"@id\":\"https:\/\/tuzlainfo.ba\/index.php\/bosna-i-hercegovina\/item\/298096-pocinje-ljetno-racunanje-vremena-evo-kada-se-mijenja-termin-jeftine-i-skupe-struje\/#article\",\"isPartOf\":{\"@id\":\"https:\/\/tuzlainfo.ba\/index.php\/bosna-i-hercegovina\/item\/298096-pocinje-ljetno-racunanje-vremena-evo-kada-se-mijenja-termin-jeftine-i-skupe-struje\/\"},\"author\":{\"name\":\"Admin Tri\",\"@id\":\"https:\/\/tuzlainfo.ba\/#\/schema\/person\/593e78a2f6378c5ba3e7600ecfa4e63a\"},\"headline\":\"Po\u010dinje ljetno ra\u010dunanje vremena: Evo kada se mijenja termin jeftine i skupe struje\",\"datePublished\":\"2026-03-28T11:04:23+00:00\",\"dateModified\":\"2026-03-28T09:07:43+00:00\",\"mainEntityOfPage\":{\"@id\":\"https:\/\/tuzlainfo.ba\/index.php\/bosna-i-hercegovina\/item\/298096-pocinje-ljetno-racunanje-vremena-evo-kada-se-mijenja-termin-jeftine-i-skupe-struje\/\"},\"wordCount\":198,\"publisher\":{\"@id\":\"https:\/\/tuzlainfo.ba\/#organization\"},\"image\":{\"@id\":\"https:\/\/tuzlainfo.ba\/index.php\/bosna-i-hercegovina\/item\/298096-pocinje-ljetno-racunanje-vremena-evo-kada-se-mijenja-termin-jeftine-i-skupe-struje\/#primaryimage\"},\"thumbnailUrl\":\"https:\/\/tuzlainfo.ba\/wp-content\/uploads\/2021\/01\/sadrzaj_2021_20210102_1401_brojilo.jpg\",\"keywords\":[\"jeftina tarifa\",\"ljetno ra\u010dunanje vremena\",\"struja\"],\"articleSection\":[\"Bosna i Hercegovina\",\"Istaknuto\"],\"inLanguage\":\"bs-BA\"},{\"@type\":\"WebPage\",\"@id\":\"https:\/\/tuzlainfo.ba\/index.php\/bosna-i-hercegovina\/item\/298096-pocinje-ljetno-racunanje-vremena-evo-kada-se-mijenja-termin-jeftine-i-skupe-struje\/\",\"url\":\"https:\/\/tuzlainfo.ba\/index.php\/bosna-i-hercegovina\/item\/298096-pocinje-ljetno-racunanje-vremena-evo-kada-se-mijenja-termin-jeftine-i-skupe-struje\/\",\"name\":\"Po\u010dinje ljetno ra\u010dunanje vremena: Evo kada se mijenja termin jeftine i skupe struje - TuzlaInfo.ba\",\"isPartOf\":{\"@id\":\"https:\/\/tuzlainfo.ba\/#website\"},\"primaryImageOfPage\":{\"@id\":\"https:\/\/tuzlainfo.ba\/index.php\/bosna-i-hercegovina\/item\/298096-pocinje-ljetno-racunanje-vremena-evo-kada-se-mijenja-termin-jeftine-i-skupe-struje\/#primaryimage\"},\"image\":{\"@id\":\"https:\/\/tuzlainfo.ba\/index.php\/bosna-i-hercegovina\/item\/298096-pocinje-ljetno-racunanje-vremena-evo-kada-se-mijenja-termin-jeftine-i-skupe-struje\/#primaryimage\"},\"thumbnailUrl\":\"https:\/\/tuzlainfo.ba\/wp-content\/uploads\/2021\/01\/sadrzaj_2021_20210102_1401_brojilo.jpg\",\"datePublished\":\"2026-03-28T11:04:23+00:00\",\"dateModified\":\"2026-03-28T09:07:43+00:00\",\"breadcrumb\":{\"@id\":\"https:\/\/tuzlainfo.ba\/index.php\/bosna-i-hercegovina\/item\/298096-pocinje-ljetno-racunanje-vremena-evo-kada-se-mijenja-termin-jeftine-i-skupe-struje\/#breadcrumb\"},\"inLanguage\":\"bs-BA\",\"potentialAction\":[{\"@type\":\"ReadAction\",\"target\":[\"https:\/\/tuzlainfo.ba\/index.php\/bosna-i-hercegovina\/item\/298096-pocinje-ljetno-racunanje-vremena-evo-kada-se-mijenja-termin-jeftine-i-skupe-struje\/\"]}]},{\"@type\":\"ImageObject\",\"inLanguage\":\"bs-BA\",\"@id\":\"https:\/\/tuzlainfo.ba\/index.php\/bosna-i-hercegovina\/item\/298096-pocinje-ljetno-racunanje-vremena-evo-kada-se-mijenja-termin-jeftine-i-skupe-struje\/#primaryimage\",\"url\":\"https:\/\/tuzlainfo.ba\/wp-content\/uploads\/2021\/01\/sadrzaj_2021_20210102_1401_brojilo.jpg\",\"contentUrl\":\"https:\/\/tuzlainfo.ba\/wp-content\/uploads\/2021\/01\/sadrzaj_2021_20210102_1401_brojilo.jpg\",\"width\":770,\"height\":526,\"caption\":\"1401 brojilo\"},{\"@type\":\"BreadcrumbList\",\"@id\":\"https:\/\/tuzlainfo.ba\/index.php\/bosna-i-hercegovina\/item\/298096-pocinje-ljetno-racunanje-vremena-evo-kada-se-mijenja-termin-jeftine-i-skupe-struje\/#breadcrumb\",\"itemListElement\":[{\"@type\":\"ListItem\",\"position\":1,\"name\":\"Home\",\"item\":\"https:\/\/tuzlainfo.ba\/\"},{\"@type\":\"ListItem\",\"position\":2,\"name\":\"Po\u010dinje ljetno ra\u010dunanje vremena: Evo kada se mijenja termin jeftine i skupe struje\"}]},{\"@type\":\"WebSite\",\"@id\":\"https:\/\/tuzlainfo.ba\/#website\",\"url\":\"https:\/\/tuzlainfo.ba\/\",\"name\":\"TuzlaInfo.ba\",\"description\":\"Tuzla info, gradski informator - Tuzla na dlanu\",\"publisher\":{\"@id\":\"https:\/\/tuzlainfo.ba\/#organization\"},\"potentialAction\":[{\"@type\":\"SearchAction\",\"target\":{\"@type\":\"EntryPoint\",\"urlTemplate\":\"https:\/\/tuzlainfo.ba\/?s={search_term_string}\"},\"query-input\":{\"@type\":\"PropertyValueSpecification\",\"valueRequired\":true,\"valueName\":\"search_term_string\"}}],\"inLanguage\":\"bs-BA\"},{\"@type\":\"Organization\",\"@id\":\"https:\/\/tuzlainfo.ba\/#organization\",\"name\":\"TuzlaInfo.ba\",\"url\":\"https:\/\/tuzlainfo.ba\/\",\"logo\":{\"@type\":\"ImageObject\",\"inLanguage\":\"bs-BA\",\"@id\":\"https:\/\/tuzlainfo.ba\/#\/schema\/logo\/image\/\",\"url\":\"https:\/\/tuzlainfo.ba\/wp-content\/uploads\/2021\/03\/logo-ver-3-1.png\",\"contentUrl\":\"https:\/\/tuzlainfo.ba\/wp-content\/uploads\/2021\/03\/logo-ver-3-1.png\",\"width\":350,\"height\":95,\"caption\":\"TuzlaInfo.ba\"},\"image\":{\"@id\":\"https:\/\/tuzlainfo.ba\/#\/schema\/logo\/image\/\"},\"sameAs\":[\"https:\/\/www.facebook.com\/tuzlainfo.ba\/\"]},{\"@type\":\"Person\",\"@id\":\"https:\/\/tuzlainfo.ba\/#\/schema\/person\/593e78a2f6378c5ba3e7600ecfa4e63a\",\"name\":\"Admin Tri\",\"image\":{\"@type\":\"ImageObject\",\"inLanguage\":\"bs-BA\",\"@id\":\"https:\/\/tuzlainfo.ba\/#\/schema\/person\/image\/\",\"url\":\"https:\/\/tuzlainfo.ba\/wp-content\/litespeed\/avatar\/b7920db4cc34a71ad12497283ad2fe3f.jpg?ver=1777100914\",\"contentUrl\":\"https:\/\/tuzlainfo.ba\/wp-content\/litespeed\/avatar\/b7920db4cc34a71ad12497283ad2fe3f.jpg?ver=1777100914\",\"caption\":\"Admin Tri\"},\"sameAs\":[\"https:\/\/tuzlainfo.ba\"]}]}<\/script>\n<!-- \/ Yoast SEO plugin. -->","yoast_head_json":{"title":"Po\u010dinje ljetno ra\u010dunanje vremena: Evo kada se mijenja termin jeftine i skupe struje - TuzlaInfo.ba","robots":{"index":"index","follow":"follow","max-snippet":"max-snippet:-1","max-image-preview":"max-image-preview:large","max-video-preview":"max-video-preview:-1"},"canonical":"https:\/\/tuzlainfo.ba\/index.php\/bosna-i-hercegovina\/item\/298096-pocinje-ljetno-racunanje-vremena-evo-kada-se-mijenja-termin-jeftine-i-skupe-struje\/","og_locale":"bs_BA","og_type":"article","og_title":"Po\u010dinje ljetno ra\u010dunanje vremena: Evo kada se mijenja termin jeftine i skupe struje - TuzlaInfo.ba","og_description":"Po\u010detkom ljetnog ra\u010dunanja vremena, koje ove godine po\u010dinje u nedjelju 29. marta, mijenjaju se i&hellip;","og_url":"https:\/\/tuzlainfo.ba\/index.php\/bosna-i-hercegovina\/item\/298096-pocinje-ljetno-racunanje-vremena-evo-kada-se-mijenja-termin-jeftine-i-skupe-struje\/","og_site_name":"TuzlaInfo.ba","article_publisher":"https:\/\/www.facebook.com\/tuzlainfo.ba\/","article_published_time":"2026-03-28T11:04:23+00:00","article_modified_time":"2026-03-28T09:07:43+00:00","og_image":[{"width":770,"height":526,"url":"https:\/\/tuzlainfo.ba\/wp-content\/uploads\/2021\/01\/sadrzaj_2021_20210102_1401_brojilo.jpg","type":"image\/jpeg"}],"author":"Admin Tri","twitter_card":"summary_large_image","twitter_misc":{"Written by":"Admin Tri","Est. reading time":"1 minuta"},"schema":{"@context":"https:\/\/schema.org","@graph":[{"@type":"Article","@id":"https:\/\/tuzlainfo.ba\/index.php\/bosna-i-hercegovina\/item\/298096-pocinje-ljetno-racunanje-vremena-evo-kada-se-mijenja-termin-jeftine-i-skupe-struje\/#article","isPartOf":{"@id":"https:\/\/tuzlainfo.ba\/index.php\/bosna-i-hercegovina\/item\/298096-pocinje-ljetno-racunanje-vremena-evo-kada-se-mijenja-termin-jeftine-i-skupe-struje\/"},"author":{"name":"Admin Tri","@id":"https:\/\/tuzlainfo.ba\/#\/schema\/person\/593e78a2f6378c5ba3e7600ecfa4e63a"},"headline":"Po\u010dinje ljetno ra\u010dunanje vremena: Evo kada se mijenja termin jeftine i skupe struje","datePublished":"2026-03-28T11:04:23+00:00","dateModified":"2026-03-28T09:07:43+00:00","mainEntityOfPage":{"@id":"https:\/\/tuzlainfo.ba\/index.php\/bosna-i-hercegovina\/item\/298096-pocinje-ljetno-racunanje-vremena-evo-kada-se-mijenja-termin-jeftine-i-skupe-struje\/"},"wordCount":198,"publisher":{"@id":"https:\/\/tuzlainfo.ba\/#organization"},"image":{"@id":"https:\/\/tuzlainfo.ba\/index.php\/bosna-i-hercegovina\/item\/298096-pocinje-ljetno-racunanje-vremena-evo-kada-se-mijenja-termin-jeftine-i-skupe-struje\/#primaryimage"},"thumbnailUrl":"https:\/\/tuzlainfo.ba\/wp-content\/uploads\/2021\/01\/sadrzaj_2021_20210102_1401_brojilo.jpg","keywords":["jeftina tarifa","ljetno ra\u010dunanje vremena","struja"],"articleSection":["Bosna i Hercegovina","Istaknuto"],"inLanguage":"bs-BA"},{"@type":"WebPage","@id":"https:\/\/tuzlainfo.ba\/index.php\/bosna-i-hercegovina\/item\/298096-pocinje-ljetno-racunanje-vremena-evo-kada-se-mijenja-termin-jeftine-i-skupe-struje\/","url":"https:\/\/tuzlainfo.ba\/index.php\/bosna-i-hercegovina\/item\/298096-pocinje-ljetno-racunanje-vremena-evo-kada-se-mijenja-termin-jeftine-i-skupe-struje\/","name":"Po\u010dinje ljetno ra\u010dunanje vremena: Evo kada se mijenja termin jeftine i skupe struje - TuzlaInfo.ba","isPartOf":{"@id":"https:\/\/tuzlainfo.ba\/#website"},"primaryImageOfPage":{"@id":"https:\/\/tuzlainfo.ba\/index.php\/bosna-i-hercegovina\/item\/298096-pocinje-ljetno-racunanje-vremena-evo-kada-se-mijenja-termin-jeftine-i-skupe-struje\/#primaryimage"},"image":{"@id":"https:\/\/tuzlainfo.ba\/index.php\/bosna-i-hercegovina\/item\/298096-pocinje-ljetno-racunanje-vremena-evo-kada-se-mijenja-termin-jeftine-i-skupe-struje\/#primaryimage"},"thumbnailUrl":"https:\/\/tuzlainfo.ba\/wp-content\/uploads\/2021\/01\/sadrzaj_2021_20210102_1401_brojilo.jpg","datePublished":"2026-03-28T11:04:23+00:00","dateModified":"2026-03-28T09:07:43+00:00","breadcrumb":{"@id":"https:\/\/tuzlainfo.ba\/index.php\/bosna-i-hercegovina\/item\/298096-pocinje-ljetno-racunanje-vremena-evo-kada-se-mijenja-termin-jeftine-i-skupe-struje\/#breadcrumb"},"inLanguage":"bs-BA","potentialAction":[{"@type":"ReadAction","target":["https:\/\/tuzlainfo.ba\/index.php\/bosna-i-hercegovina\/item\/298096-pocinje-ljetno-racunanje-vremena-evo-kada-se-mijenja-termin-jeftine-i-skupe-struje\/"]}]},{"@type":"ImageObject","inLanguage":"bs-BA","@id":"https:\/\/tuzlainfo.ba\/index.php\/bosna-i-hercegovina\/item\/298096-pocinje-ljetno-racunanje-vremena-evo-kada-se-mijenja-termin-jeftine-i-skupe-struje\/#primaryimage","url":"https:\/\/tuzlainfo.ba\/wp-content\/uploads\/2021\/01\/sadrzaj_2021_20210102_1401_brojilo.jpg","contentUrl":"https:\/\/tuzlainfo.ba\/wp-content\/uploads\/2021\/01\/sadrzaj_2021_20210102_1401_brojilo.jpg","width":770,"height":526,"caption":"1401 brojilo"},{"@type":"BreadcrumbList","@id":"https:\/\/tuzlainfo.ba\/index.php\/bosna-i-hercegovina\/item\/298096-pocinje-ljetno-racunanje-vremena-evo-kada-se-mijenja-termin-jeftine-i-skupe-struje\/#breadcrumb","itemListElement":[{"@type":"ListItem","position":1,"name":"Home","item":"https:\/\/tuzlainfo.ba\/"},{"@type":"ListItem","position":2,"name":"Po\u010dinje ljetno ra\u010dunanje vremena: Evo kada se mijenja termin jeftine i skupe struje"}]},{"@type":"WebSite","@id":"https:\/\/tuzlainfo.ba\/#website","url":"https:\/\/tuzlainfo.ba\/","name":"TuzlaInfo.ba","description":"Tuzla info, gradski informator - Tuzla na dlanu","publisher":{"@id":"https:\/\/tuzlainfo.ba\/#organization"},"potentialAction":[{"@type":"SearchAction","target":{"@type":"EntryPoint","urlTemplate":"https:\/\/tuzlainfo.ba\/?s={search_term_string}"},"query-input":{"@type":"PropertyValueSpecification","valueRequired":true,"valueName":"search_term_string"}}],"inLanguage":"bs-BA"},{"@type":"Organization","@id":"https:\/\/tuzlainfo.ba\/#organization","name":"TuzlaInfo.ba","url":"https:\/\/tuzlainfo.ba\/","logo":{"@type":"ImageObject","inLanguage":"bs-BA","@id":"https:\/\/tuzlainfo.ba\/#\/schema\/logo\/image\/","url":"https:\/\/tuzlainfo.ba\/wp-content\/uploads\/2021\/03\/logo-ver-3-1.png","contentUrl":"https:\/\/tuzlainfo.ba\/wp-content\/uploads\/2021\/03\/logo-ver-3-1.png","width":350,"height":95,"caption":"TuzlaInfo.ba"},"image":{"@id":"https:\/\/tuzlainfo.ba\/#\/schema\/logo\/image\/"},"sameAs":["https:\/\/www.facebook.com\/tuzlainfo.ba\/"]},{"@type":"Person","@id":"https:\/\/tuzlainfo.ba\/#\/schema\/person\/593e78a2f6378c5ba3e7600ecfa4e63a","name":"Admin Tri","image":{"@type":"ImageObject","inLanguage":"bs-BA","@id":"https:\/\/tuzlainfo.ba\/#\/schema\/person\/image\/","url":"https:\/\/tuzlainfo.ba\/wp-content\/litespeed\/avatar\/b7920db4cc34a71ad12497283ad2fe3f.jpg?ver=1777100914","contentUrl":"https:\/\/tuzlainfo.ba\/wp-content\/litespeed\/avatar\/b7920db4cc34a71ad12497283ad2fe3f.jpg?ver=1777100914","caption":"Admin Tri"},"sameAs":["https:\/\/tuzlainfo.ba"]}]}},"_links":{"self":[{"href":"https:\/\/tuzlainfo.ba\/index.php\/wp-json\/wp\/v2\/posts\/298096"}],"collection":[{"href":"https:\/\/tuzlainfo.ba\/index.php\/wp-json\/wp\/v2\/posts"}],"about":[{"href":"https:\/\/tuzlainfo.ba\/index.php\/wp-json\/wp\/v2\/types\/post"}],"author":[{"embeddable":true,"href":"https:\/\/tuzlainfo.ba\/index.php\/wp-json\/wp\/v2\/users\/8"}],"replies":[{"embeddable":true,"href":"https:\/\/tuzlainfo.ba\/index.php\/wp-json\/wp\/v2\/comments?post=298096"}],"version-history":[{"count":1,"href":"https:\/\/tuzlainfo.ba\/index.php\/wp-json\/wp\/v2\/posts\/298096\/revisions"}],"predecessor-version":[{"id":298097,"href":"https:\/\/tuzlainfo.ba\/index.php\/wp-json\/wp\/v2\/posts\/298096\/revisions\/298097"}],"wp:featuredmedia":[{"embeddable":true,"href":"https:\/\/tuzlainfo.ba\/index.php\/wp-json\/wp\/v2\/media\/85687"}],"wp:attachment":[{"href":"https:\/\/tuzlainfo.ba\/index.php\/wp-json\/wp\/v2\/media?parent=298096"}],"wp:term":[{"taxonomy":"category","embeddable":true,"href":"https:\/\/tuzlainfo.ba\/index.php\/wp-json\/wp\/v2\/categories?post=298096"},{"taxonomy":"post_tag","embeddable":true,"href":"https:\/\/tuzlainfo.ba\/index.php\/wp-json\/wp\/v2\/tags?post=298096"}],"curies":[{"name":"wp","href":"https:\/\/api.w.org\/{rel}","templated":true}]}}