{"id":298086,"date":"2026-03-23T16:25:25","date_gmt":"2026-03-23T15:25:25","guid":{"rendered":"https:\/\/tuzlainfo.ba\/?p=298086"},"modified":"2026-03-23T14:10:49","modified_gmt":"2026-03-23T13:10:49","slug":"postavljeni-novi-radari-policija-jaca-nadzor-u-saobracaju","status":"publish","type":"post","link":"https:\/\/tuzlainfo.ba\/index.php\/bosna-i-hercegovina\/item\/298086-postavljeni-novi-radari-policija-jaca-nadzor-u-saobracaju\/","title":{"rendered":"Postavljeni novi radari, policija ja\u010da nadzor u saobra\u0107aju"},"content":{"rendered":"<p>Vlada KS nastavlja projekt SPARTA i pro\u0161irenje radarskih sistema na dodatnim lokacijama u Kantonu Sarajevo, nakon \u0161to je usvojila zaklju\u010dke kojima je data saglasnost za nastavak oba projekta usmjerena na ja\u010danje sigurnosti u saobra\u0107aju.<\/p>\n<p>Rije\u010d je o projektu instaliranja analiti\u010dkih kamera za prepoznavanje i akviziciju registarskih oznaka, poznatom kao SPARTA, te o pro\u0161irenju radarskih sistema radarima nove generacije. Za oba projekta izra\u0111eni su elaborati koji, kako je saop\u0107eno, potvr\u0111uju njihovu opravdanost s ciljem pove\u0107anja sigurnosti svih u\u010desnika u saobra\u0107aju, ali i efikasnijeg, ekonomi\u010dnijeg i unaprije\u0111enog djelovanja policijskih slu\u017ebenika.<\/p>\n<p>Tokom 2025. godine u Kantonu Sarajevo su na dodatne 44 lokacije instalirane analiti\u010dke kamere za prepoznavanje i akviziciju registarskih oznaka, koje mogu identifikovati ukradena vozila, ali su zna\u010dajne i u rasvjetljavanju razli\u010ditih krivi\u010dnih djela. Projekat je zapo\u010deo jo\u0161 2017. godine postavljanjem prve dvije ANPR kamere, a danas su na podru\u010dju Kantona Sarajevo ukupno postavljene 101 ANPR kamera.<\/p>\n<p>Fotografije koje bilje\u017ee ove kamere su u visokoj rezoluciji, i dnevne i no\u0107ne, te omogu\u0107avaju veoma jasne snimke vozila i voza\u010da koji je po\u010dinio prekr\u0161aj.<\/p>\n<p>Ministar unutra\u0161njih poslova Kantona Sarajevo Admir Katica istakao je da su efekti ovog sistema ve\u0107 vidljivi na terenu. Prema njegovim rije\u010dima, prije uvo\u0111enja ANPR kamera broj ukradenih vozila u Kantonu Sarajevo kretao se oko 600 godi\u0161nje, dok je danas taj broj manji za vi\u0161e od 90 posto. Dodao je da je doprinos ovih kamera zna\u010dajan i u rasvjetljavanju drugih krivi\u010dnih djela zabilje\u017eenih u razli\u010ditim dijelovima grada, zbog \u010dega je cilj njihovo postavljanje na \u0161to ve\u0107em broju lokacija.<\/p>\n<p>Vlada KS nastavlja projekt SPARTA paralelno s planovima za pro\u0161irenje radarskih sistema. Katica je podsjetio da je jo\u0161 2024. godine donesena odluka da se glavna gradska saobra\u0107ajnica pokrije radarima, na potezu od Ilid\u017ee do Ba\u0161\u010dar\u0161ije i u suprotnom smjeru.<\/p>\n<p>Kako je naveo, radarske kontrole i oduzimanje vozila od vi\u0161estrukih prekr\u0161ilaca do sada su se pokazale me\u0111u najefikasnijim mjerama u borbi protiv saobra\u0107ajne delinkvencije. Ipak, zbog pote\u0161ko\u0107a u provo\u0111enju postupaka javnih nabavki taj projekat nije realizovan u planiranom roku, te \u0107e njegovo ponovno pokretanje uslijediti tokom 2026. godine.<\/p>\n<p>Prema podacima koje je iznio ministar Katica, policija je od sredine 2023. do kraja 2025. godine od vi\u0161estrukih prekr\u0161ilaca oduzela vi\u0161e od 450 vozila.<\/p>\n<p>Vlada Kantona Sarajevo za implementaciju i realizaciju ovih projekata zadu\u017eila je Upravu policije Ministarstva unutra\u0161njih poslova Kantona Sarajevo, koja \u0107e postupke nabavke provoditi u skladu sa Zakonom o javnim nabavkama.<\/p>\n","protected":false},"excerpt":{"rendered":"<p>Vlada KS nastavlja projekt SPARTA i pro\u0161irenje radarskih sistema na dodatnim lokacijama u Kantonu Sarajevo,&hellip;<\/p>\n","protected":false},"author":8,"featured_media":219968,"comment_status":"closed","ping_status":"closed","sticky":false,"template":"","format":"standard","meta":{"_acf_changed":false,"footnotes":""},"categories":[291],"tags":[4577,408],"acf":[],"yoast_head":"<!-- This site is optimized with the Yoast SEO plugin v23.5 - https:\/\/yoast.com\/wordpress\/plugins\/seo\/ -->\n<title>Postavljeni novi radari, policija ja\u010da nadzor u saobra\u0107aju - TuzlaInfo.ba<\/title>\n<meta name=\"robots\" content=\"index, follow, max-snippet:-1, max-image-preview:large, max-video-preview:-1\" \/>\n<link rel=\"canonical\" href=\"https:\/\/tuzlainfo.ba\/index.php\/bosna-i-hercegovina\/item\/298086-postavljeni-novi-radari-policija-jaca-nadzor-u-saobracaju\/\" \/>\n<meta property=\"og:locale\" content=\"bs_BA\" \/>\n<meta property=\"og:type\" content=\"article\" \/>\n<meta property=\"og:title\" content=\"Postavljeni novi radari, policija ja\u010da nadzor u saobra\u0107aju - TuzlaInfo.ba\" \/>\n<meta property=\"og:description\" content=\"Vlada KS nastavlja projekt SPARTA i pro\u0161irenje radarskih sistema na dodatnim lokacijama u Kantonu Sarajevo,&hellip;\" \/>\n<meta property=\"og:url\" content=\"https:\/\/tuzlainfo.ba\/index.php\/bosna-i-hercegovina\/item\/298086-postavljeni-novi-radari-policija-jaca-nadzor-u-saobracaju\/\" \/>\n<meta property=\"og:site_name\" content=\"TuzlaInfo.ba\" \/>\n<meta property=\"article:publisher\" content=\"https:\/\/www.facebook.com\/tuzlainfo.ba\/\" \/>\n<meta property=\"article:published_time\" content=\"2026-03-23T15:25:25+00:00\" \/>\n<meta property=\"article:modified_time\" content=\"2026-03-23T13:10:49+00:00\" \/>\n<meta property=\"og:image\" content=\"https:\/\/tuzlainfo.ba\/wp-content\/uploads\/2023\/10\/1610_radar.jpg\" \/>\n\t<meta property=\"og:image:width\" content=\"1024\" \/>\n\t<meta property=\"og:image:height\" content=\"601\" \/>\n\t<meta property=\"og:image:type\" content=\"image\/jpeg\" \/>\n<meta name=\"author\" content=\"Admin Tri\" \/>\n<meta name=\"twitter:card\" content=\"summary_large_image\" \/>\n<meta name=\"twitter:label1\" content=\"Written by\" \/>\n\t<meta name=\"twitter:data1\" content=\"Admin Tri\" \/>\n\t<meta name=\"twitter:label2\" content=\"Est. reading time\" \/>\n\t<meta name=\"twitter:data2\" content=\"3 minute\" \/>\n<script type=\"application\/ld+json\" class=\"yoast-schema-graph\">{\"@context\":\"https:\/\/schema.org\",\"@graph\":[{\"@type\":\"Article\",\"@id\":\"https:\/\/tuzlainfo.ba\/index.php\/bosna-i-hercegovina\/item\/298086-postavljeni-novi-radari-policija-jaca-nadzor-u-saobracaju\/#article\",\"isPartOf\":{\"@id\":\"https:\/\/tuzlainfo.ba\/index.php\/bosna-i-hercegovina\/item\/298086-postavljeni-novi-radari-policija-jaca-nadzor-u-saobracaju\/\"},\"author\":{\"name\":\"Admin Tri\",\"@id\":\"https:\/\/tuzlainfo.ba\/#\/schema\/person\/593e78a2f6378c5ba3e7600ecfa4e63a\"},\"headline\":\"Postavljeni novi radari, policija ja\u010da nadzor u saobra\u0107aju\",\"datePublished\":\"2026-03-23T15:25:25+00:00\",\"dateModified\":\"2026-03-23T13:10:49+00:00\",\"mainEntityOfPage\":{\"@id\":\"https:\/\/tuzlainfo.ba\/index.php\/bosna-i-hercegovina\/item\/298086-postavljeni-novi-radari-policija-jaca-nadzor-u-saobracaju\/\"},\"wordCount\":441,\"publisher\":{\"@id\":\"https:\/\/tuzlainfo.ba\/#organization\"},\"image\":{\"@id\":\"https:\/\/tuzlainfo.ba\/index.php\/bosna-i-hercegovina\/item\/298086-postavljeni-novi-radari-policija-jaca-nadzor-u-saobracaju\/#primaryimage\"},\"thumbnailUrl\":\"https:\/\/tuzlainfo.ba\/wp-content\/uploads\/2023\/10\/1610_radar.jpg\",\"keywords\":[\"Radar\",\"saobra\u0107aj\"],\"articleSection\":[\"Bosna i Hercegovina\"],\"inLanguage\":\"bs-BA\"},{\"@type\":\"WebPage\",\"@id\":\"https:\/\/tuzlainfo.ba\/index.php\/bosna-i-hercegovina\/item\/298086-postavljeni-novi-radari-policija-jaca-nadzor-u-saobracaju\/\",\"url\":\"https:\/\/tuzlainfo.ba\/index.php\/bosna-i-hercegovina\/item\/298086-postavljeni-novi-radari-policija-jaca-nadzor-u-saobracaju\/\",\"name\":\"Postavljeni novi radari, policija ja\u010da nadzor u saobra\u0107aju - TuzlaInfo.ba\",\"isPartOf\":{\"@id\":\"https:\/\/tuzlainfo.ba\/#website\"},\"primaryImageOfPage\":{\"@id\":\"https:\/\/tuzlainfo.ba\/index.php\/bosna-i-hercegovina\/item\/298086-postavljeni-novi-radari-policija-jaca-nadzor-u-saobracaju\/#primaryimage\"},\"image\":{\"@id\":\"https:\/\/tuzlainfo.ba\/index.php\/bosna-i-hercegovina\/item\/298086-postavljeni-novi-radari-policija-jaca-nadzor-u-saobracaju\/#primaryimage\"},\"thumbnailUrl\":\"https:\/\/tuzlainfo.ba\/wp-content\/uploads\/2023\/10\/1610_radar.jpg\",\"datePublished\":\"2026-03-23T15:25:25+00:00\",\"dateModified\":\"2026-03-23T13:10:49+00:00\",\"breadcrumb\":{\"@id\":\"https:\/\/tuzlainfo.ba\/index.php\/bosna-i-hercegovina\/item\/298086-postavljeni-novi-radari-policija-jaca-nadzor-u-saobracaju\/#breadcrumb\"},\"inLanguage\":\"bs-BA\",\"potentialAction\":[{\"@type\":\"ReadAction\",\"target\":[\"https:\/\/tuzlainfo.ba\/index.php\/bosna-i-hercegovina\/item\/298086-postavljeni-novi-radari-policija-jaca-nadzor-u-saobracaju\/\"]}]},{\"@type\":\"ImageObject\",\"inLanguage\":\"bs-BA\",\"@id\":\"https:\/\/tuzlainfo.ba\/index.php\/bosna-i-hercegovina\/item\/298086-postavljeni-novi-radari-policija-jaca-nadzor-u-saobracaju\/#primaryimage\",\"url\":\"https:\/\/tuzlainfo.ba\/wp-content\/uploads\/2023\/10\/1610_radar.jpg\",\"contentUrl\":\"https:\/\/tuzlainfo.ba\/wp-content\/uploads\/2023\/10\/1610_radar.jpg\",\"width\":1024,\"height\":601},{\"@type\":\"BreadcrumbList\",\"@id\":\"https:\/\/tuzlainfo.ba\/index.php\/bosna-i-hercegovina\/item\/298086-postavljeni-novi-radari-policija-jaca-nadzor-u-saobracaju\/#breadcrumb\",\"itemListElement\":[{\"@type\":\"ListItem\",\"position\":1,\"name\":\"Home\",\"item\":\"https:\/\/tuzlainfo.ba\/\"},{\"@type\":\"ListItem\",\"position\":2,\"name\":\"Postavljeni novi radari, policija ja\u010da nadzor u saobra\u0107aju\"}]},{\"@type\":\"WebSite\",\"@id\":\"https:\/\/tuzlainfo.ba\/#website\",\"url\":\"https:\/\/tuzlainfo.ba\/\",\"name\":\"TuzlaInfo.ba\",\"description\":\"Tuzla info, gradski informator - Tuzla na dlanu\",\"publisher\":{\"@id\":\"https:\/\/tuzlainfo.ba\/#organization\"},\"potentialAction\":[{\"@type\":\"SearchAction\",\"target\":{\"@type\":\"EntryPoint\",\"urlTemplate\":\"https:\/\/tuzlainfo.ba\/?s={search_term_string}\"},\"query-input\":{\"@type\":\"PropertyValueSpecification\",\"valueRequired\":true,\"valueName\":\"search_term_string\"}}],\"inLanguage\":\"bs-BA\"},{\"@type\":\"Organization\",\"@id\":\"https:\/\/tuzlainfo.ba\/#organization\",\"name\":\"TuzlaInfo.ba\",\"url\":\"https:\/\/tuzlainfo.ba\/\",\"logo\":{\"@type\":\"ImageObject\",\"inLanguage\":\"bs-BA\",\"@id\":\"https:\/\/tuzlainfo.ba\/#\/schema\/logo\/image\/\",\"url\":\"https:\/\/tuzlainfo.ba\/wp-content\/uploads\/2021\/03\/logo-ver-3-1.png\",\"contentUrl\":\"https:\/\/tuzlainfo.ba\/wp-content\/uploads\/2021\/03\/logo-ver-3-1.png\",\"width\":350,\"height\":95,\"caption\":\"TuzlaInfo.ba\"},\"image\":{\"@id\":\"https:\/\/tuzlainfo.ba\/#\/schema\/logo\/image\/\"},\"sameAs\":[\"https:\/\/www.facebook.com\/tuzlainfo.ba\/\"]},{\"@type\":\"Person\",\"@id\":\"https:\/\/tuzlainfo.ba\/#\/schema\/person\/593e78a2f6378c5ba3e7600ecfa4e63a\",\"name\":\"Admin Tri\",\"image\":{\"@type\":\"ImageObject\",\"inLanguage\":\"bs-BA\",\"@id\":\"https:\/\/tuzlainfo.ba\/#\/schema\/person\/image\/\",\"url\":\"https:\/\/tuzlainfo.ba\/wp-content\/litespeed\/avatar\/b7920db4cc34a71ad12497283ad2fe3f.jpg?ver=1777100914\",\"contentUrl\":\"https:\/\/tuzlainfo.ba\/wp-content\/litespeed\/avatar\/b7920db4cc34a71ad12497283ad2fe3f.jpg?ver=1777100914\",\"caption\":\"Admin Tri\"},\"sameAs\":[\"https:\/\/tuzlainfo.ba\"]}]}<\/script>\n<!-- \/ Yoast SEO plugin. -->","yoast_head_json":{"title":"Postavljeni novi radari, policija ja\u010da nadzor u saobra\u0107aju - TuzlaInfo.ba","robots":{"index":"index","follow":"follow","max-snippet":"max-snippet:-1","max-image-preview":"max-image-preview:large","max-video-preview":"max-video-preview:-1"},"canonical":"https:\/\/tuzlainfo.ba\/index.php\/bosna-i-hercegovina\/item\/298086-postavljeni-novi-radari-policija-jaca-nadzor-u-saobracaju\/","og_locale":"bs_BA","og_type":"article","og_title":"Postavljeni novi radari, policija ja\u010da nadzor u saobra\u0107aju - TuzlaInfo.ba","og_description":"Vlada KS nastavlja projekt SPARTA i pro\u0161irenje radarskih sistema na dodatnim lokacijama u Kantonu Sarajevo,&hellip;","og_url":"https:\/\/tuzlainfo.ba\/index.php\/bosna-i-hercegovina\/item\/298086-postavljeni-novi-radari-policija-jaca-nadzor-u-saobracaju\/","og_site_name":"TuzlaInfo.ba","article_publisher":"https:\/\/www.facebook.com\/tuzlainfo.ba\/","article_published_time":"2026-03-23T15:25:25+00:00","article_modified_time":"2026-03-23T13:10:49+00:00","og_image":[{"width":1024,"height":601,"url":"https:\/\/tuzlainfo.ba\/wp-content\/uploads\/2023\/10\/1610_radar.jpg","type":"image\/jpeg"}],"author":"Admin Tri","twitter_card":"summary_large_image","twitter_misc":{"Written by":"Admin Tri","Est. reading time":"3 minute"},"schema":{"@context":"https:\/\/schema.org","@graph":[{"@type":"Article","@id":"https:\/\/tuzlainfo.ba\/index.php\/bosna-i-hercegovina\/item\/298086-postavljeni-novi-radari-policija-jaca-nadzor-u-saobracaju\/#article","isPartOf":{"@id":"https:\/\/tuzlainfo.ba\/index.php\/bosna-i-hercegovina\/item\/298086-postavljeni-novi-radari-policija-jaca-nadzor-u-saobracaju\/"},"author":{"name":"Admin Tri","@id":"https:\/\/tuzlainfo.ba\/#\/schema\/person\/593e78a2f6378c5ba3e7600ecfa4e63a"},"headline":"Postavljeni novi radari, policija ja\u010da nadzor u saobra\u0107aju","datePublished":"2026-03-23T15:25:25+00:00","dateModified":"2026-03-23T13:10:49+00:00","mainEntityOfPage":{"@id":"https:\/\/tuzlainfo.ba\/index.php\/bosna-i-hercegovina\/item\/298086-postavljeni-novi-radari-policija-jaca-nadzor-u-saobracaju\/"},"wordCount":441,"publisher":{"@id":"https:\/\/tuzlainfo.ba\/#organization"},"image":{"@id":"https:\/\/tuzlainfo.ba\/index.php\/bosna-i-hercegovina\/item\/298086-postavljeni-novi-radari-policija-jaca-nadzor-u-saobracaju\/#primaryimage"},"thumbnailUrl":"https:\/\/tuzlainfo.ba\/wp-content\/uploads\/2023\/10\/1610_radar.jpg","keywords":["Radar","saobra\u0107aj"],"articleSection":["Bosna i Hercegovina"],"inLanguage":"bs-BA"},{"@type":"WebPage","@id":"https:\/\/tuzlainfo.ba\/index.php\/bosna-i-hercegovina\/item\/298086-postavljeni-novi-radari-policija-jaca-nadzor-u-saobracaju\/","url":"https:\/\/tuzlainfo.ba\/index.php\/bosna-i-hercegovina\/item\/298086-postavljeni-novi-radari-policija-jaca-nadzor-u-saobracaju\/","name":"Postavljeni novi radari, policija ja\u010da nadzor u saobra\u0107aju - TuzlaInfo.ba","isPartOf":{"@id":"https:\/\/tuzlainfo.ba\/#website"},"primaryImageOfPage":{"@id":"https:\/\/tuzlainfo.ba\/index.php\/bosna-i-hercegovina\/item\/298086-postavljeni-novi-radari-policija-jaca-nadzor-u-saobracaju\/#primaryimage"},"image":{"@id":"https:\/\/tuzlainfo.ba\/index.php\/bosna-i-hercegovina\/item\/298086-postavljeni-novi-radari-policija-jaca-nadzor-u-saobracaju\/#primaryimage"},"thumbnailUrl":"https:\/\/tuzlainfo.ba\/wp-content\/uploads\/2023\/10\/1610_radar.jpg","datePublished":"2026-03-23T15:25:25+00:00","dateModified":"2026-03-23T13:10:49+00:00","breadcrumb":{"@id":"https:\/\/tuzlainfo.ba\/index.php\/bosna-i-hercegovina\/item\/298086-postavljeni-novi-radari-policija-jaca-nadzor-u-saobracaju\/#breadcrumb"},"inLanguage":"bs-BA","potentialAction":[{"@type":"ReadAction","target":["https:\/\/tuzlainfo.ba\/index.php\/bosna-i-hercegovina\/item\/298086-postavljeni-novi-radari-policija-jaca-nadzor-u-saobracaju\/"]}]},{"@type":"ImageObject","inLanguage":"bs-BA","@id":"https:\/\/tuzlainfo.ba\/index.php\/bosna-i-hercegovina\/item\/298086-postavljeni-novi-radari-policija-jaca-nadzor-u-saobracaju\/#primaryimage","url":"https:\/\/tuzlainfo.ba\/wp-content\/uploads\/2023\/10\/1610_radar.jpg","contentUrl":"https:\/\/tuzlainfo.ba\/wp-content\/uploads\/2023\/10\/1610_radar.jpg","width":1024,"height":601},{"@type":"BreadcrumbList","@id":"https:\/\/tuzlainfo.ba\/index.php\/bosna-i-hercegovina\/item\/298086-postavljeni-novi-radari-policija-jaca-nadzor-u-saobracaju\/#breadcrumb","itemListElement":[{"@type":"ListItem","position":1,"name":"Home","item":"https:\/\/tuzlainfo.ba\/"},{"@type":"ListItem","position":2,"name":"Postavljeni novi radari, policija ja\u010da nadzor u saobra\u0107aju"}]},{"@type":"WebSite","@id":"https:\/\/tuzlainfo.ba\/#website","url":"https:\/\/tuzlainfo.ba\/","name":"TuzlaInfo.ba","description":"Tuzla info, gradski informator - Tuzla na dlanu","publisher":{"@id":"https:\/\/tuzlainfo.ba\/#organization"},"potentialAction":[{"@type":"SearchAction","target":{"@type":"EntryPoint","urlTemplate":"https:\/\/tuzlainfo.ba\/?s={search_term_string}"},"query-input":{"@type":"PropertyValueSpecification","valueRequired":true,"valueName":"search_term_string"}}],"inLanguage":"bs-BA"},{"@type":"Organization","@id":"https:\/\/tuzlainfo.ba\/#organization","name":"TuzlaInfo.ba","url":"https:\/\/tuzlainfo.ba\/","logo":{"@type":"ImageObject","inLanguage":"bs-BA","@id":"https:\/\/tuzlainfo.ba\/#\/schema\/logo\/image\/","url":"https:\/\/tuzlainfo.ba\/wp-content\/uploads\/2021\/03\/logo-ver-3-1.png","contentUrl":"https:\/\/tuzlainfo.ba\/wp-content\/uploads\/2021\/03\/logo-ver-3-1.png","width":350,"height":95,"caption":"TuzlaInfo.ba"},"image":{"@id":"https:\/\/tuzlainfo.ba\/#\/schema\/logo\/image\/"},"sameAs":["https:\/\/www.facebook.com\/tuzlainfo.ba\/"]},{"@type":"Person","@id":"https:\/\/tuzlainfo.ba\/#\/schema\/person\/593e78a2f6378c5ba3e7600ecfa4e63a","name":"Admin Tri","image":{"@type":"ImageObject","inLanguage":"bs-BA","@id":"https:\/\/tuzlainfo.ba\/#\/schema\/person\/image\/","url":"https:\/\/tuzlainfo.ba\/wp-content\/litespeed\/avatar\/b7920db4cc34a71ad12497283ad2fe3f.jpg?ver=1777100914","contentUrl":"https:\/\/tuzlainfo.ba\/wp-content\/litespeed\/avatar\/b7920db4cc34a71ad12497283ad2fe3f.jpg?ver=1777100914","caption":"Admin Tri"},"sameAs":["https:\/\/tuzlainfo.ba"]}]}},"_links":{"self":[{"href":"https:\/\/tuzlainfo.ba\/index.php\/wp-json\/wp\/v2\/posts\/298086"}],"collection":[{"href":"https:\/\/tuzlainfo.ba\/index.php\/wp-json\/wp\/v2\/posts"}],"about":[{"href":"https:\/\/tuzlainfo.ba\/index.php\/wp-json\/wp\/v2\/types\/post"}],"author":[{"embeddable":true,"href":"https:\/\/tuzlainfo.ba\/index.php\/wp-json\/wp\/v2\/users\/8"}],"replies":[{"embeddable":true,"href":"https:\/\/tuzlainfo.ba\/index.php\/wp-json\/wp\/v2\/comments?post=298086"}],"version-history":[{"count":1,"href":"https:\/\/tuzlainfo.ba\/index.php\/wp-json\/wp\/v2\/posts\/298086\/revisions"}],"predecessor-version":[{"id":298087,"href":"https:\/\/tuzlainfo.ba\/index.php\/wp-json\/wp\/v2\/posts\/298086\/revisions\/298087"}],"wp:featuredmedia":[{"embeddable":true,"href":"https:\/\/tuzlainfo.ba\/index.php\/wp-json\/wp\/v2\/media\/219968"}],"wp:attachment":[{"href":"https:\/\/tuzlainfo.ba\/index.php\/wp-json\/wp\/v2\/media?parent=298086"}],"wp:term":[{"taxonomy":"category","embeddable":true,"href":"https:\/\/tuzlainfo.ba\/index.php\/wp-json\/wp\/v2\/categories?post=298086"},{"taxonomy":"post_tag","embeddable":true,"href":"https:\/\/tuzlainfo.ba\/index.php\/wp-json\/wp\/v2\/tags?post=298086"}],"curies":[{"name":"wp","href":"https:\/\/api.w.org\/{rel}","templated":true}]}}