{"id":298026,"date":"2026-03-23T08:50:06","date_gmt":"2026-03-23T07:50:06","guid":{"rendered":"https:\/\/tuzlainfo.ba\/?p=298026"},"modified":"2026-03-23T08:30:47","modified_gmt":"2026-03-23T07:30:47","slug":"wizz-air-iz-tuzle-ukida-popularnu-ljetnu-liniju","status":"publish","type":"post","link":"https:\/\/tuzlainfo.ba\/index.php\/novosti\/item\/298026-wizz-air-iz-tuzle-ukida-popularnu-ljetnu-liniju\/","title":{"rendered":"Wizz Air iz Tuzle ukida popularnu ljetnu liniju"},"content":{"rendered":"<p data-start=\"0\" data-end=\"175\">Aviokompanija <span class=\"hover:entity-accent entity-underline inline cursor-pointer align-baseline\"><span class=\"whitespace-normal\">Wizz Air<\/span><\/span> privremeno \u0107e obustaviti letove na relacijama Skoplje\u2013Larnaka i Tuzla\u2013Larnaka tokom ve\u0107eg dijela predstoje\u0107e ljetne sezone.<\/p>\n<p data-start=\"177\" data-end=\"581\">Letovi iz Skoplja za <span class=\"hover:entity-accent entity-underline inline cursor-pointer align-baseline\"><span class=\"whitespace-normal\">Larnaca<\/span><\/span> saobra\u0107at \u0107e do 13. aprila, nakon \u010dega \u0107e biti obustavljeni sve do 21. septembra, kada je planirano njihovo ponovno uvo\u0111enje dva puta sedmi\u010dno. S druge strane, linija Tuzla\u2013Larnaka, \u010dije je pokretanje najavljeno za 31. mart, bit \u0107e aktivna svega tri sedmice, do 18. aprila, tako\u0111er s dva leta sedmi\u010dno, nakon \u010dega slijedi pauza do 22. septembra.<\/p>\n<p data-start=\"583\" data-end=\"942\">Obje linije trebale su tokom ljeta biti realizovane avionima tipa <span class=\"hover:entity-accent entity-underline inline cursor-pointer align-baseline\"><span class=\"whitespace-normal\">Airbus A321neo<\/span><\/span>. Razlog obustave povezuje se sa smanjenim interesom putnika usljed sigurnosne situacije na Bliskom istoku, koja je utjecala i na turizam na Kipru, iako se o\u010dekuje stabilizacija potra\u017enje pred po\u010detak glavne turisti\u010dke sezone krajem aprila i po\u010detkom maja.<\/p>\n<p data-start=\"944\" data-end=\"1257\" data-is-last-node=\"\" data-is-only-node=\"\">Uprkos privremenom ukidanju ovih linija, Wizz Air planira rekordno \u0161irenje mre\u017ee letova iz Skoplja i Tuzle tokom ljeta. Tokom jula i augusta iz Skoplja je planirano vi\u0161e od 1.100 letova mjese\u010dno, dok \u0107e iz Tuzle biti realizovano oko 400 letova u tom periodu, uz zna\u010dajan rast kapaciteta u odnosu na pro\u0161lu godinu.<\/p>\n","protected":false},"excerpt":{"rendered":"<p>Aviokompanija Wizz Air privremeno \u0107e obustaviti letove na relacijama Skoplje\u2013Larnaka i Tuzla\u2013Larnaka tokom ve\u0107eg dijela&hellip;<\/p>\n","protected":false},"author":4,"featured_media":144727,"comment_status":"closed","ping_status":"closed","sticky":false,"template":"","format":"standard","meta":{"_acf_changed":false,"footnotes":""},"categories":[304,12],"tags":[42,588],"acf":[],"yoast_head":"<!-- This site is optimized with the Yoast SEO plugin v23.5 - https:\/\/yoast.com\/wordpress\/plugins\/seo\/ -->\n<title>Wizz Air iz Tuzle ukida popularnu ljetnu liniju - TuzlaInfo.ba<\/title>\n<meta name=\"robots\" content=\"index, follow, max-snippet:-1, max-image-preview:large, max-video-preview:-1\" \/>\n<link rel=\"canonical\" href=\"https:\/\/tuzlainfo.ba\/index.php\/novosti\/item\/298026-wizz-air-iz-tuzle-ukida-popularnu-ljetnu-liniju\/\" \/>\n<meta property=\"og:locale\" content=\"bs_BA\" \/>\n<meta property=\"og:type\" content=\"article\" \/>\n<meta property=\"og:title\" content=\"Wizz Air iz Tuzle ukida popularnu ljetnu liniju - TuzlaInfo.ba\" \/>\n<meta property=\"og:description\" content=\"Aviokompanija Wizz Air privremeno \u0107e obustaviti letove na relacijama Skoplje\u2013Larnaka i Tuzla\u2013Larnaka tokom ve\u0107eg dijela&hellip;\" \/>\n<meta property=\"og:url\" content=\"https:\/\/tuzlainfo.ba\/index.php\/novosti\/item\/298026-wizz-air-iz-tuzle-ukida-popularnu-ljetnu-liniju\/\" \/>\n<meta property=\"og:site_name\" content=\"TuzlaInfo.ba\" \/>\n<meta property=\"article:publisher\" content=\"https:\/\/www.facebook.com\/tuzlainfo.ba\/\" \/>\n<meta property=\"article:published_time\" content=\"2026-03-23T07:50:06+00:00\" \/>\n<meta property=\"article:modified_time\" content=\"2026-03-23T07:30:47+00:00\" \/>\n<meta property=\"og:image\" content=\"https:\/\/tuzlainfo.ba\/wp-content\/uploads\/2021\/08\/1208_wizzair1.jpg\" \/>\n\t<meta property=\"og:image:width\" content=\"1200\" \/>\n\t<meta property=\"og:image:height\" content=\"799\" \/>\n\t<meta property=\"og:image:type\" content=\"image\/jpeg\" \/>\n<meta name=\"author\" content=\"Tuzla Info\" \/>\n<meta name=\"twitter:card\" content=\"summary_large_image\" \/>\n<meta name=\"twitter:label1\" content=\"Written by\" \/>\n\t<meta name=\"twitter:data1\" content=\"Tuzla Info\" \/>\n\t<meta name=\"twitter:label2\" content=\"Est. reading time\" \/>\n\t<meta name=\"twitter:data2\" content=\"2 minute\" \/>\n<script type=\"application\/ld+json\" class=\"yoast-schema-graph\">{\"@context\":\"https:\/\/schema.org\",\"@graph\":[{\"@type\":\"Article\",\"@id\":\"https:\/\/tuzlainfo.ba\/index.php\/novosti\/item\/298026-wizz-air-iz-tuzle-ukida-popularnu-ljetnu-liniju\/#article\",\"isPartOf\":{\"@id\":\"https:\/\/tuzlainfo.ba\/index.php\/novosti\/item\/298026-wizz-air-iz-tuzle-ukida-popularnu-ljetnu-liniju\/\"},\"author\":{\"name\":\"Tuzla Info\",\"@id\":\"https:\/\/tuzlainfo.ba\/#\/schema\/person\/46cad4c57790cbc50781edd14870825a\"},\"headline\":\"Wizz Air iz Tuzle ukida popularnu ljetnu liniju\",\"datePublished\":\"2026-03-23T07:50:06+00:00\",\"dateModified\":\"2026-03-23T07:30:47+00:00\",\"mainEntityOfPage\":{\"@id\":\"https:\/\/tuzlainfo.ba\/index.php\/novosti\/item\/298026-wizz-air-iz-tuzle-ukida-popularnu-ljetnu-liniju\/\"},\"wordCount\":202,\"publisher\":{\"@id\":\"https:\/\/tuzlainfo.ba\/#organization\"},\"image\":{\"@id\":\"https:\/\/tuzlainfo.ba\/index.php\/novosti\/item\/298026-wizz-air-iz-tuzle-ukida-popularnu-ljetnu-liniju\/#primaryimage\"},\"thumbnailUrl\":\"https:\/\/tuzlainfo.ba\/wp-content\/uploads\/2021\/08\/1208_wizzair1.jpg\",\"keywords\":[\"tuzla\",\"wizz air\"],\"articleSection\":[\"Istaknuto\",\"Novosti\"],\"inLanguage\":\"bs-BA\"},{\"@type\":\"WebPage\",\"@id\":\"https:\/\/tuzlainfo.ba\/index.php\/novosti\/item\/298026-wizz-air-iz-tuzle-ukida-popularnu-ljetnu-liniju\/\",\"url\":\"https:\/\/tuzlainfo.ba\/index.php\/novosti\/item\/298026-wizz-air-iz-tuzle-ukida-popularnu-ljetnu-liniju\/\",\"name\":\"Wizz Air iz Tuzle ukida popularnu ljetnu liniju - TuzlaInfo.ba\",\"isPartOf\":{\"@id\":\"https:\/\/tuzlainfo.ba\/#website\"},\"primaryImageOfPage\":{\"@id\":\"https:\/\/tuzlainfo.ba\/index.php\/novosti\/item\/298026-wizz-air-iz-tuzle-ukida-popularnu-ljetnu-liniju\/#primaryimage\"},\"image\":{\"@id\":\"https:\/\/tuzlainfo.ba\/index.php\/novosti\/item\/298026-wizz-air-iz-tuzle-ukida-popularnu-ljetnu-liniju\/#primaryimage\"},\"thumbnailUrl\":\"https:\/\/tuzlainfo.ba\/wp-content\/uploads\/2021\/08\/1208_wizzair1.jpg\",\"datePublished\":\"2026-03-23T07:50:06+00:00\",\"dateModified\":\"2026-03-23T07:30:47+00:00\",\"breadcrumb\":{\"@id\":\"https:\/\/tuzlainfo.ba\/index.php\/novosti\/item\/298026-wizz-air-iz-tuzle-ukida-popularnu-ljetnu-liniju\/#breadcrumb\"},\"inLanguage\":\"bs-BA\",\"potentialAction\":[{\"@type\":\"ReadAction\",\"target\":[\"https:\/\/tuzlainfo.ba\/index.php\/novosti\/item\/298026-wizz-air-iz-tuzle-ukida-popularnu-ljetnu-liniju\/\"]}]},{\"@type\":\"ImageObject\",\"inLanguage\":\"bs-BA\",\"@id\":\"https:\/\/tuzlainfo.ba\/index.php\/novosti\/item\/298026-wizz-air-iz-tuzle-ukida-popularnu-ljetnu-liniju\/#primaryimage\",\"url\":\"https:\/\/tuzlainfo.ba\/wp-content\/uploads\/2021\/08\/1208_wizzair1.jpg\",\"contentUrl\":\"https:\/\/tuzlainfo.ba\/wp-content\/uploads\/2021\/08\/1208_wizzair1.jpg\",\"width\":1200,\"height\":799},{\"@type\":\"BreadcrumbList\",\"@id\":\"https:\/\/tuzlainfo.ba\/index.php\/novosti\/item\/298026-wizz-air-iz-tuzle-ukida-popularnu-ljetnu-liniju\/#breadcrumb\",\"itemListElement\":[{\"@type\":\"ListItem\",\"position\":1,\"name\":\"Home\",\"item\":\"https:\/\/tuzlainfo.ba\/\"},{\"@type\":\"ListItem\",\"position\":2,\"name\":\"Wizz Air iz Tuzle ukida popularnu ljetnu liniju\"}]},{\"@type\":\"WebSite\",\"@id\":\"https:\/\/tuzlainfo.ba\/#website\",\"url\":\"https:\/\/tuzlainfo.ba\/\",\"name\":\"TuzlaInfo.ba\",\"description\":\"Tuzla info, gradski informator - Tuzla na dlanu\",\"publisher\":{\"@id\":\"https:\/\/tuzlainfo.ba\/#organization\"},\"potentialAction\":[{\"@type\":\"SearchAction\",\"target\":{\"@type\":\"EntryPoint\",\"urlTemplate\":\"https:\/\/tuzlainfo.ba\/?s={search_term_string}\"},\"query-input\":{\"@type\":\"PropertyValueSpecification\",\"valueRequired\":true,\"valueName\":\"search_term_string\"}}],\"inLanguage\":\"bs-BA\"},{\"@type\":\"Organization\",\"@id\":\"https:\/\/tuzlainfo.ba\/#organization\",\"name\":\"TuzlaInfo.ba\",\"url\":\"https:\/\/tuzlainfo.ba\/\",\"logo\":{\"@type\":\"ImageObject\",\"inLanguage\":\"bs-BA\",\"@id\":\"https:\/\/tuzlainfo.ba\/#\/schema\/logo\/image\/\",\"url\":\"https:\/\/tuzlainfo.ba\/wp-content\/uploads\/2021\/03\/logo-ver-3-1.png\",\"contentUrl\":\"https:\/\/tuzlainfo.ba\/wp-content\/uploads\/2021\/03\/logo-ver-3-1.png\",\"width\":350,\"height\":95,\"caption\":\"TuzlaInfo.ba\"},\"image\":{\"@id\":\"https:\/\/tuzlainfo.ba\/#\/schema\/logo\/image\/\"},\"sameAs\":[\"https:\/\/www.facebook.com\/tuzlainfo.ba\/\"]},{\"@type\":\"Person\",\"@id\":\"https:\/\/tuzlainfo.ba\/#\/schema\/person\/46cad4c57790cbc50781edd14870825a\",\"name\":\"Tuzla Info\",\"image\":{\"@type\":\"ImageObject\",\"inLanguage\":\"bs-BA\",\"@id\":\"https:\/\/tuzlainfo.ba\/#\/schema\/person\/image\/\",\"url\":\"https:\/\/tuzlainfo.ba\/wp-content\/litespeed\/avatar\/b6c453a6c38e3654f2e4416c643fc25c.jpg?ver=1777051911\",\"contentUrl\":\"https:\/\/tuzlainfo.ba\/wp-content\/litespeed\/avatar\/b6c453a6c38e3654f2e4416c643fc25c.jpg?ver=1777051911\",\"caption\":\"Tuzla Info\"}}]}<\/script>\n<!-- \/ Yoast SEO plugin. -->","yoast_head_json":{"title":"Wizz Air iz Tuzle ukida popularnu ljetnu liniju - TuzlaInfo.ba","robots":{"index":"index","follow":"follow","max-snippet":"max-snippet:-1","max-image-preview":"max-image-preview:large","max-video-preview":"max-video-preview:-1"},"canonical":"https:\/\/tuzlainfo.ba\/index.php\/novosti\/item\/298026-wizz-air-iz-tuzle-ukida-popularnu-ljetnu-liniju\/","og_locale":"bs_BA","og_type":"article","og_title":"Wizz Air iz Tuzle ukida popularnu ljetnu liniju - TuzlaInfo.ba","og_description":"Aviokompanija Wizz Air privremeno \u0107e obustaviti letove na relacijama Skoplje\u2013Larnaka i Tuzla\u2013Larnaka tokom ve\u0107eg dijela&hellip;","og_url":"https:\/\/tuzlainfo.ba\/index.php\/novosti\/item\/298026-wizz-air-iz-tuzle-ukida-popularnu-ljetnu-liniju\/","og_site_name":"TuzlaInfo.ba","article_publisher":"https:\/\/www.facebook.com\/tuzlainfo.ba\/","article_published_time":"2026-03-23T07:50:06+00:00","article_modified_time":"2026-03-23T07:30:47+00:00","og_image":[{"width":1200,"height":799,"url":"https:\/\/tuzlainfo.ba\/wp-content\/uploads\/2021\/08\/1208_wizzair1.jpg","type":"image\/jpeg"}],"author":"Tuzla Info","twitter_card":"summary_large_image","twitter_misc":{"Written by":"Tuzla Info","Est. reading time":"2 minute"},"schema":{"@context":"https:\/\/schema.org","@graph":[{"@type":"Article","@id":"https:\/\/tuzlainfo.ba\/index.php\/novosti\/item\/298026-wizz-air-iz-tuzle-ukida-popularnu-ljetnu-liniju\/#article","isPartOf":{"@id":"https:\/\/tuzlainfo.ba\/index.php\/novosti\/item\/298026-wizz-air-iz-tuzle-ukida-popularnu-ljetnu-liniju\/"},"author":{"name":"Tuzla Info","@id":"https:\/\/tuzlainfo.ba\/#\/schema\/person\/46cad4c57790cbc50781edd14870825a"},"headline":"Wizz Air iz Tuzle ukida popularnu ljetnu liniju","datePublished":"2026-03-23T07:50:06+00:00","dateModified":"2026-03-23T07:30:47+00:00","mainEntityOfPage":{"@id":"https:\/\/tuzlainfo.ba\/index.php\/novosti\/item\/298026-wizz-air-iz-tuzle-ukida-popularnu-ljetnu-liniju\/"},"wordCount":202,"publisher":{"@id":"https:\/\/tuzlainfo.ba\/#organization"},"image":{"@id":"https:\/\/tuzlainfo.ba\/index.php\/novosti\/item\/298026-wizz-air-iz-tuzle-ukida-popularnu-ljetnu-liniju\/#primaryimage"},"thumbnailUrl":"https:\/\/tuzlainfo.ba\/wp-content\/uploads\/2021\/08\/1208_wizzair1.jpg","keywords":["tuzla","wizz air"],"articleSection":["Istaknuto","Novosti"],"inLanguage":"bs-BA"},{"@type":"WebPage","@id":"https:\/\/tuzlainfo.ba\/index.php\/novosti\/item\/298026-wizz-air-iz-tuzle-ukida-popularnu-ljetnu-liniju\/","url":"https:\/\/tuzlainfo.ba\/index.php\/novosti\/item\/298026-wizz-air-iz-tuzle-ukida-popularnu-ljetnu-liniju\/","name":"Wizz Air iz Tuzle ukida popularnu ljetnu liniju - TuzlaInfo.ba","isPartOf":{"@id":"https:\/\/tuzlainfo.ba\/#website"},"primaryImageOfPage":{"@id":"https:\/\/tuzlainfo.ba\/index.php\/novosti\/item\/298026-wizz-air-iz-tuzle-ukida-popularnu-ljetnu-liniju\/#primaryimage"},"image":{"@id":"https:\/\/tuzlainfo.ba\/index.php\/novosti\/item\/298026-wizz-air-iz-tuzle-ukida-popularnu-ljetnu-liniju\/#primaryimage"},"thumbnailUrl":"https:\/\/tuzlainfo.ba\/wp-content\/uploads\/2021\/08\/1208_wizzair1.jpg","datePublished":"2026-03-23T07:50:06+00:00","dateModified":"2026-03-23T07:30:47+00:00","breadcrumb":{"@id":"https:\/\/tuzlainfo.ba\/index.php\/novosti\/item\/298026-wizz-air-iz-tuzle-ukida-popularnu-ljetnu-liniju\/#breadcrumb"},"inLanguage":"bs-BA","potentialAction":[{"@type":"ReadAction","target":["https:\/\/tuzlainfo.ba\/index.php\/novosti\/item\/298026-wizz-air-iz-tuzle-ukida-popularnu-ljetnu-liniju\/"]}]},{"@type":"ImageObject","inLanguage":"bs-BA","@id":"https:\/\/tuzlainfo.ba\/index.php\/novosti\/item\/298026-wizz-air-iz-tuzle-ukida-popularnu-ljetnu-liniju\/#primaryimage","url":"https:\/\/tuzlainfo.ba\/wp-content\/uploads\/2021\/08\/1208_wizzair1.jpg","contentUrl":"https:\/\/tuzlainfo.ba\/wp-content\/uploads\/2021\/08\/1208_wizzair1.jpg","width":1200,"height":799},{"@type":"BreadcrumbList","@id":"https:\/\/tuzlainfo.ba\/index.php\/novosti\/item\/298026-wizz-air-iz-tuzle-ukida-popularnu-ljetnu-liniju\/#breadcrumb","itemListElement":[{"@type":"ListItem","position":1,"name":"Home","item":"https:\/\/tuzlainfo.ba\/"},{"@type":"ListItem","position":2,"name":"Wizz Air iz Tuzle ukida popularnu ljetnu liniju"}]},{"@type":"WebSite","@id":"https:\/\/tuzlainfo.ba\/#website","url":"https:\/\/tuzlainfo.ba\/","name":"TuzlaInfo.ba","description":"Tuzla info, gradski informator - Tuzla na dlanu","publisher":{"@id":"https:\/\/tuzlainfo.ba\/#organization"},"potentialAction":[{"@type":"SearchAction","target":{"@type":"EntryPoint","urlTemplate":"https:\/\/tuzlainfo.ba\/?s={search_term_string}"},"query-input":{"@type":"PropertyValueSpecification","valueRequired":true,"valueName":"search_term_string"}}],"inLanguage":"bs-BA"},{"@type":"Organization","@id":"https:\/\/tuzlainfo.ba\/#organization","name":"TuzlaInfo.ba","url":"https:\/\/tuzlainfo.ba\/","logo":{"@type":"ImageObject","inLanguage":"bs-BA","@id":"https:\/\/tuzlainfo.ba\/#\/schema\/logo\/image\/","url":"https:\/\/tuzlainfo.ba\/wp-content\/uploads\/2021\/03\/logo-ver-3-1.png","contentUrl":"https:\/\/tuzlainfo.ba\/wp-content\/uploads\/2021\/03\/logo-ver-3-1.png","width":350,"height":95,"caption":"TuzlaInfo.ba"},"image":{"@id":"https:\/\/tuzlainfo.ba\/#\/schema\/logo\/image\/"},"sameAs":["https:\/\/www.facebook.com\/tuzlainfo.ba\/"]},{"@type":"Person","@id":"https:\/\/tuzlainfo.ba\/#\/schema\/person\/46cad4c57790cbc50781edd14870825a","name":"Tuzla Info","image":{"@type":"ImageObject","inLanguage":"bs-BA","@id":"https:\/\/tuzlainfo.ba\/#\/schema\/person\/image\/","url":"https:\/\/tuzlainfo.ba\/wp-content\/litespeed\/avatar\/b6c453a6c38e3654f2e4416c643fc25c.jpg?ver=1777051911","contentUrl":"https:\/\/tuzlainfo.ba\/wp-content\/litespeed\/avatar\/b6c453a6c38e3654f2e4416c643fc25c.jpg?ver=1777051911","caption":"Tuzla Info"}}]}},"_links":{"self":[{"href":"https:\/\/tuzlainfo.ba\/index.php\/wp-json\/wp\/v2\/posts\/298026"}],"collection":[{"href":"https:\/\/tuzlainfo.ba\/index.php\/wp-json\/wp\/v2\/posts"}],"about":[{"href":"https:\/\/tuzlainfo.ba\/index.php\/wp-json\/wp\/v2\/types\/post"}],"author":[{"embeddable":true,"href":"https:\/\/tuzlainfo.ba\/index.php\/wp-json\/wp\/v2\/users\/4"}],"replies":[{"embeddable":true,"href":"https:\/\/tuzlainfo.ba\/index.php\/wp-json\/wp\/v2\/comments?post=298026"}],"version-history":[{"count":1,"href":"https:\/\/tuzlainfo.ba\/index.php\/wp-json\/wp\/v2\/posts\/298026\/revisions"}],"predecessor-version":[{"id":298027,"href":"https:\/\/tuzlainfo.ba\/index.php\/wp-json\/wp\/v2\/posts\/298026\/revisions\/298027"}],"wp:featuredmedia":[{"embeddable":true,"href":"https:\/\/tuzlainfo.ba\/index.php\/wp-json\/wp\/v2\/media\/144727"}],"wp:attachment":[{"href":"https:\/\/tuzlainfo.ba\/index.php\/wp-json\/wp\/v2\/media?parent=298026"}],"wp:term":[{"taxonomy":"category","embeddable":true,"href":"https:\/\/tuzlainfo.ba\/index.php\/wp-json\/wp\/v2\/categories?post=298026"},{"taxonomy":"post_tag","embeddable":true,"href":"https:\/\/tuzlainfo.ba\/index.php\/wp-json\/wp\/v2\/tags?post=298026"}],"curies":[{"name":"wp","href":"https:\/\/api.w.org\/{rel}","templated":true}]}}