{"id":298009,"date":"2026-03-22T21:34:26","date_gmt":"2026-03-22T20:34:26","guid":{"rendered":"https:\/\/tuzlainfo.ba\/?p=298009"},"modified":"2026-03-22T21:46:47","modified_gmt":"2026-03-22T20:46:47","slug":"zastupnica-marinkovic-lepic-trazi-odgovore-zasto-se-federalna-cesta-u-tuzli-gradi-godinama","status":"publish","type":"post","link":"https:\/\/tuzlainfo.ba\/index.php\/novosti\/item\/298009-zastupnica-marinkovic-lepic-trazi-odgovore-zasto-se-federalna-cesta-u-tuzli-gradi-godinama\/","title":{"rendered":"Zastupnica Marinkovi\u0107-Lepi\u0107 tra\u017ei odgovore: Za\u0161to se federalna cesta u Tuzli gradi godinama?"},"content":{"rendered":"<p data-start=\"0\" data-end=\"243\">Zastupnica Na\u0161e stranke u Predstavni\u010dkom domu Parlamenta Federacije BiH Mirjana Marinkovi\u0107-Lepi\u0107 ponovo je uputila pitanja u vezi sa zavr\u0161etkom dionice ceste Dre\u017enik \u2013 \u0160i\u0107ki Brod, isti\u010du\u0107i da ne\u0107e odustati dok javnost ne dobije jasne odgovore.<\/p>\n<p data-start=\"245\" data-end=\"444\">Kako je navela, ova tema je u fokusu njenog djelovanja jo\u0161 od po\u010detka mandata, a nakon vi\u0161e ranijih upita, ponovo je zatra\u017eila konkretne informacije o toku radova i razlozima dugogodi\u0161njeg ka\u0161njenja.<\/p>\n<p data-start=\"446\" data-end=\"711\">Prema dostavljenom odgovoru nadle\u017enih, postupak eksproprijacije zemlji\u0161ta jo\u0161 uvijek nije zavr\u0161en. Kao razlozi navode se neslaganja oko visine naknade, ali i zahtjevi vlasnika za otkup preostalih dijelova parcela, zbog \u010dega su pojedini predmeti zavr\u0161ili pred sudom.<\/p>\n<p data-start=\"713\" data-end=\"949\">Kada je rije\u010d o finansiranju projekta, iz odgovora proizilazi da \u0107e sredstva biti osigurana tek nakon okon\u010danja eksproprijacije, dok su ranije iznesene sumnje o mogu\u0107em preusmjeravanju sredstava ocijenjene kao neosnovane i tendenciozne.<\/p>\n<p data-start=\"951\" data-end=\"1150\">U odgovoru je tako\u0111er navedeno da je JP Ceste Federacije BiH nadle\u017eno za rasvjetu na ovoj dionici, te da se kvarovi redovno otklanjaju, iako, kako isti\u010de zastupnica, gra\u0111ani \u010desto svjedo\u010de suprotnom.<\/p>\n<p data-start=\"951\" data-end=\"1150\"><iframe style=\"border: none; overflow: hidden;\" src=\"https:\/\/www.facebook.com\/plugins\/post.php?href=https%3A%2F%2Fwww.facebook.com%2Fphoto.php%3Ffbid%3D1509509597849848%26set%3Da.274988727968614%26type%3D3&amp;show_text=true&amp;width=500\" width=\"500\" height=\"786\" frameborder=\"0\" scrolling=\"no\" allowfullscreen=\"allowfullscreen\"><\/iframe><\/p>\n<p data-start=\"1152\" data-end=\"1278\">Dodaje se i da \u0107e nadle\u017eni provjeriti gdje se nalazi tabla na kojoj je ranije bio istaknut rok izvo\u0111enja radova od 10 mjeseci.<\/p>\n<p data-start=\"1280\" data-end=\"1415\">Na pitanje o eventualnoj \u0161teti nastaloj dugogodi\u0161njim ka\u0161njenjem projekta za Tuzlu, Tuzlanski kanton i dr\u017eavu, odgovor nije dostavljen.<\/p>\n<p data-start=\"1417\" data-end=\"1618\">Marinkovi\u0107-Lepi\u0107 poru\u010duje da \u0107e nastaviti insistirati na odgovorima i odgovornosti nadle\u017enih, nagla\u0161avaju\u0107i da gra\u0111ani imaju pravo znati za\u0161to realizacija ovog infrastrukturnog projekta traje godinama.<strong>\/Tuzlainfo.ba\/<\/strong><\/p>\n<p data-start=\"1417\" data-end=\"1618\"><strong>VEZANI TEKST IZ 2013.:<\/strong><br \/>\n<a href=\"https:\/\/tuzlainfo.ba\/index.php\/novosti\/item\/39797-neslavan-rekord-dionica-puta-kreka-siporex-duga-871-metar-gradjena-300-dana\/\">Neslavan \u201erekord\u201c: Dionica puta Kreka-Siporex, duga 871 metar, gra\u0111ena 300 dana! &#8211; TuzlaInfo.ba<\/a><\/p>\n","protected":false},"excerpt":{"rendered":"<p>Zastupnica Na\u0161e stranke u Predstavni\u010dkom domu Parlamenta Federacije BiH Mirjana Marinkovi\u0107-Lepi\u0107 ponovo je uputila pitanja&hellip;<\/p>\n","protected":false},"author":2,"featured_media":274247,"comment_status":"closed","ping_status":"closed","sticky":false,"template":"","format":"standard","meta":{"_acf_changed":false,"footnotes":""},"categories":[304,12],"tags":[8416,6177],"acf":[],"yoast_head":"<!-- This site is optimized with the Yoast SEO plugin v23.5 - https:\/\/yoast.com\/wordpress\/plugins\/seo\/ -->\n<title>Zastupnica Marinkovi\u0107-Lepi\u0107 tra\u017ei odgovore: Za\u0161to se federalna cesta u Tuzli gradi godinama? - TuzlaInfo.ba<\/title>\n<meta name=\"robots\" content=\"index, follow, max-snippet:-1, max-image-preview:large, max-video-preview:-1\" \/>\n<link rel=\"canonical\" href=\"https:\/\/tuzlainfo.ba\/index.php\/novosti\/item\/298009-zastupnica-marinkovic-lepic-trazi-odgovore-zasto-se-federalna-cesta-u-tuzli-gradi-godinama\/\" \/>\n<meta property=\"og:locale\" content=\"bs_BA\" \/>\n<meta property=\"og:type\" content=\"article\" \/>\n<meta property=\"og:title\" content=\"Zastupnica Marinkovi\u0107-Lepi\u0107 tra\u017ei odgovore: Za\u0161to se federalna cesta u Tuzli gradi godinama? - TuzlaInfo.ba\" \/>\n<meta property=\"og:description\" content=\"Zastupnica Na\u0161e stranke u Predstavni\u010dkom domu Parlamenta Federacije BiH Mirjana Marinkovi\u0107-Lepi\u0107 ponovo je uputila pitanja&hellip;\" \/>\n<meta property=\"og:url\" content=\"https:\/\/tuzlainfo.ba\/index.php\/novosti\/item\/298009-zastupnica-marinkovic-lepic-trazi-odgovore-zasto-se-federalna-cesta-u-tuzli-gradi-godinama\/\" \/>\n<meta property=\"og:site_name\" content=\"TuzlaInfo.ba\" \/>\n<meta property=\"article:publisher\" content=\"https:\/\/www.facebook.com\/tuzlainfo.ba\/\" \/>\n<meta property=\"article:published_time\" content=\"2026-03-22T20:34:26+00:00\" \/>\n<meta property=\"article:modified_time\" content=\"2026-03-22T20:46:47+00:00\" \/>\n<meta property=\"og:image\" content=\"https:\/\/tuzlainfo.ba\/wp-content\/uploads\/2025\/07\/petlja_sicki.jpg\" \/>\n\t<meta property=\"og:image:width\" content=\"800\" \/>\n\t<meta property=\"og:image:height\" content=\"400\" \/>\n\t<meta property=\"og:image:type\" content=\"image\/jpeg\" \/>\n<meta name=\"author\" content=\"nedim\" \/>\n<meta name=\"twitter:card\" content=\"summary_large_image\" \/>\n<meta name=\"twitter:label1\" content=\"Written by\" \/>\n\t<meta name=\"twitter:data1\" content=\"nedim\" \/>\n\t<meta name=\"twitter:label2\" content=\"Est. reading time\" \/>\n\t<meta name=\"twitter:data2\" content=\"2 minute\" \/>\n<script type=\"application\/ld+json\" class=\"yoast-schema-graph\">{\"@context\":\"https:\/\/schema.org\",\"@graph\":[{\"@type\":\"Article\",\"@id\":\"https:\/\/tuzlainfo.ba\/index.php\/novosti\/item\/298009-zastupnica-marinkovic-lepic-trazi-odgovore-zasto-se-federalna-cesta-u-tuzli-gradi-godinama\/#article\",\"isPartOf\":{\"@id\":\"https:\/\/tuzlainfo.ba\/index.php\/novosti\/item\/298009-zastupnica-marinkovic-lepic-trazi-odgovore-zasto-se-federalna-cesta-u-tuzli-gradi-godinama\/\"},\"author\":{\"name\":\"nedim\",\"@id\":\"https:\/\/tuzlainfo.ba\/#\/schema\/person\/f434e20dc27ea133923aab08451b7f7f\"},\"headline\":\"Zastupnica Marinkovi\u0107-Lepi\u0107 tra\u017ei odgovore: Za\u0161to se federalna cesta u Tuzli gradi godinama?\",\"datePublished\":\"2026-03-22T20:34:26+00:00\",\"dateModified\":\"2026-03-22T20:46:47+00:00\",\"mainEntityOfPage\":{\"@id\":\"https:\/\/tuzlainfo.ba\/index.php\/novosti\/item\/298009-zastupnica-marinkovic-lepic-trazi-odgovore-zasto-se-federalna-cesta-u-tuzli-gradi-godinama\/\"},\"wordCount\":298,\"publisher\":{\"@id\":\"https:\/\/tuzlainfo.ba\/#organization\"},\"image\":{\"@id\":\"https:\/\/tuzlainfo.ba\/index.php\/novosti\/item\/298009-zastupnica-marinkovic-lepic-trazi-odgovore-zasto-se-federalna-cesta-u-tuzli-gradi-godinama\/#primaryimage\"},\"thumbnailUrl\":\"https:\/\/tuzlainfo.ba\/wp-content\/uploads\/2025\/07\/petlja_sicki.jpg\",\"keywords\":[\"JP Ceste FBiH\",\"Mirjana Marinkovi\u0107 Lepi\u0107\"],\"articleSection\":[\"Istaknuto\",\"Novosti\"],\"inLanguage\":\"bs-BA\"},{\"@type\":\"WebPage\",\"@id\":\"https:\/\/tuzlainfo.ba\/index.php\/novosti\/item\/298009-zastupnica-marinkovic-lepic-trazi-odgovore-zasto-se-federalna-cesta-u-tuzli-gradi-godinama\/\",\"url\":\"https:\/\/tuzlainfo.ba\/index.php\/novosti\/item\/298009-zastupnica-marinkovic-lepic-trazi-odgovore-zasto-se-federalna-cesta-u-tuzli-gradi-godinama\/\",\"name\":\"Zastupnica Marinkovi\u0107-Lepi\u0107 tra\u017ei odgovore: Za\u0161to se federalna cesta u Tuzli gradi godinama? - TuzlaInfo.ba\",\"isPartOf\":{\"@id\":\"https:\/\/tuzlainfo.ba\/#website\"},\"primaryImageOfPage\":{\"@id\":\"https:\/\/tuzlainfo.ba\/index.php\/novosti\/item\/298009-zastupnica-marinkovic-lepic-trazi-odgovore-zasto-se-federalna-cesta-u-tuzli-gradi-godinama\/#primaryimage\"},\"image\":{\"@id\":\"https:\/\/tuzlainfo.ba\/index.php\/novosti\/item\/298009-zastupnica-marinkovic-lepic-trazi-odgovore-zasto-se-federalna-cesta-u-tuzli-gradi-godinama\/#primaryimage\"},\"thumbnailUrl\":\"https:\/\/tuzlainfo.ba\/wp-content\/uploads\/2025\/07\/petlja_sicki.jpg\",\"datePublished\":\"2026-03-22T20:34:26+00:00\",\"dateModified\":\"2026-03-22T20:46:47+00:00\",\"breadcrumb\":{\"@id\":\"https:\/\/tuzlainfo.ba\/index.php\/novosti\/item\/298009-zastupnica-marinkovic-lepic-trazi-odgovore-zasto-se-federalna-cesta-u-tuzli-gradi-godinama\/#breadcrumb\"},\"inLanguage\":\"bs-BA\",\"potentialAction\":[{\"@type\":\"ReadAction\",\"target\":[\"https:\/\/tuzlainfo.ba\/index.php\/novosti\/item\/298009-zastupnica-marinkovic-lepic-trazi-odgovore-zasto-se-federalna-cesta-u-tuzli-gradi-godinama\/\"]}]},{\"@type\":\"ImageObject\",\"inLanguage\":\"bs-BA\",\"@id\":\"https:\/\/tuzlainfo.ba\/index.php\/novosti\/item\/298009-zastupnica-marinkovic-lepic-trazi-odgovore-zasto-se-federalna-cesta-u-tuzli-gradi-godinama\/#primaryimage\",\"url\":\"https:\/\/tuzlainfo.ba\/wp-content\/uploads\/2025\/07\/petlja_sicki.jpg\",\"contentUrl\":\"https:\/\/tuzlainfo.ba\/wp-content\/uploads\/2025\/07\/petlja_sicki.jpg\",\"width\":800,\"height\":400},{\"@type\":\"BreadcrumbList\",\"@id\":\"https:\/\/tuzlainfo.ba\/index.php\/novosti\/item\/298009-zastupnica-marinkovic-lepic-trazi-odgovore-zasto-se-federalna-cesta-u-tuzli-gradi-godinama\/#breadcrumb\",\"itemListElement\":[{\"@type\":\"ListItem\",\"position\":1,\"name\":\"Home\",\"item\":\"https:\/\/tuzlainfo.ba\/\"},{\"@type\":\"ListItem\",\"position\":2,\"name\":\"Zastupnica Marinkovi\u0107-Lepi\u0107 tra\u017ei odgovore: Za\u0161to se federalna cesta u Tuzli gradi godinama?\"}]},{\"@type\":\"WebSite\",\"@id\":\"https:\/\/tuzlainfo.ba\/#website\",\"url\":\"https:\/\/tuzlainfo.ba\/\",\"name\":\"TuzlaInfo.ba\",\"description\":\"Tuzla info, gradski informator - Tuzla na dlanu\",\"publisher\":{\"@id\":\"https:\/\/tuzlainfo.ba\/#organization\"},\"potentialAction\":[{\"@type\":\"SearchAction\",\"target\":{\"@type\":\"EntryPoint\",\"urlTemplate\":\"https:\/\/tuzlainfo.ba\/?s={search_term_string}\"},\"query-input\":{\"@type\":\"PropertyValueSpecification\",\"valueRequired\":true,\"valueName\":\"search_term_string\"}}],\"inLanguage\":\"bs-BA\"},{\"@type\":\"Organization\",\"@id\":\"https:\/\/tuzlainfo.ba\/#organization\",\"name\":\"TuzlaInfo.ba\",\"url\":\"https:\/\/tuzlainfo.ba\/\",\"logo\":{\"@type\":\"ImageObject\",\"inLanguage\":\"bs-BA\",\"@id\":\"https:\/\/tuzlainfo.ba\/#\/schema\/logo\/image\/\",\"url\":\"https:\/\/tuzlainfo.ba\/wp-content\/uploads\/2021\/03\/logo-ver-3-1.png\",\"contentUrl\":\"https:\/\/tuzlainfo.ba\/wp-content\/uploads\/2021\/03\/logo-ver-3-1.png\",\"width\":350,\"height\":95,\"caption\":\"TuzlaInfo.ba\"},\"image\":{\"@id\":\"https:\/\/tuzlainfo.ba\/#\/schema\/logo\/image\/\"},\"sameAs\":[\"https:\/\/www.facebook.com\/tuzlainfo.ba\/\"]},{\"@type\":\"Person\",\"@id\":\"https:\/\/tuzlainfo.ba\/#\/schema\/person\/f434e20dc27ea133923aab08451b7f7f\",\"name\":\"nedim\",\"image\":{\"@type\":\"ImageObject\",\"inLanguage\":\"bs-BA\",\"@id\":\"https:\/\/tuzlainfo.ba\/#\/schema\/person\/image\/\",\"url\":\"https:\/\/tuzlainfo.ba\/wp-content\/litespeed\/avatar\/aabad687af24844af817603ac1cbdc4f.jpg?ver=1776702173\",\"contentUrl\":\"https:\/\/tuzlainfo.ba\/wp-content\/litespeed\/avatar\/aabad687af24844af817603ac1cbdc4f.jpg?ver=1776702173\",\"caption\":\"nedim\"},\"description\":\"Tuzlainfo.ba pratite na dru\u0161tvenim mre\u017eama: Facebook, Instagram i Youtube. Svoje pri\u010de, upite i fotografije \u0161aljite na na\u0161u e-mail adresu.\"}]}<\/script>\n<!-- \/ Yoast SEO plugin. -->","yoast_head_json":{"title":"Zastupnica Marinkovi\u0107-Lepi\u0107 tra\u017ei odgovore: Za\u0161to se federalna cesta u Tuzli gradi godinama? - TuzlaInfo.ba","robots":{"index":"index","follow":"follow","max-snippet":"max-snippet:-1","max-image-preview":"max-image-preview:large","max-video-preview":"max-video-preview:-1"},"canonical":"https:\/\/tuzlainfo.ba\/index.php\/novosti\/item\/298009-zastupnica-marinkovic-lepic-trazi-odgovore-zasto-se-federalna-cesta-u-tuzli-gradi-godinama\/","og_locale":"bs_BA","og_type":"article","og_title":"Zastupnica Marinkovi\u0107-Lepi\u0107 tra\u017ei odgovore: Za\u0161to se federalna cesta u Tuzli gradi godinama? - TuzlaInfo.ba","og_description":"Zastupnica Na\u0161e stranke u Predstavni\u010dkom domu Parlamenta Federacije BiH Mirjana Marinkovi\u0107-Lepi\u0107 ponovo je uputila pitanja&hellip;","og_url":"https:\/\/tuzlainfo.ba\/index.php\/novosti\/item\/298009-zastupnica-marinkovic-lepic-trazi-odgovore-zasto-se-federalna-cesta-u-tuzli-gradi-godinama\/","og_site_name":"TuzlaInfo.ba","article_publisher":"https:\/\/www.facebook.com\/tuzlainfo.ba\/","article_published_time":"2026-03-22T20:34:26+00:00","article_modified_time":"2026-03-22T20:46:47+00:00","og_image":[{"width":800,"height":400,"url":"https:\/\/tuzlainfo.ba\/wp-content\/uploads\/2025\/07\/petlja_sicki.jpg","type":"image\/jpeg"}],"author":"nedim","twitter_card":"summary_large_image","twitter_misc":{"Written by":"nedim","Est. reading time":"2 minute"},"schema":{"@context":"https:\/\/schema.org","@graph":[{"@type":"Article","@id":"https:\/\/tuzlainfo.ba\/index.php\/novosti\/item\/298009-zastupnica-marinkovic-lepic-trazi-odgovore-zasto-se-federalna-cesta-u-tuzli-gradi-godinama\/#article","isPartOf":{"@id":"https:\/\/tuzlainfo.ba\/index.php\/novosti\/item\/298009-zastupnica-marinkovic-lepic-trazi-odgovore-zasto-se-federalna-cesta-u-tuzli-gradi-godinama\/"},"author":{"name":"nedim","@id":"https:\/\/tuzlainfo.ba\/#\/schema\/person\/f434e20dc27ea133923aab08451b7f7f"},"headline":"Zastupnica Marinkovi\u0107-Lepi\u0107 tra\u017ei odgovore: Za\u0161to se federalna cesta u Tuzli gradi godinama?","datePublished":"2026-03-22T20:34:26+00:00","dateModified":"2026-03-22T20:46:47+00:00","mainEntityOfPage":{"@id":"https:\/\/tuzlainfo.ba\/index.php\/novosti\/item\/298009-zastupnica-marinkovic-lepic-trazi-odgovore-zasto-se-federalna-cesta-u-tuzli-gradi-godinama\/"},"wordCount":298,"publisher":{"@id":"https:\/\/tuzlainfo.ba\/#organization"},"image":{"@id":"https:\/\/tuzlainfo.ba\/index.php\/novosti\/item\/298009-zastupnica-marinkovic-lepic-trazi-odgovore-zasto-se-federalna-cesta-u-tuzli-gradi-godinama\/#primaryimage"},"thumbnailUrl":"https:\/\/tuzlainfo.ba\/wp-content\/uploads\/2025\/07\/petlja_sicki.jpg","keywords":["JP Ceste FBiH","Mirjana Marinkovi\u0107 Lepi\u0107"],"articleSection":["Istaknuto","Novosti"],"inLanguage":"bs-BA"},{"@type":"WebPage","@id":"https:\/\/tuzlainfo.ba\/index.php\/novosti\/item\/298009-zastupnica-marinkovic-lepic-trazi-odgovore-zasto-se-federalna-cesta-u-tuzli-gradi-godinama\/","url":"https:\/\/tuzlainfo.ba\/index.php\/novosti\/item\/298009-zastupnica-marinkovic-lepic-trazi-odgovore-zasto-se-federalna-cesta-u-tuzli-gradi-godinama\/","name":"Zastupnica Marinkovi\u0107-Lepi\u0107 tra\u017ei odgovore: Za\u0161to se federalna cesta u Tuzli gradi godinama? - TuzlaInfo.ba","isPartOf":{"@id":"https:\/\/tuzlainfo.ba\/#website"},"primaryImageOfPage":{"@id":"https:\/\/tuzlainfo.ba\/index.php\/novosti\/item\/298009-zastupnica-marinkovic-lepic-trazi-odgovore-zasto-se-federalna-cesta-u-tuzli-gradi-godinama\/#primaryimage"},"image":{"@id":"https:\/\/tuzlainfo.ba\/index.php\/novosti\/item\/298009-zastupnica-marinkovic-lepic-trazi-odgovore-zasto-se-federalna-cesta-u-tuzli-gradi-godinama\/#primaryimage"},"thumbnailUrl":"https:\/\/tuzlainfo.ba\/wp-content\/uploads\/2025\/07\/petlja_sicki.jpg","datePublished":"2026-03-22T20:34:26+00:00","dateModified":"2026-03-22T20:46:47+00:00","breadcrumb":{"@id":"https:\/\/tuzlainfo.ba\/index.php\/novosti\/item\/298009-zastupnica-marinkovic-lepic-trazi-odgovore-zasto-se-federalna-cesta-u-tuzli-gradi-godinama\/#breadcrumb"},"inLanguage":"bs-BA","potentialAction":[{"@type":"ReadAction","target":["https:\/\/tuzlainfo.ba\/index.php\/novosti\/item\/298009-zastupnica-marinkovic-lepic-trazi-odgovore-zasto-se-federalna-cesta-u-tuzli-gradi-godinama\/"]}]},{"@type":"ImageObject","inLanguage":"bs-BA","@id":"https:\/\/tuzlainfo.ba\/index.php\/novosti\/item\/298009-zastupnica-marinkovic-lepic-trazi-odgovore-zasto-se-federalna-cesta-u-tuzli-gradi-godinama\/#primaryimage","url":"https:\/\/tuzlainfo.ba\/wp-content\/uploads\/2025\/07\/petlja_sicki.jpg","contentUrl":"https:\/\/tuzlainfo.ba\/wp-content\/uploads\/2025\/07\/petlja_sicki.jpg","width":800,"height":400},{"@type":"BreadcrumbList","@id":"https:\/\/tuzlainfo.ba\/index.php\/novosti\/item\/298009-zastupnica-marinkovic-lepic-trazi-odgovore-zasto-se-federalna-cesta-u-tuzli-gradi-godinama\/#breadcrumb","itemListElement":[{"@type":"ListItem","position":1,"name":"Home","item":"https:\/\/tuzlainfo.ba\/"},{"@type":"ListItem","position":2,"name":"Zastupnica Marinkovi\u0107-Lepi\u0107 tra\u017ei odgovore: Za\u0161to se federalna cesta u Tuzli gradi godinama?"}]},{"@type":"WebSite","@id":"https:\/\/tuzlainfo.ba\/#website","url":"https:\/\/tuzlainfo.ba\/","name":"TuzlaInfo.ba","description":"Tuzla info, gradski informator - Tuzla na dlanu","publisher":{"@id":"https:\/\/tuzlainfo.ba\/#organization"},"potentialAction":[{"@type":"SearchAction","target":{"@type":"EntryPoint","urlTemplate":"https:\/\/tuzlainfo.ba\/?s={search_term_string}"},"query-input":{"@type":"PropertyValueSpecification","valueRequired":true,"valueName":"search_term_string"}}],"inLanguage":"bs-BA"},{"@type":"Organization","@id":"https:\/\/tuzlainfo.ba\/#organization","name":"TuzlaInfo.ba","url":"https:\/\/tuzlainfo.ba\/","logo":{"@type":"ImageObject","inLanguage":"bs-BA","@id":"https:\/\/tuzlainfo.ba\/#\/schema\/logo\/image\/","url":"https:\/\/tuzlainfo.ba\/wp-content\/uploads\/2021\/03\/logo-ver-3-1.png","contentUrl":"https:\/\/tuzlainfo.ba\/wp-content\/uploads\/2021\/03\/logo-ver-3-1.png","width":350,"height":95,"caption":"TuzlaInfo.ba"},"image":{"@id":"https:\/\/tuzlainfo.ba\/#\/schema\/logo\/image\/"},"sameAs":["https:\/\/www.facebook.com\/tuzlainfo.ba\/"]},{"@type":"Person","@id":"https:\/\/tuzlainfo.ba\/#\/schema\/person\/f434e20dc27ea133923aab08451b7f7f","name":"nedim","image":{"@type":"ImageObject","inLanguage":"bs-BA","@id":"https:\/\/tuzlainfo.ba\/#\/schema\/person\/image\/","url":"https:\/\/tuzlainfo.ba\/wp-content\/litespeed\/avatar\/aabad687af24844af817603ac1cbdc4f.jpg?ver=1776702173","contentUrl":"https:\/\/tuzlainfo.ba\/wp-content\/litespeed\/avatar\/aabad687af24844af817603ac1cbdc4f.jpg?ver=1776702173","caption":"nedim"},"description":"Tuzlainfo.ba pratite na dru\u0161tvenim mre\u017eama: Facebook, Instagram i Youtube. Svoje pri\u010de, upite i fotografije \u0161aljite na na\u0161u e-mail adresu."}]}},"_links":{"self":[{"href":"https:\/\/tuzlainfo.ba\/index.php\/wp-json\/wp\/v2\/posts\/298009"}],"collection":[{"href":"https:\/\/tuzlainfo.ba\/index.php\/wp-json\/wp\/v2\/posts"}],"about":[{"href":"https:\/\/tuzlainfo.ba\/index.php\/wp-json\/wp\/v2\/types\/post"}],"author":[{"embeddable":true,"href":"https:\/\/tuzlainfo.ba\/index.php\/wp-json\/wp\/v2\/users\/2"}],"replies":[{"embeddable":true,"href":"https:\/\/tuzlainfo.ba\/index.php\/wp-json\/wp\/v2\/comments?post=298009"}],"version-history":[{"count":3,"href":"https:\/\/tuzlainfo.ba\/index.php\/wp-json\/wp\/v2\/posts\/298009\/revisions"}],"predecessor-version":[{"id":298012,"href":"https:\/\/tuzlainfo.ba\/index.php\/wp-json\/wp\/v2\/posts\/298009\/revisions\/298012"}],"wp:featuredmedia":[{"embeddable":true,"href":"https:\/\/tuzlainfo.ba\/index.php\/wp-json\/wp\/v2\/media\/274247"}],"wp:attachment":[{"href":"https:\/\/tuzlainfo.ba\/index.php\/wp-json\/wp\/v2\/media?parent=298009"}],"wp:term":[{"taxonomy":"category","embeddable":true,"href":"https:\/\/tuzlainfo.ba\/index.php\/wp-json\/wp\/v2\/categories?post=298009"},{"taxonomy":"post_tag","embeddable":true,"href":"https:\/\/tuzlainfo.ba\/index.php\/wp-json\/wp\/v2\/tags?post=298009"}],"curies":[{"name":"wp","href":"https:\/\/api.w.org\/{rel}","templated":true}]}}