{"id":297971,"date":"2026-03-22T16:48:30","date_gmt":"2026-03-22T15:48:30","guid":{"rendered":"https:\/\/tuzlainfo.ba\/?p=297971"},"modified":"2026-03-22T16:48:30","modified_gmt":"2026-03-22T15:48:30","slug":"mladi-tuzle-obiljezili-22-godine-rada-dodijeljene-nagrade-i-priznanja","status":"publish","type":"post","link":"https:\/\/tuzlainfo.ba\/index.php\/novosti\/item\/297971-mladi-tuzle-obiljezili-22-godine-rada-dodijeljene-nagrade-i-priznanja\/","title":{"rendered":"Mladi Tuzle obilje\u017eili 22 godine rada: Dodijeljene nagrade i priznanja"},"content":{"rendered":"<p data-start=\"0\" data-end=\"235\">Godi\u0161nja priznanja i nagrade Pozori\u0161ta mladih Tuzle za 2025. godinu, dodijeljena su sino\u0107 u okviru centralne sve\u010danosti obilje\u017eavanja 22. ro\u0111endana Mladih Tuzle, koja je odr\u017eana na sceni Bosanskog kulturnog centra Tuzlanskog kantona.<\/p>\n<p data-start=\"237\" data-end=\"434\">Priznanja su dodijeljena na osnovu glasova \u010dlanova, roditelja i publike, a nagrade su uru\u010dili predsjednica Udru\u017eenja \u201eMladi Tuzle\u201c Amila Be\u0161irovi\u0107 i predsjednik Pozori\u0161ta mladih Tuzle Adnan Mujki\u0107.<\/p>\n<p data-start=\"436\" data-end=\"585\">Za najaktivniju \u010dlanicu u 2025. godini progla\u0161ena je Iris Stuhli, dok su titulu najaktivnijih \u010dlanova ponijeli Mahir Smajilbegovi\u0107 i Vedad Naimkadi\u0107.<\/p>\n<p data-start=\"587\" data-end=\"859\">Nagrada za najbolju \u017eensku ulogu pripala je Melisi Smaji\u0107 za ulogu Amine u predstavi \u201eZagrli nekoga\u201c, dok su priznanja za najbolju mu\u0161ku ulogu osvojili Adi Atli\u0107 za ulogu Napoleona u predstavi \u201eSretan ro\u0111endan\u201c i Tarik Salkanovi\u0107 za ulogu Dje\u010daka Ljube u predstavi \u201eRode\u201c.<\/p>\n<p data-start=\"861\" data-end=\"1007\">Kolektivna gluma\u010dka nagrada dodijeljena je ekipi predstave \u201eRode\u201c, dok je nagrada za najaktivnije roditelje pripala Vije\u0107u roditelja Mladih Tuzle.<\/p>\n<p data-start=\"1009\" data-end=\"1201\">Zahvalnice za poseban doprinos kroz rad u Vije\u0107u roditelja dobili su Hanifa Selamovi\u0107, Dragana Buli\u0107, Emina Ajdasli\u0107 \u0160ehovi\u0107, Emina Husejnovi\u0107, Maja H. Ja\u0161aragi\u0107 Suljanovi\u0107 i Admir Arnautovi\u0107.<\/p>\n<p data-start=\"1203\" data-end=\"1451\">Specijalno godi\u0161nje priznanje za doprinos razvoju Mladih Tuzle dodijeljeno je organizaciji Aachener Netzwerk f\u00fcr humanit\u00e4re Hilfe und interkulturelle Friedensarbeit, dok je posebno priznanje za doprinos razvoju dramskog odgoja uru\u010deno Seadu \u0110uli\u0107u.<\/p>\n<p data-start=\"1453\" data-end=\"1701\">Sve\u010danost je okupila veliki broj \u010dlanova, roditelja i prijatelja ovog tuzlanskog kolektiva, a doga\u0111aj je dodatno oboga\u0107en direktnim prijenosom putem YouTube kanala.<strong>\/Tuzlainfo.ba\/<\/strong><\/p>\n","protected":false},"excerpt":{"rendered":"<p>Godi\u0161nja priznanja i nagrade Pozori\u0161ta mladih Tuzle za 2025. godinu, dodijeljena su sino\u0107 u okviru&hellip;<\/p>\n","protected":false},"author":2,"featured_media":297972,"comment_status":"closed","ping_status":"closed","sticky":false,"template":"","format":"standard","meta":{"_acf_changed":false,"footnotes":""},"categories":[304,12],"tags":[514],"acf":[],"yoast_head":"<!-- This site is optimized with the Yoast SEO plugin v23.5 - https:\/\/yoast.com\/wordpress\/plugins\/seo\/ -->\n<title>Mladi Tuzle obilje\u017eili 22 godine rada: Dodijeljene nagrade i priznanja - TuzlaInfo.ba<\/title>\n<meta name=\"robots\" content=\"index, follow, max-snippet:-1, max-image-preview:large, max-video-preview:-1\" \/>\n<link rel=\"canonical\" href=\"https:\/\/tuzlainfo.ba\/index.php\/novosti\/item\/297971-mladi-tuzle-obiljezili-22-godine-rada-dodijeljene-nagrade-i-priznanja\/\" \/>\n<meta property=\"og:locale\" content=\"bs_BA\" \/>\n<meta property=\"og:type\" content=\"article\" \/>\n<meta property=\"og:title\" content=\"Mladi Tuzle obilje\u017eili 22 godine rada: Dodijeljene nagrade i priznanja - TuzlaInfo.ba\" \/>\n<meta property=\"og:description\" content=\"Godi\u0161nja priznanja i nagrade Pozori\u0161ta mladih Tuzle za 2025. godinu, dodijeljena su sino\u0107 u okviru&hellip;\" \/>\n<meta property=\"og:url\" content=\"https:\/\/tuzlainfo.ba\/index.php\/novosti\/item\/297971-mladi-tuzle-obiljezili-22-godine-rada-dodijeljene-nagrade-i-priznanja\/\" \/>\n<meta property=\"og:site_name\" content=\"TuzlaInfo.ba\" \/>\n<meta property=\"article:publisher\" content=\"https:\/\/www.facebook.com\/tuzlainfo.ba\/\" \/>\n<meta property=\"article:published_time\" content=\"2026-03-22T15:48:30+00:00\" \/>\n<meta property=\"og:image\" content=\"https:\/\/tuzlainfo.ba\/wp-content\/uploads\/2026\/03\/2203_mladi_tuzle.jpg\" \/>\n\t<meta property=\"og:image:width\" content=\"1000\" \/>\n\t<meta property=\"og:image:height\" content=\"666\" \/>\n\t<meta property=\"og:image:type\" content=\"image\/jpeg\" \/>\n<meta name=\"author\" content=\"nedim\" \/>\n<meta name=\"twitter:card\" content=\"summary_large_image\" \/>\n<meta name=\"twitter:label1\" content=\"Written by\" \/>\n\t<meta name=\"twitter:data1\" content=\"nedim\" \/>\n\t<meta name=\"twitter:label2\" content=\"Est. reading time\" \/>\n\t<meta name=\"twitter:data2\" content=\"2 minute\" \/>\n<script type=\"application\/ld+json\" class=\"yoast-schema-graph\">{\"@context\":\"https:\/\/schema.org\",\"@graph\":[{\"@type\":\"Article\",\"@id\":\"https:\/\/tuzlainfo.ba\/index.php\/novosti\/item\/297971-mladi-tuzle-obiljezili-22-godine-rada-dodijeljene-nagrade-i-priznanja\/#article\",\"isPartOf\":{\"@id\":\"https:\/\/tuzlainfo.ba\/index.php\/novosti\/item\/297971-mladi-tuzle-obiljezili-22-godine-rada-dodijeljene-nagrade-i-priznanja\/\"},\"author\":{\"name\":\"nedim\",\"@id\":\"https:\/\/tuzlainfo.ba\/#\/schema\/person\/f434e20dc27ea133923aab08451b7f7f\"},\"headline\":\"Mladi Tuzle obilje\u017eili 22 godine rada: Dodijeljene nagrade i priznanja\",\"datePublished\":\"2026-03-22T15:48:30+00:00\",\"dateModified\":\"2026-03-22T15:48:30+00:00\",\"mainEntityOfPage\":{\"@id\":\"https:\/\/tuzlainfo.ba\/index.php\/novosti\/item\/297971-mladi-tuzle-obiljezili-22-godine-rada-dodijeljene-nagrade-i-priznanja\/\"},\"wordCount\":257,\"publisher\":{\"@id\":\"https:\/\/tuzlainfo.ba\/#organization\"},\"image\":{\"@id\":\"https:\/\/tuzlainfo.ba\/index.php\/novosti\/item\/297971-mladi-tuzle-obiljezili-22-godine-rada-dodijeljene-nagrade-i-priznanja\/#primaryimage\"},\"thumbnailUrl\":\"https:\/\/tuzlainfo.ba\/wp-content\/uploads\/2026\/03\/2203_mladi_tuzle.jpg\",\"keywords\":[\"mladi tuzle\"],\"articleSection\":[\"Istaknuto\",\"Novosti\"],\"inLanguage\":\"bs-BA\"},{\"@type\":\"WebPage\",\"@id\":\"https:\/\/tuzlainfo.ba\/index.php\/novosti\/item\/297971-mladi-tuzle-obiljezili-22-godine-rada-dodijeljene-nagrade-i-priznanja\/\",\"url\":\"https:\/\/tuzlainfo.ba\/index.php\/novosti\/item\/297971-mladi-tuzle-obiljezili-22-godine-rada-dodijeljene-nagrade-i-priznanja\/\",\"name\":\"Mladi Tuzle obilje\u017eili 22 godine rada: Dodijeljene nagrade i priznanja - TuzlaInfo.ba\",\"isPartOf\":{\"@id\":\"https:\/\/tuzlainfo.ba\/#website\"},\"primaryImageOfPage\":{\"@id\":\"https:\/\/tuzlainfo.ba\/index.php\/novosti\/item\/297971-mladi-tuzle-obiljezili-22-godine-rada-dodijeljene-nagrade-i-priznanja\/#primaryimage\"},\"image\":{\"@id\":\"https:\/\/tuzlainfo.ba\/index.php\/novosti\/item\/297971-mladi-tuzle-obiljezili-22-godine-rada-dodijeljene-nagrade-i-priznanja\/#primaryimage\"},\"thumbnailUrl\":\"https:\/\/tuzlainfo.ba\/wp-content\/uploads\/2026\/03\/2203_mladi_tuzle.jpg\",\"datePublished\":\"2026-03-22T15:48:30+00:00\",\"dateModified\":\"2026-03-22T15:48:30+00:00\",\"breadcrumb\":{\"@id\":\"https:\/\/tuzlainfo.ba\/index.php\/novosti\/item\/297971-mladi-tuzle-obiljezili-22-godine-rada-dodijeljene-nagrade-i-priznanja\/#breadcrumb\"},\"inLanguage\":\"bs-BA\",\"potentialAction\":[{\"@type\":\"ReadAction\",\"target\":[\"https:\/\/tuzlainfo.ba\/index.php\/novosti\/item\/297971-mladi-tuzle-obiljezili-22-godine-rada-dodijeljene-nagrade-i-priznanja\/\"]}]},{\"@type\":\"ImageObject\",\"inLanguage\":\"bs-BA\",\"@id\":\"https:\/\/tuzlainfo.ba\/index.php\/novosti\/item\/297971-mladi-tuzle-obiljezili-22-godine-rada-dodijeljene-nagrade-i-priznanja\/#primaryimage\",\"url\":\"https:\/\/tuzlainfo.ba\/wp-content\/uploads\/2026\/03\/2203_mladi_tuzle.jpg\",\"contentUrl\":\"https:\/\/tuzlainfo.ba\/wp-content\/uploads\/2026\/03\/2203_mladi_tuzle.jpg\",\"width\":1000,\"height\":666},{\"@type\":\"BreadcrumbList\",\"@id\":\"https:\/\/tuzlainfo.ba\/index.php\/novosti\/item\/297971-mladi-tuzle-obiljezili-22-godine-rada-dodijeljene-nagrade-i-priznanja\/#breadcrumb\",\"itemListElement\":[{\"@type\":\"ListItem\",\"position\":1,\"name\":\"Home\",\"item\":\"https:\/\/tuzlainfo.ba\/\"},{\"@type\":\"ListItem\",\"position\":2,\"name\":\"Mladi Tuzle obilje\u017eili 22 godine rada: Dodijeljene nagrade i priznanja\"}]},{\"@type\":\"WebSite\",\"@id\":\"https:\/\/tuzlainfo.ba\/#website\",\"url\":\"https:\/\/tuzlainfo.ba\/\",\"name\":\"TuzlaInfo.ba\",\"description\":\"Tuzla info, gradski informator - Tuzla na dlanu\",\"publisher\":{\"@id\":\"https:\/\/tuzlainfo.ba\/#organization\"},\"potentialAction\":[{\"@type\":\"SearchAction\",\"target\":{\"@type\":\"EntryPoint\",\"urlTemplate\":\"https:\/\/tuzlainfo.ba\/?s={search_term_string}\"},\"query-input\":{\"@type\":\"PropertyValueSpecification\",\"valueRequired\":true,\"valueName\":\"search_term_string\"}}],\"inLanguage\":\"bs-BA\"},{\"@type\":\"Organization\",\"@id\":\"https:\/\/tuzlainfo.ba\/#organization\",\"name\":\"TuzlaInfo.ba\",\"url\":\"https:\/\/tuzlainfo.ba\/\",\"logo\":{\"@type\":\"ImageObject\",\"inLanguage\":\"bs-BA\",\"@id\":\"https:\/\/tuzlainfo.ba\/#\/schema\/logo\/image\/\",\"url\":\"https:\/\/tuzlainfo.ba\/wp-content\/uploads\/2021\/03\/logo-ver-3-1.png\",\"contentUrl\":\"https:\/\/tuzlainfo.ba\/wp-content\/uploads\/2021\/03\/logo-ver-3-1.png\",\"width\":350,\"height\":95,\"caption\":\"TuzlaInfo.ba\"},\"image\":{\"@id\":\"https:\/\/tuzlainfo.ba\/#\/schema\/logo\/image\/\"},\"sameAs\":[\"https:\/\/www.facebook.com\/tuzlainfo.ba\/\"]},{\"@type\":\"Person\",\"@id\":\"https:\/\/tuzlainfo.ba\/#\/schema\/person\/f434e20dc27ea133923aab08451b7f7f\",\"name\":\"nedim\",\"image\":{\"@type\":\"ImageObject\",\"inLanguage\":\"bs-BA\",\"@id\":\"https:\/\/tuzlainfo.ba\/#\/schema\/person\/image\/\",\"url\":\"https:\/\/tuzlainfo.ba\/wp-content\/litespeed\/avatar\/aabad687af24844af817603ac1cbdc4f.jpg?ver=1777306975\",\"contentUrl\":\"https:\/\/tuzlainfo.ba\/wp-content\/litespeed\/avatar\/aabad687af24844af817603ac1cbdc4f.jpg?ver=1777306975\",\"caption\":\"nedim\"},\"description\":\"Tuzlainfo.ba pratite na dru\u0161tvenim mre\u017eama: Facebook, Instagram i Youtube. Svoje pri\u010de, upite i fotografije \u0161aljite na na\u0161u e-mail adresu.\"}]}<\/script>\n<!-- \/ Yoast SEO plugin. -->","yoast_head_json":{"title":"Mladi Tuzle obilje\u017eili 22 godine rada: Dodijeljene nagrade i priznanja - TuzlaInfo.ba","robots":{"index":"index","follow":"follow","max-snippet":"max-snippet:-1","max-image-preview":"max-image-preview:large","max-video-preview":"max-video-preview:-1"},"canonical":"https:\/\/tuzlainfo.ba\/index.php\/novosti\/item\/297971-mladi-tuzle-obiljezili-22-godine-rada-dodijeljene-nagrade-i-priznanja\/","og_locale":"bs_BA","og_type":"article","og_title":"Mladi Tuzle obilje\u017eili 22 godine rada: Dodijeljene nagrade i priznanja - TuzlaInfo.ba","og_description":"Godi\u0161nja priznanja i nagrade Pozori\u0161ta mladih Tuzle za 2025. godinu, dodijeljena su sino\u0107 u okviru&hellip;","og_url":"https:\/\/tuzlainfo.ba\/index.php\/novosti\/item\/297971-mladi-tuzle-obiljezili-22-godine-rada-dodijeljene-nagrade-i-priznanja\/","og_site_name":"TuzlaInfo.ba","article_publisher":"https:\/\/www.facebook.com\/tuzlainfo.ba\/","article_published_time":"2026-03-22T15:48:30+00:00","og_image":[{"width":1000,"height":666,"url":"https:\/\/tuzlainfo.ba\/wp-content\/uploads\/2026\/03\/2203_mladi_tuzle.jpg","type":"image\/jpeg"}],"author":"nedim","twitter_card":"summary_large_image","twitter_misc":{"Written by":"nedim","Est. reading time":"2 minute"},"schema":{"@context":"https:\/\/schema.org","@graph":[{"@type":"Article","@id":"https:\/\/tuzlainfo.ba\/index.php\/novosti\/item\/297971-mladi-tuzle-obiljezili-22-godine-rada-dodijeljene-nagrade-i-priznanja\/#article","isPartOf":{"@id":"https:\/\/tuzlainfo.ba\/index.php\/novosti\/item\/297971-mladi-tuzle-obiljezili-22-godine-rada-dodijeljene-nagrade-i-priznanja\/"},"author":{"name":"nedim","@id":"https:\/\/tuzlainfo.ba\/#\/schema\/person\/f434e20dc27ea133923aab08451b7f7f"},"headline":"Mladi Tuzle obilje\u017eili 22 godine rada: Dodijeljene nagrade i priznanja","datePublished":"2026-03-22T15:48:30+00:00","dateModified":"2026-03-22T15:48:30+00:00","mainEntityOfPage":{"@id":"https:\/\/tuzlainfo.ba\/index.php\/novosti\/item\/297971-mladi-tuzle-obiljezili-22-godine-rada-dodijeljene-nagrade-i-priznanja\/"},"wordCount":257,"publisher":{"@id":"https:\/\/tuzlainfo.ba\/#organization"},"image":{"@id":"https:\/\/tuzlainfo.ba\/index.php\/novosti\/item\/297971-mladi-tuzle-obiljezili-22-godine-rada-dodijeljene-nagrade-i-priznanja\/#primaryimage"},"thumbnailUrl":"https:\/\/tuzlainfo.ba\/wp-content\/uploads\/2026\/03\/2203_mladi_tuzle.jpg","keywords":["mladi tuzle"],"articleSection":["Istaknuto","Novosti"],"inLanguage":"bs-BA"},{"@type":"WebPage","@id":"https:\/\/tuzlainfo.ba\/index.php\/novosti\/item\/297971-mladi-tuzle-obiljezili-22-godine-rada-dodijeljene-nagrade-i-priznanja\/","url":"https:\/\/tuzlainfo.ba\/index.php\/novosti\/item\/297971-mladi-tuzle-obiljezili-22-godine-rada-dodijeljene-nagrade-i-priznanja\/","name":"Mladi Tuzle obilje\u017eili 22 godine rada: Dodijeljene nagrade i priznanja - TuzlaInfo.ba","isPartOf":{"@id":"https:\/\/tuzlainfo.ba\/#website"},"primaryImageOfPage":{"@id":"https:\/\/tuzlainfo.ba\/index.php\/novosti\/item\/297971-mladi-tuzle-obiljezili-22-godine-rada-dodijeljene-nagrade-i-priznanja\/#primaryimage"},"image":{"@id":"https:\/\/tuzlainfo.ba\/index.php\/novosti\/item\/297971-mladi-tuzle-obiljezili-22-godine-rada-dodijeljene-nagrade-i-priznanja\/#primaryimage"},"thumbnailUrl":"https:\/\/tuzlainfo.ba\/wp-content\/uploads\/2026\/03\/2203_mladi_tuzle.jpg","datePublished":"2026-03-22T15:48:30+00:00","dateModified":"2026-03-22T15:48:30+00:00","breadcrumb":{"@id":"https:\/\/tuzlainfo.ba\/index.php\/novosti\/item\/297971-mladi-tuzle-obiljezili-22-godine-rada-dodijeljene-nagrade-i-priznanja\/#breadcrumb"},"inLanguage":"bs-BA","potentialAction":[{"@type":"ReadAction","target":["https:\/\/tuzlainfo.ba\/index.php\/novosti\/item\/297971-mladi-tuzle-obiljezili-22-godine-rada-dodijeljene-nagrade-i-priznanja\/"]}]},{"@type":"ImageObject","inLanguage":"bs-BA","@id":"https:\/\/tuzlainfo.ba\/index.php\/novosti\/item\/297971-mladi-tuzle-obiljezili-22-godine-rada-dodijeljene-nagrade-i-priznanja\/#primaryimage","url":"https:\/\/tuzlainfo.ba\/wp-content\/uploads\/2026\/03\/2203_mladi_tuzle.jpg","contentUrl":"https:\/\/tuzlainfo.ba\/wp-content\/uploads\/2026\/03\/2203_mladi_tuzle.jpg","width":1000,"height":666},{"@type":"BreadcrumbList","@id":"https:\/\/tuzlainfo.ba\/index.php\/novosti\/item\/297971-mladi-tuzle-obiljezili-22-godine-rada-dodijeljene-nagrade-i-priznanja\/#breadcrumb","itemListElement":[{"@type":"ListItem","position":1,"name":"Home","item":"https:\/\/tuzlainfo.ba\/"},{"@type":"ListItem","position":2,"name":"Mladi Tuzle obilje\u017eili 22 godine rada: Dodijeljene nagrade i priznanja"}]},{"@type":"WebSite","@id":"https:\/\/tuzlainfo.ba\/#website","url":"https:\/\/tuzlainfo.ba\/","name":"TuzlaInfo.ba","description":"Tuzla info, gradski informator - Tuzla na dlanu","publisher":{"@id":"https:\/\/tuzlainfo.ba\/#organization"},"potentialAction":[{"@type":"SearchAction","target":{"@type":"EntryPoint","urlTemplate":"https:\/\/tuzlainfo.ba\/?s={search_term_string}"},"query-input":{"@type":"PropertyValueSpecification","valueRequired":true,"valueName":"search_term_string"}}],"inLanguage":"bs-BA"},{"@type":"Organization","@id":"https:\/\/tuzlainfo.ba\/#organization","name":"TuzlaInfo.ba","url":"https:\/\/tuzlainfo.ba\/","logo":{"@type":"ImageObject","inLanguage":"bs-BA","@id":"https:\/\/tuzlainfo.ba\/#\/schema\/logo\/image\/","url":"https:\/\/tuzlainfo.ba\/wp-content\/uploads\/2021\/03\/logo-ver-3-1.png","contentUrl":"https:\/\/tuzlainfo.ba\/wp-content\/uploads\/2021\/03\/logo-ver-3-1.png","width":350,"height":95,"caption":"TuzlaInfo.ba"},"image":{"@id":"https:\/\/tuzlainfo.ba\/#\/schema\/logo\/image\/"},"sameAs":["https:\/\/www.facebook.com\/tuzlainfo.ba\/"]},{"@type":"Person","@id":"https:\/\/tuzlainfo.ba\/#\/schema\/person\/f434e20dc27ea133923aab08451b7f7f","name":"nedim","image":{"@type":"ImageObject","inLanguage":"bs-BA","@id":"https:\/\/tuzlainfo.ba\/#\/schema\/person\/image\/","url":"https:\/\/tuzlainfo.ba\/wp-content\/litespeed\/avatar\/aabad687af24844af817603ac1cbdc4f.jpg?ver=1777306975","contentUrl":"https:\/\/tuzlainfo.ba\/wp-content\/litespeed\/avatar\/aabad687af24844af817603ac1cbdc4f.jpg?ver=1777306975","caption":"nedim"},"description":"Tuzlainfo.ba pratite na dru\u0161tvenim mre\u017eama: Facebook, Instagram i Youtube. Svoje pri\u010de, upite i fotografije \u0161aljite na na\u0161u e-mail adresu."}]}},"_links":{"self":[{"href":"https:\/\/tuzlainfo.ba\/index.php\/wp-json\/wp\/v2\/posts\/297971"}],"collection":[{"href":"https:\/\/tuzlainfo.ba\/index.php\/wp-json\/wp\/v2\/posts"}],"about":[{"href":"https:\/\/tuzlainfo.ba\/index.php\/wp-json\/wp\/v2\/types\/post"}],"author":[{"embeddable":true,"href":"https:\/\/tuzlainfo.ba\/index.php\/wp-json\/wp\/v2\/users\/2"}],"replies":[{"embeddable":true,"href":"https:\/\/tuzlainfo.ba\/index.php\/wp-json\/wp\/v2\/comments?post=297971"}],"version-history":[{"count":1,"href":"https:\/\/tuzlainfo.ba\/index.php\/wp-json\/wp\/v2\/posts\/297971\/revisions"}],"predecessor-version":[{"id":297973,"href":"https:\/\/tuzlainfo.ba\/index.php\/wp-json\/wp\/v2\/posts\/297971\/revisions\/297973"}],"wp:featuredmedia":[{"embeddable":true,"href":"https:\/\/tuzlainfo.ba\/index.php\/wp-json\/wp\/v2\/media\/297972"}],"wp:attachment":[{"href":"https:\/\/tuzlainfo.ba\/index.php\/wp-json\/wp\/v2\/media?parent=297971"}],"wp:term":[{"taxonomy":"category","embeddable":true,"href":"https:\/\/tuzlainfo.ba\/index.php\/wp-json\/wp\/v2\/categories?post=297971"},{"taxonomy":"post_tag","embeddable":true,"href":"https:\/\/tuzlainfo.ba\/index.php\/wp-json\/wp\/v2\/tags?post=297971"}],"curies":[{"name":"wp","href":"https:\/\/api.w.org\/{rel}","templated":true}]}}