{"id":297933,"date":"2026-03-20T21:02:59","date_gmt":"2026-03-20T20:02:59","guid":{"rendered":"https:\/\/tuzlainfo.ba\/?p=297933"},"modified":"2026-03-20T21:02:59","modified_gmt":"2026-03-20T20:02:59","slug":"odrzan-bajramski-prijem-muftije-tuzlanskog-upucene-snazne-poruke-vjernicima","status":"publish","type":"post","link":"https:\/\/tuzlainfo.ba\/index.php\/novosti\/item\/297933-odrzan-bajramski-prijem-muftije-tuzlanskog-upucene-snazne-poruke-vjernicima\/","title":{"rendered":"Odr\u017ean bajramski prijem muftije tuzlanskog, upu\u0107ene sna\u017ene poruke vjernicima"},"content":{"rendered":"<p data-start=\"0\" data-end=\"231\">Prvog dana Ramazanskog bajrama, 20. marta 2026. godine, muftija tuzlanski dr. Vahid-ef. Fazlovi\u0107 uprili\u010dio je tradicionalni bajramski prijem za brojne goste iz javnog, politi\u010dkog i kulturnog \u017eivota s podru\u010dja Muftijstva tuzlanskog.<\/p>\n<p data-start=\"233\" data-end=\"400\">Prijemu su prisustvovali predstavnici institucija vlasti, tradicionalnih vjerskih zajednica, obrazovnih, zdravstvenih i kulturnih ustanova, kao i privrednici i vakifi.<\/p>\n<p data-start=\"402\" data-end=\"578\">U svom obra\u0107anju muftija Fazlovi\u0107 posebno je naglasio duhovnu i moralnu dimenziju ramazanskog posta, isti\u010du\u0107i da je upravo unutra\u0161nja preobrazba \u010dovjeka njegov najva\u017eniji cilj.<\/p>\n<p data-start=\"580\" data-end=\"1009\">\u2013 Istinski smo radosni i Allahu, d\u017eelle \u0161anuhu, neizmjerno zahvalni na blagodatima koje su nam darovane u blagoslovljenom ramazanskom vremenu. Nastojali smo se nadahnuti mudrostima kur\u2019anske Istine i nadamo se da je svjetlo ove plemenite Knjige obasjalo na\u0161 put. Osna\u017eili smo svoj iman, pribli\u017eili se Gospodaru svjetova kroz namaz i post, a zekatom i sadekatul-fitrom za\u0161titili na\u0161e imetke i porodice \u2013 kazao je muftija Fazlovi\u0107.<\/p>\n<p data-start=\"1011\" data-end=\"1142\">Govore\u0107i o su\u0161tini posta, naglasio je da on nije samo fizi\u010dko odricanje, ve\u0107 put ka izgradnji svijesti o Bogu i li\u010dne odgovornosti.<\/p>\n<p data-start=\"1144\" data-end=\"1487\">\u2013 Post nije samo sustezanje od jela, pi\u0107a i tjelesnih u\u017eitaka. Njegova su\u0161tina je u izgradnji takvaluka, svijesti o Gospodaru svjetova. U vremenu brojnih isku\u0161enja, pohlepe i sebi\u010dnosti, va\u017eno je pravilno razumjeti post kao sredstvo koje \u010duva srce od grijeha, du\u0161u od strasti i razvija samokontrolu i moralnu odgovornost \u2013 poru\u010dio je Fazlovi\u0107.<\/p>\n<p data-start=\"1144\" data-end=\"1487\"><img fetchpriority=\"high\" decoding=\"async\" class=\"alignnone size-full wp-image-297937\" src=\"https:\/\/tuzlainfo.ba\/wp-content\/uploads\/2026\/03\/2003_prijem_muft-3.jpeg\" alt=\"\" width=\"1536\" height=\"1023\" srcset=\"https:\/\/tuzlainfo.ba\/wp-content\/uploads\/2026\/03\/2003_prijem_muft-3.jpeg 1536w, https:\/\/tuzlainfo.ba\/wp-content\/uploads\/2026\/03\/2003_prijem_muft-3-300x200.jpeg 300w, https:\/\/tuzlainfo.ba\/wp-content\/uploads\/2026\/03\/2003_prijem_muft-3-1024x682.jpeg 1024w, https:\/\/tuzlainfo.ba\/wp-content\/uploads\/2026\/03\/2003_prijem_muft-3-768x512.jpeg 768w, https:\/\/tuzlainfo.ba\/wp-content\/uploads\/2026\/03\/2003_prijem_muft-3-1170x779.jpeg 1170w, https:\/\/tuzlainfo.ba\/wp-content\/uploads\/2026\/03\/2003_prijem_muft-3-585x390.jpeg 585w, https:\/\/tuzlainfo.ba\/wp-content\/uploads\/2026\/03\/2003_prijem_muft-3-263x175.jpeg 263w, https:\/\/tuzlainfo.ba\/wp-content\/uploads\/2026\/03\/2003_prijem_muft-3-150x100.jpeg 150w, https:\/\/tuzlainfo.ba\/wp-content\/uploads\/2026\/03\/2003_prijem_muft-3-500x333.jpeg 500w, https:\/\/tuzlainfo.ba\/wp-content\/uploads\/2026\/03\/2003_prijem_muft-3-120x80.jpeg 120w\" sizes=\"(max-width: 1536px) 100vw, 1536px\" \/><\/p>\n<p data-start=\"1489\" data-end=\"1572\">Dodao je da se kroz ramazanske ibadete posti\u017ee i najvi\u0161i stepen duhovnog uzdizanja.<\/p>\n<p data-start=\"1574\" data-end=\"1778\">\u2013 Postom i drugim ibadetima, koje obavljamo svjesni da nas Uzvi\u0161eni Gospodar stalno vidi, dosti\u017ee se najvi\u0161a razina ljudskog bi\u0107a \u2013 ihsan. To je cilj kojem svaki vjernik treba te\u017eiti \u2013 istakao je muftija.<\/p>\n<p data-start=\"1780\" data-end=\"1875\">Posebno je ukazao i na zna\u010daj strpljenja kao jedne od klju\u010dnih vrijednosti koje ramazan donosi.<\/p>\n<p data-start=\"1877\" data-end=\"2163\">\u2013 Ramazan je mjesec strpljivosti, a nagrada za istinsku strpljivost je D\u017eennet. Potreban nam je sna\u017ean sabur koji \u0107e nas u\u010dvrstiti u plemenitim vrijednostima \u2013 ja\u010danju veze s Gospodarom, promjeni na bolje, o\u010duvanju porodice i izgradnji zdravijih odnosa u zajednici i dru\u0161tvu \u2013 kazao je.<\/p>\n<p data-start=\"1877\" data-end=\"2163\"><img decoding=\"async\" class=\"alignnone size-full wp-image-297938\" src=\"https:\/\/tuzlainfo.ba\/wp-content\/uploads\/2026\/03\/2003_prijem_muft-4.jpeg\" alt=\"\" width=\"1536\" height=\"1023\" srcset=\"https:\/\/tuzlainfo.ba\/wp-content\/uploads\/2026\/03\/2003_prijem_muft-4.jpeg 1536w, https:\/\/tuzlainfo.ba\/wp-content\/uploads\/2026\/03\/2003_prijem_muft-4-300x200.jpeg 300w, https:\/\/tuzlainfo.ba\/wp-content\/uploads\/2026\/03\/2003_prijem_muft-4-1024x682.jpeg 1024w, https:\/\/tuzlainfo.ba\/wp-content\/uploads\/2026\/03\/2003_prijem_muft-4-768x512.jpeg 768w, https:\/\/tuzlainfo.ba\/wp-content\/uploads\/2026\/03\/2003_prijem_muft-4-1170x779.jpeg 1170w, https:\/\/tuzlainfo.ba\/wp-content\/uploads\/2026\/03\/2003_prijem_muft-4-585x390.jpeg 585w, https:\/\/tuzlainfo.ba\/wp-content\/uploads\/2026\/03\/2003_prijem_muft-4-263x175.jpeg 263w, https:\/\/tuzlainfo.ba\/wp-content\/uploads\/2026\/03\/2003_prijem_muft-4-150x100.jpeg 150w, https:\/\/tuzlainfo.ba\/wp-content\/uploads\/2026\/03\/2003_prijem_muft-4-500x333.jpeg 500w, https:\/\/tuzlainfo.ba\/wp-content\/uploads\/2026\/03\/2003_prijem_muft-4-120x80.jpeg 120w\" sizes=\"(max-width: 1536px) 100vw, 1536px\" \/> <img decoding=\"async\" class=\"alignnone size-full wp-image-297936\" src=\"https:\/\/tuzlainfo.ba\/wp-content\/uploads\/2026\/03\/2003_prijem_muft-2.jpeg\" alt=\"\" width=\"1536\" height=\"1023\" srcset=\"https:\/\/tuzlainfo.ba\/wp-content\/uploads\/2026\/03\/2003_prijem_muft-2.jpeg 1536w, https:\/\/tuzlainfo.ba\/wp-content\/uploads\/2026\/03\/2003_prijem_muft-2-300x200.jpeg 300w, https:\/\/tuzlainfo.ba\/wp-content\/uploads\/2026\/03\/2003_prijem_muft-2-1024x682.jpeg 1024w, https:\/\/tuzlainfo.ba\/wp-content\/uploads\/2026\/03\/2003_prijem_muft-2-768x512.jpeg 768w, https:\/\/tuzlainfo.ba\/wp-content\/uploads\/2026\/03\/2003_prijem_muft-2-1170x779.jpeg 1170w, https:\/\/tuzlainfo.ba\/wp-content\/uploads\/2026\/03\/2003_prijem_muft-2-585x390.jpeg 585w, https:\/\/tuzlainfo.ba\/wp-content\/uploads\/2026\/03\/2003_prijem_muft-2-263x175.jpeg 263w, https:\/\/tuzlainfo.ba\/wp-content\/uploads\/2026\/03\/2003_prijem_muft-2-150x100.jpeg 150w, https:\/\/tuzlainfo.ba\/wp-content\/uploads\/2026\/03\/2003_prijem_muft-2-500x333.jpeg 500w, https:\/\/tuzlainfo.ba\/wp-content\/uploads\/2026\/03\/2003_prijem_muft-2-120x80.jpeg 120w\" sizes=\"(max-width: 1536px) 100vw, 1536px\" \/> <img loading=\"lazy\" decoding=\"async\" class=\"alignnone size-full wp-image-297935\" src=\"https:\/\/tuzlainfo.ba\/wp-content\/uploads\/2026\/03\/2003_prijem_muft-1.jpeg\" alt=\"\" width=\"1600\" height=\"1066\" srcset=\"https:\/\/tuzlainfo.ba\/wp-content\/uploads\/2026\/03\/2003_prijem_muft-1.jpeg 1600w, https:\/\/tuzlainfo.ba\/wp-content\/uploads\/2026\/03\/2003_prijem_muft-1-300x200.jpeg 300w, https:\/\/tuzlainfo.ba\/wp-content\/uploads\/2026\/03\/2003_prijem_muft-1-1024x682.jpeg 1024w, https:\/\/tuzlainfo.ba\/wp-content\/uploads\/2026\/03\/2003_prijem_muft-1-768x512.jpeg 768w, https:\/\/tuzlainfo.ba\/wp-content\/uploads\/2026\/03\/2003_prijem_muft-1-1536x1023.jpeg 1536w, https:\/\/tuzlainfo.ba\/wp-content\/uploads\/2026\/03\/2003_prijem_muft-1-1170x780.jpeg 1170w, https:\/\/tuzlainfo.ba\/wp-content\/uploads\/2026\/03\/2003_prijem_muft-1-585x390.jpeg 585w, https:\/\/tuzlainfo.ba\/wp-content\/uploads\/2026\/03\/2003_prijem_muft-1-263x175.jpeg 263w, https:\/\/tuzlainfo.ba\/wp-content\/uploads\/2026\/03\/2003_prijem_muft-1-150x100.jpeg 150w, https:\/\/tuzlainfo.ba\/wp-content\/uploads\/2026\/03\/2003_prijem_muft-1-500x333.jpeg 500w, https:\/\/tuzlainfo.ba\/wp-content\/uploads\/2026\/03\/2003_prijem_muft-1-120x80.jpeg 120w\" sizes=\"(max-width: 1600px) 100vw, 1600px\" \/><\/p>\n<p data-start=\"2165\" data-end=\"2304\">Muftija Fazlovi\u0107 naglasio je i va\u017enost me\u0111usobne solidarnosti i brige za druge, podsje\u0107aju\u0107i da svaki pojedinac mo\u017ee doprinijeti zajednici.<\/p>\n<p data-start=\"2306\" data-end=\"2547\">\u2013 Niko nije toliko mali i slab da ne bi mogao pomo\u0107i, niti je iko toliko velik da mu pomo\u0107 nije potrebna. Bajram nas podsje\u0107a na obavezu stalne brige o slabima i nemo\u0107nima, ali i na va\u017enost me\u0111usobnog uva\u017eavanja i razumijevanja \u2013 poru\u010dio je.<\/p>\n<p data-start=\"2549\" data-end=\"2702\">Na kraju obra\u0107anja, muftija je svim prisutnima i gra\u0111anima uputio bajramske \u010destitke, uz \u017eelju da blagdanski dani proteknu u miru, radosti i zajedni\u0161tvu.<\/p>\n<p data-start=\"2704\" data-end=\"2911\">\u2013 \u017delim vam sretne i beri\u0107etne bajramske dane i da njihovu radost podijelimo sa svojim kom\u0161ijama i prijateljima. Neka je na sve vas Bo\u017eiji mir i blagoslov \u2013 kazao je muftija tuzlanski dr. Vahid-ef. Fazlovi\u0107.<\/p>\n","protected":false},"excerpt":{"rendered":"<p>Prvog dana Ramazanskog bajrama, 20. marta 2026. godine, muftija tuzlanski dr. Vahid-ef. Fazlovi\u0107 uprili\u010dio je tradicionalni bajramski prijem za brojne goste iz javnog, politi\u010dkog i kulturnog \u017eivota s podru\u010dja Muftijstva tuzlanskog. Prijemu su prisustvovali predstavnici institucija vlasti, tradicionalnih vjerskih zajednica, obrazovnih, zdravstvenih i kulturnih ustanova, kao i privrednici i vakifi. U svom obra\u0107anju muftija Fazlovi\u0107 [&hellip;]<\/p>\n","protected":false},"author":2,"featured_media":297934,"comment_status":"closed","ping_status":"closed","sticky":false,"template":"","format":"standard","meta":{"footnotes":""},"categories":[304,12],"tags":[2018],"class_list":["post-297933","post","type-post","status-publish","format-standard","has-post-thumbnail","hentry","category-istaknuto","category-novosti","tag-muftija-tuzlanski"],"yoast_head":"<!-- This site is optimized with the Yoast SEO plugin v28.4 - https:\/\/yoast.com\/product\/yoast-seo-wordpress\/ -->\n<title>Odr\u017ean bajramski prijem muftije tuzlanskog, upu\u0107ene sna\u017ene poruke vjernicima<\/title>\n<meta name=\"robots\" content=\"index, follow, max-snippet:-1, max-image-preview:large, max-video-preview:-1\" \/>\n<link rel=\"canonical\" href=\"https:\/\/tuzlainfo.ba\/index.php\/novosti\/item\/297933-odrzan-bajramski-prijem-muftije-tuzlanskog-upucene-snazne-poruke-vjernicima\/\" \/>\n<meta property=\"og:locale\" content=\"bs_BA\" \/>\n<meta property=\"og:type\" content=\"article\" \/>\n<meta property=\"og:title\" content=\"Odr\u017ean bajramski prijem muftije tuzlanskog, upu\u0107ene sna\u017ene poruke vjernicima\" \/>\n<meta property=\"og:description\" content=\"Prvog dana Ramazanskog bajrama, 20. marta 2026. godine, muftija tuzlanski dr. Vahid-ef. Fazlovi\u0107 uprili\u010dio je tradicionalni bajramski prijem za brojne goste iz javnog, politi\u010dkog i kulturnog \u017eivota s podru\u010dja Muftijstva tuzlanskog. Prijemu su prisustvovali predstavnici institucija vlasti, tradicionalnih vjerskih zajednica, obrazovnih, zdravstvenih i kulturnih ustanova, kao i privrednici i vakifi. U svom obra\u0107anju muftija Fazlovi\u0107 [&hellip;]\" \/>\n<meta property=\"og:url\" content=\"https:\/\/tuzlainfo.ba\/index.php\/novosti\/item\/297933-odrzan-bajramski-prijem-muftije-tuzlanskog-upucene-snazne-poruke-vjernicima\/\" \/>\n<meta property=\"og:site_name\" content=\"TuzlaInfo.ba\" \/>\n<meta property=\"article:publisher\" content=\"https:\/\/www.facebook.com\/tuzlainfo.ba\/\" \/>\n<meta property=\"article:published_time\" content=\"2026-03-20T20:02:59+00:00\" \/>\n<meta property=\"og:image\" content=\"https:\/\/tuzlainfo.ba\/wp-content\/uploads\/2026\/03\/2003_bajramski.jpg\" \/>\n\t<meta property=\"og:image:width\" content=\"1000\" \/>\n\t<meta property=\"og:image:height\" content=\"606\" \/>\n\t<meta property=\"og:image:type\" content=\"image\/jpeg\" \/>\n<meta name=\"author\" content=\"nedim\" \/>\n<meta name=\"twitter:card\" content=\"summary_large_image\" \/>\n<meta name=\"twitter:label1\" content=\"Written by\" \/>\n\t<meta name=\"twitter:data1\" content=\"nedim\" \/>\n\t<meta name=\"twitter:label2\" content=\"Est. reading time\" \/>\n\t<meta name=\"twitter:data2\" content=\"4 minute\" \/>\n<script type=\"application\/ld+json\" class=\"yoast-schema-graph\">{\"@context\":\"https:\\\/\\\/schema.org\",\"@graph\":[{\"@type\":\"Article\",\"@id\":\"https:\\\/\\\/tuzlainfo.ba\\\/index.php\\\/novosti\\\/item\\\/297933-odrzan-bajramski-prijem-muftije-tuzlanskog-upucene-snazne-poruke-vjernicima\\\/#article\",\"isPartOf\":{\"@id\":\"https:\\\/\\\/tuzlainfo.ba\\\/index.php\\\/novosti\\\/item\\\/297933-odrzan-bajramski-prijem-muftije-tuzlanskog-upucene-snazne-poruke-vjernicima\\\/\"},\"author\":{\"name\":\"nedim\",\"@id\":\"https:\\\/\\\/tuzlainfo.ba\\\/#\\\/schema\\\/person\\\/f434e20dc27ea133923aab08451b7f7f\"},\"headline\":\"Odr\u017ean bajramski prijem muftije tuzlanskog, upu\u0107ene sna\u017ene poruke vjernicima\",\"datePublished\":\"2026-03-20T20:02:59+00:00\",\"mainEntityOfPage\":{\"@id\":\"https:\\\/\\\/tuzlainfo.ba\\\/index.php\\\/novosti\\\/item\\\/297933-odrzan-bajramski-prijem-muftije-tuzlanskog-upucene-snazne-poruke-vjernicima\\\/\"},\"wordCount\":497,\"publisher\":{\"@id\":\"https:\\\/\\\/tuzlainfo.ba\\\/#organization\"},\"image\":{\"@id\":\"https:\\\/\\\/tuzlainfo.ba\\\/index.php\\\/novosti\\\/item\\\/297933-odrzan-bajramski-prijem-muftije-tuzlanskog-upucene-snazne-poruke-vjernicima\\\/#primaryimage\"},\"thumbnailUrl\":\"https:\\\/\\\/tuzlainfo.ba\\\/wp-content\\\/uploads\\\/2026\\\/03\\\/2003_bajramski.jpg\",\"keywords\":[\"muftija tuzlanski\"],\"articleSection\":[\"Istaknuto\",\"Novosti\"],\"inLanguage\":\"bs-BA\",\"copyrightYear\":\"2026\",\"copyrightHolder\":{\"@id\":\"https:\\\/\\\/tuzlainfo.ba\\\/#organization\"}},{\"@type\":\"WebPage\",\"@id\":\"https:\\\/\\\/tuzlainfo.ba\\\/index.php\\\/novosti\\\/item\\\/297933-odrzan-bajramski-prijem-muftije-tuzlanskog-upucene-snazne-poruke-vjernicima\\\/\",\"url\":\"https:\\\/\\\/tuzlainfo.ba\\\/index.php\\\/novosti\\\/item\\\/297933-odrzan-bajramski-prijem-muftije-tuzlanskog-upucene-snazne-poruke-vjernicima\\\/\",\"name\":\"Odr\u017ean bajramski prijem muftije tuzlanskog, upu\u0107ene sna\u017ene poruke vjernicima\",\"isPartOf\":{\"@id\":\"https:\\\/\\\/tuzlainfo.ba\\\/#website\"},\"primaryImageOfPage\":{\"@id\":\"https:\\\/\\\/tuzlainfo.ba\\\/index.php\\\/novosti\\\/item\\\/297933-odrzan-bajramski-prijem-muftije-tuzlanskog-upucene-snazne-poruke-vjernicima\\\/#primaryimage\"},\"image\":{\"@id\":\"https:\\\/\\\/tuzlainfo.ba\\\/index.php\\\/novosti\\\/item\\\/297933-odrzan-bajramski-prijem-muftije-tuzlanskog-upucene-snazne-poruke-vjernicima\\\/#primaryimage\"},\"thumbnailUrl\":\"https:\\\/\\\/tuzlainfo.ba\\\/wp-content\\\/uploads\\\/2026\\\/03\\\/2003_bajramski.jpg\",\"datePublished\":\"2026-03-20T20:02:59+00:00\",\"breadcrumb\":{\"@id\":\"https:\\\/\\\/tuzlainfo.ba\\\/index.php\\\/novosti\\\/item\\\/297933-odrzan-bajramski-prijem-muftije-tuzlanskog-upucene-snazne-poruke-vjernicima\\\/#breadcrumb\"},\"inLanguage\":\"bs-BA\",\"potentialAction\":[{\"@type\":\"ReadAction\",\"target\":[\"https:\\\/\\\/tuzlainfo.ba\\\/index.php\\\/novosti\\\/item\\\/297933-odrzan-bajramski-prijem-muftije-tuzlanskog-upucene-snazne-poruke-vjernicima\\\/\"]}]},{\"@type\":\"ImageObject\",\"inLanguage\":\"bs-BA\",\"@id\":\"https:\\\/\\\/tuzlainfo.ba\\\/index.php\\\/novosti\\\/item\\\/297933-odrzan-bajramski-prijem-muftije-tuzlanskog-upucene-snazne-poruke-vjernicima\\\/#primaryimage\",\"url\":\"https:\\\/\\\/tuzlainfo.ba\\\/wp-content\\\/uploads\\\/2026\\\/03\\\/2003_bajramski.jpg\",\"contentUrl\":\"https:\\\/\\\/tuzlainfo.ba\\\/wp-content\\\/uploads\\\/2026\\\/03\\\/2003_bajramski.jpg\",\"width\":1000,\"height\":606},{\"@type\":\"BreadcrumbList\",\"@id\":\"https:\\\/\\\/tuzlainfo.ba\\\/index.php\\\/novosti\\\/item\\\/297933-odrzan-bajramski-prijem-muftije-tuzlanskog-upucene-snazne-poruke-vjernicima\\\/#breadcrumb\",\"itemListElement\":[{\"@type\":\"ListItem\",\"position\":1,\"name\":\"Home\",\"item\":\"https:\\\/\\\/tuzlainfo.ba\\\/\"},{\"@type\":\"ListItem\",\"position\":2,\"name\":\"Odr\u017ean bajramski prijem muftije tuzlanskog, upu\u0107ene sna\u017ene poruke vjernicima\"}]},{\"@type\":\"WebSite\",\"@id\":\"https:\\\/\\\/tuzlainfo.ba\\\/#website\",\"url\":\"https:\\\/\\\/tuzlainfo.ba\\\/\",\"name\":\"TuzlaInfo.ba\",\"description\":\"Tuzla info, gradski informator - Tuzla na dlanu\",\"publisher\":{\"@id\":\"https:\\\/\\\/tuzlainfo.ba\\\/#organization\"},\"potentialAction\":[{\"@type\":\"SearchAction\",\"target\":{\"@type\":\"EntryPoint\",\"urlTemplate\":\"https:\\\/\\\/tuzlainfo.ba\\\/?s={search_term_string}\"},\"query-input\":{\"@type\":\"PropertyValueSpecification\",\"valueRequired\":true,\"valueName\":\"search_term_string\"}}],\"inLanguage\":\"bs-BA\"},{\"@type\":\"Organization\",\"@id\":\"https:\\\/\\\/tuzlainfo.ba\\\/#organization\",\"name\":\"TuzlaInfo.ba\",\"url\":\"https:\\\/\\\/tuzlainfo.ba\\\/\",\"logo\":{\"@type\":\"ImageObject\",\"inLanguage\":\"bs-BA\",\"@id\":\"https:\\\/\\\/tuzlainfo.ba\\\/#\\\/schema\\\/logo\\\/image\\\/\",\"url\":\"https:\\\/\\\/tuzlainfo.ba\\\/wp-content\\\/uploads\\\/2021\\\/03\\\/logo-ver-3-1.png\",\"contentUrl\":\"https:\\\/\\\/tuzlainfo.ba\\\/wp-content\\\/uploads\\\/2021\\\/03\\\/logo-ver-3-1.png\",\"width\":350,\"height\":95,\"caption\":\"TuzlaInfo.ba\"},\"image\":{\"@id\":\"https:\\\/\\\/tuzlainfo.ba\\\/#\\\/schema\\\/logo\\\/image\\\/\"},\"sameAs\":[\"https:\\\/\\\/www.facebook.com\\\/tuzlainfo.ba\\\/\"]},{\"@type\":\"Person\",\"@id\":\"https:\\\/\\\/tuzlainfo.ba\\\/#\\\/schema\\\/person\\\/f434e20dc27ea133923aab08451b7f7f\",\"name\":\"nedim\",\"image\":{\"@type\":\"ImageObject\",\"inLanguage\":\"bs-BA\",\"@id\":\"https:\\\/\\\/secure.gravatar.com\\\/avatar\\\/5b928a2e7e70a54208d2eb6c1edcb75a5350d6ae97d5f0a701203d456823f6f3?s=96&d=mm&r=g\",\"url\":\"https:\\\/\\\/secure.gravatar.com\\\/avatar\\\/5b928a2e7e70a54208d2eb6c1edcb75a5350d6ae97d5f0a701203d456823f6f3?s=96&d=mm&r=g\",\"contentUrl\":\"https:\\\/\\\/secure.gravatar.com\\\/avatar\\\/5b928a2e7e70a54208d2eb6c1edcb75a5350d6ae97d5f0a701203d456823f6f3?s=96&d=mm&r=g\",\"caption\":\"nedim\"},\"description\":\"Tuzlainfo.ba pratite na dru\u0161tvenim mre\u017eama: Facebook, Instagram i Youtube. Svoje pri\u010de, upite i fotografije \u0161aljite na na\u0161u e-mail adresu.\"}]}<\/script>\n<!-- \/ Yoast SEO plugin. -->","yoast_head_json":{"title":"Odr\u017ean bajramski prijem muftije tuzlanskog, upu\u0107ene sna\u017ene poruke vjernicima","robots":{"index":"index","follow":"follow","max-snippet":"max-snippet:-1","max-image-preview":"max-image-preview:large","max-video-preview":"max-video-preview:-1"},"canonical":"https:\/\/tuzlainfo.ba\/index.php\/novosti\/item\/297933-odrzan-bajramski-prijem-muftije-tuzlanskog-upucene-snazne-poruke-vjernicima\/","og_locale":"bs_BA","og_type":"article","og_title":"Odr\u017ean bajramski prijem muftije tuzlanskog, upu\u0107ene sna\u017ene poruke vjernicima","og_description":"Prvog dana Ramazanskog bajrama, 20. marta 2026. godine, muftija tuzlanski dr. Vahid-ef. Fazlovi\u0107 uprili\u010dio je tradicionalni bajramski prijem za brojne goste iz javnog, politi\u010dkog i kulturnog \u017eivota s podru\u010dja Muftijstva tuzlanskog. Prijemu su prisustvovali predstavnici institucija vlasti, tradicionalnih vjerskih zajednica, obrazovnih, zdravstvenih i kulturnih ustanova, kao i privrednici i vakifi. U svom obra\u0107anju muftija Fazlovi\u0107 [&hellip;]","og_url":"https:\/\/tuzlainfo.ba\/index.php\/novosti\/item\/297933-odrzan-bajramski-prijem-muftije-tuzlanskog-upucene-snazne-poruke-vjernicima\/","og_site_name":"TuzlaInfo.ba","article_publisher":"https:\/\/www.facebook.com\/tuzlainfo.ba\/","article_published_time":"2026-03-20T20:02:59+00:00","og_image":[{"width":1000,"height":606,"url":"https:\/\/tuzlainfo.ba\/wp-content\/uploads\/2026\/03\/2003_bajramski.jpg","type":"image\/jpeg"}],"author":"nedim","twitter_card":"summary_large_image","twitter_misc":{"Written by":"nedim","Est. reading time":"4 minute"},"schema":{"@context":"https:\/\/schema.org","@graph":[{"@type":"Article","@id":"https:\/\/tuzlainfo.ba\/index.php\/novosti\/item\/297933-odrzan-bajramski-prijem-muftije-tuzlanskog-upucene-snazne-poruke-vjernicima\/#article","isPartOf":{"@id":"https:\/\/tuzlainfo.ba\/index.php\/novosti\/item\/297933-odrzan-bajramski-prijem-muftije-tuzlanskog-upucene-snazne-poruke-vjernicima\/"},"author":{"name":"nedim","@id":"https:\/\/tuzlainfo.ba\/#\/schema\/person\/f434e20dc27ea133923aab08451b7f7f"},"headline":"Odr\u017ean bajramski prijem muftije tuzlanskog, upu\u0107ene sna\u017ene poruke vjernicima","datePublished":"2026-03-20T20:02:59+00:00","mainEntityOfPage":{"@id":"https:\/\/tuzlainfo.ba\/index.php\/novosti\/item\/297933-odrzan-bajramski-prijem-muftije-tuzlanskog-upucene-snazne-poruke-vjernicima\/"},"wordCount":497,"publisher":{"@id":"https:\/\/tuzlainfo.ba\/#organization"},"image":{"@id":"https:\/\/tuzlainfo.ba\/index.php\/novosti\/item\/297933-odrzan-bajramski-prijem-muftije-tuzlanskog-upucene-snazne-poruke-vjernicima\/#primaryimage"},"thumbnailUrl":"https:\/\/tuzlainfo.ba\/wp-content\/uploads\/2026\/03\/2003_bajramski.jpg","keywords":["muftija tuzlanski"],"articleSection":["Istaknuto","Novosti"],"inLanguage":"bs-BA","copyrightYear":"2026","copyrightHolder":{"@id":"https:\/\/tuzlainfo.ba\/#organization"}},{"@type":"WebPage","@id":"https:\/\/tuzlainfo.ba\/index.php\/novosti\/item\/297933-odrzan-bajramski-prijem-muftije-tuzlanskog-upucene-snazne-poruke-vjernicima\/","url":"https:\/\/tuzlainfo.ba\/index.php\/novosti\/item\/297933-odrzan-bajramski-prijem-muftije-tuzlanskog-upucene-snazne-poruke-vjernicima\/","name":"Odr\u017ean bajramski prijem muftije tuzlanskog, upu\u0107ene sna\u017ene poruke vjernicima","isPartOf":{"@id":"https:\/\/tuzlainfo.ba\/#website"},"primaryImageOfPage":{"@id":"https:\/\/tuzlainfo.ba\/index.php\/novosti\/item\/297933-odrzan-bajramski-prijem-muftije-tuzlanskog-upucene-snazne-poruke-vjernicima\/#primaryimage"},"image":{"@id":"https:\/\/tuzlainfo.ba\/index.php\/novosti\/item\/297933-odrzan-bajramski-prijem-muftije-tuzlanskog-upucene-snazne-poruke-vjernicima\/#primaryimage"},"thumbnailUrl":"https:\/\/tuzlainfo.ba\/wp-content\/uploads\/2026\/03\/2003_bajramski.jpg","datePublished":"2026-03-20T20:02:59+00:00","breadcrumb":{"@id":"https:\/\/tuzlainfo.ba\/index.php\/novosti\/item\/297933-odrzan-bajramski-prijem-muftije-tuzlanskog-upucene-snazne-poruke-vjernicima\/#breadcrumb"},"inLanguage":"bs-BA","potentialAction":[{"@type":"ReadAction","target":["https:\/\/tuzlainfo.ba\/index.php\/novosti\/item\/297933-odrzan-bajramski-prijem-muftije-tuzlanskog-upucene-snazne-poruke-vjernicima\/"]}]},{"@type":"ImageObject","inLanguage":"bs-BA","@id":"https:\/\/tuzlainfo.ba\/index.php\/novosti\/item\/297933-odrzan-bajramski-prijem-muftije-tuzlanskog-upucene-snazne-poruke-vjernicima\/#primaryimage","url":"https:\/\/tuzlainfo.ba\/wp-content\/uploads\/2026\/03\/2003_bajramski.jpg","contentUrl":"https:\/\/tuzlainfo.ba\/wp-content\/uploads\/2026\/03\/2003_bajramski.jpg","width":1000,"height":606},{"@type":"BreadcrumbList","@id":"https:\/\/tuzlainfo.ba\/index.php\/novosti\/item\/297933-odrzan-bajramski-prijem-muftije-tuzlanskog-upucene-snazne-poruke-vjernicima\/#breadcrumb","itemListElement":[{"@type":"ListItem","position":1,"name":"Home","item":"https:\/\/tuzlainfo.ba\/"},{"@type":"ListItem","position":2,"name":"Odr\u017ean bajramski prijem muftije tuzlanskog, upu\u0107ene sna\u017ene poruke vjernicima"}]},{"@type":"WebSite","@id":"https:\/\/tuzlainfo.ba\/#website","url":"https:\/\/tuzlainfo.ba\/","name":"TuzlaInfo.ba","description":"Tuzla info, gradski informator - Tuzla na dlanu","publisher":{"@id":"https:\/\/tuzlainfo.ba\/#organization"},"potentialAction":[{"@type":"SearchAction","target":{"@type":"EntryPoint","urlTemplate":"https:\/\/tuzlainfo.ba\/?s={search_term_string}"},"query-input":{"@type":"PropertyValueSpecification","valueRequired":true,"valueName":"search_term_string"}}],"inLanguage":"bs-BA"},{"@type":"Organization","@id":"https:\/\/tuzlainfo.ba\/#organization","name":"TuzlaInfo.ba","url":"https:\/\/tuzlainfo.ba\/","logo":{"@type":"ImageObject","inLanguage":"bs-BA","@id":"https:\/\/tuzlainfo.ba\/#\/schema\/logo\/image\/","url":"https:\/\/tuzlainfo.ba\/wp-content\/uploads\/2021\/03\/logo-ver-3-1.png","contentUrl":"https:\/\/tuzlainfo.ba\/wp-content\/uploads\/2021\/03\/logo-ver-3-1.png","width":350,"height":95,"caption":"TuzlaInfo.ba"},"image":{"@id":"https:\/\/tuzlainfo.ba\/#\/schema\/logo\/image\/"},"sameAs":["https:\/\/www.facebook.com\/tuzlainfo.ba\/"]},{"@type":"Person","@id":"https:\/\/tuzlainfo.ba\/#\/schema\/person\/f434e20dc27ea133923aab08451b7f7f","name":"nedim","image":{"@type":"ImageObject","inLanguage":"bs-BA","@id":"https:\/\/secure.gravatar.com\/avatar\/5b928a2e7e70a54208d2eb6c1edcb75a5350d6ae97d5f0a701203d456823f6f3?s=96&d=mm&r=g","url":"https:\/\/secure.gravatar.com\/avatar\/5b928a2e7e70a54208d2eb6c1edcb75a5350d6ae97d5f0a701203d456823f6f3?s=96&d=mm&r=g","contentUrl":"https:\/\/secure.gravatar.com\/avatar\/5b928a2e7e70a54208d2eb6c1edcb75a5350d6ae97d5f0a701203d456823f6f3?s=96&d=mm&r=g","caption":"nedim"},"description":"Tuzlainfo.ba pratite na dru\u0161tvenim mre\u017eama: Facebook, Instagram i Youtube. Svoje pri\u010de, upite i fotografije \u0161aljite na na\u0161u e-mail adresu."}]}},"_links":{"self":[{"href":"https:\/\/tuzlainfo.ba\/index.php\/wp-json\/wp\/v2\/posts\/297933","targetHints":{"allow":["GET"]}}],"collection":[{"href":"https:\/\/tuzlainfo.ba\/index.php\/wp-json\/wp\/v2\/posts"}],"about":[{"href":"https:\/\/tuzlainfo.ba\/index.php\/wp-json\/wp\/v2\/types\/post"}],"author":[{"embeddable":true,"href":"https:\/\/tuzlainfo.ba\/index.php\/wp-json\/wp\/v2\/users\/2"}],"replies":[{"embeddable":true,"href":"https:\/\/tuzlainfo.ba\/index.php\/wp-json\/wp\/v2\/comments?post=297933"}],"version-history":[{"count":1,"href":"https:\/\/tuzlainfo.ba\/index.php\/wp-json\/wp\/v2\/posts\/297933\/revisions"}],"predecessor-version":[{"id":297939,"href":"https:\/\/tuzlainfo.ba\/index.php\/wp-json\/wp\/v2\/posts\/297933\/revisions\/297939"}],"wp:featuredmedia":[{"embeddable":true,"href":"https:\/\/tuzlainfo.ba\/index.php\/wp-json\/wp\/v2\/media\/297934"}],"wp:attachment":[{"href":"https:\/\/tuzlainfo.ba\/index.php\/wp-json\/wp\/v2\/media?parent=297933"}],"wp:term":[{"taxonomy":"category","embeddable":true,"href":"https:\/\/tuzlainfo.ba\/index.php\/wp-json\/wp\/v2\/categories?post=297933"},{"taxonomy":"post_tag","embeddable":true,"href":"https:\/\/tuzlainfo.ba\/index.php\/wp-json\/wp\/v2\/tags?post=297933"}],"curies":[{"name":"wp","href":"https:\/\/api.w.org\/{rel}","templated":true}]}}