{"id":297845,"date":"2026-03-19T18:05:36","date_gmt":"2026-03-19T17:05:36","guid":{"rendered":"https:\/\/tuzlainfo.ba\/?p=297845"},"modified":"2026-03-19T22:36:20","modified_gmt":"2026-03-19T21:36:20","slug":"foto-kroz-igru-i-druzenje-djeca-u-tuzli-ucila-o-inkluziji-i-prihvatanju-razlicitosti","status":"publish","type":"post","link":"https:\/\/tuzlainfo.ba\/index.php\/novosti\/item\/297845-foto-kroz-igru-i-druzenje-djeca-u-tuzli-ucila-o-inkluziji-i-prihvatanju-razlicitosti\/","title":{"rendered":"FOTO\/ Kroz igru i dru\u017eenje: Djeca u Tuzli u\u010dila o inkluziji i prihvatanju razli\u010ditosti"},"content":{"rendered":"<p data-start=\"91\" data-end=\"458\">U Zavodu za odgoj i obrazovanje osoba sa smetnjama u psihi\u010dkom i tjelesnom razvoju u Tuzli danas je uprili\u010dena interaktivna radionica povodom obilje\u017eavanja Svjetskog dana osoba s Down sindromom. Ovaj datum iskori\u0161ten je kao prilika da se kroz dru\u017eenje, igru i zajedni\u010dke aktivnosti po\u0161alje sna\u017ena poruka o va\u017enosti inkluzije, prihvatanja i me\u0111usobnog razumijevanja.<\/p>\n<p data-start=\"460\" data-end=\"791\">Gosti radionice bila su djeca iz tuzlanskih osnovnih \u0161kola, koja su zajedno sa korisnicima Zavoda u\u010destvovala u kreativnim i edukativnim sadr\u017eajima. Kroz spontanu igru i razgovor, djeca su imala priliku bolje upoznati svoje vr\u0161njake, razmijeniti iskustva i nau\u010diti koliko su razli\u010ditosti bogatstvo koje oboga\u0107uje svaku zajednicu.<\/p>\n<p data-start=\"793\" data-end=\"1046\">Obilje\u017eavanje ovog dana dio je \u0161ire inicijative Udru\u017eenja \u201e\u017divot s Down sindromom Federacije Bosne i Hercegovine\u201c, koje ove godine skre\u0107e pa\u017enju na temu \u201eZajedno protiv usamljenosti\u201c, nagla\u0161avaju\u0107i va\u017enost stvarnog uklju\u010divanja i osje\u0107aja pripadnosti.<\/p>\n<div id=\"penci-post-gallery__69443\" class=\"penci-post-gallery-container masonry grid column-3\" data-height=\"150\" data-margin=\"3\"><div class=\"inner-gallery-masonry-container\"><div class=\"item-gallery-masonry grid\"><a class=\"\" href=\"https:\/\/tuzlainfo.ba\/wp-content\/uploads\/2026\/03\/viber_slika_2026-03-19_15-26-35-505.jpg\"><div class=\"inner-item-masonry-gallery\"><img decoding=\"async\" src=\"https:\/\/tuzlainfo.ba\/wp-content\/uploads\/2026\/03\/viber_slika_2026-03-19_15-26-35-505-585x390.jpg\" alt=\"\" title=\"viber_slika_2026-03-19_15-26-35-505\"><\/div><\/a><\/div><div class=\"item-gallery-masonry grid\"><a class=\"\" href=\"https:\/\/tuzlainfo.ba\/wp-content\/uploads\/2026\/03\/viber_slika_2026-03-19_15-26-36-131.jpg\"><div class=\"inner-item-masonry-gallery\"><img decoding=\"async\" src=\"https:\/\/tuzlainfo.ba\/wp-content\/uploads\/2026\/03\/viber_slika_2026-03-19_15-26-36-131-585x390.jpg\" alt=\"\" title=\"viber_slika_2026-03-19_15-26-36-131\"><\/div><\/a><\/div><div class=\"item-gallery-masonry grid\"><a class=\"\" href=\"https:\/\/tuzlainfo.ba\/wp-content\/uploads\/2026\/03\/viber_slika_2026-03-19_15-26-36-414.jpg\"><div class=\"inner-item-masonry-gallery\"><img decoding=\"async\" src=\"https:\/\/tuzlainfo.ba\/wp-content\/uploads\/2026\/03\/viber_slika_2026-03-19_15-26-36-414-585x390.jpg\" alt=\"\" title=\"viber_slika_2026-03-19_15-26-36-414\"><\/div><\/a><\/div><div class=\"item-gallery-masonry grid\"><a class=\"\" href=\"https:\/\/tuzlainfo.ba\/wp-content\/uploads\/2026\/03\/viber_slika_2026-03-19_15-26-36-609.jpg\"><div class=\"inner-item-masonry-gallery\"><img decoding=\"async\" src=\"https:\/\/tuzlainfo.ba\/wp-content\/uploads\/2026\/03\/viber_slika_2026-03-19_15-26-36-609-585x390.jpg\" alt=\"\" title=\"viber_slika_2026-03-19_15-26-36-609\"><\/div><\/a><\/div><div class=\"item-gallery-masonry grid\"><a class=\"\" href=\"https:\/\/tuzlainfo.ba\/wp-content\/uploads\/2026\/03\/viber_slika_2026-03-19_15-26-36-801.jpg\"><div class=\"inner-item-masonry-gallery\"><img decoding=\"async\" src=\"https:\/\/tuzlainfo.ba\/wp-content\/uploads\/2026\/03\/viber_slika_2026-03-19_15-26-36-801-585x390.jpg\" alt=\"\" title=\"viber_slika_2026-03-19_15-26-36-801\"><\/div><\/a><\/div><div class=\"item-gallery-masonry grid\"><a class=\"\" href=\"https:\/\/tuzlainfo.ba\/wp-content\/uploads\/2026\/03\/viber_slika_2026-03-19_15-26-36-994.jpg\"><div class=\"inner-item-masonry-gallery\"><img decoding=\"async\" src=\"https:\/\/tuzlainfo.ba\/wp-content\/uploads\/2026\/03\/viber_slika_2026-03-19_15-26-36-994-585x390.jpg\" alt=\"\" title=\"viber_slika_2026-03-19_15-26-36-994\"><\/div><\/a><\/div><\/div><\/div>\n<p data-start=\"1048\" data-end=\"1469\">Direktorica Zavoda, Ai\u0161a Halilovi\u0107, istakla je da su ove godine odlu\u010dili pristupiti obilje\u017eavanju na druga\u010diji na\u010din. \u201eOdlu\u010dili smo organizovati radionicu koja ne\u0107e biti namijenjena samo korisnicima Zavoda, nego i u\u010denicima osnovnih \u0161kola iz Tuzle, koji su se odazvali u velikom broju. Ovo je prilika da se djeca dru\u017ee, razmijene iskustva i da poka\u017eemo kako su razli\u010ditosti jedno veliko bogatstvo\u201c, kazala je Halilovi\u0107.<\/p>\n<p><iframe title=\"Tuzla: Obilje\u017een Me\u0111unarodni dan osoba s Down sindromom\" width=\"1170\" height=\"658\" src=\"https:\/\/www.youtube.com\/embed\/remxo2Tb5AA?feature=oembed\" frameborder=\"0\" allow=\"accelerometer; autoplay; clipboard-write; encrypted-media; gyroscope; picture-in-picture; web-share\" referrerpolicy=\"strict-origin-when-cross-origin\" allowfullscreen><\/iframe><\/p>\n<p data-start=\"1471\" data-end=\"1775\">Ipak, realnost pokazuje da se osobe s Down sindromom i dalje \u010desto suo\u010davaju s predrasudama i diskriminacijom. Ponekad je dovoljan i jedan pogled da se osjeti isklju\u010denost. Upravo zbog toga, ovakvi doga\u0111aji imaju poseban zna\u010daj \u2013 oni podi\u017eu svijest i razbijaju stigmu koja prati osobe s Down sindromom.<\/p>\n<p data-start=\"1777\" data-end=\"2006\">Dana\u0161nja atmosfera bila je ispunjena iskrenom dje\u010dijom rado\u0161\u0107u. Smijeh, igra i zajedni\u010dki rad pokazali su ono \u0161to statistike i kampanje \u010desto ne mogu \u2013 da su djeca, kada im se pru\u017ei prilika, najiskreniji ambasadori prihvatanja.<\/p>\n<p data-start=\"2008\" data-end=\"2203\">Zanimljivo je da u Zavodu trenutno borave \u010detiri u\u010denice srednje medicinske \u0161kole iz \u0160vedske, koje ovdje obavljaju praksu, dodatno doprinose\u0107i razmjeni iskustava i ja\u010danju me\u0111unarodne saradnje.<\/p>\n<p data-start=\"2205\" data-end=\"2481\">U\u010denica Elma kroz osmijeh nam je rekla da joj je najdra\u017ei predmet tehni\u010dki odgoj, ali da joj je dana\u0161nje dru\u017eenje ipak posebno iskustvo koje \u0107e dugo pamtiti. Poruka iz Tuzle danas bila je jasna \u2013 inkluzija nije samo rije\u010d, nego svakodnevna praksa koju u\u010dimo jedni od drugih. \/S.P.\/<\/p>\n","protected":false},"excerpt":{"rendered":"<p>U Zavodu za odgoj i obrazovanje osoba sa smetnjama u psihi\u010dkom i tjelesnom razvoju u&hellip;<\/p>\n","protected":false},"author":4,"featured_media":297849,"comment_status":"closed","ping_status":"closed","sticky":false,"template":"","format":"standard","meta":{"_acf_changed":false,"footnotes":""},"categories":[304,12],"tags":[3193],"acf":[],"yoast_head":"<!-- This site is optimized with the Yoast SEO plugin v23.5 - https:\/\/yoast.com\/wordpress\/plugins\/seo\/ -->\n<title>FOTO\/ Kroz igru i dru\u017eenje: Djeca u Tuzli u\u010dila o inkluziji i prihvatanju razli\u010ditosti - TuzlaInfo.ba<\/title>\n<meta name=\"robots\" content=\"index, follow, max-snippet:-1, max-image-preview:large, max-video-preview:-1\" \/>\n<link rel=\"canonical\" href=\"https:\/\/tuzlainfo.ba\/index.php\/novosti\/item\/297845-foto-kroz-igru-i-druzenje-djeca-u-tuzli-ucila-o-inkluziji-i-prihvatanju-razlicitosti\/\" \/>\n<meta property=\"og:locale\" content=\"bs_BA\" \/>\n<meta property=\"og:type\" content=\"article\" \/>\n<meta property=\"og:title\" content=\"FOTO\/ Kroz igru i dru\u017eenje: Djeca u Tuzli u\u010dila o inkluziji i prihvatanju razli\u010ditosti - TuzlaInfo.ba\" \/>\n<meta property=\"og:description\" content=\"U Zavodu za odgoj i obrazovanje osoba sa smetnjama u psihi\u010dkom i tjelesnom razvoju u&hellip;\" \/>\n<meta property=\"og:url\" content=\"https:\/\/tuzlainfo.ba\/index.php\/novosti\/item\/297845-foto-kroz-igru-i-druzenje-djeca-u-tuzli-ucila-o-inkluziji-i-prihvatanju-razlicitosti\/\" \/>\n<meta property=\"og:site_name\" content=\"TuzlaInfo.ba\" \/>\n<meta property=\"article:publisher\" content=\"https:\/\/www.facebook.com\/tuzlainfo.ba\/\" \/>\n<meta property=\"article:published_time\" content=\"2026-03-19T17:05:36+00:00\" \/>\n<meta property=\"article:modified_time\" content=\"2026-03-19T21:36:20+00:00\" \/>\n<meta property=\"og:image\" content=\"https:\/\/tuzlainfo.ba\/wp-content\/uploads\/2026\/03\/viber_slika_2026-03-19_15-26-36-609.jpg\" \/>\n\t<meta property=\"og:image:width\" content=\"2048\" \/>\n\t<meta property=\"og:image:height\" content=\"1152\" \/>\n\t<meta property=\"og:image:type\" content=\"image\/jpeg\" \/>\n<meta name=\"author\" content=\"Tuzla Info\" \/>\n<meta name=\"twitter:card\" content=\"summary_large_image\" \/>\n<meta name=\"twitter:label1\" content=\"Written by\" \/>\n\t<meta name=\"twitter:data1\" content=\"Tuzla Info\" \/>\n\t<meta name=\"twitter:label2\" content=\"Est. reading time\" \/>\n\t<meta name=\"twitter:data2\" content=\"3 minute\" \/>\n<script type=\"application\/ld+json\" class=\"yoast-schema-graph\">{\"@context\":\"https:\/\/schema.org\",\"@graph\":[{\"@type\":\"Article\",\"@id\":\"https:\/\/tuzlainfo.ba\/index.php\/novosti\/item\/297845-foto-kroz-igru-i-druzenje-djeca-u-tuzli-ucila-o-inkluziji-i-prihvatanju-razlicitosti\/#article\",\"isPartOf\":{\"@id\":\"https:\/\/tuzlainfo.ba\/index.php\/novosti\/item\/297845-foto-kroz-igru-i-druzenje-djeca-u-tuzli-ucila-o-inkluziji-i-prihvatanju-razlicitosti\/\"},\"author\":{\"name\":\"Tuzla Info\",\"@id\":\"https:\/\/tuzlainfo.ba\/#\/schema\/person\/46cad4c57790cbc50781edd14870825a\"},\"headline\":\"FOTO\/ Kroz igru i dru\u017eenje: Djeca u Tuzli u\u010dila o inkluziji i prihvatanju razli\u010ditosti\",\"datePublished\":\"2026-03-19T17:05:36+00:00\",\"dateModified\":\"2026-03-19T21:36:20+00:00\",\"mainEntityOfPage\":{\"@id\":\"https:\/\/tuzlainfo.ba\/index.php\/novosti\/item\/297845-foto-kroz-igru-i-druzenje-djeca-u-tuzli-ucila-o-inkluziji-i-prihvatanju-razlicitosti\/\"},\"wordCount\":437,\"publisher\":{\"@id\":\"https:\/\/tuzlainfo.ba\/#organization\"},\"image\":{\"@id\":\"https:\/\/tuzlainfo.ba\/index.php\/novosti\/item\/297845-foto-kroz-igru-i-druzenje-djeca-u-tuzli-ucila-o-inkluziji-i-prihvatanju-razlicitosti\/#primaryimage\"},\"thumbnailUrl\":\"https:\/\/tuzlainfo.ba\/wp-content\/uploads\/2026\/03\/viber_slika_2026-03-19_15-26-36-609.jpg\",\"keywords\":[\"Zavod za odgoj i obrazovanje osoba sa smetnjama u razvoju Tuzla\"],\"articleSection\":[\"Istaknuto\",\"Novosti\"],\"inLanguage\":\"bs-BA\"},{\"@type\":\"WebPage\",\"@id\":\"https:\/\/tuzlainfo.ba\/index.php\/novosti\/item\/297845-foto-kroz-igru-i-druzenje-djeca-u-tuzli-ucila-o-inkluziji-i-prihvatanju-razlicitosti\/\",\"url\":\"https:\/\/tuzlainfo.ba\/index.php\/novosti\/item\/297845-foto-kroz-igru-i-druzenje-djeca-u-tuzli-ucila-o-inkluziji-i-prihvatanju-razlicitosti\/\",\"name\":\"FOTO\/ Kroz igru i dru\u017eenje: Djeca u Tuzli u\u010dila o inkluziji i prihvatanju razli\u010ditosti - TuzlaInfo.ba\",\"isPartOf\":{\"@id\":\"https:\/\/tuzlainfo.ba\/#website\"},\"primaryImageOfPage\":{\"@id\":\"https:\/\/tuzlainfo.ba\/index.php\/novosti\/item\/297845-foto-kroz-igru-i-druzenje-djeca-u-tuzli-ucila-o-inkluziji-i-prihvatanju-razlicitosti\/#primaryimage\"},\"image\":{\"@id\":\"https:\/\/tuzlainfo.ba\/index.php\/novosti\/item\/297845-foto-kroz-igru-i-druzenje-djeca-u-tuzli-ucila-o-inkluziji-i-prihvatanju-razlicitosti\/#primaryimage\"},\"thumbnailUrl\":\"https:\/\/tuzlainfo.ba\/wp-content\/uploads\/2026\/03\/viber_slika_2026-03-19_15-26-36-609.jpg\",\"datePublished\":\"2026-03-19T17:05:36+00:00\",\"dateModified\":\"2026-03-19T21:36:20+00:00\",\"breadcrumb\":{\"@id\":\"https:\/\/tuzlainfo.ba\/index.php\/novosti\/item\/297845-foto-kroz-igru-i-druzenje-djeca-u-tuzli-ucila-o-inkluziji-i-prihvatanju-razlicitosti\/#breadcrumb\"},\"inLanguage\":\"bs-BA\",\"potentialAction\":[{\"@type\":\"ReadAction\",\"target\":[\"https:\/\/tuzlainfo.ba\/index.php\/novosti\/item\/297845-foto-kroz-igru-i-druzenje-djeca-u-tuzli-ucila-o-inkluziji-i-prihvatanju-razlicitosti\/\"]}]},{\"@type\":\"ImageObject\",\"inLanguage\":\"bs-BA\",\"@id\":\"https:\/\/tuzlainfo.ba\/index.php\/novosti\/item\/297845-foto-kroz-igru-i-druzenje-djeca-u-tuzli-ucila-o-inkluziji-i-prihvatanju-razlicitosti\/#primaryimage\",\"url\":\"https:\/\/tuzlainfo.ba\/wp-content\/uploads\/2026\/03\/viber_slika_2026-03-19_15-26-36-609.jpg\",\"contentUrl\":\"https:\/\/tuzlainfo.ba\/wp-content\/uploads\/2026\/03\/viber_slika_2026-03-19_15-26-36-609.jpg\",\"width\":2048,\"height\":1152},{\"@type\":\"BreadcrumbList\",\"@id\":\"https:\/\/tuzlainfo.ba\/index.php\/novosti\/item\/297845-foto-kroz-igru-i-druzenje-djeca-u-tuzli-ucila-o-inkluziji-i-prihvatanju-razlicitosti\/#breadcrumb\",\"itemListElement\":[{\"@type\":\"ListItem\",\"position\":1,\"name\":\"Home\",\"item\":\"https:\/\/tuzlainfo.ba\/\"},{\"@type\":\"ListItem\",\"position\":2,\"name\":\"FOTO\/ Kroz igru i dru\u017eenje: Djeca u Tuzli u\u010dila o inkluziji i prihvatanju razli\u010ditosti\"}]},{\"@type\":\"WebSite\",\"@id\":\"https:\/\/tuzlainfo.ba\/#website\",\"url\":\"https:\/\/tuzlainfo.ba\/\",\"name\":\"TuzlaInfo.ba\",\"description\":\"Tuzla info, gradski informator - Tuzla na dlanu\",\"publisher\":{\"@id\":\"https:\/\/tuzlainfo.ba\/#organization\"},\"potentialAction\":[{\"@type\":\"SearchAction\",\"target\":{\"@type\":\"EntryPoint\",\"urlTemplate\":\"https:\/\/tuzlainfo.ba\/?s={search_term_string}\"},\"query-input\":{\"@type\":\"PropertyValueSpecification\",\"valueRequired\":true,\"valueName\":\"search_term_string\"}}],\"inLanguage\":\"bs-BA\"},{\"@type\":\"Organization\",\"@id\":\"https:\/\/tuzlainfo.ba\/#organization\",\"name\":\"TuzlaInfo.ba\",\"url\":\"https:\/\/tuzlainfo.ba\/\",\"logo\":{\"@type\":\"ImageObject\",\"inLanguage\":\"bs-BA\",\"@id\":\"https:\/\/tuzlainfo.ba\/#\/schema\/logo\/image\/\",\"url\":\"https:\/\/tuzlainfo.ba\/wp-content\/uploads\/2021\/03\/logo-ver-3-1.png\",\"contentUrl\":\"https:\/\/tuzlainfo.ba\/wp-content\/uploads\/2021\/03\/logo-ver-3-1.png\",\"width\":350,\"height\":95,\"caption\":\"TuzlaInfo.ba\"},\"image\":{\"@id\":\"https:\/\/tuzlainfo.ba\/#\/schema\/logo\/image\/\"},\"sameAs\":[\"https:\/\/www.facebook.com\/tuzlainfo.ba\/\"]},{\"@type\":\"Person\",\"@id\":\"https:\/\/tuzlainfo.ba\/#\/schema\/person\/46cad4c57790cbc50781edd14870825a\",\"name\":\"Tuzla Info\",\"image\":{\"@type\":\"ImageObject\",\"inLanguage\":\"bs-BA\",\"@id\":\"https:\/\/tuzlainfo.ba\/#\/schema\/person\/image\/\",\"url\":\"https:\/\/tuzlainfo.ba\/wp-content\/litespeed\/avatar\/b6c453a6c38e3654f2e4416c643fc25c.jpg?ver=1777051911\",\"contentUrl\":\"https:\/\/tuzlainfo.ba\/wp-content\/litespeed\/avatar\/b6c453a6c38e3654f2e4416c643fc25c.jpg?ver=1777051911\",\"caption\":\"Tuzla Info\"}}]}<\/script>\n<!-- \/ Yoast SEO plugin. -->","yoast_head_json":{"title":"FOTO\/ Kroz igru i dru\u017eenje: Djeca u Tuzli u\u010dila o inkluziji i prihvatanju razli\u010ditosti - TuzlaInfo.ba","robots":{"index":"index","follow":"follow","max-snippet":"max-snippet:-1","max-image-preview":"max-image-preview:large","max-video-preview":"max-video-preview:-1"},"canonical":"https:\/\/tuzlainfo.ba\/index.php\/novosti\/item\/297845-foto-kroz-igru-i-druzenje-djeca-u-tuzli-ucila-o-inkluziji-i-prihvatanju-razlicitosti\/","og_locale":"bs_BA","og_type":"article","og_title":"FOTO\/ Kroz igru i dru\u017eenje: Djeca u Tuzli u\u010dila o inkluziji i prihvatanju razli\u010ditosti - TuzlaInfo.ba","og_description":"U Zavodu za odgoj i obrazovanje osoba sa smetnjama u psihi\u010dkom i tjelesnom razvoju u&hellip;","og_url":"https:\/\/tuzlainfo.ba\/index.php\/novosti\/item\/297845-foto-kroz-igru-i-druzenje-djeca-u-tuzli-ucila-o-inkluziji-i-prihvatanju-razlicitosti\/","og_site_name":"TuzlaInfo.ba","article_publisher":"https:\/\/www.facebook.com\/tuzlainfo.ba\/","article_published_time":"2026-03-19T17:05:36+00:00","article_modified_time":"2026-03-19T21:36:20+00:00","og_image":[{"width":2048,"height":1152,"url":"https:\/\/tuzlainfo.ba\/wp-content\/uploads\/2026\/03\/viber_slika_2026-03-19_15-26-36-609.jpg","type":"image\/jpeg"}],"author":"Tuzla Info","twitter_card":"summary_large_image","twitter_misc":{"Written by":"Tuzla Info","Est. reading time":"3 minute"},"schema":{"@context":"https:\/\/schema.org","@graph":[{"@type":"Article","@id":"https:\/\/tuzlainfo.ba\/index.php\/novosti\/item\/297845-foto-kroz-igru-i-druzenje-djeca-u-tuzli-ucila-o-inkluziji-i-prihvatanju-razlicitosti\/#article","isPartOf":{"@id":"https:\/\/tuzlainfo.ba\/index.php\/novosti\/item\/297845-foto-kroz-igru-i-druzenje-djeca-u-tuzli-ucila-o-inkluziji-i-prihvatanju-razlicitosti\/"},"author":{"name":"Tuzla Info","@id":"https:\/\/tuzlainfo.ba\/#\/schema\/person\/46cad4c57790cbc50781edd14870825a"},"headline":"FOTO\/ Kroz igru i dru\u017eenje: Djeca u Tuzli u\u010dila o inkluziji i prihvatanju razli\u010ditosti","datePublished":"2026-03-19T17:05:36+00:00","dateModified":"2026-03-19T21:36:20+00:00","mainEntityOfPage":{"@id":"https:\/\/tuzlainfo.ba\/index.php\/novosti\/item\/297845-foto-kroz-igru-i-druzenje-djeca-u-tuzli-ucila-o-inkluziji-i-prihvatanju-razlicitosti\/"},"wordCount":437,"publisher":{"@id":"https:\/\/tuzlainfo.ba\/#organization"},"image":{"@id":"https:\/\/tuzlainfo.ba\/index.php\/novosti\/item\/297845-foto-kroz-igru-i-druzenje-djeca-u-tuzli-ucila-o-inkluziji-i-prihvatanju-razlicitosti\/#primaryimage"},"thumbnailUrl":"https:\/\/tuzlainfo.ba\/wp-content\/uploads\/2026\/03\/viber_slika_2026-03-19_15-26-36-609.jpg","keywords":["Zavod za odgoj i obrazovanje osoba sa smetnjama u razvoju Tuzla"],"articleSection":["Istaknuto","Novosti"],"inLanguage":"bs-BA"},{"@type":"WebPage","@id":"https:\/\/tuzlainfo.ba\/index.php\/novosti\/item\/297845-foto-kroz-igru-i-druzenje-djeca-u-tuzli-ucila-o-inkluziji-i-prihvatanju-razlicitosti\/","url":"https:\/\/tuzlainfo.ba\/index.php\/novosti\/item\/297845-foto-kroz-igru-i-druzenje-djeca-u-tuzli-ucila-o-inkluziji-i-prihvatanju-razlicitosti\/","name":"FOTO\/ Kroz igru i dru\u017eenje: Djeca u Tuzli u\u010dila o inkluziji i prihvatanju razli\u010ditosti - TuzlaInfo.ba","isPartOf":{"@id":"https:\/\/tuzlainfo.ba\/#website"},"primaryImageOfPage":{"@id":"https:\/\/tuzlainfo.ba\/index.php\/novosti\/item\/297845-foto-kroz-igru-i-druzenje-djeca-u-tuzli-ucila-o-inkluziji-i-prihvatanju-razlicitosti\/#primaryimage"},"image":{"@id":"https:\/\/tuzlainfo.ba\/index.php\/novosti\/item\/297845-foto-kroz-igru-i-druzenje-djeca-u-tuzli-ucila-o-inkluziji-i-prihvatanju-razlicitosti\/#primaryimage"},"thumbnailUrl":"https:\/\/tuzlainfo.ba\/wp-content\/uploads\/2026\/03\/viber_slika_2026-03-19_15-26-36-609.jpg","datePublished":"2026-03-19T17:05:36+00:00","dateModified":"2026-03-19T21:36:20+00:00","breadcrumb":{"@id":"https:\/\/tuzlainfo.ba\/index.php\/novosti\/item\/297845-foto-kroz-igru-i-druzenje-djeca-u-tuzli-ucila-o-inkluziji-i-prihvatanju-razlicitosti\/#breadcrumb"},"inLanguage":"bs-BA","potentialAction":[{"@type":"ReadAction","target":["https:\/\/tuzlainfo.ba\/index.php\/novosti\/item\/297845-foto-kroz-igru-i-druzenje-djeca-u-tuzli-ucila-o-inkluziji-i-prihvatanju-razlicitosti\/"]}]},{"@type":"ImageObject","inLanguage":"bs-BA","@id":"https:\/\/tuzlainfo.ba\/index.php\/novosti\/item\/297845-foto-kroz-igru-i-druzenje-djeca-u-tuzli-ucila-o-inkluziji-i-prihvatanju-razlicitosti\/#primaryimage","url":"https:\/\/tuzlainfo.ba\/wp-content\/uploads\/2026\/03\/viber_slika_2026-03-19_15-26-36-609.jpg","contentUrl":"https:\/\/tuzlainfo.ba\/wp-content\/uploads\/2026\/03\/viber_slika_2026-03-19_15-26-36-609.jpg","width":2048,"height":1152},{"@type":"BreadcrumbList","@id":"https:\/\/tuzlainfo.ba\/index.php\/novosti\/item\/297845-foto-kroz-igru-i-druzenje-djeca-u-tuzli-ucila-o-inkluziji-i-prihvatanju-razlicitosti\/#breadcrumb","itemListElement":[{"@type":"ListItem","position":1,"name":"Home","item":"https:\/\/tuzlainfo.ba\/"},{"@type":"ListItem","position":2,"name":"FOTO\/ Kroz igru i dru\u017eenje: Djeca u Tuzli u\u010dila o inkluziji i prihvatanju razli\u010ditosti"}]},{"@type":"WebSite","@id":"https:\/\/tuzlainfo.ba\/#website","url":"https:\/\/tuzlainfo.ba\/","name":"TuzlaInfo.ba","description":"Tuzla info, gradski informator - Tuzla na dlanu","publisher":{"@id":"https:\/\/tuzlainfo.ba\/#organization"},"potentialAction":[{"@type":"SearchAction","target":{"@type":"EntryPoint","urlTemplate":"https:\/\/tuzlainfo.ba\/?s={search_term_string}"},"query-input":{"@type":"PropertyValueSpecification","valueRequired":true,"valueName":"search_term_string"}}],"inLanguage":"bs-BA"},{"@type":"Organization","@id":"https:\/\/tuzlainfo.ba\/#organization","name":"TuzlaInfo.ba","url":"https:\/\/tuzlainfo.ba\/","logo":{"@type":"ImageObject","inLanguage":"bs-BA","@id":"https:\/\/tuzlainfo.ba\/#\/schema\/logo\/image\/","url":"https:\/\/tuzlainfo.ba\/wp-content\/uploads\/2021\/03\/logo-ver-3-1.png","contentUrl":"https:\/\/tuzlainfo.ba\/wp-content\/uploads\/2021\/03\/logo-ver-3-1.png","width":350,"height":95,"caption":"TuzlaInfo.ba"},"image":{"@id":"https:\/\/tuzlainfo.ba\/#\/schema\/logo\/image\/"},"sameAs":["https:\/\/www.facebook.com\/tuzlainfo.ba\/"]},{"@type":"Person","@id":"https:\/\/tuzlainfo.ba\/#\/schema\/person\/46cad4c57790cbc50781edd14870825a","name":"Tuzla Info","image":{"@type":"ImageObject","inLanguage":"bs-BA","@id":"https:\/\/tuzlainfo.ba\/#\/schema\/person\/image\/","url":"https:\/\/tuzlainfo.ba\/wp-content\/litespeed\/avatar\/b6c453a6c38e3654f2e4416c643fc25c.jpg?ver=1777051911","contentUrl":"https:\/\/tuzlainfo.ba\/wp-content\/litespeed\/avatar\/b6c453a6c38e3654f2e4416c643fc25c.jpg?ver=1777051911","caption":"Tuzla Info"}}]}},"_links":{"self":[{"href":"https:\/\/tuzlainfo.ba\/index.php\/wp-json\/wp\/v2\/posts\/297845"}],"collection":[{"href":"https:\/\/tuzlainfo.ba\/index.php\/wp-json\/wp\/v2\/posts"}],"about":[{"href":"https:\/\/tuzlainfo.ba\/index.php\/wp-json\/wp\/v2\/types\/post"}],"author":[{"embeddable":true,"href":"https:\/\/tuzlainfo.ba\/index.php\/wp-json\/wp\/v2\/users\/4"}],"replies":[{"embeddable":true,"href":"https:\/\/tuzlainfo.ba\/index.php\/wp-json\/wp\/v2\/comments?post=297845"}],"version-history":[{"count":2,"href":"https:\/\/tuzlainfo.ba\/index.php\/wp-json\/wp\/v2\/posts\/297845\/revisions"}],"predecessor-version":[{"id":297903,"href":"https:\/\/tuzlainfo.ba\/index.php\/wp-json\/wp\/v2\/posts\/297845\/revisions\/297903"}],"wp:featuredmedia":[{"embeddable":true,"href":"https:\/\/tuzlainfo.ba\/index.php\/wp-json\/wp\/v2\/media\/297849"}],"wp:attachment":[{"href":"https:\/\/tuzlainfo.ba\/index.php\/wp-json\/wp\/v2\/media?parent=297845"}],"wp:term":[{"taxonomy":"category","embeddable":true,"href":"https:\/\/tuzlainfo.ba\/index.php\/wp-json\/wp\/v2\/categories?post=297845"},{"taxonomy":"post_tag","embeddable":true,"href":"https:\/\/tuzlainfo.ba\/index.php\/wp-json\/wp\/v2\/tags?post=297845"}],"curies":[{"name":"wp","href":"https:\/\/api.w.org\/{rel}","templated":true}]}}