{"id":297836,"date":"2026-03-19T15:07:27","date_gmt":"2026-03-19T14:07:27","guid":{"rendered":"https:\/\/tuzlainfo.ba\/?p=297836"},"modified":"2026-03-19T14:51:50","modified_gmt":"2026-03-19T13:51:50","slug":"bajramske-zelje-pretvorene-u-osmijehe-zajednicka-akcija-vrtica-kiki-obradovala-sticenike-doma","status":"publish","type":"post","link":"https:\/\/tuzlainfo.ba\/index.php\/novosti\/item\/297836-bajramske-zelje-pretvorene-u-osmijehe-zajednicka-akcija-vrtica-kiki-obradovala-sticenike-doma\/","title":{"rendered":"Bajramske \u017eelje pretvorene u osmijehe: Zajedni\u010dka akcija Vrti\u0107a \u201eKiki\u201c obradovala \u0161ti\u0107enike Doma"},"content":{"rendered":"<p>Djeca, roditelji i uposlenici Vrti\u0107a \u201eKiki\u201c udru\u017eili su snage s jednim ciljem, da ispune bajramske \u017eelje \u0161ti\u0107enicima Doma za djecu bez roditeljskog staranja u Tuzli.<\/p>\n<p>Akcija je zapo\u010dela na jednostavan, ali sna\u017ean na\u010din: svako dijete iz Doma napisalo je svoju \u017eelju. Upravo te \u017eelje bile su vodilja roditeljima koji su zajedno sa svojom djecom, ali i zaposlenicima i upravom vrti\u0107a, pristupili njihovom ispunjavanju.<\/p>\n<p>Rezultat ove inicijative je blizu 140 pripremljenih paketa, u kojima su se na\u0161le i male i velike \u017eelje. Paketi su danas uru\u010deni \u0161ti\u0107enicima Doma, a reakcije djece pokazale su pravi smisao ove pri\u010de.<\/p>\n<p>Odu\u0161evljenje i iskrena radost, kako isti\u010du organizatori, te\u0161ko se mogu opisati rije\u010dima, ali upravo su ti trenuci bili krajnji cilj cijele akcije, da svako dijete Bajram do\u010deka sa poklonom koji je samo po\u017eeljelo.<\/p>\n<p>Iz Vrti\u0107a \u201eKiki\u201c uputili su zahvalnost svim roditeljima koji su zajedno sa svojom djecom u\u010destvovali u pripremi paketa, kao i uposlenicima ustanove. Posebna zahvalnost upu\u0107ena je i djelatnicima Doma, koji su prikupili \u017eelje djece i pomogli u realizaciji ove, za mnoge mali\u0161ane, nezaboravne bajramske pri\u010de. \/Tuzlainfo.ba\/<\/p>\n","protected":false},"excerpt":{"rendered":"<p>Djeca, roditelji i uposlenici Vrti\u0107a \u201eKiki\u201c udru\u017eili su snage s jednim ciljem, da ispune bajramske&hellip;<\/p>\n","protected":false},"author":4,"featured_media":297837,"comment_status":"closed","ping_status":"closed","sticky":false,"template":"","format":"standard","meta":{"_acf_changed":false,"footnotes":""},"categories":[304,12],"tags":[6881,13645],"acf":[],"yoast_head":"<!-- This site is optimized with the Yoast SEO plugin v23.5 - https:\/\/yoast.com\/wordpress\/plugins\/seo\/ -->\n<title>Bajramske \u017eelje pretvorene u osmijehe: Zajedni\u010dka akcija Vrti\u0107a \u201eKiki\u201c obradovala \u0161ti\u0107enike Doma - TuzlaInfo.ba<\/title>\n<meta name=\"robots\" content=\"index, follow, max-snippet:-1, max-image-preview:large, max-video-preview:-1\" \/>\n<link rel=\"canonical\" href=\"https:\/\/tuzlainfo.ba\/index.php\/novosti\/item\/297836-bajramske-zelje-pretvorene-u-osmijehe-zajednicka-akcija-vrtica-kiki-obradovala-sticenike-doma\/\" \/>\n<meta property=\"og:locale\" content=\"bs_BA\" \/>\n<meta property=\"og:type\" content=\"article\" \/>\n<meta property=\"og:title\" content=\"Bajramske \u017eelje pretvorene u osmijehe: Zajedni\u010dka akcija Vrti\u0107a \u201eKiki\u201c obradovala \u0161ti\u0107enike Doma - TuzlaInfo.ba\" \/>\n<meta property=\"og:description\" content=\"Djeca, roditelji i uposlenici Vrti\u0107a \u201eKiki\u201c udru\u017eili su snage s jednim ciljem, da ispune bajramske&hellip;\" \/>\n<meta property=\"og:url\" content=\"https:\/\/tuzlainfo.ba\/index.php\/novosti\/item\/297836-bajramske-zelje-pretvorene-u-osmijehe-zajednicka-akcija-vrtica-kiki-obradovala-sticenike-doma\/\" \/>\n<meta property=\"og:site_name\" content=\"TuzlaInfo.ba\" \/>\n<meta property=\"article:publisher\" content=\"https:\/\/www.facebook.com\/tuzlainfo.ba\/\" \/>\n<meta property=\"article:published_time\" content=\"2026-03-19T14:07:27+00:00\" \/>\n<meta property=\"article:modified_time\" content=\"2026-03-19T13:51:50+00:00\" \/>\n<meta property=\"og:image\" content=\"https:\/\/tuzlainfo.ba\/wp-content\/uploads\/2026\/03\/653900833_1827961774932175_2468218847326411873_n.jpg\" \/>\n\t<meta property=\"og:image:width\" content=\"1440\" \/>\n\t<meta property=\"og:image:height\" content=\"1245\" \/>\n\t<meta property=\"og:image:type\" content=\"image\/jpeg\" \/>\n<meta name=\"author\" content=\"Tuzla Info\" \/>\n<meta name=\"twitter:card\" content=\"summary_large_image\" \/>\n<meta name=\"twitter:label1\" content=\"Written by\" \/>\n\t<meta name=\"twitter:data1\" content=\"Tuzla Info\" \/>\n\t<meta name=\"twitter:label2\" content=\"Est. reading time\" \/>\n\t<meta name=\"twitter:data2\" content=\"2 minute\" \/>\n<script type=\"application\/ld+json\" class=\"yoast-schema-graph\">{\"@context\":\"https:\/\/schema.org\",\"@graph\":[{\"@type\":\"Article\",\"@id\":\"https:\/\/tuzlainfo.ba\/index.php\/novosti\/item\/297836-bajramske-zelje-pretvorene-u-osmijehe-zajednicka-akcija-vrtica-kiki-obradovala-sticenike-doma\/#article\",\"isPartOf\":{\"@id\":\"https:\/\/tuzlainfo.ba\/index.php\/novosti\/item\/297836-bajramske-zelje-pretvorene-u-osmijehe-zajednicka-akcija-vrtica-kiki-obradovala-sticenike-doma\/\"},\"author\":{\"name\":\"Tuzla Info\",\"@id\":\"https:\/\/tuzlainfo.ba\/#\/schema\/person\/46cad4c57790cbc50781edd14870825a\"},\"headline\":\"Bajramske \u017eelje pretvorene u osmijehe: Zajedni\u010dka akcija Vrti\u0107a \u201eKiki\u201c obradovala \u0161ti\u0107enike Doma\",\"datePublished\":\"2026-03-19T14:07:27+00:00\",\"dateModified\":\"2026-03-19T13:51:50+00:00\",\"mainEntityOfPage\":{\"@id\":\"https:\/\/tuzlainfo.ba\/index.php\/novosti\/item\/297836-bajramske-zelje-pretvorene-u-osmijehe-zajednicka-akcija-vrtica-kiki-obradovala-sticenike-doma\/\"},\"wordCount\":212,\"publisher\":{\"@id\":\"https:\/\/tuzlainfo.ba\/#organization\"},\"image\":{\"@id\":\"https:\/\/tuzlainfo.ba\/index.php\/novosti\/item\/297836-bajramske-zelje-pretvorene-u-osmijehe-zajednicka-akcija-vrtica-kiki-obradovala-sticenike-doma\/#primaryimage\"},\"thumbnailUrl\":\"https:\/\/tuzlainfo.ba\/wp-content\/uploads\/2026\/03\/653900833_1827961774932175_2468218847326411873_n.jpg\",\"keywords\":[\"JU Dom za djecu bez roditeljskog staranja Tuzla\",\"kiki\"],\"articleSection\":[\"Istaknuto\",\"Novosti\"],\"inLanguage\":\"bs-BA\"},{\"@type\":\"WebPage\",\"@id\":\"https:\/\/tuzlainfo.ba\/index.php\/novosti\/item\/297836-bajramske-zelje-pretvorene-u-osmijehe-zajednicka-akcija-vrtica-kiki-obradovala-sticenike-doma\/\",\"url\":\"https:\/\/tuzlainfo.ba\/index.php\/novosti\/item\/297836-bajramske-zelje-pretvorene-u-osmijehe-zajednicka-akcija-vrtica-kiki-obradovala-sticenike-doma\/\",\"name\":\"Bajramske \u017eelje pretvorene u osmijehe: Zajedni\u010dka akcija Vrti\u0107a \u201eKiki\u201c obradovala \u0161ti\u0107enike Doma - TuzlaInfo.ba\",\"isPartOf\":{\"@id\":\"https:\/\/tuzlainfo.ba\/#website\"},\"primaryImageOfPage\":{\"@id\":\"https:\/\/tuzlainfo.ba\/index.php\/novosti\/item\/297836-bajramske-zelje-pretvorene-u-osmijehe-zajednicka-akcija-vrtica-kiki-obradovala-sticenike-doma\/#primaryimage\"},\"image\":{\"@id\":\"https:\/\/tuzlainfo.ba\/index.php\/novosti\/item\/297836-bajramske-zelje-pretvorene-u-osmijehe-zajednicka-akcija-vrtica-kiki-obradovala-sticenike-doma\/#primaryimage\"},\"thumbnailUrl\":\"https:\/\/tuzlainfo.ba\/wp-content\/uploads\/2026\/03\/653900833_1827961774932175_2468218847326411873_n.jpg\",\"datePublished\":\"2026-03-19T14:07:27+00:00\",\"dateModified\":\"2026-03-19T13:51:50+00:00\",\"breadcrumb\":{\"@id\":\"https:\/\/tuzlainfo.ba\/index.php\/novosti\/item\/297836-bajramske-zelje-pretvorene-u-osmijehe-zajednicka-akcija-vrtica-kiki-obradovala-sticenike-doma\/#breadcrumb\"},\"inLanguage\":\"bs-BA\",\"potentialAction\":[{\"@type\":\"ReadAction\",\"target\":[\"https:\/\/tuzlainfo.ba\/index.php\/novosti\/item\/297836-bajramske-zelje-pretvorene-u-osmijehe-zajednicka-akcija-vrtica-kiki-obradovala-sticenike-doma\/\"]}]},{\"@type\":\"ImageObject\",\"inLanguage\":\"bs-BA\",\"@id\":\"https:\/\/tuzlainfo.ba\/index.php\/novosti\/item\/297836-bajramske-zelje-pretvorene-u-osmijehe-zajednicka-akcija-vrtica-kiki-obradovala-sticenike-doma\/#primaryimage\",\"url\":\"https:\/\/tuzlainfo.ba\/wp-content\/uploads\/2026\/03\/653900833_1827961774932175_2468218847326411873_n.jpg\",\"contentUrl\":\"https:\/\/tuzlainfo.ba\/wp-content\/uploads\/2026\/03\/653900833_1827961774932175_2468218847326411873_n.jpg\",\"width\":1440,\"height\":1245},{\"@type\":\"BreadcrumbList\",\"@id\":\"https:\/\/tuzlainfo.ba\/index.php\/novosti\/item\/297836-bajramske-zelje-pretvorene-u-osmijehe-zajednicka-akcija-vrtica-kiki-obradovala-sticenike-doma\/#breadcrumb\",\"itemListElement\":[{\"@type\":\"ListItem\",\"position\":1,\"name\":\"Home\",\"item\":\"https:\/\/tuzlainfo.ba\/\"},{\"@type\":\"ListItem\",\"position\":2,\"name\":\"Bajramske \u017eelje pretvorene u osmijehe: Zajedni\u010dka akcija Vrti\u0107a \u201eKiki\u201c obradovala \u0161ti\u0107enike Doma\"}]},{\"@type\":\"WebSite\",\"@id\":\"https:\/\/tuzlainfo.ba\/#website\",\"url\":\"https:\/\/tuzlainfo.ba\/\",\"name\":\"TuzlaInfo.ba\",\"description\":\"Tuzla info, gradski informator - Tuzla na dlanu\",\"publisher\":{\"@id\":\"https:\/\/tuzlainfo.ba\/#organization\"},\"potentialAction\":[{\"@type\":\"SearchAction\",\"target\":{\"@type\":\"EntryPoint\",\"urlTemplate\":\"https:\/\/tuzlainfo.ba\/?s={search_term_string}\"},\"query-input\":{\"@type\":\"PropertyValueSpecification\",\"valueRequired\":true,\"valueName\":\"search_term_string\"}}],\"inLanguage\":\"bs-BA\"},{\"@type\":\"Organization\",\"@id\":\"https:\/\/tuzlainfo.ba\/#organization\",\"name\":\"TuzlaInfo.ba\",\"url\":\"https:\/\/tuzlainfo.ba\/\",\"logo\":{\"@type\":\"ImageObject\",\"inLanguage\":\"bs-BA\",\"@id\":\"https:\/\/tuzlainfo.ba\/#\/schema\/logo\/image\/\",\"url\":\"https:\/\/tuzlainfo.ba\/wp-content\/uploads\/2021\/03\/logo-ver-3-1.png\",\"contentUrl\":\"https:\/\/tuzlainfo.ba\/wp-content\/uploads\/2021\/03\/logo-ver-3-1.png\",\"width\":350,\"height\":95,\"caption\":\"TuzlaInfo.ba\"},\"image\":{\"@id\":\"https:\/\/tuzlainfo.ba\/#\/schema\/logo\/image\/\"},\"sameAs\":[\"https:\/\/www.facebook.com\/tuzlainfo.ba\/\"]},{\"@type\":\"Person\",\"@id\":\"https:\/\/tuzlainfo.ba\/#\/schema\/person\/46cad4c57790cbc50781edd14870825a\",\"name\":\"Tuzla Info\",\"image\":{\"@type\":\"ImageObject\",\"inLanguage\":\"bs-BA\",\"@id\":\"https:\/\/tuzlainfo.ba\/#\/schema\/person\/image\/\",\"url\":\"https:\/\/tuzlainfo.ba\/wp-content\/litespeed\/avatar\/b6c453a6c38e3654f2e4416c643fc25c.jpg?ver=1777051911\",\"contentUrl\":\"https:\/\/tuzlainfo.ba\/wp-content\/litespeed\/avatar\/b6c453a6c38e3654f2e4416c643fc25c.jpg?ver=1777051911\",\"caption\":\"Tuzla Info\"}}]}<\/script>\n<!-- \/ Yoast SEO plugin. -->","yoast_head_json":{"title":"Bajramske \u017eelje pretvorene u osmijehe: Zajedni\u010dka akcija Vrti\u0107a \u201eKiki\u201c obradovala \u0161ti\u0107enike Doma - TuzlaInfo.ba","robots":{"index":"index","follow":"follow","max-snippet":"max-snippet:-1","max-image-preview":"max-image-preview:large","max-video-preview":"max-video-preview:-1"},"canonical":"https:\/\/tuzlainfo.ba\/index.php\/novosti\/item\/297836-bajramske-zelje-pretvorene-u-osmijehe-zajednicka-akcija-vrtica-kiki-obradovala-sticenike-doma\/","og_locale":"bs_BA","og_type":"article","og_title":"Bajramske \u017eelje pretvorene u osmijehe: Zajedni\u010dka akcija Vrti\u0107a \u201eKiki\u201c obradovala \u0161ti\u0107enike Doma - TuzlaInfo.ba","og_description":"Djeca, roditelji i uposlenici Vrti\u0107a \u201eKiki\u201c udru\u017eili su snage s jednim ciljem, da ispune bajramske&hellip;","og_url":"https:\/\/tuzlainfo.ba\/index.php\/novosti\/item\/297836-bajramske-zelje-pretvorene-u-osmijehe-zajednicka-akcija-vrtica-kiki-obradovala-sticenike-doma\/","og_site_name":"TuzlaInfo.ba","article_publisher":"https:\/\/www.facebook.com\/tuzlainfo.ba\/","article_published_time":"2026-03-19T14:07:27+00:00","article_modified_time":"2026-03-19T13:51:50+00:00","og_image":[{"width":1440,"height":1245,"url":"https:\/\/tuzlainfo.ba\/wp-content\/uploads\/2026\/03\/653900833_1827961774932175_2468218847326411873_n.jpg","type":"image\/jpeg"}],"author":"Tuzla Info","twitter_card":"summary_large_image","twitter_misc":{"Written by":"Tuzla Info","Est. reading time":"2 minute"},"schema":{"@context":"https:\/\/schema.org","@graph":[{"@type":"Article","@id":"https:\/\/tuzlainfo.ba\/index.php\/novosti\/item\/297836-bajramske-zelje-pretvorene-u-osmijehe-zajednicka-akcija-vrtica-kiki-obradovala-sticenike-doma\/#article","isPartOf":{"@id":"https:\/\/tuzlainfo.ba\/index.php\/novosti\/item\/297836-bajramske-zelje-pretvorene-u-osmijehe-zajednicka-akcija-vrtica-kiki-obradovala-sticenike-doma\/"},"author":{"name":"Tuzla Info","@id":"https:\/\/tuzlainfo.ba\/#\/schema\/person\/46cad4c57790cbc50781edd14870825a"},"headline":"Bajramske \u017eelje pretvorene u osmijehe: Zajedni\u010dka akcija Vrti\u0107a \u201eKiki\u201c obradovala \u0161ti\u0107enike Doma","datePublished":"2026-03-19T14:07:27+00:00","dateModified":"2026-03-19T13:51:50+00:00","mainEntityOfPage":{"@id":"https:\/\/tuzlainfo.ba\/index.php\/novosti\/item\/297836-bajramske-zelje-pretvorene-u-osmijehe-zajednicka-akcija-vrtica-kiki-obradovala-sticenike-doma\/"},"wordCount":212,"publisher":{"@id":"https:\/\/tuzlainfo.ba\/#organization"},"image":{"@id":"https:\/\/tuzlainfo.ba\/index.php\/novosti\/item\/297836-bajramske-zelje-pretvorene-u-osmijehe-zajednicka-akcija-vrtica-kiki-obradovala-sticenike-doma\/#primaryimage"},"thumbnailUrl":"https:\/\/tuzlainfo.ba\/wp-content\/uploads\/2026\/03\/653900833_1827961774932175_2468218847326411873_n.jpg","keywords":["JU Dom za djecu bez roditeljskog staranja Tuzla","kiki"],"articleSection":["Istaknuto","Novosti"],"inLanguage":"bs-BA"},{"@type":"WebPage","@id":"https:\/\/tuzlainfo.ba\/index.php\/novosti\/item\/297836-bajramske-zelje-pretvorene-u-osmijehe-zajednicka-akcija-vrtica-kiki-obradovala-sticenike-doma\/","url":"https:\/\/tuzlainfo.ba\/index.php\/novosti\/item\/297836-bajramske-zelje-pretvorene-u-osmijehe-zajednicka-akcija-vrtica-kiki-obradovala-sticenike-doma\/","name":"Bajramske \u017eelje pretvorene u osmijehe: Zajedni\u010dka akcija Vrti\u0107a \u201eKiki\u201c obradovala \u0161ti\u0107enike Doma - TuzlaInfo.ba","isPartOf":{"@id":"https:\/\/tuzlainfo.ba\/#website"},"primaryImageOfPage":{"@id":"https:\/\/tuzlainfo.ba\/index.php\/novosti\/item\/297836-bajramske-zelje-pretvorene-u-osmijehe-zajednicka-akcija-vrtica-kiki-obradovala-sticenike-doma\/#primaryimage"},"image":{"@id":"https:\/\/tuzlainfo.ba\/index.php\/novosti\/item\/297836-bajramske-zelje-pretvorene-u-osmijehe-zajednicka-akcija-vrtica-kiki-obradovala-sticenike-doma\/#primaryimage"},"thumbnailUrl":"https:\/\/tuzlainfo.ba\/wp-content\/uploads\/2026\/03\/653900833_1827961774932175_2468218847326411873_n.jpg","datePublished":"2026-03-19T14:07:27+00:00","dateModified":"2026-03-19T13:51:50+00:00","breadcrumb":{"@id":"https:\/\/tuzlainfo.ba\/index.php\/novosti\/item\/297836-bajramske-zelje-pretvorene-u-osmijehe-zajednicka-akcija-vrtica-kiki-obradovala-sticenike-doma\/#breadcrumb"},"inLanguage":"bs-BA","potentialAction":[{"@type":"ReadAction","target":["https:\/\/tuzlainfo.ba\/index.php\/novosti\/item\/297836-bajramske-zelje-pretvorene-u-osmijehe-zajednicka-akcija-vrtica-kiki-obradovala-sticenike-doma\/"]}]},{"@type":"ImageObject","inLanguage":"bs-BA","@id":"https:\/\/tuzlainfo.ba\/index.php\/novosti\/item\/297836-bajramske-zelje-pretvorene-u-osmijehe-zajednicka-akcija-vrtica-kiki-obradovala-sticenike-doma\/#primaryimage","url":"https:\/\/tuzlainfo.ba\/wp-content\/uploads\/2026\/03\/653900833_1827961774932175_2468218847326411873_n.jpg","contentUrl":"https:\/\/tuzlainfo.ba\/wp-content\/uploads\/2026\/03\/653900833_1827961774932175_2468218847326411873_n.jpg","width":1440,"height":1245},{"@type":"BreadcrumbList","@id":"https:\/\/tuzlainfo.ba\/index.php\/novosti\/item\/297836-bajramske-zelje-pretvorene-u-osmijehe-zajednicka-akcija-vrtica-kiki-obradovala-sticenike-doma\/#breadcrumb","itemListElement":[{"@type":"ListItem","position":1,"name":"Home","item":"https:\/\/tuzlainfo.ba\/"},{"@type":"ListItem","position":2,"name":"Bajramske \u017eelje pretvorene u osmijehe: Zajedni\u010dka akcija Vrti\u0107a \u201eKiki\u201c obradovala \u0161ti\u0107enike Doma"}]},{"@type":"WebSite","@id":"https:\/\/tuzlainfo.ba\/#website","url":"https:\/\/tuzlainfo.ba\/","name":"TuzlaInfo.ba","description":"Tuzla info, gradski informator - Tuzla na dlanu","publisher":{"@id":"https:\/\/tuzlainfo.ba\/#organization"},"potentialAction":[{"@type":"SearchAction","target":{"@type":"EntryPoint","urlTemplate":"https:\/\/tuzlainfo.ba\/?s={search_term_string}"},"query-input":{"@type":"PropertyValueSpecification","valueRequired":true,"valueName":"search_term_string"}}],"inLanguage":"bs-BA"},{"@type":"Organization","@id":"https:\/\/tuzlainfo.ba\/#organization","name":"TuzlaInfo.ba","url":"https:\/\/tuzlainfo.ba\/","logo":{"@type":"ImageObject","inLanguage":"bs-BA","@id":"https:\/\/tuzlainfo.ba\/#\/schema\/logo\/image\/","url":"https:\/\/tuzlainfo.ba\/wp-content\/uploads\/2021\/03\/logo-ver-3-1.png","contentUrl":"https:\/\/tuzlainfo.ba\/wp-content\/uploads\/2021\/03\/logo-ver-3-1.png","width":350,"height":95,"caption":"TuzlaInfo.ba"},"image":{"@id":"https:\/\/tuzlainfo.ba\/#\/schema\/logo\/image\/"},"sameAs":["https:\/\/www.facebook.com\/tuzlainfo.ba\/"]},{"@type":"Person","@id":"https:\/\/tuzlainfo.ba\/#\/schema\/person\/46cad4c57790cbc50781edd14870825a","name":"Tuzla Info","image":{"@type":"ImageObject","inLanguage":"bs-BA","@id":"https:\/\/tuzlainfo.ba\/#\/schema\/person\/image\/","url":"https:\/\/tuzlainfo.ba\/wp-content\/litespeed\/avatar\/b6c453a6c38e3654f2e4416c643fc25c.jpg?ver=1777051911","contentUrl":"https:\/\/tuzlainfo.ba\/wp-content\/litespeed\/avatar\/b6c453a6c38e3654f2e4416c643fc25c.jpg?ver=1777051911","caption":"Tuzla Info"}}]}},"_links":{"self":[{"href":"https:\/\/tuzlainfo.ba\/index.php\/wp-json\/wp\/v2\/posts\/297836"}],"collection":[{"href":"https:\/\/tuzlainfo.ba\/index.php\/wp-json\/wp\/v2\/posts"}],"about":[{"href":"https:\/\/tuzlainfo.ba\/index.php\/wp-json\/wp\/v2\/types\/post"}],"author":[{"embeddable":true,"href":"https:\/\/tuzlainfo.ba\/index.php\/wp-json\/wp\/v2\/users\/4"}],"replies":[{"embeddable":true,"href":"https:\/\/tuzlainfo.ba\/index.php\/wp-json\/wp\/v2\/comments?post=297836"}],"version-history":[{"count":2,"href":"https:\/\/tuzlainfo.ba\/index.php\/wp-json\/wp\/v2\/posts\/297836\/revisions"}],"predecessor-version":[{"id":297840,"href":"https:\/\/tuzlainfo.ba\/index.php\/wp-json\/wp\/v2\/posts\/297836\/revisions\/297840"}],"wp:featuredmedia":[{"embeddable":true,"href":"https:\/\/tuzlainfo.ba\/index.php\/wp-json\/wp\/v2\/media\/297837"}],"wp:attachment":[{"href":"https:\/\/tuzlainfo.ba\/index.php\/wp-json\/wp\/v2\/media?parent=297836"}],"wp:term":[{"taxonomy":"category","embeddable":true,"href":"https:\/\/tuzlainfo.ba\/index.php\/wp-json\/wp\/v2\/categories?post=297836"},{"taxonomy":"post_tag","embeddable":true,"href":"https:\/\/tuzlainfo.ba\/index.php\/wp-json\/wp\/v2\/tags?post=297836"}],"curies":[{"name":"wp","href":"https:\/\/api.w.org\/{rel}","templated":true}]}}