{"id":297827,"date":"2026-03-20T13:07:25","date_gmt":"2026-03-20T12:07:25","guid":{"rendered":"https:\/\/tuzlainfo.ba\/?p=297827"},"modified":"2026-03-19T14:34:19","modified_gmt":"2026-03-19T13:34:19","slug":"objavljen-javni-konkurs-za-projekte-zastite-okolisa-u-tuzlanskom-kantonu","status":"publish","type":"post","link":"https:\/\/tuzlainfo.ba\/index.php\/novosti\/item\/297827-objavljen-javni-konkurs-za-projekte-zastite-okolisa-u-tuzlanskom-kantonu\/","title":{"rendered":"Objavljen Javni konkurs za projekte za\u0161tite okoli\u0161a u Tuzlanskom kantonu"},"content":{"rendered":"<p data-start=\"162\" data-end=\"549\">Ministarstvo prostornog ure\u0111enja i za\u0161tite okolice Tuzlanskog kantona raspisalo je javni konkurs za dodjelu sredstava neprofitnim organizacijama za sufinansiranje odobrenih me\u0111unarodnih projekata usmjerenih na za\u0161titu i unapre\u0111enje okoli\u0161a. Konkurs je raspisan u skladu sa Zakonom o izvr\u0161enju bud\u017eeta TK za 2026. godinu i Programom raspodjele namjenskih sredstava od ekolo\u0161kih naknada.<\/p>\n<p data-start=\"551\" data-end=\"774\">Predmet konkursa obuhvata projekte u nekoliko klju\u010dnih oblasti: provedbu energetskih programa, unapre\u0111enje i izgradnju infrastrukture za za\u0161titu okoli\u0161a te poticanje istra\u017eiva\u010dkih, razvojnih studija, programa i projekata.<\/p>\n<p data-start=\"776\" data-end=\"979\">Prijave se prikupljaju prema utvr\u0111enim uvjetima i kriterijima, a sredstva su namijenjena ja\u010danju inicijativa koje doprinose za\u0161titi okoli\u0161a i implementaciji me\u0111unarodnih projekata u Tuzlanskom kantonu.<\/p>\n<p data-start=\"776\" data-end=\"979\">Detalji su dostupni <a href=\"https:\/\/www.vladatk.kim.ba\/clanak\/javni-konkurs-za-dodjelu-sredstava-neprofitnim-organizacijama-za-sufinasiranje-odobrenih-medunarodnih-projekata\">OVDJE<\/a><\/p>\n","protected":false},"excerpt":{"rendered":"<p>Ministarstvo prostornog ure\u0111enja i za\u0161tite okolice Tuzlanskog kantona raspisalo je javni konkurs za dodjelu sredstava&hellip;<\/p>\n","protected":false},"author":4,"featured_media":66390,"comment_status":"closed","ping_status":"closed","sticky":false,"template":"","format":"standard","meta":{"_acf_changed":false,"footnotes":""},"categories":[12],"tags":[527,4030],"acf":[],"yoast_head":"<!-- This site is optimized with the Yoast SEO plugin v23.5 - https:\/\/yoast.com\/wordpress\/plugins\/seo\/ -->\n<title>Objavljen Javni konkurs za projekte za\u0161tite okoli\u0161a u Tuzlanskom kantonu - TuzlaInfo.ba<\/title>\n<meta name=\"robots\" content=\"index, follow, max-snippet:-1, max-image-preview:large, max-video-preview:-1\" \/>\n<link rel=\"canonical\" href=\"https:\/\/tuzlainfo.ba\/index.php\/novosti\/item\/297827-objavljen-javni-konkurs-za-projekte-zastite-okolisa-u-tuzlanskom-kantonu\/\" \/>\n<meta property=\"og:locale\" content=\"bs_BA\" \/>\n<meta property=\"og:type\" content=\"article\" \/>\n<meta property=\"og:title\" content=\"Objavljen Javni konkurs za projekte za\u0161tite okoli\u0161a u Tuzlanskom kantonu - TuzlaInfo.ba\" \/>\n<meta property=\"og:description\" content=\"Ministarstvo prostornog ure\u0111enja i za\u0161tite okolice Tuzlanskog kantona raspisalo je javni konkurs za dodjelu sredstava&hellip;\" \/>\n<meta property=\"og:url\" content=\"https:\/\/tuzlainfo.ba\/index.php\/novosti\/item\/297827-objavljen-javni-konkurs-za-projekte-zastite-okolisa-u-tuzlanskom-kantonu\/\" \/>\n<meta property=\"og:site_name\" content=\"TuzlaInfo.ba\" \/>\n<meta property=\"article:publisher\" content=\"https:\/\/www.facebook.com\/tuzlainfo.ba\/\" \/>\n<meta property=\"article:published_time\" content=\"2026-03-20T12:07:25+00:00\" \/>\n<meta property=\"article:modified_time\" content=\"2026-03-19T13:34:19+00:00\" \/>\n<meta property=\"og:image\" content=\"https:\/\/tuzlainfo.ba\/wp-content\/uploads\/2018\/12\/sadrzaj_2018_20181201_1812_tuzla-smog.jpg\" \/>\n\t<meta property=\"og:image:width\" content=\"770\" \/>\n\t<meta property=\"og:image:height\" content=\"478\" \/>\n\t<meta property=\"og:image:type\" content=\"image\/jpeg\" \/>\n<meta name=\"author\" content=\"Tuzla Info\" \/>\n<meta name=\"twitter:card\" content=\"summary_large_image\" \/>\n<meta name=\"twitter:label1\" content=\"Written by\" \/>\n\t<meta name=\"twitter:data1\" content=\"Tuzla Info\" \/>\n\t<meta name=\"twitter:label2\" content=\"Est. reading time\" \/>\n\t<meta name=\"twitter:data2\" content=\"1 minuta\" \/>\n<script type=\"application\/ld+json\" class=\"yoast-schema-graph\">{\"@context\":\"https:\/\/schema.org\",\"@graph\":[{\"@type\":\"Article\",\"@id\":\"https:\/\/tuzlainfo.ba\/index.php\/novosti\/item\/297827-objavljen-javni-konkurs-za-projekte-zastite-okolisa-u-tuzlanskom-kantonu\/#article\",\"isPartOf\":{\"@id\":\"https:\/\/tuzlainfo.ba\/index.php\/novosti\/item\/297827-objavljen-javni-konkurs-za-projekte-zastite-okolisa-u-tuzlanskom-kantonu\/\"},\"author\":{\"name\":\"Tuzla Info\",\"@id\":\"https:\/\/tuzlainfo.ba\/#\/schema\/person\/46cad4c57790cbc50781edd14870825a\"},\"headline\":\"Objavljen Javni konkurs za projekte za\u0161tite okoli\u0161a u Tuzlanskom kantonu\",\"datePublished\":\"2026-03-20T12:07:25+00:00\",\"dateModified\":\"2026-03-19T13:34:19+00:00\",\"mainEntityOfPage\":{\"@id\":\"https:\/\/tuzlainfo.ba\/index.php\/novosti\/item\/297827-objavljen-javni-konkurs-za-projekte-zastite-okolisa-u-tuzlanskom-kantonu\/\"},\"wordCount\":136,\"publisher\":{\"@id\":\"https:\/\/tuzlainfo.ba\/#organization\"},\"image\":{\"@id\":\"https:\/\/tuzlainfo.ba\/index.php\/novosti\/item\/297827-objavljen-javni-konkurs-za-projekte-zastite-okolisa-u-tuzlanskom-kantonu\/#primaryimage\"},\"thumbnailUrl\":\"https:\/\/tuzlainfo.ba\/wp-content\/uploads\/2018\/12\/sadrzaj_2018_20181201_1812_tuzla-smog.jpg\",\"keywords\":[\"tk\",\"za\u0161tita okoli\u0161a\"],\"articleSection\":[\"Novosti\"],\"inLanguage\":\"bs-BA\"},{\"@type\":\"WebPage\",\"@id\":\"https:\/\/tuzlainfo.ba\/index.php\/novosti\/item\/297827-objavljen-javni-konkurs-za-projekte-zastite-okolisa-u-tuzlanskom-kantonu\/\",\"url\":\"https:\/\/tuzlainfo.ba\/index.php\/novosti\/item\/297827-objavljen-javni-konkurs-za-projekte-zastite-okolisa-u-tuzlanskom-kantonu\/\",\"name\":\"Objavljen Javni konkurs za projekte za\u0161tite okoli\u0161a u Tuzlanskom kantonu - TuzlaInfo.ba\",\"isPartOf\":{\"@id\":\"https:\/\/tuzlainfo.ba\/#website\"},\"primaryImageOfPage\":{\"@id\":\"https:\/\/tuzlainfo.ba\/index.php\/novosti\/item\/297827-objavljen-javni-konkurs-za-projekte-zastite-okolisa-u-tuzlanskom-kantonu\/#primaryimage\"},\"image\":{\"@id\":\"https:\/\/tuzlainfo.ba\/index.php\/novosti\/item\/297827-objavljen-javni-konkurs-za-projekte-zastite-okolisa-u-tuzlanskom-kantonu\/#primaryimage\"},\"thumbnailUrl\":\"https:\/\/tuzlainfo.ba\/wp-content\/uploads\/2018\/12\/sadrzaj_2018_20181201_1812_tuzla-smog.jpg\",\"datePublished\":\"2026-03-20T12:07:25+00:00\",\"dateModified\":\"2026-03-19T13:34:19+00:00\",\"breadcrumb\":{\"@id\":\"https:\/\/tuzlainfo.ba\/index.php\/novosti\/item\/297827-objavljen-javni-konkurs-za-projekte-zastite-okolisa-u-tuzlanskom-kantonu\/#breadcrumb\"},\"inLanguage\":\"bs-BA\",\"potentialAction\":[{\"@type\":\"ReadAction\",\"target\":[\"https:\/\/tuzlainfo.ba\/index.php\/novosti\/item\/297827-objavljen-javni-konkurs-za-projekte-zastite-okolisa-u-tuzlanskom-kantonu\/\"]}]},{\"@type\":\"ImageObject\",\"inLanguage\":\"bs-BA\",\"@id\":\"https:\/\/tuzlainfo.ba\/index.php\/novosti\/item\/297827-objavljen-javni-konkurs-za-projekte-zastite-okolisa-u-tuzlanskom-kantonu\/#primaryimage\",\"url\":\"https:\/\/tuzlainfo.ba\/wp-content\/uploads\/2018\/12\/sadrzaj_2018_20181201_1812_tuzla-smog.jpg\",\"contentUrl\":\"https:\/\/tuzlainfo.ba\/wp-content\/uploads\/2018\/12\/sadrzaj_2018_20181201_1812_tuzla-smog.jpg\",\"width\":770,\"height\":478,\"caption\":\"1812 tuzla smog\"},{\"@type\":\"BreadcrumbList\",\"@id\":\"https:\/\/tuzlainfo.ba\/index.php\/novosti\/item\/297827-objavljen-javni-konkurs-za-projekte-zastite-okolisa-u-tuzlanskom-kantonu\/#breadcrumb\",\"itemListElement\":[{\"@type\":\"ListItem\",\"position\":1,\"name\":\"Home\",\"item\":\"https:\/\/tuzlainfo.ba\/\"},{\"@type\":\"ListItem\",\"position\":2,\"name\":\"Objavljen Javni konkurs za projekte za\u0161tite okoli\u0161a u Tuzlanskom kantonu\"}]},{\"@type\":\"WebSite\",\"@id\":\"https:\/\/tuzlainfo.ba\/#website\",\"url\":\"https:\/\/tuzlainfo.ba\/\",\"name\":\"TuzlaInfo.ba\",\"description\":\"Tuzla info, gradski informator - Tuzla na dlanu\",\"publisher\":{\"@id\":\"https:\/\/tuzlainfo.ba\/#organization\"},\"potentialAction\":[{\"@type\":\"SearchAction\",\"target\":{\"@type\":\"EntryPoint\",\"urlTemplate\":\"https:\/\/tuzlainfo.ba\/?s={search_term_string}\"},\"query-input\":{\"@type\":\"PropertyValueSpecification\",\"valueRequired\":true,\"valueName\":\"search_term_string\"}}],\"inLanguage\":\"bs-BA\"},{\"@type\":\"Organization\",\"@id\":\"https:\/\/tuzlainfo.ba\/#organization\",\"name\":\"TuzlaInfo.ba\",\"url\":\"https:\/\/tuzlainfo.ba\/\",\"logo\":{\"@type\":\"ImageObject\",\"inLanguage\":\"bs-BA\",\"@id\":\"https:\/\/tuzlainfo.ba\/#\/schema\/logo\/image\/\",\"url\":\"https:\/\/tuzlainfo.ba\/wp-content\/uploads\/2021\/03\/logo-ver-3-1.png\",\"contentUrl\":\"https:\/\/tuzlainfo.ba\/wp-content\/uploads\/2021\/03\/logo-ver-3-1.png\",\"width\":350,\"height\":95,\"caption\":\"TuzlaInfo.ba\"},\"image\":{\"@id\":\"https:\/\/tuzlainfo.ba\/#\/schema\/logo\/image\/\"},\"sameAs\":[\"https:\/\/www.facebook.com\/tuzlainfo.ba\/\"]},{\"@type\":\"Person\",\"@id\":\"https:\/\/tuzlainfo.ba\/#\/schema\/person\/46cad4c57790cbc50781edd14870825a\",\"name\":\"Tuzla Info\",\"image\":{\"@type\":\"ImageObject\",\"inLanguage\":\"bs-BA\",\"@id\":\"https:\/\/tuzlainfo.ba\/#\/schema\/person\/image\/\",\"url\":\"https:\/\/tuzlainfo.ba\/wp-content\/litespeed\/avatar\/b6c453a6c38e3654f2e4416c643fc25c.jpg?ver=1777656712\",\"contentUrl\":\"https:\/\/tuzlainfo.ba\/wp-content\/litespeed\/avatar\/b6c453a6c38e3654f2e4416c643fc25c.jpg?ver=1777656712\",\"caption\":\"Tuzla Info\"}}]}<\/script>\n<!-- \/ Yoast SEO plugin. -->","yoast_head_json":{"title":"Objavljen Javni konkurs za projekte za\u0161tite okoli\u0161a u Tuzlanskom kantonu - TuzlaInfo.ba","robots":{"index":"index","follow":"follow","max-snippet":"max-snippet:-1","max-image-preview":"max-image-preview:large","max-video-preview":"max-video-preview:-1"},"canonical":"https:\/\/tuzlainfo.ba\/index.php\/novosti\/item\/297827-objavljen-javni-konkurs-za-projekte-zastite-okolisa-u-tuzlanskom-kantonu\/","og_locale":"bs_BA","og_type":"article","og_title":"Objavljen Javni konkurs za projekte za\u0161tite okoli\u0161a u Tuzlanskom kantonu - TuzlaInfo.ba","og_description":"Ministarstvo prostornog ure\u0111enja i za\u0161tite okolice Tuzlanskog kantona raspisalo je javni konkurs za dodjelu sredstava&hellip;","og_url":"https:\/\/tuzlainfo.ba\/index.php\/novosti\/item\/297827-objavljen-javni-konkurs-za-projekte-zastite-okolisa-u-tuzlanskom-kantonu\/","og_site_name":"TuzlaInfo.ba","article_publisher":"https:\/\/www.facebook.com\/tuzlainfo.ba\/","article_published_time":"2026-03-20T12:07:25+00:00","article_modified_time":"2026-03-19T13:34:19+00:00","og_image":[{"width":770,"height":478,"url":"https:\/\/tuzlainfo.ba\/wp-content\/uploads\/2018\/12\/sadrzaj_2018_20181201_1812_tuzla-smog.jpg","type":"image\/jpeg"}],"author":"Tuzla Info","twitter_card":"summary_large_image","twitter_misc":{"Written by":"Tuzla Info","Est. reading time":"1 minuta"},"schema":{"@context":"https:\/\/schema.org","@graph":[{"@type":"Article","@id":"https:\/\/tuzlainfo.ba\/index.php\/novosti\/item\/297827-objavljen-javni-konkurs-za-projekte-zastite-okolisa-u-tuzlanskom-kantonu\/#article","isPartOf":{"@id":"https:\/\/tuzlainfo.ba\/index.php\/novosti\/item\/297827-objavljen-javni-konkurs-za-projekte-zastite-okolisa-u-tuzlanskom-kantonu\/"},"author":{"name":"Tuzla Info","@id":"https:\/\/tuzlainfo.ba\/#\/schema\/person\/46cad4c57790cbc50781edd14870825a"},"headline":"Objavljen Javni konkurs za projekte za\u0161tite okoli\u0161a u Tuzlanskom kantonu","datePublished":"2026-03-20T12:07:25+00:00","dateModified":"2026-03-19T13:34:19+00:00","mainEntityOfPage":{"@id":"https:\/\/tuzlainfo.ba\/index.php\/novosti\/item\/297827-objavljen-javni-konkurs-za-projekte-zastite-okolisa-u-tuzlanskom-kantonu\/"},"wordCount":136,"publisher":{"@id":"https:\/\/tuzlainfo.ba\/#organization"},"image":{"@id":"https:\/\/tuzlainfo.ba\/index.php\/novosti\/item\/297827-objavljen-javni-konkurs-za-projekte-zastite-okolisa-u-tuzlanskom-kantonu\/#primaryimage"},"thumbnailUrl":"https:\/\/tuzlainfo.ba\/wp-content\/uploads\/2018\/12\/sadrzaj_2018_20181201_1812_tuzla-smog.jpg","keywords":["tk","za\u0161tita okoli\u0161a"],"articleSection":["Novosti"],"inLanguage":"bs-BA"},{"@type":"WebPage","@id":"https:\/\/tuzlainfo.ba\/index.php\/novosti\/item\/297827-objavljen-javni-konkurs-za-projekte-zastite-okolisa-u-tuzlanskom-kantonu\/","url":"https:\/\/tuzlainfo.ba\/index.php\/novosti\/item\/297827-objavljen-javni-konkurs-za-projekte-zastite-okolisa-u-tuzlanskom-kantonu\/","name":"Objavljen Javni konkurs za projekte za\u0161tite okoli\u0161a u Tuzlanskom kantonu - TuzlaInfo.ba","isPartOf":{"@id":"https:\/\/tuzlainfo.ba\/#website"},"primaryImageOfPage":{"@id":"https:\/\/tuzlainfo.ba\/index.php\/novosti\/item\/297827-objavljen-javni-konkurs-za-projekte-zastite-okolisa-u-tuzlanskom-kantonu\/#primaryimage"},"image":{"@id":"https:\/\/tuzlainfo.ba\/index.php\/novosti\/item\/297827-objavljen-javni-konkurs-za-projekte-zastite-okolisa-u-tuzlanskom-kantonu\/#primaryimage"},"thumbnailUrl":"https:\/\/tuzlainfo.ba\/wp-content\/uploads\/2018\/12\/sadrzaj_2018_20181201_1812_tuzla-smog.jpg","datePublished":"2026-03-20T12:07:25+00:00","dateModified":"2026-03-19T13:34:19+00:00","breadcrumb":{"@id":"https:\/\/tuzlainfo.ba\/index.php\/novosti\/item\/297827-objavljen-javni-konkurs-za-projekte-zastite-okolisa-u-tuzlanskom-kantonu\/#breadcrumb"},"inLanguage":"bs-BA","potentialAction":[{"@type":"ReadAction","target":["https:\/\/tuzlainfo.ba\/index.php\/novosti\/item\/297827-objavljen-javni-konkurs-za-projekte-zastite-okolisa-u-tuzlanskom-kantonu\/"]}]},{"@type":"ImageObject","inLanguage":"bs-BA","@id":"https:\/\/tuzlainfo.ba\/index.php\/novosti\/item\/297827-objavljen-javni-konkurs-za-projekte-zastite-okolisa-u-tuzlanskom-kantonu\/#primaryimage","url":"https:\/\/tuzlainfo.ba\/wp-content\/uploads\/2018\/12\/sadrzaj_2018_20181201_1812_tuzla-smog.jpg","contentUrl":"https:\/\/tuzlainfo.ba\/wp-content\/uploads\/2018\/12\/sadrzaj_2018_20181201_1812_tuzla-smog.jpg","width":770,"height":478,"caption":"1812 tuzla smog"},{"@type":"BreadcrumbList","@id":"https:\/\/tuzlainfo.ba\/index.php\/novosti\/item\/297827-objavljen-javni-konkurs-za-projekte-zastite-okolisa-u-tuzlanskom-kantonu\/#breadcrumb","itemListElement":[{"@type":"ListItem","position":1,"name":"Home","item":"https:\/\/tuzlainfo.ba\/"},{"@type":"ListItem","position":2,"name":"Objavljen Javni konkurs za projekte za\u0161tite okoli\u0161a u Tuzlanskom kantonu"}]},{"@type":"WebSite","@id":"https:\/\/tuzlainfo.ba\/#website","url":"https:\/\/tuzlainfo.ba\/","name":"TuzlaInfo.ba","description":"Tuzla info, gradski informator - Tuzla na dlanu","publisher":{"@id":"https:\/\/tuzlainfo.ba\/#organization"},"potentialAction":[{"@type":"SearchAction","target":{"@type":"EntryPoint","urlTemplate":"https:\/\/tuzlainfo.ba\/?s={search_term_string}"},"query-input":{"@type":"PropertyValueSpecification","valueRequired":true,"valueName":"search_term_string"}}],"inLanguage":"bs-BA"},{"@type":"Organization","@id":"https:\/\/tuzlainfo.ba\/#organization","name":"TuzlaInfo.ba","url":"https:\/\/tuzlainfo.ba\/","logo":{"@type":"ImageObject","inLanguage":"bs-BA","@id":"https:\/\/tuzlainfo.ba\/#\/schema\/logo\/image\/","url":"https:\/\/tuzlainfo.ba\/wp-content\/uploads\/2021\/03\/logo-ver-3-1.png","contentUrl":"https:\/\/tuzlainfo.ba\/wp-content\/uploads\/2021\/03\/logo-ver-3-1.png","width":350,"height":95,"caption":"TuzlaInfo.ba"},"image":{"@id":"https:\/\/tuzlainfo.ba\/#\/schema\/logo\/image\/"},"sameAs":["https:\/\/www.facebook.com\/tuzlainfo.ba\/"]},{"@type":"Person","@id":"https:\/\/tuzlainfo.ba\/#\/schema\/person\/46cad4c57790cbc50781edd14870825a","name":"Tuzla Info","image":{"@type":"ImageObject","inLanguage":"bs-BA","@id":"https:\/\/tuzlainfo.ba\/#\/schema\/person\/image\/","url":"https:\/\/tuzlainfo.ba\/wp-content\/litespeed\/avatar\/b6c453a6c38e3654f2e4416c643fc25c.jpg?ver=1777656712","contentUrl":"https:\/\/tuzlainfo.ba\/wp-content\/litespeed\/avatar\/b6c453a6c38e3654f2e4416c643fc25c.jpg?ver=1777656712","caption":"Tuzla Info"}}]}},"_links":{"self":[{"href":"https:\/\/tuzlainfo.ba\/index.php\/wp-json\/wp\/v2\/posts\/297827"}],"collection":[{"href":"https:\/\/tuzlainfo.ba\/index.php\/wp-json\/wp\/v2\/posts"}],"about":[{"href":"https:\/\/tuzlainfo.ba\/index.php\/wp-json\/wp\/v2\/types\/post"}],"author":[{"embeddable":true,"href":"https:\/\/tuzlainfo.ba\/index.php\/wp-json\/wp\/v2\/users\/4"}],"replies":[{"embeddable":true,"href":"https:\/\/tuzlainfo.ba\/index.php\/wp-json\/wp\/v2\/comments?post=297827"}],"version-history":[{"count":1,"href":"https:\/\/tuzlainfo.ba\/index.php\/wp-json\/wp\/v2\/posts\/297827\/revisions"}],"predecessor-version":[{"id":297830,"href":"https:\/\/tuzlainfo.ba\/index.php\/wp-json\/wp\/v2\/posts\/297827\/revisions\/297830"}],"wp:featuredmedia":[{"embeddable":true,"href":"https:\/\/tuzlainfo.ba\/index.php\/wp-json\/wp\/v2\/media\/66390"}],"wp:attachment":[{"href":"https:\/\/tuzlainfo.ba\/index.php\/wp-json\/wp\/v2\/media?parent=297827"}],"wp:term":[{"taxonomy":"category","embeddable":true,"href":"https:\/\/tuzlainfo.ba\/index.php\/wp-json\/wp\/v2\/categories?post=297827"},{"taxonomy":"post_tag","embeddable":true,"href":"https:\/\/tuzlainfo.ba\/index.php\/wp-json\/wp\/v2\/tags?post=297827"}],"curies":[{"name":"wp","href":"https:\/\/api.w.org\/{rel}","templated":true}]}}