{"id":297687,"date":"2026-03-21T11:12:09","date_gmt":"2026-03-21T10:12:09","guid":{"rendered":"https:\/\/tuzlainfo.ba\/?p=297687"},"modified":"2026-03-21T11:13:21","modified_gmt":"2026-03-21T10:13:21","slug":"stize-li-pojeftinjenje-omiljenog-napitka-cijene-kafe-bi-uskoro-mogle-pasti","status":"publish","type":"post","link":"https:\/\/tuzlainfo.ba\/index.php\/bosna-i-hercegovina\/item\/297687-stize-li-pojeftinjenje-omiljenog-napitka-cijene-kafe-bi-uskoro-mogle-pasti\/","title":{"rendered":"Sti\u017ee li pojeftinjenje omiljenog napitka, cijene kafe bi uskoro mogle pasti"},"content":{"rendered":"<p>Cijene kafe mogle bi u narednim mjesecima krenuti silaznom putanjom na svjetskom tr\u017ei\u0161tu, smatraju pojedini stru\u010dnjaci iz ove industrije, koji povla\u010de paralelu s nedavnim kretanjima na tr\u017ei\u0161tu kakaa. Iako bi takvo pojeftinjenje kafe sigurno obradovalo i gra\u0111ane Bosne i Hercegovine, gdje je ovaj proizvod ve\u0107 mjesecima me\u0111u skupljima na policama trgovina, ostaje otvoreno pitanje ho\u0107e li se eventualni pad cijena osjetiti i u doma\u0107im prodavnicama.<\/p>\n<p>Tema mogu\u0107eg zaokreta na tr\u017ei\u0161tu bila je u fokusu pro\u0161losedmi\u010dne godi\u0161nje konvencije Nacionalne asocijacije za kafu u Tampi na Floridi, prenosi Reuters. Pojedini analiti\u010dari smatraju da bi kafa mogla pro\u0107i sli\u010dan scenarij kao kakao, \u010dije su cijene nakon rekordnog rasta do\u017eivjele nagli pad.<\/p>\n<p>\u201cBila bih \u0161okirana da se to ne dogodi\u201d, izjavila je Carley Garner, vi\u0161a strateginja za robu u DeCarley Tradingu, podru\u017enici kompanije Zaner, dodaju\u0107i da je \u201ckafa zapravo novi kakao\u201d.<\/p>\n<p>Podsjetimo, cijene kakaa u New Yorku dosegnule su rekord u decembru 2024. godine, kada su prema\u0161ile 12.000 dolara po toni, ponajvi\u0161e zbog lo\u0161ih vremenskih uslova u zemljama proizvo\u0111a\u010dima koji su smanjili ponudu. Ve\u0107 godinu kasnije uslijedio je sna\u017ean pad, ve\u0107i od 70 posto, jer su potro\u0161a\u010di po\u010deli manje kupovati luksuznu \u010dokoladu.<\/p>\n<p>Sli\u010dan obrazac, prema mi\u0161ljenju stru\u010dnjaka, mogao bi se dogoditi i kada je rije\u010d o kafi. Arabika je u prethodnom periodu osjetno poskupjela zbog nepovoljnih vremenskih prilika i trgovinskih poreme\u0107aja izazvanih ameri\u010dkim tarifama. Ipak, o\u010dekivani oporavak proizvodnje u Brazilu ve\u0107 je utjecao na pad cijena ove godine.<\/p>\n<p>Garner procjenjuje da bi cijena kafe do kraja godine mogla pasti na dva dolara po funti, dok analiti\u010dar kompanije Avere Commodities Digby Beatson-Hird o\u010dekuje jo\u0161 izra\u017eeniji pad, na 1,80 dolara po funti.<\/p>\n<p>Iako ove prognoze bude nadu me\u0111u potro\u0161a\u010dima, pojeftinjenje kafe u Bosni i Hercegovini zasad je te\u0161ko sa sigurno\u0161\u0107u o\u010dekivati. Dosada\u0161nja praksa pokazuje da doma\u0107e tr\u017ei\u0161te \u010desto sporo reaguje kada na svjetskom nivou do\u0111e do pada cijena sirovina. Kao jedan od primjera \u010desto se navodi gorivo, koje u BiH brzo poskupi kada rastu cijene nafte, dok se na pojeftinjenje nakon pada cijena na svjetskom tr\u017ei\u0161tu obi\u010dno \u010deka znatno du\u017ee.<\/p>\n<p>Zbog toga \u0107e gra\u0111ani BiH vijesti o mogu\u0107em pojeftinjenju kafe sigurno do\u010dekati s velikim interesom, ali i s dozom opreza, svjesni da kretanja na svjetskom tr\u017ei\u0161tu ne zna\u010de nu\u017eno i br\u017ee ni\u017ee cijene u doma\u0107im trgovinama.<\/p>\n","protected":false},"excerpt":{"rendered":"<p>Cijene kafe mogle bi u narednim mjesecima krenuti silaznom putanjom na svjetskom tr\u017ei\u0161tu, smatraju pojedini stru\u010dnjaci iz ove industrije, koji povla\u010de paralelu s nedavnim kretanjima na tr\u017ei\u0161tu kakaa. Iako bi takvo pojeftinjenje kafe sigurno obradovalo i gra\u0111ane Bosne i Hercegovine, gdje je ovaj proizvod ve\u0107 mjesecima me\u0111u skupljima na policama trgovina, ostaje otvoreno pitanje ho\u0107e [&hellip;]<\/p>\n","protected":false},"author":8,"featured_media":257022,"comment_status":"closed","ping_status":"closed","sticky":false,"template":"","format":"standard","meta":{"footnotes":""},"categories":[291],"tags":[11851,2817],"class_list":["post-297687","post","type-post","status-publish","format-standard","has-post-thumbnail","hentry","category-bosna-i-hercegovina","tag-cijena","tag-kafa"],"yoast_head":"<!-- This site is optimized with the Yoast SEO plugin v28.3 - https:\/\/yoast.com\/product\/yoast-seo-wordpress\/ -->\n<title>Sti\u017ee li pojeftinjenje omiljenog napitka, cijene kafe bi uskoro mogle pasti<\/title>\n<meta name=\"robots\" content=\"index, follow, max-snippet:-1, max-image-preview:large, max-video-preview:-1\" \/>\n<link rel=\"canonical\" href=\"https:\/\/tuzlainfo.ba\/index.php\/bosna-i-hercegovina\/item\/297687-stize-li-pojeftinjenje-omiljenog-napitka-cijene-kafe-bi-uskoro-mogle-pasti\/\" \/>\n<meta property=\"og:locale\" content=\"bs_BA\" \/>\n<meta property=\"og:type\" content=\"article\" \/>\n<meta property=\"og:title\" content=\"Sti\u017ee li pojeftinjenje omiljenog napitka, cijene kafe bi uskoro mogle pasti\" \/>\n<meta property=\"og:description\" content=\"Cijene kafe mogle bi u narednim mjesecima krenuti silaznom putanjom na svjetskom tr\u017ei\u0161tu, smatraju pojedini stru\u010dnjaci iz ove industrije, koji povla\u010de paralelu s nedavnim kretanjima na tr\u017ei\u0161tu kakaa. Iako bi takvo pojeftinjenje kafe sigurno obradovalo i gra\u0111ane Bosne i Hercegovine, gdje je ovaj proizvod ve\u0107 mjesecima me\u0111u skupljima na policama trgovina, ostaje otvoreno pitanje ho\u0107e [&hellip;]\" \/>\n<meta property=\"og:url\" content=\"https:\/\/tuzlainfo.ba\/index.php\/bosna-i-hercegovina\/item\/297687-stize-li-pojeftinjenje-omiljenog-napitka-cijene-kafe-bi-uskoro-mogle-pasti\/\" \/>\n<meta property=\"og:site_name\" content=\"TuzlaInfo.ba\" \/>\n<meta property=\"article:publisher\" content=\"https:\/\/www.facebook.com\/tuzlainfo.ba\/\" \/>\n<meta property=\"article:published_time\" content=\"2026-03-21T10:12:09+00:00\" \/>\n<meta property=\"article:modified_time\" content=\"2026-03-21T10:13:21+00:00\" \/>\n<meta property=\"og:image\" content=\"https:\/\/tuzlainfo.ba\/wp-content\/uploads\/2024\/12\/0412_kafa.jpg\" \/>\n\t<meta property=\"og:image:width\" content=\"1000\" \/>\n\t<meta property=\"og:image:height\" content=\"638\" \/>\n\t<meta property=\"og:image:type\" content=\"image\/jpeg\" \/>\n<meta name=\"author\" content=\"Admin Tri\" \/>\n<meta name=\"twitter:card\" content=\"summary_large_image\" \/>\n<meta name=\"twitter:label1\" content=\"Written by\" \/>\n\t<meta name=\"twitter:data1\" content=\"Admin Tri\" \/>\n\t<meta name=\"twitter:label2\" content=\"Est. reading time\" \/>\n\t<meta name=\"twitter:data2\" content=\"3 minute\" \/>\n<script type=\"application\/ld+json\" class=\"yoast-schema-graph\">{\"@context\":\"https:\\\/\\\/schema.org\",\"@graph\":[{\"@type\":\"Article\",\"@id\":\"https:\\\/\\\/tuzlainfo.ba\\\/index.php\\\/bosna-i-hercegovina\\\/item\\\/297687-stize-li-pojeftinjenje-omiljenog-napitka-cijene-kafe-bi-uskoro-mogle-pasti\\\/#article\",\"isPartOf\":{\"@id\":\"https:\\\/\\\/tuzlainfo.ba\\\/index.php\\\/bosna-i-hercegovina\\\/item\\\/297687-stize-li-pojeftinjenje-omiljenog-napitka-cijene-kafe-bi-uskoro-mogle-pasti\\\/\"},\"author\":{\"name\":\"Admin Tri\",\"@id\":\"https:\\\/\\\/tuzlainfo.ba\\\/#\\\/schema\\\/person\\\/593e78a2f6378c5ba3e7600ecfa4e63a\"},\"headline\":\"Sti\u017ee li pojeftinjenje omiljenog napitka, cijene kafe bi uskoro mogle pasti\",\"datePublished\":\"2026-03-21T10:12:09+00:00\",\"dateModified\":\"2026-03-21T10:13:21+00:00\",\"mainEntityOfPage\":{\"@id\":\"https:\\\/\\\/tuzlainfo.ba\\\/index.php\\\/bosna-i-hercegovina\\\/item\\\/297687-stize-li-pojeftinjenje-omiljenog-napitka-cijene-kafe-bi-uskoro-mogle-pasti\\\/\"},\"wordCount\":445,\"publisher\":{\"@id\":\"https:\\\/\\\/tuzlainfo.ba\\\/#organization\"},\"image\":{\"@id\":\"https:\\\/\\\/tuzlainfo.ba\\\/index.php\\\/bosna-i-hercegovina\\\/item\\\/297687-stize-li-pojeftinjenje-omiljenog-napitka-cijene-kafe-bi-uskoro-mogle-pasti\\\/#primaryimage\"},\"thumbnailUrl\":\"https:\\\/\\\/tuzlainfo.ba\\\/wp-content\\\/uploads\\\/2024\\\/12\\\/0412_kafa.jpg\",\"keywords\":[\"cijena\",\"kafa\"],\"articleSection\":[\"Bosna i Hercegovina\"],\"inLanguage\":\"bs-BA\",\"copyrightYear\":\"2026\",\"copyrightHolder\":{\"@id\":\"https:\\\/\\\/tuzlainfo.ba\\\/#organization\"}},{\"@type\":\"WebPage\",\"@id\":\"https:\\\/\\\/tuzlainfo.ba\\\/index.php\\\/bosna-i-hercegovina\\\/item\\\/297687-stize-li-pojeftinjenje-omiljenog-napitka-cijene-kafe-bi-uskoro-mogle-pasti\\\/\",\"url\":\"https:\\\/\\\/tuzlainfo.ba\\\/index.php\\\/bosna-i-hercegovina\\\/item\\\/297687-stize-li-pojeftinjenje-omiljenog-napitka-cijene-kafe-bi-uskoro-mogle-pasti\\\/\",\"name\":\"Sti\u017ee li pojeftinjenje omiljenog napitka, cijene kafe bi uskoro mogle pasti\",\"isPartOf\":{\"@id\":\"https:\\\/\\\/tuzlainfo.ba\\\/#website\"},\"primaryImageOfPage\":{\"@id\":\"https:\\\/\\\/tuzlainfo.ba\\\/index.php\\\/bosna-i-hercegovina\\\/item\\\/297687-stize-li-pojeftinjenje-omiljenog-napitka-cijene-kafe-bi-uskoro-mogle-pasti\\\/#primaryimage\"},\"image\":{\"@id\":\"https:\\\/\\\/tuzlainfo.ba\\\/index.php\\\/bosna-i-hercegovina\\\/item\\\/297687-stize-li-pojeftinjenje-omiljenog-napitka-cijene-kafe-bi-uskoro-mogle-pasti\\\/#primaryimage\"},\"thumbnailUrl\":\"https:\\\/\\\/tuzlainfo.ba\\\/wp-content\\\/uploads\\\/2024\\\/12\\\/0412_kafa.jpg\",\"datePublished\":\"2026-03-21T10:12:09+00:00\",\"dateModified\":\"2026-03-21T10:13:21+00:00\",\"breadcrumb\":{\"@id\":\"https:\\\/\\\/tuzlainfo.ba\\\/index.php\\\/bosna-i-hercegovina\\\/item\\\/297687-stize-li-pojeftinjenje-omiljenog-napitka-cijene-kafe-bi-uskoro-mogle-pasti\\\/#breadcrumb\"},\"inLanguage\":\"bs-BA\",\"potentialAction\":[{\"@type\":\"ReadAction\",\"target\":[\"https:\\\/\\\/tuzlainfo.ba\\\/index.php\\\/bosna-i-hercegovina\\\/item\\\/297687-stize-li-pojeftinjenje-omiljenog-napitka-cijene-kafe-bi-uskoro-mogle-pasti\\\/\"]}]},{\"@type\":\"ImageObject\",\"inLanguage\":\"bs-BA\",\"@id\":\"https:\\\/\\\/tuzlainfo.ba\\\/index.php\\\/bosna-i-hercegovina\\\/item\\\/297687-stize-li-pojeftinjenje-omiljenog-napitka-cijene-kafe-bi-uskoro-mogle-pasti\\\/#primaryimage\",\"url\":\"https:\\\/\\\/tuzlainfo.ba\\\/wp-content\\\/uploads\\\/2024\\\/12\\\/0412_kafa.jpg\",\"contentUrl\":\"https:\\\/\\\/tuzlainfo.ba\\\/wp-content\\\/uploads\\\/2024\\\/12\\\/0412_kafa.jpg\",\"width\":1000,\"height\":638},{\"@type\":\"BreadcrumbList\",\"@id\":\"https:\\\/\\\/tuzlainfo.ba\\\/index.php\\\/bosna-i-hercegovina\\\/item\\\/297687-stize-li-pojeftinjenje-omiljenog-napitka-cijene-kafe-bi-uskoro-mogle-pasti\\\/#breadcrumb\",\"itemListElement\":[{\"@type\":\"ListItem\",\"position\":1,\"name\":\"Home\",\"item\":\"https:\\\/\\\/tuzlainfo.ba\\\/\"},{\"@type\":\"ListItem\",\"position\":2,\"name\":\"Sti\u017ee li pojeftinjenje omiljenog napitka, cijene kafe bi uskoro mogle pasti\"}]},{\"@type\":\"WebSite\",\"@id\":\"https:\\\/\\\/tuzlainfo.ba\\\/#website\",\"url\":\"https:\\\/\\\/tuzlainfo.ba\\\/\",\"name\":\"TuzlaInfo.ba\",\"description\":\"Tuzla info, gradski informator - Tuzla na dlanu\",\"publisher\":{\"@id\":\"https:\\\/\\\/tuzlainfo.ba\\\/#organization\"},\"potentialAction\":[{\"@type\":\"SearchAction\",\"target\":{\"@type\":\"EntryPoint\",\"urlTemplate\":\"https:\\\/\\\/tuzlainfo.ba\\\/?s={search_term_string}\"},\"query-input\":{\"@type\":\"PropertyValueSpecification\",\"valueRequired\":true,\"valueName\":\"search_term_string\"}}],\"inLanguage\":\"bs-BA\"},{\"@type\":\"Organization\",\"@id\":\"https:\\\/\\\/tuzlainfo.ba\\\/#organization\",\"name\":\"TuzlaInfo.ba\",\"url\":\"https:\\\/\\\/tuzlainfo.ba\\\/\",\"logo\":{\"@type\":\"ImageObject\",\"inLanguage\":\"bs-BA\",\"@id\":\"https:\\\/\\\/tuzlainfo.ba\\\/#\\\/schema\\\/logo\\\/image\\\/\",\"url\":\"https:\\\/\\\/tuzlainfo.ba\\\/wp-content\\\/uploads\\\/2021\\\/03\\\/logo-ver-3-1.png\",\"contentUrl\":\"https:\\\/\\\/tuzlainfo.ba\\\/wp-content\\\/uploads\\\/2021\\\/03\\\/logo-ver-3-1.png\",\"width\":350,\"height\":95,\"caption\":\"TuzlaInfo.ba\"},\"image\":{\"@id\":\"https:\\\/\\\/tuzlainfo.ba\\\/#\\\/schema\\\/logo\\\/image\\\/\"},\"sameAs\":[\"https:\\\/\\\/www.facebook.com\\\/tuzlainfo.ba\\\/\"]},{\"@type\":\"Person\",\"@id\":\"https:\\\/\\\/tuzlainfo.ba\\\/#\\\/schema\\\/person\\\/593e78a2f6378c5ba3e7600ecfa4e63a\",\"name\":\"Admin Tri\",\"image\":{\"@type\":\"ImageObject\",\"inLanguage\":\"bs-BA\",\"@id\":\"https:\\\/\\\/secure.gravatar.com\\\/avatar\\\/b53a7f47acc7a09467757d8b2234cc38fa334b13599376e53104c0036b528ca1?s=96&d=mm&r=g\",\"url\":\"https:\\\/\\\/secure.gravatar.com\\\/avatar\\\/b53a7f47acc7a09467757d8b2234cc38fa334b13599376e53104c0036b528ca1?s=96&d=mm&r=g\",\"contentUrl\":\"https:\\\/\\\/secure.gravatar.com\\\/avatar\\\/b53a7f47acc7a09467757d8b2234cc38fa334b13599376e53104c0036b528ca1?s=96&d=mm&r=g\",\"caption\":\"Admin Tri\"},\"sameAs\":[\"https:\\\/\\\/tuzlainfo.ba\"]}]}<\/script>\n<!-- \/ Yoast SEO plugin. -->","yoast_head_json":{"title":"Sti\u017ee li pojeftinjenje omiljenog napitka, cijene kafe bi uskoro mogle pasti","robots":{"index":"index","follow":"follow","max-snippet":"max-snippet:-1","max-image-preview":"max-image-preview:large","max-video-preview":"max-video-preview:-1"},"canonical":"https:\/\/tuzlainfo.ba\/index.php\/bosna-i-hercegovina\/item\/297687-stize-li-pojeftinjenje-omiljenog-napitka-cijene-kafe-bi-uskoro-mogle-pasti\/","og_locale":"bs_BA","og_type":"article","og_title":"Sti\u017ee li pojeftinjenje omiljenog napitka, cijene kafe bi uskoro mogle pasti","og_description":"Cijene kafe mogle bi u narednim mjesecima krenuti silaznom putanjom na svjetskom tr\u017ei\u0161tu, smatraju pojedini stru\u010dnjaci iz ove industrije, koji povla\u010de paralelu s nedavnim kretanjima na tr\u017ei\u0161tu kakaa. Iako bi takvo pojeftinjenje kafe sigurno obradovalo i gra\u0111ane Bosne i Hercegovine, gdje je ovaj proizvod ve\u0107 mjesecima me\u0111u skupljima na policama trgovina, ostaje otvoreno pitanje ho\u0107e [&hellip;]","og_url":"https:\/\/tuzlainfo.ba\/index.php\/bosna-i-hercegovina\/item\/297687-stize-li-pojeftinjenje-omiljenog-napitka-cijene-kafe-bi-uskoro-mogle-pasti\/","og_site_name":"TuzlaInfo.ba","article_publisher":"https:\/\/www.facebook.com\/tuzlainfo.ba\/","article_published_time":"2026-03-21T10:12:09+00:00","article_modified_time":"2026-03-21T10:13:21+00:00","og_image":[{"width":1000,"height":638,"url":"https:\/\/tuzlainfo.ba\/wp-content\/uploads\/2024\/12\/0412_kafa.jpg","type":"image\/jpeg"}],"author":"Admin Tri","twitter_card":"summary_large_image","twitter_misc":{"Written by":"Admin Tri","Est. reading time":"3 minute"},"schema":{"@context":"https:\/\/schema.org","@graph":[{"@type":"Article","@id":"https:\/\/tuzlainfo.ba\/index.php\/bosna-i-hercegovina\/item\/297687-stize-li-pojeftinjenje-omiljenog-napitka-cijene-kafe-bi-uskoro-mogle-pasti\/#article","isPartOf":{"@id":"https:\/\/tuzlainfo.ba\/index.php\/bosna-i-hercegovina\/item\/297687-stize-li-pojeftinjenje-omiljenog-napitka-cijene-kafe-bi-uskoro-mogle-pasti\/"},"author":{"name":"Admin Tri","@id":"https:\/\/tuzlainfo.ba\/#\/schema\/person\/593e78a2f6378c5ba3e7600ecfa4e63a"},"headline":"Sti\u017ee li pojeftinjenje omiljenog napitka, cijene kafe bi uskoro mogle pasti","datePublished":"2026-03-21T10:12:09+00:00","dateModified":"2026-03-21T10:13:21+00:00","mainEntityOfPage":{"@id":"https:\/\/tuzlainfo.ba\/index.php\/bosna-i-hercegovina\/item\/297687-stize-li-pojeftinjenje-omiljenog-napitka-cijene-kafe-bi-uskoro-mogle-pasti\/"},"wordCount":445,"publisher":{"@id":"https:\/\/tuzlainfo.ba\/#organization"},"image":{"@id":"https:\/\/tuzlainfo.ba\/index.php\/bosna-i-hercegovina\/item\/297687-stize-li-pojeftinjenje-omiljenog-napitka-cijene-kafe-bi-uskoro-mogle-pasti\/#primaryimage"},"thumbnailUrl":"https:\/\/tuzlainfo.ba\/wp-content\/uploads\/2024\/12\/0412_kafa.jpg","keywords":["cijena","kafa"],"articleSection":["Bosna i Hercegovina"],"inLanguage":"bs-BA","copyrightYear":"2026","copyrightHolder":{"@id":"https:\/\/tuzlainfo.ba\/#organization"}},{"@type":"WebPage","@id":"https:\/\/tuzlainfo.ba\/index.php\/bosna-i-hercegovina\/item\/297687-stize-li-pojeftinjenje-omiljenog-napitka-cijene-kafe-bi-uskoro-mogle-pasti\/","url":"https:\/\/tuzlainfo.ba\/index.php\/bosna-i-hercegovina\/item\/297687-stize-li-pojeftinjenje-omiljenog-napitka-cijene-kafe-bi-uskoro-mogle-pasti\/","name":"Sti\u017ee li pojeftinjenje omiljenog napitka, cijene kafe bi uskoro mogle pasti","isPartOf":{"@id":"https:\/\/tuzlainfo.ba\/#website"},"primaryImageOfPage":{"@id":"https:\/\/tuzlainfo.ba\/index.php\/bosna-i-hercegovina\/item\/297687-stize-li-pojeftinjenje-omiljenog-napitka-cijene-kafe-bi-uskoro-mogle-pasti\/#primaryimage"},"image":{"@id":"https:\/\/tuzlainfo.ba\/index.php\/bosna-i-hercegovina\/item\/297687-stize-li-pojeftinjenje-omiljenog-napitka-cijene-kafe-bi-uskoro-mogle-pasti\/#primaryimage"},"thumbnailUrl":"https:\/\/tuzlainfo.ba\/wp-content\/uploads\/2024\/12\/0412_kafa.jpg","datePublished":"2026-03-21T10:12:09+00:00","dateModified":"2026-03-21T10:13:21+00:00","breadcrumb":{"@id":"https:\/\/tuzlainfo.ba\/index.php\/bosna-i-hercegovina\/item\/297687-stize-li-pojeftinjenje-omiljenog-napitka-cijene-kafe-bi-uskoro-mogle-pasti\/#breadcrumb"},"inLanguage":"bs-BA","potentialAction":[{"@type":"ReadAction","target":["https:\/\/tuzlainfo.ba\/index.php\/bosna-i-hercegovina\/item\/297687-stize-li-pojeftinjenje-omiljenog-napitka-cijene-kafe-bi-uskoro-mogle-pasti\/"]}]},{"@type":"ImageObject","inLanguage":"bs-BA","@id":"https:\/\/tuzlainfo.ba\/index.php\/bosna-i-hercegovina\/item\/297687-stize-li-pojeftinjenje-omiljenog-napitka-cijene-kafe-bi-uskoro-mogle-pasti\/#primaryimage","url":"https:\/\/tuzlainfo.ba\/wp-content\/uploads\/2024\/12\/0412_kafa.jpg","contentUrl":"https:\/\/tuzlainfo.ba\/wp-content\/uploads\/2024\/12\/0412_kafa.jpg","width":1000,"height":638},{"@type":"BreadcrumbList","@id":"https:\/\/tuzlainfo.ba\/index.php\/bosna-i-hercegovina\/item\/297687-stize-li-pojeftinjenje-omiljenog-napitka-cijene-kafe-bi-uskoro-mogle-pasti\/#breadcrumb","itemListElement":[{"@type":"ListItem","position":1,"name":"Home","item":"https:\/\/tuzlainfo.ba\/"},{"@type":"ListItem","position":2,"name":"Sti\u017ee li pojeftinjenje omiljenog napitka, cijene kafe bi uskoro mogle pasti"}]},{"@type":"WebSite","@id":"https:\/\/tuzlainfo.ba\/#website","url":"https:\/\/tuzlainfo.ba\/","name":"TuzlaInfo.ba","description":"Tuzla info, gradski informator - Tuzla na dlanu","publisher":{"@id":"https:\/\/tuzlainfo.ba\/#organization"},"potentialAction":[{"@type":"SearchAction","target":{"@type":"EntryPoint","urlTemplate":"https:\/\/tuzlainfo.ba\/?s={search_term_string}"},"query-input":{"@type":"PropertyValueSpecification","valueRequired":true,"valueName":"search_term_string"}}],"inLanguage":"bs-BA"},{"@type":"Organization","@id":"https:\/\/tuzlainfo.ba\/#organization","name":"TuzlaInfo.ba","url":"https:\/\/tuzlainfo.ba\/","logo":{"@type":"ImageObject","inLanguage":"bs-BA","@id":"https:\/\/tuzlainfo.ba\/#\/schema\/logo\/image\/","url":"https:\/\/tuzlainfo.ba\/wp-content\/uploads\/2021\/03\/logo-ver-3-1.png","contentUrl":"https:\/\/tuzlainfo.ba\/wp-content\/uploads\/2021\/03\/logo-ver-3-1.png","width":350,"height":95,"caption":"TuzlaInfo.ba"},"image":{"@id":"https:\/\/tuzlainfo.ba\/#\/schema\/logo\/image\/"},"sameAs":["https:\/\/www.facebook.com\/tuzlainfo.ba\/"]},{"@type":"Person","@id":"https:\/\/tuzlainfo.ba\/#\/schema\/person\/593e78a2f6378c5ba3e7600ecfa4e63a","name":"Admin Tri","image":{"@type":"ImageObject","inLanguage":"bs-BA","@id":"https:\/\/secure.gravatar.com\/avatar\/b53a7f47acc7a09467757d8b2234cc38fa334b13599376e53104c0036b528ca1?s=96&d=mm&r=g","url":"https:\/\/secure.gravatar.com\/avatar\/b53a7f47acc7a09467757d8b2234cc38fa334b13599376e53104c0036b528ca1?s=96&d=mm&r=g","contentUrl":"https:\/\/secure.gravatar.com\/avatar\/b53a7f47acc7a09467757d8b2234cc38fa334b13599376e53104c0036b528ca1?s=96&d=mm&r=g","caption":"Admin Tri"},"sameAs":["https:\/\/tuzlainfo.ba"]}]}},"_links":{"self":[{"href":"https:\/\/tuzlainfo.ba\/index.php\/wp-json\/wp\/v2\/posts\/297687","targetHints":{"allow":["GET"]}}],"collection":[{"href":"https:\/\/tuzlainfo.ba\/index.php\/wp-json\/wp\/v2\/posts"}],"about":[{"href":"https:\/\/tuzlainfo.ba\/index.php\/wp-json\/wp\/v2\/types\/post"}],"author":[{"embeddable":true,"href":"https:\/\/tuzlainfo.ba\/index.php\/wp-json\/wp\/v2\/users\/8"}],"replies":[{"embeddable":true,"href":"https:\/\/tuzlainfo.ba\/index.php\/wp-json\/wp\/v2\/comments?post=297687"}],"version-history":[{"count":3,"href":"https:\/\/tuzlainfo.ba\/index.php\/wp-json\/wp\/v2\/posts\/297687\/revisions"}],"predecessor-version":[{"id":297696,"href":"https:\/\/tuzlainfo.ba\/index.php\/wp-json\/wp\/v2\/posts\/297687\/revisions\/297696"}],"wp:featuredmedia":[{"embeddable":true,"href":"https:\/\/tuzlainfo.ba\/index.php\/wp-json\/wp\/v2\/media\/257022"}],"wp:attachment":[{"href":"https:\/\/tuzlainfo.ba\/index.php\/wp-json\/wp\/v2\/media?parent=297687"}],"wp:term":[{"taxonomy":"category","embeddable":true,"href":"https:\/\/tuzlainfo.ba\/index.php\/wp-json\/wp\/v2\/categories?post=297687"},{"taxonomy":"post_tag","embeddable":true,"href":"https:\/\/tuzlainfo.ba\/index.php\/wp-json\/wp\/v2\/tags?post=297687"}],"curies":[{"name":"wp","href":"https:\/\/api.w.org\/{rel}","templated":true}]}}