{"id":297665,"date":"2026-03-18T13:54:42","date_gmt":"2026-03-18T12:54:42","guid":{"rendered":"https:\/\/tuzlainfo.ba\/?p=297665"},"modified":"2026-03-18T13:41:35","modified_gmt":"2026-03-18T12:41:35","slug":"najavljena-izmjena-rezima-saobracaja-u-vise-ulica-u-tuzli","status":"publish","type":"post","link":"https:\/\/tuzlainfo.ba\/index.php\/novosti\/item\/297665-najavljena-izmjena-rezima-saobracaja-u-vise-ulica-u-tuzli\/","title":{"rendered":"Najavljena izmjena re\u017eima saobra\u0107aja u vi\u0161e ulica u Tuzli"},"content":{"rendered":"<p data-cya11y-org-font-size=\"15\">Slu\u017eba za komunalne poslove, izgradnju i poslove mjesnih zajednica Tuzla obavje\u0161tava gra\u0111ane da \u0107e, zbog izvo\u0111enja gra\u0111evinskih radova na odr\u017eavanju putne infrastrukture na Ju\u017enoj saobra\u0107ajnici (II faza), na potezu od raskrsnice Br\u010danska Malta do raskrsnice kod SKPC Mejdan, do\u0107i do izmjene re\u017eima saobra\u0107aja od srijede, 18.03.2026. godine, pa do zavr\u0161etka radova.<\/p>\n<p data-cya11y-org-font-size=\"15\">Izmjene re\u017eima saobra\u0107aja obuhvatat \u0107e ulice:\u00a0<strong>15. maja, Bulevar 2. korpusa Armije Republike BiH, Obala Zmaja od Bosne, te Bosne Srebrene<\/strong>.<\/p>\n<p data-cya11y-org-font-size=\"15\">Tokom izvo\u0111enja radova saobra\u0107aj ne\u0107e biti obustavljen, ve\u0107 \u0107e do\u0107i do preusmjeravanja saobra\u0107aja u kolovozne trake, uz povremeno privremeno isklju\u010divanje svjetlosne saobra\u0107ajne signalizacije, u skladu sa dinamikom saobra\u0107aja.<\/p>\n<p data-cya11y-org-font-size=\"15\">\n","protected":false},"excerpt":{"rendered":"<p>Slu\u017eba za komunalne poslove, izgradnju i poslove mjesnih zajednica Tuzla obavje\u0161tava gra\u0111ane da \u0107e, zbog&hellip;<\/p>\n","protected":false},"author":4,"featured_media":170852,"comment_status":"closed","ping_status":"closed","sticky":false,"template":"","format":"standard","meta":{"_acf_changed":false,"footnotes":""},"categories":[304,12],"tags":[331,6566,940],"acf":[],"yoast_head":"<!-- This site is optimized with the Yoast SEO plugin v23.5 - https:\/\/yoast.com\/wordpress\/plugins\/seo\/ -->\n<title>Najavljena izmjena re\u017eima saobra\u0107aja u vi\u0161e ulica u Tuzli - TuzlaInfo.ba<\/title>\n<meta name=\"robots\" content=\"index, follow, max-snippet:-1, max-image-preview:large, max-video-preview:-1\" \/>\n<link rel=\"canonical\" href=\"https:\/\/tuzlainfo.ba\/index.php\/novosti\/item\/297665-najavljena-izmjena-rezima-saobracaja-u-vise-ulica-u-tuzli\/\" \/>\n<meta property=\"og:locale\" content=\"bs_BA\" \/>\n<meta property=\"og:type\" content=\"article\" \/>\n<meta property=\"og:title\" content=\"Najavljena izmjena re\u017eima saobra\u0107aja u vi\u0161e ulica u Tuzli - TuzlaInfo.ba\" \/>\n<meta property=\"og:description\" content=\"Slu\u017eba za komunalne poslove, izgradnju i poslove mjesnih zajednica Tuzla obavje\u0161tava gra\u0111ane da \u0107e, zbog&hellip;\" \/>\n<meta property=\"og:url\" content=\"https:\/\/tuzlainfo.ba\/index.php\/novosti\/item\/297665-najavljena-izmjena-rezima-saobracaja-u-vise-ulica-u-tuzli\/\" \/>\n<meta property=\"og:site_name\" content=\"TuzlaInfo.ba\" \/>\n<meta property=\"article:publisher\" content=\"https:\/\/www.facebook.com\/tuzlainfo.ba\/\" \/>\n<meta property=\"article:published_time\" content=\"2026-03-18T12:54:42+00:00\" \/>\n<meta property=\"article:modified_time\" content=\"2026-03-18T12:41:35+00:00\" \/>\n<meta property=\"og:image\" content=\"https:\/\/tuzlainfo.ba\/wp-content\/uploads\/2022\/04\/3004_radovi_put_sanacija.jpg\" \/>\n\t<meta property=\"og:image:width\" content=\"1000\" \/>\n\t<meta property=\"og:image:height\" content=\"688\" \/>\n\t<meta property=\"og:image:type\" content=\"image\/jpeg\" \/>\n<meta name=\"author\" content=\"Tuzla Info\" \/>\n<meta name=\"twitter:card\" content=\"summary_large_image\" \/>\n<meta name=\"twitter:label1\" content=\"Written by\" \/>\n\t<meta name=\"twitter:data1\" content=\"Tuzla Info\" \/>\n\t<meta name=\"twitter:label2\" content=\"Est. reading time\" \/>\n\t<meta name=\"twitter:data2\" content=\"1 minuta\" \/>\n<script type=\"application\/ld+json\" class=\"yoast-schema-graph\">{\"@context\":\"https:\/\/schema.org\",\"@graph\":[{\"@type\":\"Article\",\"@id\":\"https:\/\/tuzlainfo.ba\/index.php\/novosti\/item\/297665-najavljena-izmjena-rezima-saobracaja-u-vise-ulica-u-tuzli\/#article\",\"isPartOf\":{\"@id\":\"https:\/\/tuzlainfo.ba\/index.php\/novosti\/item\/297665-najavljena-izmjena-rezima-saobracaja-u-vise-ulica-u-tuzli\/\"},\"author\":{\"name\":\"Tuzla Info\",\"@id\":\"https:\/\/tuzlainfo.ba\/#\/schema\/person\/46cad4c57790cbc50781edd14870825a\"},\"headline\":\"Najavljena izmjena re\u017eima saobra\u0107aja u vi\u0161e ulica u Tuzli\",\"datePublished\":\"2026-03-18T12:54:42+00:00\",\"dateModified\":\"2026-03-18T12:41:35+00:00\",\"mainEntityOfPage\":{\"@id\":\"https:\/\/tuzlainfo.ba\/index.php\/novosti\/item\/297665-najavljena-izmjena-rezima-saobracaja-u-vise-ulica-u-tuzli\/\"},\"wordCount\":132,\"publisher\":{\"@id\":\"https:\/\/tuzlainfo.ba\/#organization\"},\"image\":{\"@id\":\"https:\/\/tuzlainfo.ba\/index.php\/novosti\/item\/297665-najavljena-izmjena-rezima-saobracaja-u-vise-ulica-u-tuzli\/#primaryimage\"},\"thumbnailUrl\":\"https:\/\/tuzlainfo.ba\/wp-content\/uploads\/2022\/04\/3004_radovi_put_sanacija.jpg\",\"keywords\":[\"grad tuzla\",\"juzna saobracajnica\",\"radovi\"],\"articleSection\":[\"Istaknuto\",\"Novosti\"],\"inLanguage\":\"bs-BA\"},{\"@type\":\"WebPage\",\"@id\":\"https:\/\/tuzlainfo.ba\/index.php\/novosti\/item\/297665-najavljena-izmjena-rezima-saobracaja-u-vise-ulica-u-tuzli\/\",\"url\":\"https:\/\/tuzlainfo.ba\/index.php\/novosti\/item\/297665-najavljena-izmjena-rezima-saobracaja-u-vise-ulica-u-tuzli\/\",\"name\":\"Najavljena izmjena re\u017eima saobra\u0107aja u vi\u0161e ulica u Tuzli - TuzlaInfo.ba\",\"isPartOf\":{\"@id\":\"https:\/\/tuzlainfo.ba\/#website\"},\"primaryImageOfPage\":{\"@id\":\"https:\/\/tuzlainfo.ba\/index.php\/novosti\/item\/297665-najavljena-izmjena-rezima-saobracaja-u-vise-ulica-u-tuzli\/#primaryimage\"},\"image\":{\"@id\":\"https:\/\/tuzlainfo.ba\/index.php\/novosti\/item\/297665-najavljena-izmjena-rezima-saobracaja-u-vise-ulica-u-tuzli\/#primaryimage\"},\"thumbnailUrl\":\"https:\/\/tuzlainfo.ba\/wp-content\/uploads\/2022\/04\/3004_radovi_put_sanacija.jpg\",\"datePublished\":\"2026-03-18T12:54:42+00:00\",\"dateModified\":\"2026-03-18T12:41:35+00:00\",\"breadcrumb\":{\"@id\":\"https:\/\/tuzlainfo.ba\/index.php\/novosti\/item\/297665-najavljena-izmjena-rezima-saobracaja-u-vise-ulica-u-tuzli\/#breadcrumb\"},\"inLanguage\":\"bs-BA\",\"potentialAction\":[{\"@type\":\"ReadAction\",\"target\":[\"https:\/\/tuzlainfo.ba\/index.php\/novosti\/item\/297665-najavljena-izmjena-rezima-saobracaja-u-vise-ulica-u-tuzli\/\"]}]},{\"@type\":\"ImageObject\",\"inLanguage\":\"bs-BA\",\"@id\":\"https:\/\/tuzlainfo.ba\/index.php\/novosti\/item\/297665-najavljena-izmjena-rezima-saobracaja-u-vise-ulica-u-tuzli\/#primaryimage\",\"url\":\"https:\/\/tuzlainfo.ba\/wp-content\/uploads\/2022\/04\/3004_radovi_put_sanacija.jpg\",\"contentUrl\":\"https:\/\/tuzlainfo.ba\/wp-content\/uploads\/2022\/04\/3004_radovi_put_sanacija.jpg\",\"width\":1000,\"height\":688},{\"@type\":\"BreadcrumbList\",\"@id\":\"https:\/\/tuzlainfo.ba\/index.php\/novosti\/item\/297665-najavljena-izmjena-rezima-saobracaja-u-vise-ulica-u-tuzli\/#breadcrumb\",\"itemListElement\":[{\"@type\":\"ListItem\",\"position\":1,\"name\":\"Home\",\"item\":\"https:\/\/tuzlainfo.ba\/\"},{\"@type\":\"ListItem\",\"position\":2,\"name\":\"Najavljena izmjena re\u017eima saobra\u0107aja u vi\u0161e ulica u Tuzli\"}]},{\"@type\":\"WebSite\",\"@id\":\"https:\/\/tuzlainfo.ba\/#website\",\"url\":\"https:\/\/tuzlainfo.ba\/\",\"name\":\"TuzlaInfo.ba\",\"description\":\"Tuzla info, gradski informator - Tuzla na dlanu\",\"publisher\":{\"@id\":\"https:\/\/tuzlainfo.ba\/#organization\"},\"potentialAction\":[{\"@type\":\"SearchAction\",\"target\":{\"@type\":\"EntryPoint\",\"urlTemplate\":\"https:\/\/tuzlainfo.ba\/?s={search_term_string}\"},\"query-input\":{\"@type\":\"PropertyValueSpecification\",\"valueRequired\":true,\"valueName\":\"search_term_string\"}}],\"inLanguage\":\"bs-BA\"},{\"@type\":\"Organization\",\"@id\":\"https:\/\/tuzlainfo.ba\/#organization\",\"name\":\"TuzlaInfo.ba\",\"url\":\"https:\/\/tuzlainfo.ba\/\",\"logo\":{\"@type\":\"ImageObject\",\"inLanguage\":\"bs-BA\",\"@id\":\"https:\/\/tuzlainfo.ba\/#\/schema\/logo\/image\/\",\"url\":\"https:\/\/tuzlainfo.ba\/wp-content\/uploads\/2021\/03\/logo-ver-3-1.png\",\"contentUrl\":\"https:\/\/tuzlainfo.ba\/wp-content\/uploads\/2021\/03\/logo-ver-3-1.png\",\"width\":350,\"height\":95,\"caption\":\"TuzlaInfo.ba\"},\"image\":{\"@id\":\"https:\/\/tuzlainfo.ba\/#\/schema\/logo\/image\/\"},\"sameAs\":[\"https:\/\/www.facebook.com\/tuzlainfo.ba\/\"]},{\"@type\":\"Person\",\"@id\":\"https:\/\/tuzlainfo.ba\/#\/schema\/person\/46cad4c57790cbc50781edd14870825a\",\"name\":\"Tuzla Info\",\"image\":{\"@type\":\"ImageObject\",\"inLanguage\":\"bs-BA\",\"@id\":\"https:\/\/tuzlainfo.ba\/#\/schema\/person\/image\/\",\"url\":\"https:\/\/tuzlainfo.ba\/wp-content\/litespeed\/avatar\/b6c453a6c38e3654f2e4416c643fc25c.jpg?ver=1777051911\",\"contentUrl\":\"https:\/\/tuzlainfo.ba\/wp-content\/litespeed\/avatar\/b6c453a6c38e3654f2e4416c643fc25c.jpg?ver=1777051911\",\"caption\":\"Tuzla Info\"}}]}<\/script>\n<!-- \/ Yoast SEO plugin. -->","yoast_head_json":{"title":"Najavljena izmjena re\u017eima saobra\u0107aja u vi\u0161e ulica u Tuzli - TuzlaInfo.ba","robots":{"index":"index","follow":"follow","max-snippet":"max-snippet:-1","max-image-preview":"max-image-preview:large","max-video-preview":"max-video-preview:-1"},"canonical":"https:\/\/tuzlainfo.ba\/index.php\/novosti\/item\/297665-najavljena-izmjena-rezima-saobracaja-u-vise-ulica-u-tuzli\/","og_locale":"bs_BA","og_type":"article","og_title":"Najavljena izmjena re\u017eima saobra\u0107aja u vi\u0161e ulica u Tuzli - TuzlaInfo.ba","og_description":"Slu\u017eba za komunalne poslove, izgradnju i poslove mjesnih zajednica Tuzla obavje\u0161tava gra\u0111ane da \u0107e, zbog&hellip;","og_url":"https:\/\/tuzlainfo.ba\/index.php\/novosti\/item\/297665-najavljena-izmjena-rezima-saobracaja-u-vise-ulica-u-tuzli\/","og_site_name":"TuzlaInfo.ba","article_publisher":"https:\/\/www.facebook.com\/tuzlainfo.ba\/","article_published_time":"2026-03-18T12:54:42+00:00","article_modified_time":"2026-03-18T12:41:35+00:00","og_image":[{"width":1000,"height":688,"url":"https:\/\/tuzlainfo.ba\/wp-content\/uploads\/2022\/04\/3004_radovi_put_sanacija.jpg","type":"image\/jpeg"}],"author":"Tuzla Info","twitter_card":"summary_large_image","twitter_misc":{"Written by":"Tuzla Info","Est. reading time":"1 minuta"},"schema":{"@context":"https:\/\/schema.org","@graph":[{"@type":"Article","@id":"https:\/\/tuzlainfo.ba\/index.php\/novosti\/item\/297665-najavljena-izmjena-rezima-saobracaja-u-vise-ulica-u-tuzli\/#article","isPartOf":{"@id":"https:\/\/tuzlainfo.ba\/index.php\/novosti\/item\/297665-najavljena-izmjena-rezima-saobracaja-u-vise-ulica-u-tuzli\/"},"author":{"name":"Tuzla Info","@id":"https:\/\/tuzlainfo.ba\/#\/schema\/person\/46cad4c57790cbc50781edd14870825a"},"headline":"Najavljena izmjena re\u017eima saobra\u0107aja u vi\u0161e ulica u Tuzli","datePublished":"2026-03-18T12:54:42+00:00","dateModified":"2026-03-18T12:41:35+00:00","mainEntityOfPage":{"@id":"https:\/\/tuzlainfo.ba\/index.php\/novosti\/item\/297665-najavljena-izmjena-rezima-saobracaja-u-vise-ulica-u-tuzli\/"},"wordCount":132,"publisher":{"@id":"https:\/\/tuzlainfo.ba\/#organization"},"image":{"@id":"https:\/\/tuzlainfo.ba\/index.php\/novosti\/item\/297665-najavljena-izmjena-rezima-saobracaja-u-vise-ulica-u-tuzli\/#primaryimage"},"thumbnailUrl":"https:\/\/tuzlainfo.ba\/wp-content\/uploads\/2022\/04\/3004_radovi_put_sanacija.jpg","keywords":["grad tuzla","juzna saobracajnica","radovi"],"articleSection":["Istaknuto","Novosti"],"inLanguage":"bs-BA"},{"@type":"WebPage","@id":"https:\/\/tuzlainfo.ba\/index.php\/novosti\/item\/297665-najavljena-izmjena-rezima-saobracaja-u-vise-ulica-u-tuzli\/","url":"https:\/\/tuzlainfo.ba\/index.php\/novosti\/item\/297665-najavljena-izmjena-rezima-saobracaja-u-vise-ulica-u-tuzli\/","name":"Najavljena izmjena re\u017eima saobra\u0107aja u vi\u0161e ulica u Tuzli - TuzlaInfo.ba","isPartOf":{"@id":"https:\/\/tuzlainfo.ba\/#website"},"primaryImageOfPage":{"@id":"https:\/\/tuzlainfo.ba\/index.php\/novosti\/item\/297665-najavljena-izmjena-rezima-saobracaja-u-vise-ulica-u-tuzli\/#primaryimage"},"image":{"@id":"https:\/\/tuzlainfo.ba\/index.php\/novosti\/item\/297665-najavljena-izmjena-rezima-saobracaja-u-vise-ulica-u-tuzli\/#primaryimage"},"thumbnailUrl":"https:\/\/tuzlainfo.ba\/wp-content\/uploads\/2022\/04\/3004_radovi_put_sanacija.jpg","datePublished":"2026-03-18T12:54:42+00:00","dateModified":"2026-03-18T12:41:35+00:00","breadcrumb":{"@id":"https:\/\/tuzlainfo.ba\/index.php\/novosti\/item\/297665-najavljena-izmjena-rezima-saobracaja-u-vise-ulica-u-tuzli\/#breadcrumb"},"inLanguage":"bs-BA","potentialAction":[{"@type":"ReadAction","target":["https:\/\/tuzlainfo.ba\/index.php\/novosti\/item\/297665-najavljena-izmjena-rezima-saobracaja-u-vise-ulica-u-tuzli\/"]}]},{"@type":"ImageObject","inLanguage":"bs-BA","@id":"https:\/\/tuzlainfo.ba\/index.php\/novosti\/item\/297665-najavljena-izmjena-rezima-saobracaja-u-vise-ulica-u-tuzli\/#primaryimage","url":"https:\/\/tuzlainfo.ba\/wp-content\/uploads\/2022\/04\/3004_radovi_put_sanacija.jpg","contentUrl":"https:\/\/tuzlainfo.ba\/wp-content\/uploads\/2022\/04\/3004_radovi_put_sanacija.jpg","width":1000,"height":688},{"@type":"BreadcrumbList","@id":"https:\/\/tuzlainfo.ba\/index.php\/novosti\/item\/297665-najavljena-izmjena-rezima-saobracaja-u-vise-ulica-u-tuzli\/#breadcrumb","itemListElement":[{"@type":"ListItem","position":1,"name":"Home","item":"https:\/\/tuzlainfo.ba\/"},{"@type":"ListItem","position":2,"name":"Najavljena izmjena re\u017eima saobra\u0107aja u vi\u0161e ulica u Tuzli"}]},{"@type":"WebSite","@id":"https:\/\/tuzlainfo.ba\/#website","url":"https:\/\/tuzlainfo.ba\/","name":"TuzlaInfo.ba","description":"Tuzla info, gradski informator - Tuzla na dlanu","publisher":{"@id":"https:\/\/tuzlainfo.ba\/#organization"},"potentialAction":[{"@type":"SearchAction","target":{"@type":"EntryPoint","urlTemplate":"https:\/\/tuzlainfo.ba\/?s={search_term_string}"},"query-input":{"@type":"PropertyValueSpecification","valueRequired":true,"valueName":"search_term_string"}}],"inLanguage":"bs-BA"},{"@type":"Organization","@id":"https:\/\/tuzlainfo.ba\/#organization","name":"TuzlaInfo.ba","url":"https:\/\/tuzlainfo.ba\/","logo":{"@type":"ImageObject","inLanguage":"bs-BA","@id":"https:\/\/tuzlainfo.ba\/#\/schema\/logo\/image\/","url":"https:\/\/tuzlainfo.ba\/wp-content\/uploads\/2021\/03\/logo-ver-3-1.png","contentUrl":"https:\/\/tuzlainfo.ba\/wp-content\/uploads\/2021\/03\/logo-ver-3-1.png","width":350,"height":95,"caption":"TuzlaInfo.ba"},"image":{"@id":"https:\/\/tuzlainfo.ba\/#\/schema\/logo\/image\/"},"sameAs":["https:\/\/www.facebook.com\/tuzlainfo.ba\/"]},{"@type":"Person","@id":"https:\/\/tuzlainfo.ba\/#\/schema\/person\/46cad4c57790cbc50781edd14870825a","name":"Tuzla Info","image":{"@type":"ImageObject","inLanguage":"bs-BA","@id":"https:\/\/tuzlainfo.ba\/#\/schema\/person\/image\/","url":"https:\/\/tuzlainfo.ba\/wp-content\/litespeed\/avatar\/b6c453a6c38e3654f2e4416c643fc25c.jpg?ver=1777051911","contentUrl":"https:\/\/tuzlainfo.ba\/wp-content\/litespeed\/avatar\/b6c453a6c38e3654f2e4416c643fc25c.jpg?ver=1777051911","caption":"Tuzla Info"}}]}},"_links":{"self":[{"href":"https:\/\/tuzlainfo.ba\/index.php\/wp-json\/wp\/v2\/posts\/297665"}],"collection":[{"href":"https:\/\/tuzlainfo.ba\/index.php\/wp-json\/wp\/v2\/posts"}],"about":[{"href":"https:\/\/tuzlainfo.ba\/index.php\/wp-json\/wp\/v2\/types\/post"}],"author":[{"embeddable":true,"href":"https:\/\/tuzlainfo.ba\/index.php\/wp-json\/wp\/v2\/users\/4"}],"replies":[{"embeddable":true,"href":"https:\/\/tuzlainfo.ba\/index.php\/wp-json\/wp\/v2\/comments?post=297665"}],"version-history":[{"count":1,"href":"https:\/\/tuzlainfo.ba\/index.php\/wp-json\/wp\/v2\/posts\/297665\/revisions"}],"predecessor-version":[{"id":297666,"href":"https:\/\/tuzlainfo.ba\/index.php\/wp-json\/wp\/v2\/posts\/297665\/revisions\/297666"}],"wp:featuredmedia":[{"embeddable":true,"href":"https:\/\/tuzlainfo.ba\/index.php\/wp-json\/wp\/v2\/media\/170852"}],"wp:attachment":[{"href":"https:\/\/tuzlainfo.ba\/index.php\/wp-json\/wp\/v2\/media?parent=297665"}],"wp:term":[{"taxonomy":"category","embeddable":true,"href":"https:\/\/tuzlainfo.ba\/index.php\/wp-json\/wp\/v2\/categories?post=297665"},{"taxonomy":"post_tag","embeddable":true,"href":"https:\/\/tuzlainfo.ba\/index.php\/wp-json\/wp\/v2\/tags?post=297665"}],"curies":[{"name":"wp","href":"https:\/\/api.w.org\/{rel}","templated":true}]}}