{"id":297653,"date":"2026-03-18T16:11:31","date_gmt":"2026-03-18T15:11:31","guid":{"rendered":"https:\/\/tuzlainfo.ba\/?p=297653"},"modified":"2026-03-18T13:35:32","modified_gmt":"2026-03-18T12:35:32","slug":"ismet-prcic-predstavio-svoja-djela-u-domu-knjizevnosti-tuzla","status":"publish","type":"post","link":"https:\/\/tuzlainfo.ba\/index.php\/novosti\/item\/297653-ismet-prcic-predstavio-svoja-djela-u-domu-knjizevnosti-tuzla\/","title":{"rendered":"Ismet Prci\u0107 predstavio svoja djela u Domu knji\u017eevnosti Tuzla"},"content":{"rendered":"<p data-start=\"0\" data-end=\"281\">Knji\u017eevno ve\u010de sa <span class=\"hover:entity-accent entity-underline inline cursor-pointer align-baseline\"><span class=\"whitespace-normal\">Ismet Prci\u0107<\/span><\/span> odr\u017eano je sino\u0107, 17. marta, u prostorijama <span class=\"hover:entity-accent entity-underline inline cursor-pointer align-baseline\"><span class=\"whitespace-normal\">Doma knji\u017eevnosti Tuzla<\/span><\/span> na Sonom trgu, u organizaciji Udru\u017eenja knji\u017eevnika, bibliotekara, knji\u017eevnih kriti\u010dara i predstavnika kulturnih institucija Littera Salinea.<\/p>\n<p data-start=\"283\" data-end=\"538\">Tokom ve\u010deri predstavljen je njegov nagra\u0111ivani roman <span class=\"hover:entity-accent entity-underline inline cursor-pointer align-baseline\"><span class=\"whitespace-normal\">Shards<\/span><\/span>, kao i djelo <span class=\"hover:entity-accent entity-underline inline cursor-pointer align-baseline\"><span class=\"whitespace-normal\">Unspeakable Home<\/span><\/span>. Autor je govorio o svom stvarala\u0161tvu i knji\u017eevnom putu, dok je publika imala priliku u\u010destvovati u razgovoru.<\/p>\n<p data-start=\"540\" data-end=\"965\">Ismet Prci\u0107 ro\u0111en je 1977. godine u Tuzli, a 1996. emigrirao je u Sjedinjene Ameri\u010dke Dr\u017eave. Magistrirao je engleski jezik i pisanje na Univerzitetu Kalifornije u Irvineu, a trenutno predaje dramu na Clark Collegeu u Vancouveru, u saveznoj dr\u017eavi Washington. Njegov prvi roman \u201eKrhotine\u201c dobio je brojne pozitivne kritike, a <span class=\"hover:entity-accent entity-underline inline cursor-pointer align-baseline\"><span class=\"whitespace-normal\">The New York Times<\/span><\/span> ga je uvrstio me\u0111u stotinu najboljih knjiga u 2011. godini.<\/p>\n<p data-start=\"967\" data-end=\"1206\">Prci\u0107 je i koautor scenarija za film <span class=\"hover:entity-accent entity-underline inline cursor-pointer align-baseline\"><span class=\"whitespace-normal\">Imperial Dreams<\/span><\/span>, koji je prikazan na <span class=\"hover:entity-accent entity-underline inline cursor-pointer align-baseline\"><span class=\"whitespace-normal\">Sundance Film Festival<\/span><\/span> 2014. godine. \u017divi u Portlandu, u saveznoj dr\u017eavi Oregon, a njegova djela prevedena su na devet jezika.<\/p>\n<p data-start=\"1208\" data-end=\"1350\" data-is-last-node=\"\" data-is-only-node=\"\">Moderatorica programa bila je <span class=\"hover:entity-accent entity-underline inline cursor-pointer align-baseline\"><span class=\"whitespace-normal\">Larisa Softi\u0107 Gasal<\/span><\/span>, \u010dlanica udru\u017eenja Littera Salinea, dok se prisutnima obratio i sam autor.<\/p>\n","protected":false},"excerpt":{"rendered":"<p>Knji\u017eevno ve\u010de sa Ismet Prci\u0107 odr\u017eano je sino\u0107, 17. marta, u prostorijama Doma knji\u017eevnosti Tuzla&hellip;<\/p>\n","protected":false},"author":4,"featured_media":297654,"comment_status":"closed","ping_status":"closed","sticky":false,"template":"","format":"standard","meta":{"_acf_changed":false,"footnotes":""},"categories":[12],"tags":[13632,4408],"acf":[],"yoast_head":"<!-- This site is optimized with the Yoast SEO plugin v23.5 - https:\/\/yoast.com\/wordpress\/plugins\/seo\/ -->\n<title>Ismet Prci\u0107 predstavio svoja djela u Domu knji\u017eevnosti Tuzla - TuzlaInfo.ba<\/title>\n<meta name=\"robots\" content=\"index, follow, max-snippet:-1, max-image-preview:large, max-video-preview:-1\" \/>\n<link rel=\"canonical\" href=\"https:\/\/tuzlainfo.ba\/index.php\/novosti\/item\/297653-ismet-prcic-predstavio-svoja-djela-u-domu-knjizevnosti-tuzla\/\" \/>\n<meta property=\"og:locale\" content=\"bs_BA\" \/>\n<meta property=\"og:type\" content=\"article\" \/>\n<meta property=\"og:title\" content=\"Ismet Prci\u0107 predstavio svoja djela u Domu knji\u017eevnosti Tuzla - TuzlaInfo.ba\" \/>\n<meta property=\"og:description\" content=\"Knji\u017eevno ve\u010de sa Ismet Prci\u0107 odr\u017eano je sino\u0107, 17. marta, u prostorijama Doma knji\u017eevnosti Tuzla&hellip;\" \/>\n<meta property=\"og:url\" content=\"https:\/\/tuzlainfo.ba\/index.php\/novosti\/item\/297653-ismet-prcic-predstavio-svoja-djela-u-domu-knjizevnosti-tuzla\/\" \/>\n<meta property=\"og:site_name\" content=\"TuzlaInfo.ba\" \/>\n<meta property=\"article:publisher\" content=\"https:\/\/www.facebook.com\/tuzlainfo.ba\/\" \/>\n<meta property=\"article:published_time\" content=\"2026-03-18T15:11:31+00:00\" \/>\n<meta property=\"article:modified_time\" content=\"2026-03-18T12:35:32+00:00\" \/>\n<meta property=\"og:image\" content=\"https:\/\/tuzlainfo.ba\/wp-content\/uploads\/2026\/03\/foto-2.jpg\" \/>\n\t<meta property=\"og:image:width\" content=\"1600\" \/>\n\t<meta property=\"og:image:height\" content=\"1200\" \/>\n\t<meta property=\"og:image:type\" content=\"image\/jpeg\" \/>\n<meta name=\"author\" content=\"Tuzla Info\" \/>\n<meta name=\"twitter:card\" content=\"summary_large_image\" \/>\n<meta name=\"twitter:label1\" content=\"Written by\" \/>\n\t<meta name=\"twitter:data1\" content=\"Tuzla Info\" \/>\n\t<meta name=\"twitter:label2\" content=\"Est. reading time\" \/>\n\t<meta name=\"twitter:data2\" content=\"2 minute\" \/>\n<script type=\"application\/ld+json\" class=\"yoast-schema-graph\">{\"@context\":\"https:\/\/schema.org\",\"@graph\":[{\"@type\":\"Article\",\"@id\":\"https:\/\/tuzlainfo.ba\/index.php\/novosti\/item\/297653-ismet-prcic-predstavio-svoja-djela-u-domu-knjizevnosti-tuzla\/#article\",\"isPartOf\":{\"@id\":\"https:\/\/tuzlainfo.ba\/index.php\/novosti\/item\/297653-ismet-prcic-predstavio-svoja-djela-u-domu-knjizevnosti-tuzla\/\"},\"author\":{\"name\":\"Tuzla Info\",\"@id\":\"https:\/\/tuzlainfo.ba\/#\/schema\/person\/46cad4c57790cbc50781edd14870825a\"},\"headline\":\"Ismet Prci\u0107 predstavio svoja djela u Domu knji\u017eevnosti Tuzla\",\"datePublished\":\"2026-03-18T15:11:31+00:00\",\"dateModified\":\"2026-03-18T12:35:32+00:00\",\"mainEntityOfPage\":{\"@id\":\"https:\/\/tuzlainfo.ba\/index.php\/novosti\/item\/297653-ismet-prcic-predstavio-svoja-djela-u-domu-knjizevnosti-tuzla\/\"},\"wordCount\":201,\"publisher\":{\"@id\":\"https:\/\/tuzlainfo.ba\/#organization\"},\"image\":{\"@id\":\"https:\/\/tuzlainfo.ba\/index.php\/novosti\/item\/297653-ismet-prcic-predstavio-svoja-djela-u-domu-knjizevnosti-tuzla\/#primaryimage\"},\"thumbnailUrl\":\"https:\/\/tuzlainfo.ba\/wp-content\/uploads\/2026\/03\/foto-2.jpg\",\"keywords\":[\"ismet prci\u0107\",\"knji\u017eevno ve\u010de\"],\"articleSection\":[\"Novosti\"],\"inLanguage\":\"bs-BA\"},{\"@type\":\"WebPage\",\"@id\":\"https:\/\/tuzlainfo.ba\/index.php\/novosti\/item\/297653-ismet-prcic-predstavio-svoja-djela-u-domu-knjizevnosti-tuzla\/\",\"url\":\"https:\/\/tuzlainfo.ba\/index.php\/novosti\/item\/297653-ismet-prcic-predstavio-svoja-djela-u-domu-knjizevnosti-tuzla\/\",\"name\":\"Ismet Prci\u0107 predstavio svoja djela u Domu knji\u017eevnosti Tuzla - TuzlaInfo.ba\",\"isPartOf\":{\"@id\":\"https:\/\/tuzlainfo.ba\/#website\"},\"primaryImageOfPage\":{\"@id\":\"https:\/\/tuzlainfo.ba\/index.php\/novosti\/item\/297653-ismet-prcic-predstavio-svoja-djela-u-domu-knjizevnosti-tuzla\/#primaryimage\"},\"image\":{\"@id\":\"https:\/\/tuzlainfo.ba\/index.php\/novosti\/item\/297653-ismet-prcic-predstavio-svoja-djela-u-domu-knjizevnosti-tuzla\/#primaryimage\"},\"thumbnailUrl\":\"https:\/\/tuzlainfo.ba\/wp-content\/uploads\/2026\/03\/foto-2.jpg\",\"datePublished\":\"2026-03-18T15:11:31+00:00\",\"dateModified\":\"2026-03-18T12:35:32+00:00\",\"breadcrumb\":{\"@id\":\"https:\/\/tuzlainfo.ba\/index.php\/novosti\/item\/297653-ismet-prcic-predstavio-svoja-djela-u-domu-knjizevnosti-tuzla\/#breadcrumb\"},\"inLanguage\":\"bs-BA\",\"potentialAction\":[{\"@type\":\"ReadAction\",\"target\":[\"https:\/\/tuzlainfo.ba\/index.php\/novosti\/item\/297653-ismet-prcic-predstavio-svoja-djela-u-domu-knjizevnosti-tuzla\/\"]}]},{\"@type\":\"ImageObject\",\"inLanguage\":\"bs-BA\",\"@id\":\"https:\/\/tuzlainfo.ba\/index.php\/novosti\/item\/297653-ismet-prcic-predstavio-svoja-djela-u-domu-knjizevnosti-tuzla\/#primaryimage\",\"url\":\"https:\/\/tuzlainfo.ba\/wp-content\/uploads\/2026\/03\/foto-2.jpg\",\"contentUrl\":\"https:\/\/tuzlainfo.ba\/wp-content\/uploads\/2026\/03\/foto-2.jpg\",\"width\":1600,\"height\":1200},{\"@type\":\"BreadcrumbList\",\"@id\":\"https:\/\/tuzlainfo.ba\/index.php\/novosti\/item\/297653-ismet-prcic-predstavio-svoja-djela-u-domu-knjizevnosti-tuzla\/#breadcrumb\",\"itemListElement\":[{\"@type\":\"ListItem\",\"position\":1,\"name\":\"Home\",\"item\":\"https:\/\/tuzlainfo.ba\/\"},{\"@type\":\"ListItem\",\"position\":2,\"name\":\"Ismet Prci\u0107 predstavio svoja djela u Domu knji\u017eevnosti Tuzla\"}]},{\"@type\":\"WebSite\",\"@id\":\"https:\/\/tuzlainfo.ba\/#website\",\"url\":\"https:\/\/tuzlainfo.ba\/\",\"name\":\"TuzlaInfo.ba\",\"description\":\"Tuzla info, gradski informator - Tuzla na dlanu\",\"publisher\":{\"@id\":\"https:\/\/tuzlainfo.ba\/#organization\"},\"potentialAction\":[{\"@type\":\"SearchAction\",\"target\":{\"@type\":\"EntryPoint\",\"urlTemplate\":\"https:\/\/tuzlainfo.ba\/?s={search_term_string}\"},\"query-input\":{\"@type\":\"PropertyValueSpecification\",\"valueRequired\":true,\"valueName\":\"search_term_string\"}}],\"inLanguage\":\"bs-BA\"},{\"@type\":\"Organization\",\"@id\":\"https:\/\/tuzlainfo.ba\/#organization\",\"name\":\"TuzlaInfo.ba\",\"url\":\"https:\/\/tuzlainfo.ba\/\",\"logo\":{\"@type\":\"ImageObject\",\"inLanguage\":\"bs-BA\",\"@id\":\"https:\/\/tuzlainfo.ba\/#\/schema\/logo\/image\/\",\"url\":\"https:\/\/tuzlainfo.ba\/wp-content\/uploads\/2021\/03\/logo-ver-3-1.png\",\"contentUrl\":\"https:\/\/tuzlainfo.ba\/wp-content\/uploads\/2021\/03\/logo-ver-3-1.png\",\"width\":350,\"height\":95,\"caption\":\"TuzlaInfo.ba\"},\"image\":{\"@id\":\"https:\/\/tuzlainfo.ba\/#\/schema\/logo\/image\/\"},\"sameAs\":[\"https:\/\/www.facebook.com\/tuzlainfo.ba\/\"]},{\"@type\":\"Person\",\"@id\":\"https:\/\/tuzlainfo.ba\/#\/schema\/person\/46cad4c57790cbc50781edd14870825a\",\"name\":\"Tuzla Info\",\"image\":{\"@type\":\"ImageObject\",\"inLanguage\":\"bs-BA\",\"@id\":\"https:\/\/tuzlainfo.ba\/#\/schema\/person\/image\/\",\"url\":\"https:\/\/tuzlainfo.ba\/wp-content\/litespeed\/avatar\/b6c453a6c38e3654f2e4416c643fc25c.jpg?ver=1777051911\",\"contentUrl\":\"https:\/\/tuzlainfo.ba\/wp-content\/litespeed\/avatar\/b6c453a6c38e3654f2e4416c643fc25c.jpg?ver=1777051911\",\"caption\":\"Tuzla Info\"}}]}<\/script>\n<!-- \/ Yoast SEO plugin. -->","yoast_head_json":{"title":"Ismet Prci\u0107 predstavio svoja djela u Domu knji\u017eevnosti Tuzla - TuzlaInfo.ba","robots":{"index":"index","follow":"follow","max-snippet":"max-snippet:-1","max-image-preview":"max-image-preview:large","max-video-preview":"max-video-preview:-1"},"canonical":"https:\/\/tuzlainfo.ba\/index.php\/novosti\/item\/297653-ismet-prcic-predstavio-svoja-djela-u-domu-knjizevnosti-tuzla\/","og_locale":"bs_BA","og_type":"article","og_title":"Ismet Prci\u0107 predstavio svoja djela u Domu knji\u017eevnosti Tuzla - TuzlaInfo.ba","og_description":"Knji\u017eevno ve\u010de sa Ismet Prci\u0107 odr\u017eano je sino\u0107, 17. marta, u prostorijama Doma knji\u017eevnosti Tuzla&hellip;","og_url":"https:\/\/tuzlainfo.ba\/index.php\/novosti\/item\/297653-ismet-prcic-predstavio-svoja-djela-u-domu-knjizevnosti-tuzla\/","og_site_name":"TuzlaInfo.ba","article_publisher":"https:\/\/www.facebook.com\/tuzlainfo.ba\/","article_published_time":"2026-03-18T15:11:31+00:00","article_modified_time":"2026-03-18T12:35:32+00:00","og_image":[{"width":1600,"height":1200,"url":"https:\/\/tuzlainfo.ba\/wp-content\/uploads\/2026\/03\/foto-2.jpg","type":"image\/jpeg"}],"author":"Tuzla Info","twitter_card":"summary_large_image","twitter_misc":{"Written by":"Tuzla Info","Est. reading time":"2 minute"},"schema":{"@context":"https:\/\/schema.org","@graph":[{"@type":"Article","@id":"https:\/\/tuzlainfo.ba\/index.php\/novosti\/item\/297653-ismet-prcic-predstavio-svoja-djela-u-domu-knjizevnosti-tuzla\/#article","isPartOf":{"@id":"https:\/\/tuzlainfo.ba\/index.php\/novosti\/item\/297653-ismet-prcic-predstavio-svoja-djela-u-domu-knjizevnosti-tuzla\/"},"author":{"name":"Tuzla Info","@id":"https:\/\/tuzlainfo.ba\/#\/schema\/person\/46cad4c57790cbc50781edd14870825a"},"headline":"Ismet Prci\u0107 predstavio svoja djela u Domu knji\u017eevnosti Tuzla","datePublished":"2026-03-18T15:11:31+00:00","dateModified":"2026-03-18T12:35:32+00:00","mainEntityOfPage":{"@id":"https:\/\/tuzlainfo.ba\/index.php\/novosti\/item\/297653-ismet-prcic-predstavio-svoja-djela-u-domu-knjizevnosti-tuzla\/"},"wordCount":201,"publisher":{"@id":"https:\/\/tuzlainfo.ba\/#organization"},"image":{"@id":"https:\/\/tuzlainfo.ba\/index.php\/novosti\/item\/297653-ismet-prcic-predstavio-svoja-djela-u-domu-knjizevnosti-tuzla\/#primaryimage"},"thumbnailUrl":"https:\/\/tuzlainfo.ba\/wp-content\/uploads\/2026\/03\/foto-2.jpg","keywords":["ismet prci\u0107","knji\u017eevno ve\u010de"],"articleSection":["Novosti"],"inLanguage":"bs-BA"},{"@type":"WebPage","@id":"https:\/\/tuzlainfo.ba\/index.php\/novosti\/item\/297653-ismet-prcic-predstavio-svoja-djela-u-domu-knjizevnosti-tuzla\/","url":"https:\/\/tuzlainfo.ba\/index.php\/novosti\/item\/297653-ismet-prcic-predstavio-svoja-djela-u-domu-knjizevnosti-tuzla\/","name":"Ismet Prci\u0107 predstavio svoja djela u Domu knji\u017eevnosti Tuzla - TuzlaInfo.ba","isPartOf":{"@id":"https:\/\/tuzlainfo.ba\/#website"},"primaryImageOfPage":{"@id":"https:\/\/tuzlainfo.ba\/index.php\/novosti\/item\/297653-ismet-prcic-predstavio-svoja-djela-u-domu-knjizevnosti-tuzla\/#primaryimage"},"image":{"@id":"https:\/\/tuzlainfo.ba\/index.php\/novosti\/item\/297653-ismet-prcic-predstavio-svoja-djela-u-domu-knjizevnosti-tuzla\/#primaryimage"},"thumbnailUrl":"https:\/\/tuzlainfo.ba\/wp-content\/uploads\/2026\/03\/foto-2.jpg","datePublished":"2026-03-18T15:11:31+00:00","dateModified":"2026-03-18T12:35:32+00:00","breadcrumb":{"@id":"https:\/\/tuzlainfo.ba\/index.php\/novosti\/item\/297653-ismet-prcic-predstavio-svoja-djela-u-domu-knjizevnosti-tuzla\/#breadcrumb"},"inLanguage":"bs-BA","potentialAction":[{"@type":"ReadAction","target":["https:\/\/tuzlainfo.ba\/index.php\/novosti\/item\/297653-ismet-prcic-predstavio-svoja-djela-u-domu-knjizevnosti-tuzla\/"]}]},{"@type":"ImageObject","inLanguage":"bs-BA","@id":"https:\/\/tuzlainfo.ba\/index.php\/novosti\/item\/297653-ismet-prcic-predstavio-svoja-djela-u-domu-knjizevnosti-tuzla\/#primaryimage","url":"https:\/\/tuzlainfo.ba\/wp-content\/uploads\/2026\/03\/foto-2.jpg","contentUrl":"https:\/\/tuzlainfo.ba\/wp-content\/uploads\/2026\/03\/foto-2.jpg","width":1600,"height":1200},{"@type":"BreadcrumbList","@id":"https:\/\/tuzlainfo.ba\/index.php\/novosti\/item\/297653-ismet-prcic-predstavio-svoja-djela-u-domu-knjizevnosti-tuzla\/#breadcrumb","itemListElement":[{"@type":"ListItem","position":1,"name":"Home","item":"https:\/\/tuzlainfo.ba\/"},{"@type":"ListItem","position":2,"name":"Ismet Prci\u0107 predstavio svoja djela u Domu knji\u017eevnosti Tuzla"}]},{"@type":"WebSite","@id":"https:\/\/tuzlainfo.ba\/#website","url":"https:\/\/tuzlainfo.ba\/","name":"TuzlaInfo.ba","description":"Tuzla info, gradski informator - Tuzla na dlanu","publisher":{"@id":"https:\/\/tuzlainfo.ba\/#organization"},"potentialAction":[{"@type":"SearchAction","target":{"@type":"EntryPoint","urlTemplate":"https:\/\/tuzlainfo.ba\/?s={search_term_string}"},"query-input":{"@type":"PropertyValueSpecification","valueRequired":true,"valueName":"search_term_string"}}],"inLanguage":"bs-BA"},{"@type":"Organization","@id":"https:\/\/tuzlainfo.ba\/#organization","name":"TuzlaInfo.ba","url":"https:\/\/tuzlainfo.ba\/","logo":{"@type":"ImageObject","inLanguage":"bs-BA","@id":"https:\/\/tuzlainfo.ba\/#\/schema\/logo\/image\/","url":"https:\/\/tuzlainfo.ba\/wp-content\/uploads\/2021\/03\/logo-ver-3-1.png","contentUrl":"https:\/\/tuzlainfo.ba\/wp-content\/uploads\/2021\/03\/logo-ver-3-1.png","width":350,"height":95,"caption":"TuzlaInfo.ba"},"image":{"@id":"https:\/\/tuzlainfo.ba\/#\/schema\/logo\/image\/"},"sameAs":["https:\/\/www.facebook.com\/tuzlainfo.ba\/"]},{"@type":"Person","@id":"https:\/\/tuzlainfo.ba\/#\/schema\/person\/46cad4c57790cbc50781edd14870825a","name":"Tuzla Info","image":{"@type":"ImageObject","inLanguage":"bs-BA","@id":"https:\/\/tuzlainfo.ba\/#\/schema\/person\/image\/","url":"https:\/\/tuzlainfo.ba\/wp-content\/litespeed\/avatar\/b6c453a6c38e3654f2e4416c643fc25c.jpg?ver=1777051911","contentUrl":"https:\/\/tuzlainfo.ba\/wp-content\/litespeed\/avatar\/b6c453a6c38e3654f2e4416c643fc25c.jpg?ver=1777051911","caption":"Tuzla Info"}}]}},"_links":{"self":[{"href":"https:\/\/tuzlainfo.ba\/index.php\/wp-json\/wp\/v2\/posts\/297653"}],"collection":[{"href":"https:\/\/tuzlainfo.ba\/index.php\/wp-json\/wp\/v2\/posts"}],"about":[{"href":"https:\/\/tuzlainfo.ba\/index.php\/wp-json\/wp\/v2\/types\/post"}],"author":[{"embeddable":true,"href":"https:\/\/tuzlainfo.ba\/index.php\/wp-json\/wp\/v2\/users\/4"}],"replies":[{"embeddable":true,"href":"https:\/\/tuzlainfo.ba\/index.php\/wp-json\/wp\/v2\/comments?post=297653"}],"version-history":[{"count":1,"href":"https:\/\/tuzlainfo.ba\/index.php\/wp-json\/wp\/v2\/posts\/297653\/revisions"}],"predecessor-version":[{"id":297655,"href":"https:\/\/tuzlainfo.ba\/index.php\/wp-json\/wp\/v2\/posts\/297653\/revisions\/297655"}],"wp:featuredmedia":[{"embeddable":true,"href":"https:\/\/tuzlainfo.ba\/index.php\/wp-json\/wp\/v2\/media\/297654"}],"wp:attachment":[{"href":"https:\/\/tuzlainfo.ba\/index.php\/wp-json\/wp\/v2\/media?parent=297653"}],"wp:term":[{"taxonomy":"category","embeddable":true,"href":"https:\/\/tuzlainfo.ba\/index.php\/wp-json\/wp\/v2\/categories?post=297653"},{"taxonomy":"post_tag","embeddable":true,"href":"https:\/\/tuzlainfo.ba\/index.php\/wp-json\/wp\/v2\/tags?post=297653"}],"curies":[{"name":"wp","href":"https:\/\/api.w.org\/{rel}","templated":true}]}}