{"id":297631,"date":"2026-03-18T10:05:50","date_gmt":"2026-03-18T09:05:50","guid":{"rendered":"https:\/\/tuzlainfo.ba\/?p=297631"},"modified":"2026-03-18T09:10:39","modified_gmt":"2026-03-18T08:10:39","slug":"jos-dva-poslodavca-u-tk-u-sistemu-osudjenici-ce-kaznu-moci-zamijeniti-radom-za-opce-dobro","status":"publish","type":"post","link":"https:\/\/tuzlainfo.ba\/index.php\/novosti\/item\/297631-jos-dva-poslodavca-u-tk-u-sistemu-osudjenici-ce-kaznu-moci-zamijeniti-radom-za-opce-dobro\/","title":{"rendered":"Jo\u0161 dva poslodavca u TK u sistemu: Osu\u0111enici \u0107e kaznu mo\u0107i zamijeniti radom za op\u0107e dobro"},"content":{"rendered":"<p>Ministarstvo pravosu\u0111a i uprave Tuzlanskog kantona nastavilo je sa konkretnim koracima u primjeni instituta rada za op\u0107e dobro na slobodi, a ju\u010der je, u prostorijama Ministarstva, ministrica Nata\u0161a Maro\u0161evi\u0107 potpisala ugovore sa novim poslodavcima \u2013 JKP \u201eSapna\u201c d.o.o. Sapna i Javnom ustanovom Centar za rehabilitaciju ovisnika o psihoaktivnim supstancama (CROPS).<\/p>\n<p>Potpisivanjem ovih ugovora stvoreni su uslovi da osu\u0111ene osobe sa prebivali\u0161tem na podru\u010dju op\u0107ine Sapna mogu obavljati dru\u0161tveno koristan rad, dok je na podru\u010dju grada Lukavca dodatno pro\u0161irena mre\u017ea poslodavaca uklju\u010denih u provedbu ove alternativne krivi\u010dne sankcije.<\/p>\n<p>Rad za op\u0107e dobro na slobodi predstavlja alternativnu kaznenu sankciju kojom se, u slu\u010dajevima kada sud izrekne kaznu zatvora do jedne godine, uz pristanak osu\u0111enog, izre\u010dena kazna mo\u017ee zamijeniti mjerom vanzavodskog karaktera, odnosno radom za op\u0107e dobro na slobodi.<\/p>\n<p>Resorna ministrica Maro\u0161evi\u0107 ovom je prilikom izrazila zahvalnost direktoru JKP \u201eSapna\u201c d.o.o. Sapna Samiru Smajlovi\u0107u i direktoru JU CROPS Mevludinu Joldi\u0107u, koji su, nakon upu\u0107enog poziva Ministarstva, prepoznali zna\u010daj i vi\u0161estruke koristi primjene ovog instituta.<\/p>\n<p>Do danas Ministarstvo pravosu\u0111a i uprave Tuzlanskog kantona nije imalo nijednog poslodavca na podru\u010dju op\u0107ine Sapna, dok je na podru\u010dju grada Lukavca bio zaklju\u010den ugovor sa samo jednim poslodavcem. Zbog toga dana\u0161nje potpisivanje ugovora ima poseban zna\u010daj za ja\u010danje primjene rada za op\u0107e dobro na slobodi, ali i za unapre\u0111enje saradnje institucija i lokalnih zajednica u provo\u0111enju alternativnih sankcija.<\/p>\n<p>Na ovaj na\u010din nastavlja se \u0161irenje mre\u017ee poslodavaca na podru\u010dju Tuzlanskog kantona, \u010dime se dodatno doprinosi humanijem i efikasnijem izvr\u0161enju krivi\u010dnih sankcija, uz istovremeno ostvarivanje dru\u0161tvene koristi za lokalne zajednice. Od 2023. godine, kada se intenzivnije krenulo sa ovim aktivnostima, do danas su zaklju\u010deni ugovori sa 20 novih poslodavaca koji su se time priklju\u010dili ovom projektu. \u010cinjenica da u nekim op\u0107inama jo\u0161 uvijek nema niti jednog poslodavca koji je iskazao interes za zaklju\u010divanje ugovora, dodatni je podstrek Ministarstvu da u narednom periodu fokus djelovanja usmjeri u tom pravcu.<\/p>\n","protected":false},"excerpt":{"rendered":"<p>Ministarstvo pravosu\u0111a i uprave Tuzlanskog kantona nastavilo je sa konkretnim koracima u primjeni instituta rada&hellip;<\/p>\n","protected":false},"author":4,"featured_media":297632,"comment_status":"closed","ping_status":"closed","sticky":false,"template":"","format":"standard","meta":{"_acf_changed":false,"footnotes":""},"categories":[304,12],"tags":[1368,13630,1012,527],"acf":[],"yoast_head":"<!-- This site is optimized with the Yoast SEO plugin v23.5 - https:\/\/yoast.com\/wordpress\/plugins\/seo\/ -->\n<title>Jo\u0161 dva poslodavca u TK u sistemu: Osu\u0111enici \u0107e kaznu mo\u0107i zamijeniti radom za op\u0107e dobro - TuzlaInfo.ba<\/title>\n<meta name=\"robots\" content=\"index, follow, max-snippet:-1, max-image-preview:large, max-video-preview:-1\" \/>\n<link rel=\"canonical\" href=\"https:\/\/tuzlainfo.ba\/index.php\/novosti\/item\/297631-jos-dva-poslodavca-u-tk-u-sistemu-osudjenici-ce-kaznu-moci-zamijeniti-radom-za-opce-dobro\/\" \/>\n<meta property=\"og:locale\" content=\"bs_BA\" \/>\n<meta property=\"og:type\" content=\"article\" \/>\n<meta property=\"og:title\" content=\"Jo\u0161 dva poslodavca u TK u sistemu: Osu\u0111enici \u0107e kaznu mo\u0107i zamijeniti radom za op\u0107e dobro - TuzlaInfo.ba\" \/>\n<meta property=\"og:description\" content=\"Ministarstvo pravosu\u0111a i uprave Tuzlanskog kantona nastavilo je sa konkretnim koracima u primjeni instituta rada&hellip;\" \/>\n<meta property=\"og:url\" content=\"https:\/\/tuzlainfo.ba\/index.php\/novosti\/item\/297631-jos-dva-poslodavca-u-tk-u-sistemu-osudjenici-ce-kaznu-moci-zamijeniti-radom-za-opce-dobro\/\" \/>\n<meta property=\"og:site_name\" content=\"TuzlaInfo.ba\" \/>\n<meta property=\"article:publisher\" content=\"https:\/\/www.facebook.com\/tuzlainfo.ba\/\" \/>\n<meta property=\"article:published_time\" content=\"2026-03-18T09:05:50+00:00\" \/>\n<meta property=\"article:modified_time\" content=\"2026-03-18T08:10:39+00:00\" \/>\n<meta property=\"og:image\" content=\"https:\/\/tuzlainfo.ba\/wp-content\/uploads\/2026\/03\/1773756016_69b95e708900d.jpg\" \/>\n\t<meta property=\"og:image:width\" content=\"1440\" \/>\n\t<meta property=\"og:image:height\" content=\"813\" \/>\n\t<meta property=\"og:image:type\" content=\"image\/jpeg\" \/>\n<meta name=\"author\" content=\"Tuzla Info\" \/>\n<meta name=\"twitter:card\" content=\"summary_large_image\" \/>\n<meta name=\"twitter:label1\" content=\"Written by\" \/>\n\t<meta name=\"twitter:data1\" content=\"Tuzla Info\" \/>\n\t<meta name=\"twitter:label2\" content=\"Est. reading time\" \/>\n\t<meta name=\"twitter:data2\" content=\"2 minute\" \/>\n<script type=\"application\/ld+json\" class=\"yoast-schema-graph\">{\"@context\":\"https:\/\/schema.org\",\"@graph\":[{\"@type\":\"Article\",\"@id\":\"https:\/\/tuzlainfo.ba\/index.php\/novosti\/item\/297631-jos-dva-poslodavca-u-tk-u-sistemu-osudjenici-ce-kaznu-moci-zamijeniti-radom-za-opce-dobro\/#article\",\"isPartOf\":{\"@id\":\"https:\/\/tuzlainfo.ba\/index.php\/novosti\/item\/297631-jos-dva-poslodavca-u-tk-u-sistemu-osudjenici-ce-kaznu-moci-zamijeniti-radom-za-opce-dobro\/\"},\"author\":{\"name\":\"Tuzla Info\",\"@id\":\"https:\/\/tuzlainfo.ba\/#\/schema\/person\/46cad4c57790cbc50781edd14870825a\"},\"headline\":\"Jo\u0161 dva poslodavca u TK u sistemu: Osu\u0111enici \u0107e kaznu mo\u0107i zamijeniti radom za op\u0107e dobro\",\"datePublished\":\"2026-03-18T09:05:50+00:00\",\"dateModified\":\"2026-03-18T08:10:39+00:00\",\"mainEntityOfPage\":{\"@id\":\"https:\/\/tuzlainfo.ba\/index.php\/novosti\/item\/297631-jos-dva-poslodavca-u-tk-u-sistemu-osudjenici-ce-kaznu-moci-zamijeniti-radom-za-opce-dobro\/\"},\"wordCount\":376,\"publisher\":{\"@id\":\"https:\/\/tuzlainfo.ba\/#organization\"},\"image\":{\"@id\":\"https:\/\/tuzlainfo.ba\/index.php\/novosti\/item\/297631-jos-dva-poslodavca-u-tk-u-sistemu-osudjenici-ce-kaznu-moci-zamijeniti-radom-za-opce-dobro\/#primaryimage\"},\"thumbnailUrl\":\"https:\/\/tuzlainfo.ba\/wp-content\/uploads\/2026\/03\/1773756016_69b95e708900d.jpg\",\"keywords\":[\"kazne\",\"osu\u0111enici\",\"poslodavci\",\"tk\"],\"articleSection\":[\"Istaknuto\",\"Novosti\"],\"inLanguage\":\"bs-BA\"},{\"@type\":\"WebPage\",\"@id\":\"https:\/\/tuzlainfo.ba\/index.php\/novosti\/item\/297631-jos-dva-poslodavca-u-tk-u-sistemu-osudjenici-ce-kaznu-moci-zamijeniti-radom-za-opce-dobro\/\",\"url\":\"https:\/\/tuzlainfo.ba\/index.php\/novosti\/item\/297631-jos-dva-poslodavca-u-tk-u-sistemu-osudjenici-ce-kaznu-moci-zamijeniti-radom-za-opce-dobro\/\",\"name\":\"Jo\u0161 dva poslodavca u TK u sistemu: Osu\u0111enici \u0107e kaznu mo\u0107i zamijeniti radom za op\u0107e dobro - TuzlaInfo.ba\",\"isPartOf\":{\"@id\":\"https:\/\/tuzlainfo.ba\/#website\"},\"primaryImageOfPage\":{\"@id\":\"https:\/\/tuzlainfo.ba\/index.php\/novosti\/item\/297631-jos-dva-poslodavca-u-tk-u-sistemu-osudjenici-ce-kaznu-moci-zamijeniti-radom-za-opce-dobro\/#primaryimage\"},\"image\":{\"@id\":\"https:\/\/tuzlainfo.ba\/index.php\/novosti\/item\/297631-jos-dva-poslodavca-u-tk-u-sistemu-osudjenici-ce-kaznu-moci-zamijeniti-radom-za-opce-dobro\/#primaryimage\"},\"thumbnailUrl\":\"https:\/\/tuzlainfo.ba\/wp-content\/uploads\/2026\/03\/1773756016_69b95e708900d.jpg\",\"datePublished\":\"2026-03-18T09:05:50+00:00\",\"dateModified\":\"2026-03-18T08:10:39+00:00\",\"breadcrumb\":{\"@id\":\"https:\/\/tuzlainfo.ba\/index.php\/novosti\/item\/297631-jos-dva-poslodavca-u-tk-u-sistemu-osudjenici-ce-kaznu-moci-zamijeniti-radom-za-opce-dobro\/#breadcrumb\"},\"inLanguage\":\"bs-BA\",\"potentialAction\":[{\"@type\":\"ReadAction\",\"target\":[\"https:\/\/tuzlainfo.ba\/index.php\/novosti\/item\/297631-jos-dva-poslodavca-u-tk-u-sistemu-osudjenici-ce-kaznu-moci-zamijeniti-radom-za-opce-dobro\/\"]}]},{\"@type\":\"ImageObject\",\"inLanguage\":\"bs-BA\",\"@id\":\"https:\/\/tuzlainfo.ba\/index.php\/novosti\/item\/297631-jos-dva-poslodavca-u-tk-u-sistemu-osudjenici-ce-kaznu-moci-zamijeniti-radom-za-opce-dobro\/#primaryimage\",\"url\":\"https:\/\/tuzlainfo.ba\/wp-content\/uploads\/2026\/03\/1773756016_69b95e708900d.jpg\",\"contentUrl\":\"https:\/\/tuzlainfo.ba\/wp-content\/uploads\/2026\/03\/1773756016_69b95e708900d.jpg\",\"width\":1440,\"height\":813},{\"@type\":\"BreadcrumbList\",\"@id\":\"https:\/\/tuzlainfo.ba\/index.php\/novosti\/item\/297631-jos-dva-poslodavca-u-tk-u-sistemu-osudjenici-ce-kaznu-moci-zamijeniti-radom-za-opce-dobro\/#breadcrumb\",\"itemListElement\":[{\"@type\":\"ListItem\",\"position\":1,\"name\":\"Home\",\"item\":\"https:\/\/tuzlainfo.ba\/\"},{\"@type\":\"ListItem\",\"position\":2,\"name\":\"Jo\u0161 dva poslodavca u TK u sistemu: Osu\u0111enici \u0107e kaznu mo\u0107i zamijeniti radom za op\u0107e dobro\"}]},{\"@type\":\"WebSite\",\"@id\":\"https:\/\/tuzlainfo.ba\/#website\",\"url\":\"https:\/\/tuzlainfo.ba\/\",\"name\":\"TuzlaInfo.ba\",\"description\":\"Tuzla info, gradski informator - Tuzla na dlanu\",\"publisher\":{\"@id\":\"https:\/\/tuzlainfo.ba\/#organization\"},\"potentialAction\":[{\"@type\":\"SearchAction\",\"target\":{\"@type\":\"EntryPoint\",\"urlTemplate\":\"https:\/\/tuzlainfo.ba\/?s={search_term_string}\"},\"query-input\":{\"@type\":\"PropertyValueSpecification\",\"valueRequired\":true,\"valueName\":\"search_term_string\"}}],\"inLanguage\":\"bs-BA\"},{\"@type\":\"Organization\",\"@id\":\"https:\/\/tuzlainfo.ba\/#organization\",\"name\":\"TuzlaInfo.ba\",\"url\":\"https:\/\/tuzlainfo.ba\/\",\"logo\":{\"@type\":\"ImageObject\",\"inLanguage\":\"bs-BA\",\"@id\":\"https:\/\/tuzlainfo.ba\/#\/schema\/logo\/image\/\",\"url\":\"https:\/\/tuzlainfo.ba\/wp-content\/uploads\/2021\/03\/logo-ver-3-1.png\",\"contentUrl\":\"https:\/\/tuzlainfo.ba\/wp-content\/uploads\/2021\/03\/logo-ver-3-1.png\",\"width\":350,\"height\":95,\"caption\":\"TuzlaInfo.ba\"},\"image\":{\"@id\":\"https:\/\/tuzlainfo.ba\/#\/schema\/logo\/image\/\"},\"sameAs\":[\"https:\/\/www.facebook.com\/tuzlainfo.ba\/\"]},{\"@type\":\"Person\",\"@id\":\"https:\/\/tuzlainfo.ba\/#\/schema\/person\/46cad4c57790cbc50781edd14870825a\",\"name\":\"Tuzla Info\",\"image\":{\"@type\":\"ImageObject\",\"inLanguage\":\"bs-BA\",\"@id\":\"https:\/\/tuzlainfo.ba\/#\/schema\/person\/image\/\",\"url\":\"https:\/\/tuzlainfo.ba\/wp-content\/litespeed\/avatar\/b6c453a6c38e3654f2e4416c643fc25c.jpg?ver=1777051911\",\"contentUrl\":\"https:\/\/tuzlainfo.ba\/wp-content\/litespeed\/avatar\/b6c453a6c38e3654f2e4416c643fc25c.jpg?ver=1777051911\",\"caption\":\"Tuzla Info\"}}]}<\/script>\n<!-- \/ Yoast SEO plugin. -->","yoast_head_json":{"title":"Jo\u0161 dva poslodavca u TK u sistemu: Osu\u0111enici \u0107e kaznu mo\u0107i zamijeniti radom za op\u0107e dobro - TuzlaInfo.ba","robots":{"index":"index","follow":"follow","max-snippet":"max-snippet:-1","max-image-preview":"max-image-preview:large","max-video-preview":"max-video-preview:-1"},"canonical":"https:\/\/tuzlainfo.ba\/index.php\/novosti\/item\/297631-jos-dva-poslodavca-u-tk-u-sistemu-osudjenici-ce-kaznu-moci-zamijeniti-radom-za-opce-dobro\/","og_locale":"bs_BA","og_type":"article","og_title":"Jo\u0161 dva poslodavca u TK u sistemu: Osu\u0111enici \u0107e kaznu mo\u0107i zamijeniti radom za op\u0107e dobro - TuzlaInfo.ba","og_description":"Ministarstvo pravosu\u0111a i uprave Tuzlanskog kantona nastavilo je sa konkretnim koracima u primjeni instituta rada&hellip;","og_url":"https:\/\/tuzlainfo.ba\/index.php\/novosti\/item\/297631-jos-dva-poslodavca-u-tk-u-sistemu-osudjenici-ce-kaznu-moci-zamijeniti-radom-za-opce-dobro\/","og_site_name":"TuzlaInfo.ba","article_publisher":"https:\/\/www.facebook.com\/tuzlainfo.ba\/","article_published_time":"2026-03-18T09:05:50+00:00","article_modified_time":"2026-03-18T08:10:39+00:00","og_image":[{"width":1440,"height":813,"url":"https:\/\/tuzlainfo.ba\/wp-content\/uploads\/2026\/03\/1773756016_69b95e708900d.jpg","type":"image\/jpeg"}],"author":"Tuzla Info","twitter_card":"summary_large_image","twitter_misc":{"Written by":"Tuzla Info","Est. reading time":"2 minute"},"schema":{"@context":"https:\/\/schema.org","@graph":[{"@type":"Article","@id":"https:\/\/tuzlainfo.ba\/index.php\/novosti\/item\/297631-jos-dva-poslodavca-u-tk-u-sistemu-osudjenici-ce-kaznu-moci-zamijeniti-radom-za-opce-dobro\/#article","isPartOf":{"@id":"https:\/\/tuzlainfo.ba\/index.php\/novosti\/item\/297631-jos-dva-poslodavca-u-tk-u-sistemu-osudjenici-ce-kaznu-moci-zamijeniti-radom-za-opce-dobro\/"},"author":{"name":"Tuzla Info","@id":"https:\/\/tuzlainfo.ba\/#\/schema\/person\/46cad4c57790cbc50781edd14870825a"},"headline":"Jo\u0161 dva poslodavca u TK u sistemu: Osu\u0111enici \u0107e kaznu mo\u0107i zamijeniti radom za op\u0107e dobro","datePublished":"2026-03-18T09:05:50+00:00","dateModified":"2026-03-18T08:10:39+00:00","mainEntityOfPage":{"@id":"https:\/\/tuzlainfo.ba\/index.php\/novosti\/item\/297631-jos-dva-poslodavca-u-tk-u-sistemu-osudjenici-ce-kaznu-moci-zamijeniti-radom-za-opce-dobro\/"},"wordCount":376,"publisher":{"@id":"https:\/\/tuzlainfo.ba\/#organization"},"image":{"@id":"https:\/\/tuzlainfo.ba\/index.php\/novosti\/item\/297631-jos-dva-poslodavca-u-tk-u-sistemu-osudjenici-ce-kaznu-moci-zamijeniti-radom-za-opce-dobro\/#primaryimage"},"thumbnailUrl":"https:\/\/tuzlainfo.ba\/wp-content\/uploads\/2026\/03\/1773756016_69b95e708900d.jpg","keywords":["kazne","osu\u0111enici","poslodavci","tk"],"articleSection":["Istaknuto","Novosti"],"inLanguage":"bs-BA"},{"@type":"WebPage","@id":"https:\/\/tuzlainfo.ba\/index.php\/novosti\/item\/297631-jos-dva-poslodavca-u-tk-u-sistemu-osudjenici-ce-kaznu-moci-zamijeniti-radom-za-opce-dobro\/","url":"https:\/\/tuzlainfo.ba\/index.php\/novosti\/item\/297631-jos-dva-poslodavca-u-tk-u-sistemu-osudjenici-ce-kaznu-moci-zamijeniti-radom-za-opce-dobro\/","name":"Jo\u0161 dva poslodavca u TK u sistemu: Osu\u0111enici \u0107e kaznu mo\u0107i zamijeniti radom za op\u0107e dobro - TuzlaInfo.ba","isPartOf":{"@id":"https:\/\/tuzlainfo.ba\/#website"},"primaryImageOfPage":{"@id":"https:\/\/tuzlainfo.ba\/index.php\/novosti\/item\/297631-jos-dva-poslodavca-u-tk-u-sistemu-osudjenici-ce-kaznu-moci-zamijeniti-radom-za-opce-dobro\/#primaryimage"},"image":{"@id":"https:\/\/tuzlainfo.ba\/index.php\/novosti\/item\/297631-jos-dva-poslodavca-u-tk-u-sistemu-osudjenici-ce-kaznu-moci-zamijeniti-radom-za-opce-dobro\/#primaryimage"},"thumbnailUrl":"https:\/\/tuzlainfo.ba\/wp-content\/uploads\/2026\/03\/1773756016_69b95e708900d.jpg","datePublished":"2026-03-18T09:05:50+00:00","dateModified":"2026-03-18T08:10:39+00:00","breadcrumb":{"@id":"https:\/\/tuzlainfo.ba\/index.php\/novosti\/item\/297631-jos-dva-poslodavca-u-tk-u-sistemu-osudjenici-ce-kaznu-moci-zamijeniti-radom-za-opce-dobro\/#breadcrumb"},"inLanguage":"bs-BA","potentialAction":[{"@type":"ReadAction","target":["https:\/\/tuzlainfo.ba\/index.php\/novosti\/item\/297631-jos-dva-poslodavca-u-tk-u-sistemu-osudjenici-ce-kaznu-moci-zamijeniti-radom-za-opce-dobro\/"]}]},{"@type":"ImageObject","inLanguage":"bs-BA","@id":"https:\/\/tuzlainfo.ba\/index.php\/novosti\/item\/297631-jos-dva-poslodavca-u-tk-u-sistemu-osudjenici-ce-kaznu-moci-zamijeniti-radom-za-opce-dobro\/#primaryimage","url":"https:\/\/tuzlainfo.ba\/wp-content\/uploads\/2026\/03\/1773756016_69b95e708900d.jpg","contentUrl":"https:\/\/tuzlainfo.ba\/wp-content\/uploads\/2026\/03\/1773756016_69b95e708900d.jpg","width":1440,"height":813},{"@type":"BreadcrumbList","@id":"https:\/\/tuzlainfo.ba\/index.php\/novosti\/item\/297631-jos-dva-poslodavca-u-tk-u-sistemu-osudjenici-ce-kaznu-moci-zamijeniti-radom-za-opce-dobro\/#breadcrumb","itemListElement":[{"@type":"ListItem","position":1,"name":"Home","item":"https:\/\/tuzlainfo.ba\/"},{"@type":"ListItem","position":2,"name":"Jo\u0161 dva poslodavca u TK u sistemu: Osu\u0111enici \u0107e kaznu mo\u0107i zamijeniti radom za op\u0107e dobro"}]},{"@type":"WebSite","@id":"https:\/\/tuzlainfo.ba\/#website","url":"https:\/\/tuzlainfo.ba\/","name":"TuzlaInfo.ba","description":"Tuzla info, gradski informator - Tuzla na dlanu","publisher":{"@id":"https:\/\/tuzlainfo.ba\/#organization"},"potentialAction":[{"@type":"SearchAction","target":{"@type":"EntryPoint","urlTemplate":"https:\/\/tuzlainfo.ba\/?s={search_term_string}"},"query-input":{"@type":"PropertyValueSpecification","valueRequired":true,"valueName":"search_term_string"}}],"inLanguage":"bs-BA"},{"@type":"Organization","@id":"https:\/\/tuzlainfo.ba\/#organization","name":"TuzlaInfo.ba","url":"https:\/\/tuzlainfo.ba\/","logo":{"@type":"ImageObject","inLanguage":"bs-BA","@id":"https:\/\/tuzlainfo.ba\/#\/schema\/logo\/image\/","url":"https:\/\/tuzlainfo.ba\/wp-content\/uploads\/2021\/03\/logo-ver-3-1.png","contentUrl":"https:\/\/tuzlainfo.ba\/wp-content\/uploads\/2021\/03\/logo-ver-3-1.png","width":350,"height":95,"caption":"TuzlaInfo.ba"},"image":{"@id":"https:\/\/tuzlainfo.ba\/#\/schema\/logo\/image\/"},"sameAs":["https:\/\/www.facebook.com\/tuzlainfo.ba\/"]},{"@type":"Person","@id":"https:\/\/tuzlainfo.ba\/#\/schema\/person\/46cad4c57790cbc50781edd14870825a","name":"Tuzla Info","image":{"@type":"ImageObject","inLanguage":"bs-BA","@id":"https:\/\/tuzlainfo.ba\/#\/schema\/person\/image\/","url":"https:\/\/tuzlainfo.ba\/wp-content\/litespeed\/avatar\/b6c453a6c38e3654f2e4416c643fc25c.jpg?ver=1777051911","contentUrl":"https:\/\/tuzlainfo.ba\/wp-content\/litespeed\/avatar\/b6c453a6c38e3654f2e4416c643fc25c.jpg?ver=1777051911","caption":"Tuzla Info"}}]}},"_links":{"self":[{"href":"https:\/\/tuzlainfo.ba\/index.php\/wp-json\/wp\/v2\/posts\/297631"}],"collection":[{"href":"https:\/\/tuzlainfo.ba\/index.php\/wp-json\/wp\/v2\/posts"}],"about":[{"href":"https:\/\/tuzlainfo.ba\/index.php\/wp-json\/wp\/v2\/types\/post"}],"author":[{"embeddable":true,"href":"https:\/\/tuzlainfo.ba\/index.php\/wp-json\/wp\/v2\/users\/4"}],"replies":[{"embeddable":true,"href":"https:\/\/tuzlainfo.ba\/index.php\/wp-json\/wp\/v2\/comments?post=297631"}],"version-history":[{"count":1,"href":"https:\/\/tuzlainfo.ba\/index.php\/wp-json\/wp\/v2\/posts\/297631\/revisions"}],"predecessor-version":[{"id":297633,"href":"https:\/\/tuzlainfo.ba\/index.php\/wp-json\/wp\/v2\/posts\/297631\/revisions\/297633"}],"wp:featuredmedia":[{"embeddable":true,"href":"https:\/\/tuzlainfo.ba\/index.php\/wp-json\/wp\/v2\/media\/297632"}],"wp:attachment":[{"href":"https:\/\/tuzlainfo.ba\/index.php\/wp-json\/wp\/v2\/media?parent=297631"}],"wp:term":[{"taxonomy":"category","embeddable":true,"href":"https:\/\/tuzlainfo.ba\/index.php\/wp-json\/wp\/v2\/categories?post=297631"},{"taxonomy":"post_tag","embeddable":true,"href":"https:\/\/tuzlainfo.ba\/index.php\/wp-json\/wp\/v2\/tags?post=297631"}],"curies":[{"name":"wp","href":"https:\/\/api.w.org\/{rel}","templated":true}]}}