{"id":297620,"date":"2026-03-18T08:35:36","date_gmt":"2026-03-18T07:35:36","guid":{"rendered":"https:\/\/tuzlainfo.ba\/?p=297620"},"modified":"2026-03-19T08:00:05","modified_gmt":"2026-03-19T07:00:05","slug":"ukc-tuzla-otvara-se-ambulanta-za-terapiju-bola-uz-brzi-oporavak-pacijenata","status":"publish","type":"post","link":"https:\/\/tuzlainfo.ba\/index.php\/novosti\/item\/297620-ukc-tuzla-otvara-se-ambulanta-za-terapiju-bola-uz-brzi-oporavak-pacijenata\/","title":{"rendered":"UKC Tuzla: Otvara se Ambulanta za terapiju bola uz br\u017ei oporavak pacijenata"},"content":{"rendered":"<p data-start=\"0\" data-end=\"165\">Na Univerzitetskom klini\u010dkom centru Tuzla uskoro po\u010dinje s radom Ambulanta za terapiju bola, koja \u0107e djelovati u okviru Klinike za anesteziologiju i reanimatologiju.<\/p>\n<p data-start=\"167\" data-end=\"416\">Iako je unutra\u0161njom sistematizacijom ove klinike ranije bilo predvi\u0111eno njeno postojanje, ambulanta do sada nije bila u funkciji. U praksi su radile anesteziolo\u0161ka i specijalisti\u010dka ambulanta, dok segment terapije bola nije bio formalno organizovan.<\/p>\n<p data-start=\"418\" data-end=\"700\">Otvaranjem nove ambulante fokus se stavlja na pacijente koji trpe bol, s ciljem njegovog smanjenja ili potpunog uklanjanja. Ovakav pristup, kako isti\u010du iz UKC-a Tuzla, doprinosi br\u017eem oporavku, kra\u0107em boravku u bolnici, manjem riziku od infekcija i ukupno boljim ishodima lije\u010denja.<\/p>\n<p data-start=\"702\" data-end=\"1021\">U ambulanti \u0107e se obavljati prvi pregledi, procjena intenziteta i karakteristika bola, nakon \u010dega \u0107e anesteziolog izra\u0111ivati individualni plan terapije za svakog pacijenta. Poseban fokus bit \u0107e na osobama koje pate od hroni\u010dnog bola, a lije\u010denje \u0107e obuhvatati farmakolo\u0161ke metode, ali i razli\u010dite interventne procedure.<\/p>\n<p data-start=\"1023\" data-end=\"1227\">Na\u010delnica Klinike za anesteziologiju i reanimatologiju UKC Tuzla, prof. dr. med. sc. Jasmina Smaji\u0107, istakla je da je potreba za osnivanjem ambulante rezultat sve ve\u0107eg broja pacijenata s hroni\u010dnim bolom.<\/p>\n<p data-start=\"1229\" data-end=\"1792\">\u201ePokrenuta je inicijativa u okviru koje je odre\u0111eni broj ljekara, uz podr\u0161ku menad\u017ementa na\u0161e ustanove, zavr\u0161io edukacije iz oblasti regionalne anestezije i terapije bola u centrima u zemlji i inostranstvu. Sa radom Ambulante za terapiju bola zapo\u010dinjemo nakon \u0161to smo osigurali dovoljan broj educiranog kadra. Rad ambulante zasnivat \u0107e se na multidisciplinarnom i individualnom pristupu pacijentu. Osim anesteziologa i medicinskih sestara tehni\u010dara, u rad \u0107e biti uklju\u010deni i specijalisti drugih grana medicine, prije svega fizikalne medicine\u201c, kazala je Smaji\u0107.<\/p>\n<p data-start=\"1794\" data-end=\"1937\">Dodala je da \u0107e se, prema potrebi, u rad uklju\u010divati i stru\u010dnjaci drugih specijalnosti, koji \u0107e davati preporuke za daljnji tretman pacijenata.<\/p>\n<p data-start=\"1939\" data-end=\"2122\">\u201ePosebno isti\u010dem metode poput akupunkture, lokalne aplikacije anestetika i analgetika u bolna podru\u010dja, kao i blokade perifernih \u017eivaca pod kontrolom ultrazvuka\u201c, naglasila je Smaji\u0107.<\/p>\n<p data-start=\"2124\" data-end=\"2337\">Va\u017enu ulogu u radu ambulante imat \u0107e i psiholozi i socijalni radnici, kao i specijalisti iz oblasti hirurgije, ortopedije, urologije, neurohirurgije, neurologije i onkologije, koji \u0107e se uklju\u010divati prema potrebi.<\/p>\n<p data-start=\"2339\" data-end=\"2530\">Specijalista anesteziologije i reanimatologije, dr. Fatima Iljazagi\u0107 Halilovi\u0107, podsjetila je da ljekari UKC Tuzla kontinuirano unapre\u0111uju znanja iz oblasti terapije bola jo\u0161 od 2014. godine.<\/p>\n<p data-start=\"2532\" data-end=\"2866\">\u201eRealizirali smo brojne edukacije iz oblasti terapije bola, kao i akupunkture u Klini\u010dkoj bolnici Rijeka i Klini\u010dkom bolni\u010dkom centru Osijek. Posebno bih istakla edukacije iz oblasti ultrazvuka i njegove primjene u invazivnim procedurama u terapiji bola i regionalnoj anesteziji, koje su usko povezane\u201c, kazala je Iljazagi\u0107 Halilovi\u0107.<\/p>\n<p data-start=\"2868\" data-end=\"3022\">U po\u010detnoj fazi rada ambulanta \u0107e biti dostupna dva dana u sedmici, utorkom i \u010detvrtkom od 11 do 15 sati, dok su interventne procedure planirane srijedom.<\/p>\n","protected":false},"excerpt":{"rendered":"<p>Na Univerzitetskom klini\u010dkom centru Tuzla uskoro po\u010dinje s radom Ambulanta za terapiju bola, koja \u0107e&hellip;<\/p>\n","protected":false},"author":2,"featured_media":297621,"comment_status":"closed","ping_status":"closed","sticky":false,"template":"","format":"standard","meta":{"_acf_changed":false,"footnotes":""},"categories":[304,12,306],"tags":[458],"acf":[],"yoast_head":"<!-- This site is optimized with the Yoast SEO plugin v23.5 - https:\/\/yoast.com\/wordpress\/plugins\/seo\/ -->\n<title>UKC Tuzla: Otvara se Ambulanta za terapiju bola uz br\u017ei oporavak pacijenata - TuzlaInfo.ba<\/title>\n<meta name=\"robots\" content=\"index, follow, max-snippet:-1, max-image-preview:large, max-video-preview:-1\" \/>\n<link rel=\"canonical\" href=\"https:\/\/tuzlainfo.ba\/index.php\/novosti\/item\/297620-ukc-tuzla-otvara-se-ambulanta-za-terapiju-bola-uz-brzi-oporavak-pacijenata\/\" \/>\n<meta property=\"og:locale\" content=\"bs_BA\" \/>\n<meta property=\"og:type\" content=\"article\" \/>\n<meta property=\"og:title\" content=\"UKC Tuzla: Otvara se Ambulanta za terapiju bola uz br\u017ei oporavak pacijenata - TuzlaInfo.ba\" \/>\n<meta property=\"og:description\" content=\"Na Univerzitetskom klini\u010dkom centru Tuzla uskoro po\u010dinje s radom Ambulanta za terapiju bola, koja \u0107e&hellip;\" \/>\n<meta property=\"og:url\" content=\"https:\/\/tuzlainfo.ba\/index.php\/novosti\/item\/297620-ukc-tuzla-otvara-se-ambulanta-za-terapiju-bola-uz-brzi-oporavak-pacijenata\/\" \/>\n<meta property=\"og:site_name\" content=\"TuzlaInfo.ba\" \/>\n<meta property=\"article:publisher\" content=\"https:\/\/www.facebook.com\/tuzlainfo.ba\/\" \/>\n<meta property=\"article:published_time\" content=\"2026-03-18T07:35:36+00:00\" \/>\n<meta property=\"article:modified_time\" content=\"2026-03-19T07:00:05+00:00\" \/>\n<meta property=\"og:image\" content=\"https:\/\/tuzlainfo.ba\/wp-content\/uploads\/2026\/03\/1803_ukctuzla_terapija.jpg\" \/>\n\t<meta property=\"og:image:width\" content=\"1000\" \/>\n\t<meta property=\"og:image:height\" content=\"644\" \/>\n\t<meta property=\"og:image:type\" content=\"image\/jpeg\" \/>\n<meta name=\"author\" content=\"nedim\" \/>\n<meta name=\"twitter:card\" content=\"summary_large_image\" \/>\n<meta name=\"twitter:label1\" content=\"Written by\" \/>\n\t<meta name=\"twitter:data1\" content=\"nedim\" \/>\n\t<meta name=\"twitter:label2\" content=\"Est. reading time\" \/>\n\t<meta name=\"twitter:data2\" content=\"3 minute\" \/>\n<script type=\"application\/ld+json\" class=\"yoast-schema-graph\">{\"@context\":\"https:\/\/schema.org\",\"@graph\":[{\"@type\":\"Article\",\"@id\":\"https:\/\/tuzlainfo.ba\/index.php\/novosti\/item\/297620-ukc-tuzla-otvara-se-ambulanta-za-terapiju-bola-uz-brzi-oporavak-pacijenata\/#article\",\"isPartOf\":{\"@id\":\"https:\/\/tuzlainfo.ba\/index.php\/novosti\/item\/297620-ukc-tuzla-otvara-se-ambulanta-za-terapiju-bola-uz-brzi-oporavak-pacijenata\/\"},\"author\":{\"name\":\"nedim\",\"@id\":\"https:\/\/tuzlainfo.ba\/#\/schema\/person\/f434e20dc27ea133923aab08451b7f7f\"},\"headline\":\"UKC Tuzla: Otvara se Ambulanta za terapiju bola uz br\u017ei oporavak pacijenata\",\"datePublished\":\"2026-03-18T07:35:36+00:00\",\"dateModified\":\"2026-03-19T07:00:05+00:00\",\"mainEntityOfPage\":{\"@id\":\"https:\/\/tuzlainfo.ba\/index.php\/novosti\/item\/297620-ukc-tuzla-otvara-se-ambulanta-za-terapiju-bola-uz-brzi-oporavak-pacijenata\/\"},\"wordCount\":473,\"publisher\":{\"@id\":\"https:\/\/tuzlainfo.ba\/#organization\"},\"image\":{\"@id\":\"https:\/\/tuzlainfo.ba\/index.php\/novosti\/item\/297620-ukc-tuzla-otvara-se-ambulanta-za-terapiju-bola-uz-brzi-oporavak-pacijenata\/#primaryimage\"},\"thumbnailUrl\":\"https:\/\/tuzlainfo.ba\/wp-content\/uploads\/2026\/03\/1803_ukctuzla_terapija.jpg\",\"keywords\":[\"ukc tuzla\"],\"articleSection\":[\"Istaknuto\",\"Novosti\",\"Preporu\u010dujemo\"],\"inLanguage\":\"bs-BA\"},{\"@type\":\"WebPage\",\"@id\":\"https:\/\/tuzlainfo.ba\/index.php\/novosti\/item\/297620-ukc-tuzla-otvara-se-ambulanta-za-terapiju-bola-uz-brzi-oporavak-pacijenata\/\",\"url\":\"https:\/\/tuzlainfo.ba\/index.php\/novosti\/item\/297620-ukc-tuzla-otvara-se-ambulanta-za-terapiju-bola-uz-brzi-oporavak-pacijenata\/\",\"name\":\"UKC Tuzla: Otvara se Ambulanta za terapiju bola uz br\u017ei oporavak pacijenata - TuzlaInfo.ba\",\"isPartOf\":{\"@id\":\"https:\/\/tuzlainfo.ba\/#website\"},\"primaryImageOfPage\":{\"@id\":\"https:\/\/tuzlainfo.ba\/index.php\/novosti\/item\/297620-ukc-tuzla-otvara-se-ambulanta-za-terapiju-bola-uz-brzi-oporavak-pacijenata\/#primaryimage\"},\"image\":{\"@id\":\"https:\/\/tuzlainfo.ba\/index.php\/novosti\/item\/297620-ukc-tuzla-otvara-se-ambulanta-za-terapiju-bola-uz-brzi-oporavak-pacijenata\/#primaryimage\"},\"thumbnailUrl\":\"https:\/\/tuzlainfo.ba\/wp-content\/uploads\/2026\/03\/1803_ukctuzla_terapija.jpg\",\"datePublished\":\"2026-03-18T07:35:36+00:00\",\"dateModified\":\"2026-03-19T07:00:05+00:00\",\"breadcrumb\":{\"@id\":\"https:\/\/tuzlainfo.ba\/index.php\/novosti\/item\/297620-ukc-tuzla-otvara-se-ambulanta-za-terapiju-bola-uz-brzi-oporavak-pacijenata\/#breadcrumb\"},\"inLanguage\":\"bs-BA\",\"potentialAction\":[{\"@type\":\"ReadAction\",\"target\":[\"https:\/\/tuzlainfo.ba\/index.php\/novosti\/item\/297620-ukc-tuzla-otvara-se-ambulanta-za-terapiju-bola-uz-brzi-oporavak-pacijenata\/\"]}]},{\"@type\":\"ImageObject\",\"inLanguage\":\"bs-BA\",\"@id\":\"https:\/\/tuzlainfo.ba\/index.php\/novosti\/item\/297620-ukc-tuzla-otvara-se-ambulanta-za-terapiju-bola-uz-brzi-oporavak-pacijenata\/#primaryimage\",\"url\":\"https:\/\/tuzlainfo.ba\/wp-content\/uploads\/2026\/03\/1803_ukctuzla_terapija.jpg\",\"contentUrl\":\"https:\/\/tuzlainfo.ba\/wp-content\/uploads\/2026\/03\/1803_ukctuzla_terapija.jpg\",\"width\":1000,\"height\":644},{\"@type\":\"BreadcrumbList\",\"@id\":\"https:\/\/tuzlainfo.ba\/index.php\/novosti\/item\/297620-ukc-tuzla-otvara-se-ambulanta-za-terapiju-bola-uz-brzi-oporavak-pacijenata\/#breadcrumb\",\"itemListElement\":[{\"@type\":\"ListItem\",\"position\":1,\"name\":\"Home\",\"item\":\"https:\/\/tuzlainfo.ba\/\"},{\"@type\":\"ListItem\",\"position\":2,\"name\":\"UKC Tuzla: Otvara se Ambulanta za terapiju bola uz br\u017ei oporavak pacijenata\"}]},{\"@type\":\"WebSite\",\"@id\":\"https:\/\/tuzlainfo.ba\/#website\",\"url\":\"https:\/\/tuzlainfo.ba\/\",\"name\":\"TuzlaInfo.ba\",\"description\":\"Tuzla info, gradski informator - Tuzla na dlanu\",\"publisher\":{\"@id\":\"https:\/\/tuzlainfo.ba\/#organization\"},\"potentialAction\":[{\"@type\":\"SearchAction\",\"target\":{\"@type\":\"EntryPoint\",\"urlTemplate\":\"https:\/\/tuzlainfo.ba\/?s={search_term_string}\"},\"query-input\":{\"@type\":\"PropertyValueSpecification\",\"valueRequired\":true,\"valueName\":\"search_term_string\"}}],\"inLanguage\":\"bs-BA\"},{\"@type\":\"Organization\",\"@id\":\"https:\/\/tuzlainfo.ba\/#organization\",\"name\":\"TuzlaInfo.ba\",\"url\":\"https:\/\/tuzlainfo.ba\/\",\"logo\":{\"@type\":\"ImageObject\",\"inLanguage\":\"bs-BA\",\"@id\":\"https:\/\/tuzlainfo.ba\/#\/schema\/logo\/image\/\",\"url\":\"https:\/\/tuzlainfo.ba\/wp-content\/uploads\/2021\/03\/logo-ver-3-1.png\",\"contentUrl\":\"https:\/\/tuzlainfo.ba\/wp-content\/uploads\/2021\/03\/logo-ver-3-1.png\",\"width\":350,\"height\":95,\"caption\":\"TuzlaInfo.ba\"},\"image\":{\"@id\":\"https:\/\/tuzlainfo.ba\/#\/schema\/logo\/image\/\"},\"sameAs\":[\"https:\/\/www.facebook.com\/tuzlainfo.ba\/\"]},{\"@type\":\"Person\",\"@id\":\"https:\/\/tuzlainfo.ba\/#\/schema\/person\/f434e20dc27ea133923aab08451b7f7f\",\"name\":\"nedim\",\"image\":{\"@type\":\"ImageObject\",\"inLanguage\":\"bs-BA\",\"@id\":\"https:\/\/tuzlainfo.ba\/#\/schema\/person\/image\/\",\"url\":\"https:\/\/tuzlainfo.ba\/wp-content\/litespeed\/avatar\/aabad687af24844af817603ac1cbdc4f.jpg?ver=1777306975\",\"contentUrl\":\"https:\/\/tuzlainfo.ba\/wp-content\/litespeed\/avatar\/aabad687af24844af817603ac1cbdc4f.jpg?ver=1777306975\",\"caption\":\"nedim\"},\"description\":\"Tuzlainfo.ba pratite na dru\u0161tvenim mre\u017eama: Facebook, Instagram i Youtube. Svoje pri\u010de, upite i fotografije \u0161aljite na na\u0161u e-mail adresu.\"}]}<\/script>\n<!-- \/ Yoast SEO plugin. -->","yoast_head_json":{"title":"UKC Tuzla: Otvara se Ambulanta za terapiju bola uz br\u017ei oporavak pacijenata - TuzlaInfo.ba","robots":{"index":"index","follow":"follow","max-snippet":"max-snippet:-1","max-image-preview":"max-image-preview:large","max-video-preview":"max-video-preview:-1"},"canonical":"https:\/\/tuzlainfo.ba\/index.php\/novosti\/item\/297620-ukc-tuzla-otvara-se-ambulanta-za-terapiju-bola-uz-brzi-oporavak-pacijenata\/","og_locale":"bs_BA","og_type":"article","og_title":"UKC Tuzla: Otvara se Ambulanta za terapiju bola uz br\u017ei oporavak pacijenata - TuzlaInfo.ba","og_description":"Na Univerzitetskom klini\u010dkom centru Tuzla uskoro po\u010dinje s radom Ambulanta za terapiju bola, koja \u0107e&hellip;","og_url":"https:\/\/tuzlainfo.ba\/index.php\/novosti\/item\/297620-ukc-tuzla-otvara-se-ambulanta-za-terapiju-bola-uz-brzi-oporavak-pacijenata\/","og_site_name":"TuzlaInfo.ba","article_publisher":"https:\/\/www.facebook.com\/tuzlainfo.ba\/","article_published_time":"2026-03-18T07:35:36+00:00","article_modified_time":"2026-03-19T07:00:05+00:00","og_image":[{"width":1000,"height":644,"url":"https:\/\/tuzlainfo.ba\/wp-content\/uploads\/2026\/03\/1803_ukctuzla_terapija.jpg","type":"image\/jpeg"}],"author":"nedim","twitter_card":"summary_large_image","twitter_misc":{"Written by":"nedim","Est. reading time":"3 minute"},"schema":{"@context":"https:\/\/schema.org","@graph":[{"@type":"Article","@id":"https:\/\/tuzlainfo.ba\/index.php\/novosti\/item\/297620-ukc-tuzla-otvara-se-ambulanta-za-terapiju-bola-uz-brzi-oporavak-pacijenata\/#article","isPartOf":{"@id":"https:\/\/tuzlainfo.ba\/index.php\/novosti\/item\/297620-ukc-tuzla-otvara-se-ambulanta-za-terapiju-bola-uz-brzi-oporavak-pacijenata\/"},"author":{"name":"nedim","@id":"https:\/\/tuzlainfo.ba\/#\/schema\/person\/f434e20dc27ea133923aab08451b7f7f"},"headline":"UKC Tuzla: Otvara se Ambulanta za terapiju bola uz br\u017ei oporavak pacijenata","datePublished":"2026-03-18T07:35:36+00:00","dateModified":"2026-03-19T07:00:05+00:00","mainEntityOfPage":{"@id":"https:\/\/tuzlainfo.ba\/index.php\/novosti\/item\/297620-ukc-tuzla-otvara-se-ambulanta-za-terapiju-bola-uz-brzi-oporavak-pacijenata\/"},"wordCount":473,"publisher":{"@id":"https:\/\/tuzlainfo.ba\/#organization"},"image":{"@id":"https:\/\/tuzlainfo.ba\/index.php\/novosti\/item\/297620-ukc-tuzla-otvara-se-ambulanta-za-terapiju-bola-uz-brzi-oporavak-pacijenata\/#primaryimage"},"thumbnailUrl":"https:\/\/tuzlainfo.ba\/wp-content\/uploads\/2026\/03\/1803_ukctuzla_terapija.jpg","keywords":["ukc tuzla"],"articleSection":["Istaknuto","Novosti","Preporu\u010dujemo"],"inLanguage":"bs-BA"},{"@type":"WebPage","@id":"https:\/\/tuzlainfo.ba\/index.php\/novosti\/item\/297620-ukc-tuzla-otvara-se-ambulanta-za-terapiju-bola-uz-brzi-oporavak-pacijenata\/","url":"https:\/\/tuzlainfo.ba\/index.php\/novosti\/item\/297620-ukc-tuzla-otvara-se-ambulanta-za-terapiju-bola-uz-brzi-oporavak-pacijenata\/","name":"UKC Tuzla: Otvara se Ambulanta za terapiju bola uz br\u017ei oporavak pacijenata - TuzlaInfo.ba","isPartOf":{"@id":"https:\/\/tuzlainfo.ba\/#website"},"primaryImageOfPage":{"@id":"https:\/\/tuzlainfo.ba\/index.php\/novosti\/item\/297620-ukc-tuzla-otvara-se-ambulanta-za-terapiju-bola-uz-brzi-oporavak-pacijenata\/#primaryimage"},"image":{"@id":"https:\/\/tuzlainfo.ba\/index.php\/novosti\/item\/297620-ukc-tuzla-otvara-se-ambulanta-za-terapiju-bola-uz-brzi-oporavak-pacijenata\/#primaryimage"},"thumbnailUrl":"https:\/\/tuzlainfo.ba\/wp-content\/uploads\/2026\/03\/1803_ukctuzla_terapija.jpg","datePublished":"2026-03-18T07:35:36+00:00","dateModified":"2026-03-19T07:00:05+00:00","breadcrumb":{"@id":"https:\/\/tuzlainfo.ba\/index.php\/novosti\/item\/297620-ukc-tuzla-otvara-se-ambulanta-za-terapiju-bola-uz-brzi-oporavak-pacijenata\/#breadcrumb"},"inLanguage":"bs-BA","potentialAction":[{"@type":"ReadAction","target":["https:\/\/tuzlainfo.ba\/index.php\/novosti\/item\/297620-ukc-tuzla-otvara-se-ambulanta-za-terapiju-bola-uz-brzi-oporavak-pacijenata\/"]}]},{"@type":"ImageObject","inLanguage":"bs-BA","@id":"https:\/\/tuzlainfo.ba\/index.php\/novosti\/item\/297620-ukc-tuzla-otvara-se-ambulanta-za-terapiju-bola-uz-brzi-oporavak-pacijenata\/#primaryimage","url":"https:\/\/tuzlainfo.ba\/wp-content\/uploads\/2026\/03\/1803_ukctuzla_terapija.jpg","contentUrl":"https:\/\/tuzlainfo.ba\/wp-content\/uploads\/2026\/03\/1803_ukctuzla_terapija.jpg","width":1000,"height":644},{"@type":"BreadcrumbList","@id":"https:\/\/tuzlainfo.ba\/index.php\/novosti\/item\/297620-ukc-tuzla-otvara-se-ambulanta-za-terapiju-bola-uz-brzi-oporavak-pacijenata\/#breadcrumb","itemListElement":[{"@type":"ListItem","position":1,"name":"Home","item":"https:\/\/tuzlainfo.ba\/"},{"@type":"ListItem","position":2,"name":"UKC Tuzla: Otvara se Ambulanta za terapiju bola uz br\u017ei oporavak pacijenata"}]},{"@type":"WebSite","@id":"https:\/\/tuzlainfo.ba\/#website","url":"https:\/\/tuzlainfo.ba\/","name":"TuzlaInfo.ba","description":"Tuzla info, gradski informator - Tuzla na dlanu","publisher":{"@id":"https:\/\/tuzlainfo.ba\/#organization"},"potentialAction":[{"@type":"SearchAction","target":{"@type":"EntryPoint","urlTemplate":"https:\/\/tuzlainfo.ba\/?s={search_term_string}"},"query-input":{"@type":"PropertyValueSpecification","valueRequired":true,"valueName":"search_term_string"}}],"inLanguage":"bs-BA"},{"@type":"Organization","@id":"https:\/\/tuzlainfo.ba\/#organization","name":"TuzlaInfo.ba","url":"https:\/\/tuzlainfo.ba\/","logo":{"@type":"ImageObject","inLanguage":"bs-BA","@id":"https:\/\/tuzlainfo.ba\/#\/schema\/logo\/image\/","url":"https:\/\/tuzlainfo.ba\/wp-content\/uploads\/2021\/03\/logo-ver-3-1.png","contentUrl":"https:\/\/tuzlainfo.ba\/wp-content\/uploads\/2021\/03\/logo-ver-3-1.png","width":350,"height":95,"caption":"TuzlaInfo.ba"},"image":{"@id":"https:\/\/tuzlainfo.ba\/#\/schema\/logo\/image\/"},"sameAs":["https:\/\/www.facebook.com\/tuzlainfo.ba\/"]},{"@type":"Person","@id":"https:\/\/tuzlainfo.ba\/#\/schema\/person\/f434e20dc27ea133923aab08451b7f7f","name":"nedim","image":{"@type":"ImageObject","inLanguage":"bs-BA","@id":"https:\/\/tuzlainfo.ba\/#\/schema\/person\/image\/","url":"https:\/\/tuzlainfo.ba\/wp-content\/litespeed\/avatar\/aabad687af24844af817603ac1cbdc4f.jpg?ver=1777306975","contentUrl":"https:\/\/tuzlainfo.ba\/wp-content\/litespeed\/avatar\/aabad687af24844af817603ac1cbdc4f.jpg?ver=1777306975","caption":"nedim"},"description":"Tuzlainfo.ba pratite na dru\u0161tvenim mre\u017eama: Facebook, Instagram i Youtube. Svoje pri\u010de, upite i fotografije \u0161aljite na na\u0161u e-mail adresu."}]}},"_links":{"self":[{"href":"https:\/\/tuzlainfo.ba\/index.php\/wp-json\/wp\/v2\/posts\/297620"}],"collection":[{"href":"https:\/\/tuzlainfo.ba\/index.php\/wp-json\/wp\/v2\/posts"}],"about":[{"href":"https:\/\/tuzlainfo.ba\/index.php\/wp-json\/wp\/v2\/types\/post"}],"author":[{"embeddable":true,"href":"https:\/\/tuzlainfo.ba\/index.php\/wp-json\/wp\/v2\/users\/2"}],"replies":[{"embeddable":true,"href":"https:\/\/tuzlainfo.ba\/index.php\/wp-json\/wp\/v2\/comments?post=297620"}],"version-history":[{"count":1,"href":"https:\/\/tuzlainfo.ba\/index.php\/wp-json\/wp\/v2\/posts\/297620\/revisions"}],"predecessor-version":[{"id":297622,"href":"https:\/\/tuzlainfo.ba\/index.php\/wp-json\/wp\/v2\/posts\/297620\/revisions\/297622"}],"wp:featuredmedia":[{"embeddable":true,"href":"https:\/\/tuzlainfo.ba\/index.php\/wp-json\/wp\/v2\/media\/297621"}],"wp:attachment":[{"href":"https:\/\/tuzlainfo.ba\/index.php\/wp-json\/wp\/v2\/media?parent=297620"}],"wp:term":[{"taxonomy":"category","embeddable":true,"href":"https:\/\/tuzlainfo.ba\/index.php\/wp-json\/wp\/v2\/categories?post=297620"},{"taxonomy":"post_tag","embeddable":true,"href":"https:\/\/tuzlainfo.ba\/index.php\/wp-json\/wp\/v2\/tags?post=297620"}],"curies":[{"name":"wp","href":"https:\/\/api.w.org\/{rel}","templated":true}]}}