{"id":297585,"date":"2026-03-17T15:32:29","date_gmt":"2026-03-17T14:32:29","guid":{"rendered":"https:\/\/tuzlainfo.ba\/?p=297585"},"modified":"2026-03-17T15:03:00","modified_gmt":"2026-03-17T14:03:00","slug":"niksic-ubijamo-se-od-posla-a-uvrede-dominiraju-javnim-prostorom","status":"publish","type":"post","link":"https:\/\/tuzlainfo.ba\/index.php\/bosna-i-hercegovina\/item\/297585-niksic-ubijamo-se-od-posla-a-uvrede-dominiraju-javnim-prostorom\/","title":{"rendered":"Nik\u0161i\u0107: Ubijamo se od posla, a uvrede dominiraju javnim prostorom"},"content":{"rendered":"<p>Federalni premijer Nermin Nik\u0161i\u0107 izjavio je da Vlada Federacije BiH intenzivno radi na nizu mjera, ali da takvi potezi u javnosti vrlo brzo padnu u drugi plan. Gostuju\u0107i u podcastu Kru\u017eni tok, rekao je da je najve\u0107i problem u dr\u017eavi populizam. \u201cFederalna vlada se ubija od posla i za minimalnu pla\u0107u i neradnu nedjelju i brojne druge mjere, a to je tema od jednog, dva dana, dok se o ovim uvredama razgovara mnogo vi\u0161e pa oni koji ih iznose postaju heroji i na tome se izbori dobivaju\u201d, kazao je Nik\u0161i\u0107.<\/p>\n<p>Govore\u0107i o politi\u010dkim procesima nakon izbora, Nik\u0161i\u0107 je izrazio o\u010dekivanje da \u0107e nova izvr\u0161na vlast biti formirana bez dugog zastoja. \u201cNadam se da \u0107emo nakon izbora u razumnom roku dobiti novu vladu. Ovo mi je svakako posljednji mandat na \u010delu SDP-a, iako se u politici odluke uvijek mogu promijeniti\u201d, rekao je federalni premijer.<\/p>\n<p>Nik\u0161i\u0107 se osvrnuo i na glasanje o smjeni Dragana Miokovi\u0107a, poja\u0161njavaju\u0107i za\u0161to je SDP bio suzdr\u017ean. Naveo je da je Glavni odbor stranke o tome razgovarao dan prije sjednice, te poru\u010dio da je sporna izjava za svaku osudu i da nije mogla ostati bez posljedica. Dodao je da nije bilo raspolo\u017eenja da se o toj temi dodatno razgovara, iako je, kako je naveo, mo\u017eda postojala i mogu\u0107nost druga\u010dijeg odgovora, poput javne osude.<\/p>\n<p>Prema njegovim rije\u010dima, Miokovi\u0107 se izvinio i prije nego \u0161to su uslijedile politi\u010dke reakcije. \u201cJa \u010dovjeka znam i siguran sam da to \u0161to je re\u010deno nije njegov stav i njegovo razmi\u0161ljanje, ali kao javna osoba morate razmi\u0161ljati \u0161to i kako mo\u017eete izjaviti. Trebalo se odlu\u010diti, ve\u0107ina je odlu\u010dila da je sankcija smjena, ve\u0107ina ga je izabrala, ve\u0107ina je smatrala kako ga treba smijeniti\u201d, rekao je Nik\u0161i\u0107.<\/p>\n<p>Dodao je i da SDP nije \u017eelio nekoliko mjeseci pred izbore dovesti Predstavni\u010dki dom Parlamenta Federacije BiH u situaciju institucionalne neizvjesnosti, odnosno da se otvori pitanje ko njime upravlja u osjetljivom politi\u010dkom trenutku.<\/p>\n","protected":false},"excerpt":{"rendered":"<p>Federalni premijer Nermin Nik\u0161i\u0107 izjavio je da Vlada Federacije BiH intenzivno radi na nizu mjera,&hellip;<\/p>\n","protected":false},"author":8,"featured_media":261864,"comment_status":"closed","ping_status":"closed","sticky":false,"template":"","format":"standard","meta":{"_acf_changed":false,"footnotes":""},"categories":[291],"tags":[542],"acf":[],"yoast_head":"<!-- This site is optimized with the Yoast SEO plugin v23.5 - https:\/\/yoast.com\/wordpress\/plugins\/seo\/ -->\n<title>Nik\u0161i\u0107: Ubijamo se od posla, a uvrede dominiraju javnim prostorom - TuzlaInfo.ba<\/title>\n<meta name=\"robots\" content=\"index, follow, max-snippet:-1, max-image-preview:large, max-video-preview:-1\" \/>\n<link rel=\"canonical\" href=\"https:\/\/tuzlainfo.ba\/index.php\/bosna-i-hercegovina\/item\/297585-niksic-ubijamo-se-od-posla-a-uvrede-dominiraju-javnim-prostorom\/\" \/>\n<meta property=\"og:locale\" content=\"bs_BA\" \/>\n<meta property=\"og:type\" content=\"article\" \/>\n<meta property=\"og:title\" content=\"Nik\u0161i\u0107: Ubijamo se od posla, a uvrede dominiraju javnim prostorom - TuzlaInfo.ba\" \/>\n<meta property=\"og:description\" content=\"Federalni premijer Nermin Nik\u0161i\u0107 izjavio je da Vlada Federacije BiH intenzivno radi na nizu mjera,&hellip;\" \/>\n<meta property=\"og:url\" content=\"https:\/\/tuzlainfo.ba\/index.php\/bosna-i-hercegovina\/item\/297585-niksic-ubijamo-se-od-posla-a-uvrede-dominiraju-javnim-prostorom\/\" \/>\n<meta property=\"og:site_name\" content=\"TuzlaInfo.ba\" \/>\n<meta property=\"article:publisher\" content=\"https:\/\/www.facebook.com\/tuzlainfo.ba\/\" \/>\n<meta property=\"article:published_time\" content=\"2026-03-17T14:32:29+00:00\" \/>\n<meta property=\"article:modified_time\" content=\"2026-03-17T14:03:00+00:00\" \/>\n<meta property=\"og:image\" content=\"https:\/\/tuzlainfo.ba\/wp-content\/uploads\/2025\/02\/nermin-niksic-scaled.webp\" \/>\n\t<meta property=\"og:image:width\" content=\"2560\" \/>\n\t<meta property=\"og:image:height\" content=\"1707\" \/>\n\t<meta property=\"og:image:type\" content=\"image\/webp\" \/>\n<meta name=\"author\" content=\"Admin Tri\" \/>\n<meta name=\"twitter:card\" content=\"summary_large_image\" \/>\n<meta name=\"twitter:label1\" content=\"Written by\" \/>\n\t<meta name=\"twitter:data1\" content=\"Admin Tri\" \/>\n\t<meta name=\"twitter:label2\" content=\"Est. reading time\" \/>\n\t<meta name=\"twitter:data2\" content=\"2 minute\" \/>\n<script type=\"application\/ld+json\" class=\"yoast-schema-graph\">{\"@context\":\"https:\/\/schema.org\",\"@graph\":[{\"@type\":\"Article\",\"@id\":\"https:\/\/tuzlainfo.ba\/index.php\/bosna-i-hercegovina\/item\/297585-niksic-ubijamo-se-od-posla-a-uvrede-dominiraju-javnim-prostorom\/#article\",\"isPartOf\":{\"@id\":\"https:\/\/tuzlainfo.ba\/index.php\/bosna-i-hercegovina\/item\/297585-niksic-ubijamo-se-od-posla-a-uvrede-dominiraju-javnim-prostorom\/\"},\"author\":{\"name\":\"Admin Tri\",\"@id\":\"https:\/\/tuzlainfo.ba\/#\/schema\/person\/593e78a2f6378c5ba3e7600ecfa4e63a\"},\"headline\":\"Nik\u0161i\u0107: Ubijamo se od posla, a uvrede dominiraju javnim prostorom\",\"datePublished\":\"2026-03-17T14:32:29+00:00\",\"dateModified\":\"2026-03-17T14:03:00+00:00\",\"mainEntityOfPage\":{\"@id\":\"https:\/\/tuzlainfo.ba\/index.php\/bosna-i-hercegovina\/item\/297585-niksic-ubijamo-se-od-posla-a-uvrede-dominiraju-javnim-prostorom\/\"},\"wordCount\":363,\"publisher\":{\"@id\":\"https:\/\/tuzlainfo.ba\/#organization\"},\"image\":{\"@id\":\"https:\/\/tuzlainfo.ba\/index.php\/bosna-i-hercegovina\/item\/297585-niksic-ubijamo-se-od-posla-a-uvrede-dominiraju-javnim-prostorom\/#primaryimage\"},\"thumbnailUrl\":\"https:\/\/tuzlainfo.ba\/wp-content\/uploads\/2025\/02\/nermin-niksic-scaled-e1777527553994.webp\",\"keywords\":[\"nermin nik\u0161i\u0107\"],\"articleSection\":[\"Bosna i Hercegovina\"],\"inLanguage\":\"bs-BA\"},{\"@type\":\"WebPage\",\"@id\":\"https:\/\/tuzlainfo.ba\/index.php\/bosna-i-hercegovina\/item\/297585-niksic-ubijamo-se-od-posla-a-uvrede-dominiraju-javnim-prostorom\/\",\"url\":\"https:\/\/tuzlainfo.ba\/index.php\/bosna-i-hercegovina\/item\/297585-niksic-ubijamo-se-od-posla-a-uvrede-dominiraju-javnim-prostorom\/\",\"name\":\"Nik\u0161i\u0107: Ubijamo se od posla, a uvrede dominiraju javnim prostorom - TuzlaInfo.ba\",\"isPartOf\":{\"@id\":\"https:\/\/tuzlainfo.ba\/#website\"},\"primaryImageOfPage\":{\"@id\":\"https:\/\/tuzlainfo.ba\/index.php\/bosna-i-hercegovina\/item\/297585-niksic-ubijamo-se-od-posla-a-uvrede-dominiraju-javnim-prostorom\/#primaryimage\"},\"image\":{\"@id\":\"https:\/\/tuzlainfo.ba\/index.php\/bosna-i-hercegovina\/item\/297585-niksic-ubijamo-se-od-posla-a-uvrede-dominiraju-javnim-prostorom\/#primaryimage\"},\"thumbnailUrl\":\"https:\/\/tuzlainfo.ba\/wp-content\/uploads\/2025\/02\/nermin-niksic-scaled-e1777527553994.webp\",\"datePublished\":\"2026-03-17T14:32:29+00:00\",\"dateModified\":\"2026-03-17T14:03:00+00:00\",\"breadcrumb\":{\"@id\":\"https:\/\/tuzlainfo.ba\/index.php\/bosna-i-hercegovina\/item\/297585-niksic-ubijamo-se-od-posla-a-uvrede-dominiraju-javnim-prostorom\/#breadcrumb\"},\"inLanguage\":\"bs-BA\",\"potentialAction\":[{\"@type\":\"ReadAction\",\"target\":[\"https:\/\/tuzlainfo.ba\/index.php\/bosna-i-hercegovina\/item\/297585-niksic-ubijamo-se-od-posla-a-uvrede-dominiraju-javnim-prostorom\/\"]}]},{\"@type\":\"ImageObject\",\"inLanguage\":\"bs-BA\",\"@id\":\"https:\/\/tuzlainfo.ba\/index.php\/bosna-i-hercegovina\/item\/297585-niksic-ubijamo-se-od-posla-a-uvrede-dominiraju-javnim-prostorom\/#primaryimage\",\"url\":\"https:\/\/tuzlainfo.ba\/wp-content\/uploads\/2025\/02\/nermin-niksic-scaled-e1777527553994.webp\",\"contentUrl\":\"https:\/\/tuzlainfo.ba\/wp-content\/uploads\/2025\/02\/nermin-niksic-scaled-e1777527553994.webp\",\"width\":1000,\"height\":667,\"caption\":\"Foto: Faktor\"},{\"@type\":\"BreadcrumbList\",\"@id\":\"https:\/\/tuzlainfo.ba\/index.php\/bosna-i-hercegovina\/item\/297585-niksic-ubijamo-se-od-posla-a-uvrede-dominiraju-javnim-prostorom\/#breadcrumb\",\"itemListElement\":[{\"@type\":\"ListItem\",\"position\":1,\"name\":\"Home\",\"item\":\"https:\/\/tuzlainfo.ba\/\"},{\"@type\":\"ListItem\",\"position\":2,\"name\":\"Nik\u0161i\u0107: Ubijamo se od posla, a uvrede dominiraju javnim prostorom\"}]},{\"@type\":\"WebSite\",\"@id\":\"https:\/\/tuzlainfo.ba\/#website\",\"url\":\"https:\/\/tuzlainfo.ba\/\",\"name\":\"TuzlaInfo.ba\",\"description\":\"Tuzla info, gradski informator - Tuzla na dlanu\",\"publisher\":{\"@id\":\"https:\/\/tuzlainfo.ba\/#organization\"},\"potentialAction\":[{\"@type\":\"SearchAction\",\"target\":{\"@type\":\"EntryPoint\",\"urlTemplate\":\"https:\/\/tuzlainfo.ba\/?s={search_term_string}\"},\"query-input\":{\"@type\":\"PropertyValueSpecification\",\"valueRequired\":true,\"valueName\":\"search_term_string\"}}],\"inLanguage\":\"bs-BA\"},{\"@type\":\"Organization\",\"@id\":\"https:\/\/tuzlainfo.ba\/#organization\",\"name\":\"TuzlaInfo.ba\",\"url\":\"https:\/\/tuzlainfo.ba\/\",\"logo\":{\"@type\":\"ImageObject\",\"inLanguage\":\"bs-BA\",\"@id\":\"https:\/\/tuzlainfo.ba\/#\/schema\/logo\/image\/\",\"url\":\"https:\/\/tuzlainfo.ba\/wp-content\/uploads\/2021\/03\/logo-ver-3-1.png\",\"contentUrl\":\"https:\/\/tuzlainfo.ba\/wp-content\/uploads\/2021\/03\/logo-ver-3-1.png\",\"width\":350,\"height\":95,\"caption\":\"TuzlaInfo.ba\"},\"image\":{\"@id\":\"https:\/\/tuzlainfo.ba\/#\/schema\/logo\/image\/\"},\"sameAs\":[\"https:\/\/www.facebook.com\/tuzlainfo.ba\/\"]},{\"@type\":\"Person\",\"@id\":\"https:\/\/tuzlainfo.ba\/#\/schema\/person\/593e78a2f6378c5ba3e7600ecfa4e63a\",\"name\":\"Admin Tri\",\"image\":{\"@type\":\"ImageObject\",\"inLanguage\":\"bs-BA\",\"@id\":\"https:\/\/tuzlainfo.ba\/#\/schema\/person\/image\/\",\"url\":\"https:\/\/tuzlainfo.ba\/wp-content\/litespeed\/avatar\/b7920db4cc34a71ad12497283ad2fe3f.jpg?ver=1777100914\",\"contentUrl\":\"https:\/\/tuzlainfo.ba\/wp-content\/litespeed\/avatar\/b7920db4cc34a71ad12497283ad2fe3f.jpg?ver=1777100914\",\"caption\":\"Admin Tri\"},\"sameAs\":[\"https:\/\/tuzlainfo.ba\"]}]}<\/script>\n<!-- \/ Yoast SEO plugin. -->","yoast_head_json":{"title":"Nik\u0161i\u0107: Ubijamo se od posla, a uvrede dominiraju javnim prostorom - TuzlaInfo.ba","robots":{"index":"index","follow":"follow","max-snippet":"max-snippet:-1","max-image-preview":"max-image-preview:large","max-video-preview":"max-video-preview:-1"},"canonical":"https:\/\/tuzlainfo.ba\/index.php\/bosna-i-hercegovina\/item\/297585-niksic-ubijamo-se-od-posla-a-uvrede-dominiraju-javnim-prostorom\/","og_locale":"bs_BA","og_type":"article","og_title":"Nik\u0161i\u0107: Ubijamo se od posla, a uvrede dominiraju javnim prostorom - TuzlaInfo.ba","og_description":"Federalni premijer Nermin Nik\u0161i\u0107 izjavio je da Vlada Federacije BiH intenzivno radi na nizu mjera,&hellip;","og_url":"https:\/\/tuzlainfo.ba\/index.php\/bosna-i-hercegovina\/item\/297585-niksic-ubijamo-se-od-posla-a-uvrede-dominiraju-javnim-prostorom\/","og_site_name":"TuzlaInfo.ba","article_publisher":"https:\/\/www.facebook.com\/tuzlainfo.ba\/","article_published_time":"2026-03-17T14:32:29+00:00","article_modified_time":"2026-03-17T14:03:00+00:00","og_image":[{"width":2560,"height":1707,"url":"https:\/\/tuzlainfo.ba\/wp-content\/uploads\/2025\/02\/nermin-niksic-scaled.webp","type":"image\/webp"}],"author":"Admin Tri","twitter_card":"summary_large_image","twitter_misc":{"Written by":"Admin Tri","Est. reading time":"2 minute"},"schema":{"@context":"https:\/\/schema.org","@graph":[{"@type":"Article","@id":"https:\/\/tuzlainfo.ba\/index.php\/bosna-i-hercegovina\/item\/297585-niksic-ubijamo-se-od-posla-a-uvrede-dominiraju-javnim-prostorom\/#article","isPartOf":{"@id":"https:\/\/tuzlainfo.ba\/index.php\/bosna-i-hercegovina\/item\/297585-niksic-ubijamo-se-od-posla-a-uvrede-dominiraju-javnim-prostorom\/"},"author":{"name":"Admin Tri","@id":"https:\/\/tuzlainfo.ba\/#\/schema\/person\/593e78a2f6378c5ba3e7600ecfa4e63a"},"headline":"Nik\u0161i\u0107: Ubijamo se od posla, a uvrede dominiraju javnim prostorom","datePublished":"2026-03-17T14:32:29+00:00","dateModified":"2026-03-17T14:03:00+00:00","mainEntityOfPage":{"@id":"https:\/\/tuzlainfo.ba\/index.php\/bosna-i-hercegovina\/item\/297585-niksic-ubijamo-se-od-posla-a-uvrede-dominiraju-javnim-prostorom\/"},"wordCount":363,"publisher":{"@id":"https:\/\/tuzlainfo.ba\/#organization"},"image":{"@id":"https:\/\/tuzlainfo.ba\/index.php\/bosna-i-hercegovina\/item\/297585-niksic-ubijamo-se-od-posla-a-uvrede-dominiraju-javnim-prostorom\/#primaryimage"},"thumbnailUrl":"https:\/\/tuzlainfo.ba\/wp-content\/uploads\/2025\/02\/nermin-niksic-scaled-e1777527553994.webp","keywords":["nermin nik\u0161i\u0107"],"articleSection":["Bosna i Hercegovina"],"inLanguage":"bs-BA"},{"@type":"WebPage","@id":"https:\/\/tuzlainfo.ba\/index.php\/bosna-i-hercegovina\/item\/297585-niksic-ubijamo-se-od-posla-a-uvrede-dominiraju-javnim-prostorom\/","url":"https:\/\/tuzlainfo.ba\/index.php\/bosna-i-hercegovina\/item\/297585-niksic-ubijamo-se-od-posla-a-uvrede-dominiraju-javnim-prostorom\/","name":"Nik\u0161i\u0107: Ubijamo se od posla, a uvrede dominiraju javnim prostorom - TuzlaInfo.ba","isPartOf":{"@id":"https:\/\/tuzlainfo.ba\/#website"},"primaryImageOfPage":{"@id":"https:\/\/tuzlainfo.ba\/index.php\/bosna-i-hercegovina\/item\/297585-niksic-ubijamo-se-od-posla-a-uvrede-dominiraju-javnim-prostorom\/#primaryimage"},"image":{"@id":"https:\/\/tuzlainfo.ba\/index.php\/bosna-i-hercegovina\/item\/297585-niksic-ubijamo-se-od-posla-a-uvrede-dominiraju-javnim-prostorom\/#primaryimage"},"thumbnailUrl":"https:\/\/tuzlainfo.ba\/wp-content\/uploads\/2025\/02\/nermin-niksic-scaled-e1777527553994.webp","datePublished":"2026-03-17T14:32:29+00:00","dateModified":"2026-03-17T14:03:00+00:00","breadcrumb":{"@id":"https:\/\/tuzlainfo.ba\/index.php\/bosna-i-hercegovina\/item\/297585-niksic-ubijamo-se-od-posla-a-uvrede-dominiraju-javnim-prostorom\/#breadcrumb"},"inLanguage":"bs-BA","potentialAction":[{"@type":"ReadAction","target":["https:\/\/tuzlainfo.ba\/index.php\/bosna-i-hercegovina\/item\/297585-niksic-ubijamo-se-od-posla-a-uvrede-dominiraju-javnim-prostorom\/"]}]},{"@type":"ImageObject","inLanguage":"bs-BA","@id":"https:\/\/tuzlainfo.ba\/index.php\/bosna-i-hercegovina\/item\/297585-niksic-ubijamo-se-od-posla-a-uvrede-dominiraju-javnim-prostorom\/#primaryimage","url":"https:\/\/tuzlainfo.ba\/wp-content\/uploads\/2025\/02\/nermin-niksic-scaled-e1777527553994.webp","contentUrl":"https:\/\/tuzlainfo.ba\/wp-content\/uploads\/2025\/02\/nermin-niksic-scaled-e1777527553994.webp","width":1000,"height":667,"caption":"Foto: Faktor"},{"@type":"BreadcrumbList","@id":"https:\/\/tuzlainfo.ba\/index.php\/bosna-i-hercegovina\/item\/297585-niksic-ubijamo-se-od-posla-a-uvrede-dominiraju-javnim-prostorom\/#breadcrumb","itemListElement":[{"@type":"ListItem","position":1,"name":"Home","item":"https:\/\/tuzlainfo.ba\/"},{"@type":"ListItem","position":2,"name":"Nik\u0161i\u0107: Ubijamo se od posla, a uvrede dominiraju javnim prostorom"}]},{"@type":"WebSite","@id":"https:\/\/tuzlainfo.ba\/#website","url":"https:\/\/tuzlainfo.ba\/","name":"TuzlaInfo.ba","description":"Tuzla info, gradski informator - Tuzla na dlanu","publisher":{"@id":"https:\/\/tuzlainfo.ba\/#organization"},"potentialAction":[{"@type":"SearchAction","target":{"@type":"EntryPoint","urlTemplate":"https:\/\/tuzlainfo.ba\/?s={search_term_string}"},"query-input":{"@type":"PropertyValueSpecification","valueRequired":true,"valueName":"search_term_string"}}],"inLanguage":"bs-BA"},{"@type":"Organization","@id":"https:\/\/tuzlainfo.ba\/#organization","name":"TuzlaInfo.ba","url":"https:\/\/tuzlainfo.ba\/","logo":{"@type":"ImageObject","inLanguage":"bs-BA","@id":"https:\/\/tuzlainfo.ba\/#\/schema\/logo\/image\/","url":"https:\/\/tuzlainfo.ba\/wp-content\/uploads\/2021\/03\/logo-ver-3-1.png","contentUrl":"https:\/\/tuzlainfo.ba\/wp-content\/uploads\/2021\/03\/logo-ver-3-1.png","width":350,"height":95,"caption":"TuzlaInfo.ba"},"image":{"@id":"https:\/\/tuzlainfo.ba\/#\/schema\/logo\/image\/"},"sameAs":["https:\/\/www.facebook.com\/tuzlainfo.ba\/"]},{"@type":"Person","@id":"https:\/\/tuzlainfo.ba\/#\/schema\/person\/593e78a2f6378c5ba3e7600ecfa4e63a","name":"Admin Tri","image":{"@type":"ImageObject","inLanguage":"bs-BA","@id":"https:\/\/tuzlainfo.ba\/#\/schema\/person\/image\/","url":"https:\/\/tuzlainfo.ba\/wp-content\/litespeed\/avatar\/b7920db4cc34a71ad12497283ad2fe3f.jpg?ver=1777100914","contentUrl":"https:\/\/tuzlainfo.ba\/wp-content\/litespeed\/avatar\/b7920db4cc34a71ad12497283ad2fe3f.jpg?ver=1777100914","caption":"Admin Tri"},"sameAs":["https:\/\/tuzlainfo.ba"]}]}},"_links":{"self":[{"href":"https:\/\/tuzlainfo.ba\/index.php\/wp-json\/wp\/v2\/posts\/297585"}],"collection":[{"href":"https:\/\/tuzlainfo.ba\/index.php\/wp-json\/wp\/v2\/posts"}],"about":[{"href":"https:\/\/tuzlainfo.ba\/index.php\/wp-json\/wp\/v2\/types\/post"}],"author":[{"embeddable":true,"href":"https:\/\/tuzlainfo.ba\/index.php\/wp-json\/wp\/v2\/users\/8"}],"replies":[{"embeddable":true,"href":"https:\/\/tuzlainfo.ba\/index.php\/wp-json\/wp\/v2\/comments?post=297585"}],"version-history":[{"count":1,"href":"https:\/\/tuzlainfo.ba\/index.php\/wp-json\/wp\/v2\/posts\/297585\/revisions"}],"predecessor-version":[{"id":297586,"href":"https:\/\/tuzlainfo.ba\/index.php\/wp-json\/wp\/v2\/posts\/297585\/revisions\/297586"}],"wp:featuredmedia":[{"embeddable":true,"href":"https:\/\/tuzlainfo.ba\/index.php\/wp-json\/wp\/v2\/media\/261864"}],"wp:attachment":[{"href":"https:\/\/tuzlainfo.ba\/index.php\/wp-json\/wp\/v2\/media?parent=297585"}],"wp:term":[{"taxonomy":"category","embeddable":true,"href":"https:\/\/tuzlainfo.ba\/index.php\/wp-json\/wp\/v2\/categories?post=297585"},{"taxonomy":"post_tag","embeddable":true,"href":"https:\/\/tuzlainfo.ba\/index.php\/wp-json\/wp\/v2\/tags?post=297585"}],"curies":[{"name":"wp","href":"https:\/\/api.w.org\/{rel}","templated":true}]}}