{"id":297561,"date":"2026-03-17T13:21:21","date_gmt":"2026-03-17T12:21:21","guid":{"rendered":"https:\/\/tuzlainfo.ba\/?p=297561"},"modified":"2026-03-17T14:57:17","modified_gmt":"2026-03-17T13:57:17","slug":"dodik-oznacio-magazinovica-kao-srpskog-izdajnika-prihvatio-je-narativ-muslimana","status":"publish","type":"post","link":"https:\/\/tuzlainfo.ba\/index.php\/bosna-i-hercegovina\/item\/297561-dodik-oznacio-magazinovica-kao-srpskog-izdajnika-prihvatio-je-narativ-muslimana\/","title":{"rendered":"Dodik ozna\u010dio Magazinovi\u0107a kao \u201csrpskog izdajnika\u201d: Prihvatio je narativ muslimana"},"content":{"rendered":"<p>Predsjednik SNSD-a Milorad Dodik gostuju\u0107i u Dnevniku RTRS-a komentarisao je odluku Parlamentarne skup\u0161tine BiH o ukidanju akciza na gorivo, usvojenu na prijedlog zastupnika SDP-a BiH Sa\u0161e Magazinovi\u0107a, bez glasova SNSD-a, pri \u010demu je Magazinovi\u0107a nazvao \u201csrpskim izdajnikom\u201d.<\/p>\n<p>Govore\u0107i o toj temi, Dodik je ustvrdio da se iza prijedloga ne krije pitanje cijena goriva, ve\u0107, kako tvrdi, poku\u0161aj prenosa nadle\u017enosti na nivo Vije\u0107a ministara BiH.<\/p>\n<p>\u201cKo to tamo govori o interesu Srba. Kako vi mo\u017eete prihvatiti tezu da jedan srpski izdajnik koji se bavi kolaboracijom RS, jer je prihvatio muslimanski narativ, neki Magazinovi\u0107 koji tamo predlo\u017ei ne\u0161to, koji u su\u0161tini nema ni\u0161ta u procentu da li \u0107e se pove\u0107ati cijene ili ne\u0107e to nije va\u017eno, nego je su\u0161tina da se transferi\u0161e nadle\u017enost da Vije\u0107e ministara o ne\u010demu odlu\u010duje. Prihodi od akciza su na\u0161i prihodi i o tim prihodima samo mogu da odlu\u010duje Vlada RS i Skup\u0161tina i niko vi\u0161e\u201d, rekao je Dodik.<\/p>\n<p>Dodao je da, prema njegovom stavu, Vije\u0107e ministara BiH nije vlada, te optu\u017eio politi\u010dke protivnike da ignori\u0161u argumente SNSD-a.<\/p>\n<p>\u201cTo \u0161to je on \u017eelio da uradi jeste da ka\u017eu Vije\u0107e ministara je vlada, \u0161to nije ta\u010dno. Ali ne\u0107e da \u010duju argumentaciju. Va\u017eno je da je protiv SNSD-a\u201d, kazao je Dodik.<\/p>\n<p>U istom gostovanju govorio je i o ostavci Save Mini\u0107a i njegovom novom mandatu, navode\u0107i da to, kako ka\u017ee, pokazuje institucionalnu snagu Republike Srpske.<\/p>\n<p>\u201cJa sam imao tu sre\u0107u ili nesre\u0107u da u 12 godina dobijem tri mandata, a evo Savo Mini\u0107 je za godinu dobio tri. Ja to gledam na neki drugi na\u010din. Republika Srpska pokazuje snagu, a to se vidi u tome da mo\u017eete jedno takvo va\u017eno pitanje za svaku zemlju i sistemsko i politi\u010dko i logisti\u010dno da stavite tri puta i da Vlada bude tri puta potvr\u0111ena\u201d, rekao je Dodik.<\/p>\n<p>Odluka o ukidanju akciza na gorivo u Parlamentu BiH izazvala je brojne politi\u010dke reakcije, a Dodikovo gostovanje na RTRS-u dodatno je podiglo tenzije zbog te\u0161kih kvalifikacija upu\u0107enih zastupniku SDP-a BiH.<\/p>\n","protected":false},"excerpt":{"rendered":"<p>Predsjednik SNSD-a Milorad Dodik gostuju\u0107i u Dnevniku RTRS-a komentarisao je odluku Parlamentarne skup\u0161tine BiH o&hellip;<\/p>\n","protected":false},"author":8,"featured_media":291501,"comment_status":"closed","ping_status":"closed","sticky":false,"template":"","format":"standard","meta":{"_acf_changed":false,"footnotes":""},"categories":[291],"tags":[535,5958],"acf":[],"yoast_head":"<!-- This site is optimized with the Yoast SEO plugin v23.5 - https:\/\/yoast.com\/wordpress\/plugins\/seo\/ -->\n<title>Dodik ozna\u010dio Magazinovi\u0107a kao \u201csrpskog izdajnika\u201d: Prihvatio je narativ muslimana - TuzlaInfo.ba<\/title>\n<meta name=\"robots\" content=\"index, follow, max-snippet:-1, max-image-preview:large, max-video-preview:-1\" \/>\n<link rel=\"canonical\" href=\"https:\/\/tuzlainfo.ba\/index.php\/bosna-i-hercegovina\/item\/297561-dodik-oznacio-magazinovica-kao-srpskog-izdajnika-prihvatio-je-narativ-muslimana\/\" \/>\n<meta property=\"og:locale\" content=\"bs_BA\" \/>\n<meta property=\"og:type\" content=\"article\" \/>\n<meta property=\"og:title\" content=\"Dodik ozna\u010dio Magazinovi\u0107a kao \u201csrpskog izdajnika\u201d: Prihvatio je narativ muslimana - TuzlaInfo.ba\" \/>\n<meta property=\"og:description\" content=\"Predsjednik SNSD-a Milorad Dodik gostuju\u0107i u Dnevniku RTRS-a komentarisao je odluku Parlamentarne skup\u0161tine BiH o&hellip;\" \/>\n<meta property=\"og:url\" content=\"https:\/\/tuzlainfo.ba\/index.php\/bosna-i-hercegovina\/item\/297561-dodik-oznacio-magazinovica-kao-srpskog-izdajnika-prihvatio-je-narativ-muslimana\/\" \/>\n<meta property=\"og:site_name\" content=\"TuzlaInfo.ba\" \/>\n<meta property=\"article:publisher\" content=\"https:\/\/www.facebook.com\/tuzlainfo.ba\/\" \/>\n<meta property=\"article:published_time\" content=\"2026-03-17T12:21:21+00:00\" \/>\n<meta property=\"article:modified_time\" content=\"2026-03-17T13:57:17+00:00\" \/>\n<meta property=\"og:image\" content=\"https:\/\/tuzlainfo.ba\/wp-content\/uploads\/2026\/01\/0801_milorad_dodik.jpg\" \/>\n\t<meta property=\"og:image:width\" content=\"800\" \/>\n\t<meta property=\"og:image:height\" content=\"533\" \/>\n\t<meta property=\"og:image:type\" content=\"image\/jpeg\" \/>\n<meta name=\"author\" content=\"Admin Tri\" \/>\n<meta name=\"twitter:card\" content=\"summary_large_image\" \/>\n<meta name=\"twitter:label1\" content=\"Written by\" \/>\n\t<meta name=\"twitter:data1\" content=\"Admin Tri\" \/>\n\t<meta name=\"twitter:label2\" content=\"Est. reading time\" \/>\n\t<meta name=\"twitter:data2\" content=\"2 minute\" \/>\n<script type=\"application\/ld+json\" class=\"yoast-schema-graph\">{\"@context\":\"https:\/\/schema.org\",\"@graph\":[{\"@type\":\"Article\",\"@id\":\"https:\/\/tuzlainfo.ba\/index.php\/bosna-i-hercegovina\/item\/297561-dodik-oznacio-magazinovica-kao-srpskog-izdajnika-prihvatio-je-narativ-muslimana\/#article\",\"isPartOf\":{\"@id\":\"https:\/\/tuzlainfo.ba\/index.php\/bosna-i-hercegovina\/item\/297561-dodik-oznacio-magazinovica-kao-srpskog-izdajnika-prihvatio-je-narativ-muslimana\/\"},\"author\":{\"name\":\"Admin Tri\",\"@id\":\"https:\/\/tuzlainfo.ba\/#\/schema\/person\/593e78a2f6378c5ba3e7600ecfa4e63a\"},\"headline\":\"Dodik ozna\u010dio Magazinovi\u0107a kao \u201csrpskog izdajnika\u201d: Prihvatio je narativ muslimana\",\"datePublished\":\"2026-03-17T12:21:21+00:00\",\"dateModified\":\"2026-03-17T13:57:17+00:00\",\"mainEntityOfPage\":{\"@id\":\"https:\/\/tuzlainfo.ba\/index.php\/bosna-i-hercegovina\/item\/297561-dodik-oznacio-magazinovica-kao-srpskog-izdajnika-prihvatio-je-narativ-muslimana\/\"},\"wordCount\":385,\"publisher\":{\"@id\":\"https:\/\/tuzlainfo.ba\/#organization\"},\"image\":{\"@id\":\"https:\/\/tuzlainfo.ba\/index.php\/bosna-i-hercegovina\/item\/297561-dodik-oznacio-magazinovica-kao-srpskog-izdajnika-prihvatio-je-narativ-muslimana\/#primaryimage\"},\"thumbnailUrl\":\"https:\/\/tuzlainfo.ba\/wp-content\/uploads\/2026\/01\/0801_milorad_dodik.jpg\",\"keywords\":[\"milorad dodik\",\"sa\u0161a magazinovi\u0107\"],\"articleSection\":[\"Bosna i Hercegovina\"],\"inLanguage\":\"bs-BA\"},{\"@type\":\"WebPage\",\"@id\":\"https:\/\/tuzlainfo.ba\/index.php\/bosna-i-hercegovina\/item\/297561-dodik-oznacio-magazinovica-kao-srpskog-izdajnika-prihvatio-je-narativ-muslimana\/\",\"url\":\"https:\/\/tuzlainfo.ba\/index.php\/bosna-i-hercegovina\/item\/297561-dodik-oznacio-magazinovica-kao-srpskog-izdajnika-prihvatio-je-narativ-muslimana\/\",\"name\":\"Dodik ozna\u010dio Magazinovi\u0107a kao \u201csrpskog izdajnika\u201d: Prihvatio je narativ muslimana - TuzlaInfo.ba\",\"isPartOf\":{\"@id\":\"https:\/\/tuzlainfo.ba\/#website\"},\"primaryImageOfPage\":{\"@id\":\"https:\/\/tuzlainfo.ba\/index.php\/bosna-i-hercegovina\/item\/297561-dodik-oznacio-magazinovica-kao-srpskog-izdajnika-prihvatio-je-narativ-muslimana\/#primaryimage\"},\"image\":{\"@id\":\"https:\/\/tuzlainfo.ba\/index.php\/bosna-i-hercegovina\/item\/297561-dodik-oznacio-magazinovica-kao-srpskog-izdajnika-prihvatio-je-narativ-muslimana\/#primaryimage\"},\"thumbnailUrl\":\"https:\/\/tuzlainfo.ba\/wp-content\/uploads\/2026\/01\/0801_milorad_dodik.jpg\",\"datePublished\":\"2026-03-17T12:21:21+00:00\",\"dateModified\":\"2026-03-17T13:57:17+00:00\",\"breadcrumb\":{\"@id\":\"https:\/\/tuzlainfo.ba\/index.php\/bosna-i-hercegovina\/item\/297561-dodik-oznacio-magazinovica-kao-srpskog-izdajnika-prihvatio-je-narativ-muslimana\/#breadcrumb\"},\"inLanguage\":\"bs-BA\",\"potentialAction\":[{\"@type\":\"ReadAction\",\"target\":[\"https:\/\/tuzlainfo.ba\/index.php\/bosna-i-hercegovina\/item\/297561-dodik-oznacio-magazinovica-kao-srpskog-izdajnika-prihvatio-je-narativ-muslimana\/\"]}]},{\"@type\":\"ImageObject\",\"inLanguage\":\"bs-BA\",\"@id\":\"https:\/\/tuzlainfo.ba\/index.php\/bosna-i-hercegovina\/item\/297561-dodik-oznacio-magazinovica-kao-srpskog-izdajnika-prihvatio-je-narativ-muslimana\/#primaryimage\",\"url\":\"https:\/\/tuzlainfo.ba\/wp-content\/uploads\/2026\/01\/0801_milorad_dodik.jpg\",\"contentUrl\":\"https:\/\/tuzlainfo.ba\/wp-content\/uploads\/2026\/01\/0801_milorad_dodik.jpg\",\"width\":800,\"height\":533},{\"@type\":\"BreadcrumbList\",\"@id\":\"https:\/\/tuzlainfo.ba\/index.php\/bosna-i-hercegovina\/item\/297561-dodik-oznacio-magazinovica-kao-srpskog-izdajnika-prihvatio-je-narativ-muslimana\/#breadcrumb\",\"itemListElement\":[{\"@type\":\"ListItem\",\"position\":1,\"name\":\"Home\",\"item\":\"https:\/\/tuzlainfo.ba\/\"},{\"@type\":\"ListItem\",\"position\":2,\"name\":\"Dodik ozna\u010dio Magazinovi\u0107a kao \u201csrpskog izdajnika\u201d: Prihvatio je narativ muslimana\"}]},{\"@type\":\"WebSite\",\"@id\":\"https:\/\/tuzlainfo.ba\/#website\",\"url\":\"https:\/\/tuzlainfo.ba\/\",\"name\":\"TuzlaInfo.ba\",\"description\":\"Tuzla info, gradski informator - Tuzla na dlanu\",\"publisher\":{\"@id\":\"https:\/\/tuzlainfo.ba\/#organization\"},\"potentialAction\":[{\"@type\":\"SearchAction\",\"target\":{\"@type\":\"EntryPoint\",\"urlTemplate\":\"https:\/\/tuzlainfo.ba\/?s={search_term_string}\"},\"query-input\":{\"@type\":\"PropertyValueSpecification\",\"valueRequired\":true,\"valueName\":\"search_term_string\"}}],\"inLanguage\":\"bs-BA\"},{\"@type\":\"Organization\",\"@id\":\"https:\/\/tuzlainfo.ba\/#organization\",\"name\":\"TuzlaInfo.ba\",\"url\":\"https:\/\/tuzlainfo.ba\/\",\"logo\":{\"@type\":\"ImageObject\",\"inLanguage\":\"bs-BA\",\"@id\":\"https:\/\/tuzlainfo.ba\/#\/schema\/logo\/image\/\",\"url\":\"https:\/\/tuzlainfo.ba\/wp-content\/uploads\/2021\/03\/logo-ver-3-1.png\",\"contentUrl\":\"https:\/\/tuzlainfo.ba\/wp-content\/uploads\/2021\/03\/logo-ver-3-1.png\",\"width\":350,\"height\":95,\"caption\":\"TuzlaInfo.ba\"},\"image\":{\"@id\":\"https:\/\/tuzlainfo.ba\/#\/schema\/logo\/image\/\"},\"sameAs\":[\"https:\/\/www.facebook.com\/tuzlainfo.ba\/\"]},{\"@type\":\"Person\",\"@id\":\"https:\/\/tuzlainfo.ba\/#\/schema\/person\/593e78a2f6378c5ba3e7600ecfa4e63a\",\"name\":\"Admin Tri\",\"image\":{\"@type\":\"ImageObject\",\"inLanguage\":\"bs-BA\",\"@id\":\"https:\/\/tuzlainfo.ba\/#\/schema\/person\/image\/\",\"url\":\"https:\/\/tuzlainfo.ba\/wp-content\/litespeed\/avatar\/b7920db4cc34a71ad12497283ad2fe3f.jpg?ver=1777100914\",\"contentUrl\":\"https:\/\/tuzlainfo.ba\/wp-content\/litespeed\/avatar\/b7920db4cc34a71ad12497283ad2fe3f.jpg?ver=1777100914\",\"caption\":\"Admin Tri\"},\"sameAs\":[\"https:\/\/tuzlainfo.ba\"]}]}<\/script>\n<!-- \/ Yoast SEO plugin. -->","yoast_head_json":{"title":"Dodik ozna\u010dio Magazinovi\u0107a kao \u201csrpskog izdajnika\u201d: Prihvatio je narativ muslimana - TuzlaInfo.ba","robots":{"index":"index","follow":"follow","max-snippet":"max-snippet:-1","max-image-preview":"max-image-preview:large","max-video-preview":"max-video-preview:-1"},"canonical":"https:\/\/tuzlainfo.ba\/index.php\/bosna-i-hercegovina\/item\/297561-dodik-oznacio-magazinovica-kao-srpskog-izdajnika-prihvatio-je-narativ-muslimana\/","og_locale":"bs_BA","og_type":"article","og_title":"Dodik ozna\u010dio Magazinovi\u0107a kao \u201csrpskog izdajnika\u201d: Prihvatio je narativ muslimana - TuzlaInfo.ba","og_description":"Predsjednik SNSD-a Milorad Dodik gostuju\u0107i u Dnevniku RTRS-a komentarisao je odluku Parlamentarne skup\u0161tine BiH o&hellip;","og_url":"https:\/\/tuzlainfo.ba\/index.php\/bosna-i-hercegovina\/item\/297561-dodik-oznacio-magazinovica-kao-srpskog-izdajnika-prihvatio-je-narativ-muslimana\/","og_site_name":"TuzlaInfo.ba","article_publisher":"https:\/\/www.facebook.com\/tuzlainfo.ba\/","article_published_time":"2026-03-17T12:21:21+00:00","article_modified_time":"2026-03-17T13:57:17+00:00","og_image":[{"width":800,"height":533,"url":"https:\/\/tuzlainfo.ba\/wp-content\/uploads\/2026\/01\/0801_milorad_dodik.jpg","type":"image\/jpeg"}],"author":"Admin Tri","twitter_card":"summary_large_image","twitter_misc":{"Written by":"Admin Tri","Est. reading time":"2 minute"},"schema":{"@context":"https:\/\/schema.org","@graph":[{"@type":"Article","@id":"https:\/\/tuzlainfo.ba\/index.php\/bosna-i-hercegovina\/item\/297561-dodik-oznacio-magazinovica-kao-srpskog-izdajnika-prihvatio-je-narativ-muslimana\/#article","isPartOf":{"@id":"https:\/\/tuzlainfo.ba\/index.php\/bosna-i-hercegovina\/item\/297561-dodik-oznacio-magazinovica-kao-srpskog-izdajnika-prihvatio-je-narativ-muslimana\/"},"author":{"name":"Admin Tri","@id":"https:\/\/tuzlainfo.ba\/#\/schema\/person\/593e78a2f6378c5ba3e7600ecfa4e63a"},"headline":"Dodik ozna\u010dio Magazinovi\u0107a kao \u201csrpskog izdajnika\u201d: Prihvatio je narativ muslimana","datePublished":"2026-03-17T12:21:21+00:00","dateModified":"2026-03-17T13:57:17+00:00","mainEntityOfPage":{"@id":"https:\/\/tuzlainfo.ba\/index.php\/bosna-i-hercegovina\/item\/297561-dodik-oznacio-magazinovica-kao-srpskog-izdajnika-prihvatio-je-narativ-muslimana\/"},"wordCount":385,"publisher":{"@id":"https:\/\/tuzlainfo.ba\/#organization"},"image":{"@id":"https:\/\/tuzlainfo.ba\/index.php\/bosna-i-hercegovina\/item\/297561-dodik-oznacio-magazinovica-kao-srpskog-izdajnika-prihvatio-je-narativ-muslimana\/#primaryimage"},"thumbnailUrl":"https:\/\/tuzlainfo.ba\/wp-content\/uploads\/2026\/01\/0801_milorad_dodik.jpg","keywords":["milorad dodik","sa\u0161a magazinovi\u0107"],"articleSection":["Bosna i Hercegovina"],"inLanguage":"bs-BA"},{"@type":"WebPage","@id":"https:\/\/tuzlainfo.ba\/index.php\/bosna-i-hercegovina\/item\/297561-dodik-oznacio-magazinovica-kao-srpskog-izdajnika-prihvatio-je-narativ-muslimana\/","url":"https:\/\/tuzlainfo.ba\/index.php\/bosna-i-hercegovina\/item\/297561-dodik-oznacio-magazinovica-kao-srpskog-izdajnika-prihvatio-je-narativ-muslimana\/","name":"Dodik ozna\u010dio Magazinovi\u0107a kao \u201csrpskog izdajnika\u201d: Prihvatio je narativ muslimana - TuzlaInfo.ba","isPartOf":{"@id":"https:\/\/tuzlainfo.ba\/#website"},"primaryImageOfPage":{"@id":"https:\/\/tuzlainfo.ba\/index.php\/bosna-i-hercegovina\/item\/297561-dodik-oznacio-magazinovica-kao-srpskog-izdajnika-prihvatio-je-narativ-muslimana\/#primaryimage"},"image":{"@id":"https:\/\/tuzlainfo.ba\/index.php\/bosna-i-hercegovina\/item\/297561-dodik-oznacio-magazinovica-kao-srpskog-izdajnika-prihvatio-je-narativ-muslimana\/#primaryimage"},"thumbnailUrl":"https:\/\/tuzlainfo.ba\/wp-content\/uploads\/2026\/01\/0801_milorad_dodik.jpg","datePublished":"2026-03-17T12:21:21+00:00","dateModified":"2026-03-17T13:57:17+00:00","breadcrumb":{"@id":"https:\/\/tuzlainfo.ba\/index.php\/bosna-i-hercegovina\/item\/297561-dodik-oznacio-magazinovica-kao-srpskog-izdajnika-prihvatio-je-narativ-muslimana\/#breadcrumb"},"inLanguage":"bs-BA","potentialAction":[{"@type":"ReadAction","target":["https:\/\/tuzlainfo.ba\/index.php\/bosna-i-hercegovina\/item\/297561-dodik-oznacio-magazinovica-kao-srpskog-izdajnika-prihvatio-je-narativ-muslimana\/"]}]},{"@type":"ImageObject","inLanguage":"bs-BA","@id":"https:\/\/tuzlainfo.ba\/index.php\/bosna-i-hercegovina\/item\/297561-dodik-oznacio-magazinovica-kao-srpskog-izdajnika-prihvatio-je-narativ-muslimana\/#primaryimage","url":"https:\/\/tuzlainfo.ba\/wp-content\/uploads\/2026\/01\/0801_milorad_dodik.jpg","contentUrl":"https:\/\/tuzlainfo.ba\/wp-content\/uploads\/2026\/01\/0801_milorad_dodik.jpg","width":800,"height":533},{"@type":"BreadcrumbList","@id":"https:\/\/tuzlainfo.ba\/index.php\/bosna-i-hercegovina\/item\/297561-dodik-oznacio-magazinovica-kao-srpskog-izdajnika-prihvatio-je-narativ-muslimana\/#breadcrumb","itemListElement":[{"@type":"ListItem","position":1,"name":"Home","item":"https:\/\/tuzlainfo.ba\/"},{"@type":"ListItem","position":2,"name":"Dodik ozna\u010dio Magazinovi\u0107a kao \u201csrpskog izdajnika\u201d: Prihvatio je narativ muslimana"}]},{"@type":"WebSite","@id":"https:\/\/tuzlainfo.ba\/#website","url":"https:\/\/tuzlainfo.ba\/","name":"TuzlaInfo.ba","description":"Tuzla info, gradski informator - Tuzla na dlanu","publisher":{"@id":"https:\/\/tuzlainfo.ba\/#organization"},"potentialAction":[{"@type":"SearchAction","target":{"@type":"EntryPoint","urlTemplate":"https:\/\/tuzlainfo.ba\/?s={search_term_string}"},"query-input":{"@type":"PropertyValueSpecification","valueRequired":true,"valueName":"search_term_string"}}],"inLanguage":"bs-BA"},{"@type":"Organization","@id":"https:\/\/tuzlainfo.ba\/#organization","name":"TuzlaInfo.ba","url":"https:\/\/tuzlainfo.ba\/","logo":{"@type":"ImageObject","inLanguage":"bs-BA","@id":"https:\/\/tuzlainfo.ba\/#\/schema\/logo\/image\/","url":"https:\/\/tuzlainfo.ba\/wp-content\/uploads\/2021\/03\/logo-ver-3-1.png","contentUrl":"https:\/\/tuzlainfo.ba\/wp-content\/uploads\/2021\/03\/logo-ver-3-1.png","width":350,"height":95,"caption":"TuzlaInfo.ba"},"image":{"@id":"https:\/\/tuzlainfo.ba\/#\/schema\/logo\/image\/"},"sameAs":["https:\/\/www.facebook.com\/tuzlainfo.ba\/"]},{"@type":"Person","@id":"https:\/\/tuzlainfo.ba\/#\/schema\/person\/593e78a2f6378c5ba3e7600ecfa4e63a","name":"Admin Tri","image":{"@type":"ImageObject","inLanguage":"bs-BA","@id":"https:\/\/tuzlainfo.ba\/#\/schema\/person\/image\/","url":"https:\/\/tuzlainfo.ba\/wp-content\/litespeed\/avatar\/b7920db4cc34a71ad12497283ad2fe3f.jpg?ver=1777100914","contentUrl":"https:\/\/tuzlainfo.ba\/wp-content\/litespeed\/avatar\/b7920db4cc34a71ad12497283ad2fe3f.jpg?ver=1777100914","caption":"Admin Tri"},"sameAs":["https:\/\/tuzlainfo.ba"]}]}},"_links":{"self":[{"href":"https:\/\/tuzlainfo.ba\/index.php\/wp-json\/wp\/v2\/posts\/297561"}],"collection":[{"href":"https:\/\/tuzlainfo.ba\/index.php\/wp-json\/wp\/v2\/posts"}],"about":[{"href":"https:\/\/tuzlainfo.ba\/index.php\/wp-json\/wp\/v2\/types\/post"}],"author":[{"embeddable":true,"href":"https:\/\/tuzlainfo.ba\/index.php\/wp-json\/wp\/v2\/users\/8"}],"replies":[{"embeddable":true,"href":"https:\/\/tuzlainfo.ba\/index.php\/wp-json\/wp\/v2\/comments?post=297561"}],"version-history":[{"count":2,"href":"https:\/\/tuzlainfo.ba\/index.php\/wp-json\/wp\/v2\/posts\/297561\/revisions"}],"predecessor-version":[{"id":297582,"href":"https:\/\/tuzlainfo.ba\/index.php\/wp-json\/wp\/v2\/posts\/297561\/revisions\/297582"}],"wp:featuredmedia":[{"embeddable":true,"href":"https:\/\/tuzlainfo.ba\/index.php\/wp-json\/wp\/v2\/media\/291501"}],"wp:attachment":[{"href":"https:\/\/tuzlainfo.ba\/index.php\/wp-json\/wp\/v2\/media?parent=297561"}],"wp:term":[{"taxonomy":"category","embeddable":true,"href":"https:\/\/tuzlainfo.ba\/index.php\/wp-json\/wp\/v2\/categories?post=297561"},{"taxonomy":"post_tag","embeddable":true,"href":"https:\/\/tuzlainfo.ba\/index.php\/wp-json\/wp\/v2\/tags?post=297561"}],"curies":[{"name":"wp","href":"https:\/\/api.w.org\/{rel}","templated":true}]}}