{"id":297528,"date":"2026-03-17T09:28:34","date_gmt":"2026-03-17T08:28:34","guid":{"rendered":"https:\/\/tuzlainfo.ba\/?p=297528"},"modified":"2026-03-17T08:30:31","modified_gmt":"2026-03-17T07:30:31","slug":"plin-bi-od-aprila-mogao-poskupjeti-lakic-najavio-nove-kalkulacije","status":"publish","type":"post","link":"https:\/\/tuzlainfo.ba\/index.php\/bosna-i-hercegovina\/item\/297528-plin-bi-od-aprila-mogao-poskupjeti-lakic-najavio-nove-kalkulacije\/","title":{"rendered":"Plin bi od aprila mogao poskupjeti, Laki\u0107 najavio nove kalkulacije"},"content":{"rendered":"<p>Mogu\u0107e poskupljenje plina od 1. aprila sve je izvjesnija opcija, a federalni ministar energije, rudarstva i industrije Vedran Laki\u0107 poru\u010duje da pove\u0107anje cijena nije isklju\u010deno.<\/p>\n<p>Gra\u0111ane posebno brine po\u010detak aprila, kada Energoinvest dobija nove kalkulacije od ruskog partnera. S obzirom na to da cijena plina direktno prati kretanje cijene nafte, postoji realna bojazan da bi trenutna cijena od 1,07 KM mogla zna\u010dajno porasti.<\/p>\n<p>\u201cAko matemati\u010dki gledamo problem, logi\u010dno je o\u010dekivati pove\u0107anje cijene plina jer on prati kretanje nafte. Ne bih \u017eelio da spekuli\u0161em ciframa i stvaram nepotrebnu zabrinutost, ali \u0107emo za petnaestak dana imati precizne podatke\u201d, kazao je Laki\u0107 za TVSA.<\/p>\n<p>Dodao je da okolnosti ipak idu donekle u prilog potro\u0161a\u010dima.<\/p>\n<p>\u201cSre\u0107a je \u0161to ulazimo u prolje\u0107e kada je potro\u0161nja manja, pa udar na bud\u017eete mo\u017eda ne\u0107e biti toliko osjetan, ali \u0107emo se boriti da pove\u0107anje bude minimalno ili da ga uop\u0107e ne bude\u201d, rekao je Laki\u0107.<\/p>\n<p>Mogu\u0107e poskupljenje plina od 1. aprila dolazi u trenutku kada se paralelno vode razgovori o strate\u0161kim energetskim projektima. Laki\u0107 je naglasio da projekat Ju\u017ene interkonekcije ostaje klju\u010dni prioritet Federacije BiH.<\/p>\n<p>\u201cMoram re\u0107i da je projekat Ju\u017ene interkonekcije apsolutni prioritet energetskog sektora Federacije Bosne i Hercegovine i da ni u kom slu\u010daju nije pao na prioritet broj dva. Jo\u0161 je, zna\u010di, i ostat \u0107e prioritet broj jedan\u201d, istakao je ministar.<\/p>\n<p>Prema njegovim rije\u010dima, globalna de\u0161avanja na energetskom tr\u017ei\u0161tu dodatno potvr\u0111uju zna\u010daj ovog projekta.<\/p>\n<p>\u201cI kompletna situacija koja se de\u0161ava u svijetu kada je energetika u pitanju sigurno doprinosi da on ostane i dalje kao prioritet broj jedan. I ovdje samo trebamo razlu\u010diti par stvari i pojmovno definisati. Mi ovdje ne govorimo o drugom uvozniku, mi ovdje govorimo o drugom pravcu snabdijevanja\u201d, poru\u010dio je Laki\u0107.<\/p>\n","protected":false},"excerpt":{"rendered":"<p>Mogu\u0107e poskupljenje plina od 1. aprila sve je izvjesnija opcija, a federalni ministar energije, rudarstva&hellip;<\/p>\n","protected":false},"author":8,"featured_media":287710,"comment_status":"closed","ping_status":"closed","sticky":false,"template":"","format":"standard","meta":{"_acf_changed":false,"footnotes":""},"categories":[291],"tags":[3317,1866,6579],"acf":[],"yoast_head":"<!-- This site is optimized with the Yoast SEO plugin v23.5 - https:\/\/yoast.com\/wordpress\/plugins\/seo\/ -->\n<title>Plin bi od aprila mogao poskupjeti, Laki\u0107 najavio nove kalkulacije - TuzlaInfo.ba<\/title>\n<meta name=\"robots\" content=\"index, follow, max-snippet:-1, max-image-preview:large, max-video-preview:-1\" \/>\n<link rel=\"canonical\" href=\"https:\/\/tuzlainfo.ba\/index.php\/bosna-i-hercegovina\/item\/297528-plin-bi-od-aprila-mogao-poskupjeti-lakic-najavio-nove-kalkulacije\/\" \/>\n<meta property=\"og:locale\" content=\"bs_BA\" \/>\n<meta property=\"og:type\" content=\"article\" \/>\n<meta property=\"og:title\" content=\"Plin bi od aprila mogao poskupjeti, Laki\u0107 najavio nove kalkulacije - TuzlaInfo.ba\" \/>\n<meta property=\"og:description\" content=\"Mogu\u0107e poskupljenje plina od 1. aprila sve je izvjesnija opcija, a federalni ministar energije, rudarstva&hellip;\" \/>\n<meta property=\"og:url\" content=\"https:\/\/tuzlainfo.ba\/index.php\/bosna-i-hercegovina\/item\/297528-plin-bi-od-aprila-mogao-poskupjeti-lakic-najavio-nove-kalkulacije\/\" \/>\n<meta property=\"og:site_name\" content=\"TuzlaInfo.ba\" \/>\n<meta property=\"article:publisher\" content=\"https:\/\/www.facebook.com\/tuzlainfo.ba\/\" \/>\n<meta property=\"article:published_time\" content=\"2026-03-17T08:28:34+00:00\" \/>\n<meta property=\"article:modified_time\" content=\"2026-03-17T07:30:31+00:00\" \/>\n<meta property=\"og:image\" content=\"https:\/\/tuzlainfo.ba\/wp-content\/uploads\/2025\/11\/vedran-lakic.jpg\" \/>\n\t<meta property=\"og:image:width\" content=\"1600\" \/>\n\t<meta property=\"og:image:height\" content=\"900\" \/>\n\t<meta property=\"og:image:type\" content=\"image\/jpeg\" \/>\n<meta name=\"author\" content=\"Admin Tri\" \/>\n<meta name=\"twitter:card\" content=\"summary_large_image\" \/>\n<meta name=\"twitter:label1\" content=\"Written by\" \/>\n\t<meta name=\"twitter:data1\" content=\"Admin Tri\" \/>\n\t<meta name=\"twitter:label2\" content=\"Est. reading time\" \/>\n\t<meta name=\"twitter:data2\" content=\"2 minute\" \/>\n<script type=\"application\/ld+json\" class=\"yoast-schema-graph\">{\"@context\":\"https:\/\/schema.org\",\"@graph\":[{\"@type\":\"Article\",\"@id\":\"https:\/\/tuzlainfo.ba\/index.php\/bosna-i-hercegovina\/item\/297528-plin-bi-od-aprila-mogao-poskupjeti-lakic-najavio-nove-kalkulacije\/#article\",\"isPartOf\":{\"@id\":\"https:\/\/tuzlainfo.ba\/index.php\/bosna-i-hercegovina\/item\/297528-plin-bi-od-aprila-mogao-poskupjeti-lakic-najavio-nove-kalkulacije\/\"},\"author\":{\"name\":\"Admin Tri\",\"@id\":\"https:\/\/tuzlainfo.ba\/#\/schema\/person\/593e78a2f6378c5ba3e7600ecfa4e63a\"},\"headline\":\"Plin bi od aprila mogao poskupjeti, Laki\u0107 najavio nove kalkulacije\",\"datePublished\":\"2026-03-17T08:28:34+00:00\",\"dateModified\":\"2026-03-17T07:30:31+00:00\",\"mainEntityOfPage\":{\"@id\":\"https:\/\/tuzlainfo.ba\/index.php\/bosna-i-hercegovina\/item\/297528-plin-bi-od-aprila-mogao-poskupjeti-lakic-najavio-nove-kalkulacije\/\"},\"wordCount\":326,\"publisher\":{\"@id\":\"https:\/\/tuzlainfo.ba\/#organization\"},\"image\":{\"@id\":\"https:\/\/tuzlainfo.ba\/index.php\/bosna-i-hercegovina\/item\/297528-plin-bi-od-aprila-mogao-poskupjeti-lakic-najavio-nove-kalkulacije\/#primaryimage\"},\"thumbnailUrl\":\"https:\/\/tuzlainfo.ba\/wp-content\/uploads\/2025\/11\/vedran-lakic.jpg\",\"keywords\":[\"plin\",\"poskupljenje\",\"vedran laki\u0107\"],\"articleSection\":[\"Bosna i Hercegovina\"],\"inLanguage\":\"bs-BA\"},{\"@type\":\"WebPage\",\"@id\":\"https:\/\/tuzlainfo.ba\/index.php\/bosna-i-hercegovina\/item\/297528-plin-bi-od-aprila-mogao-poskupjeti-lakic-najavio-nove-kalkulacije\/\",\"url\":\"https:\/\/tuzlainfo.ba\/index.php\/bosna-i-hercegovina\/item\/297528-plin-bi-od-aprila-mogao-poskupjeti-lakic-najavio-nove-kalkulacije\/\",\"name\":\"Plin bi od aprila mogao poskupjeti, Laki\u0107 najavio nove kalkulacije - TuzlaInfo.ba\",\"isPartOf\":{\"@id\":\"https:\/\/tuzlainfo.ba\/#website\"},\"primaryImageOfPage\":{\"@id\":\"https:\/\/tuzlainfo.ba\/index.php\/bosna-i-hercegovina\/item\/297528-plin-bi-od-aprila-mogao-poskupjeti-lakic-najavio-nove-kalkulacije\/#primaryimage\"},\"image\":{\"@id\":\"https:\/\/tuzlainfo.ba\/index.php\/bosna-i-hercegovina\/item\/297528-plin-bi-od-aprila-mogao-poskupjeti-lakic-najavio-nove-kalkulacije\/#primaryimage\"},\"thumbnailUrl\":\"https:\/\/tuzlainfo.ba\/wp-content\/uploads\/2025\/11\/vedran-lakic.jpg\",\"datePublished\":\"2026-03-17T08:28:34+00:00\",\"dateModified\":\"2026-03-17T07:30:31+00:00\",\"breadcrumb\":{\"@id\":\"https:\/\/tuzlainfo.ba\/index.php\/bosna-i-hercegovina\/item\/297528-plin-bi-od-aprila-mogao-poskupjeti-lakic-najavio-nove-kalkulacije\/#breadcrumb\"},\"inLanguage\":\"bs-BA\",\"potentialAction\":[{\"@type\":\"ReadAction\",\"target\":[\"https:\/\/tuzlainfo.ba\/index.php\/bosna-i-hercegovina\/item\/297528-plin-bi-od-aprila-mogao-poskupjeti-lakic-najavio-nove-kalkulacije\/\"]}]},{\"@type\":\"ImageObject\",\"inLanguage\":\"bs-BA\",\"@id\":\"https:\/\/tuzlainfo.ba\/index.php\/bosna-i-hercegovina\/item\/297528-plin-bi-od-aprila-mogao-poskupjeti-lakic-najavio-nove-kalkulacije\/#primaryimage\",\"url\":\"https:\/\/tuzlainfo.ba\/wp-content\/uploads\/2025\/11\/vedran-lakic.jpg\",\"contentUrl\":\"https:\/\/tuzlainfo.ba\/wp-content\/uploads\/2025\/11\/vedran-lakic.jpg\",\"width\":1600,\"height\":900},{\"@type\":\"BreadcrumbList\",\"@id\":\"https:\/\/tuzlainfo.ba\/index.php\/bosna-i-hercegovina\/item\/297528-plin-bi-od-aprila-mogao-poskupjeti-lakic-najavio-nove-kalkulacije\/#breadcrumb\",\"itemListElement\":[{\"@type\":\"ListItem\",\"position\":1,\"name\":\"Home\",\"item\":\"https:\/\/tuzlainfo.ba\/\"},{\"@type\":\"ListItem\",\"position\":2,\"name\":\"Plin bi od aprila mogao poskupjeti, Laki\u0107 najavio nove kalkulacije\"}]},{\"@type\":\"WebSite\",\"@id\":\"https:\/\/tuzlainfo.ba\/#website\",\"url\":\"https:\/\/tuzlainfo.ba\/\",\"name\":\"TuzlaInfo.ba\",\"description\":\"Tuzla info, gradski informator - Tuzla na dlanu\",\"publisher\":{\"@id\":\"https:\/\/tuzlainfo.ba\/#organization\"},\"potentialAction\":[{\"@type\":\"SearchAction\",\"target\":{\"@type\":\"EntryPoint\",\"urlTemplate\":\"https:\/\/tuzlainfo.ba\/?s={search_term_string}\"},\"query-input\":{\"@type\":\"PropertyValueSpecification\",\"valueRequired\":true,\"valueName\":\"search_term_string\"}}],\"inLanguage\":\"bs-BA\"},{\"@type\":\"Organization\",\"@id\":\"https:\/\/tuzlainfo.ba\/#organization\",\"name\":\"TuzlaInfo.ba\",\"url\":\"https:\/\/tuzlainfo.ba\/\",\"logo\":{\"@type\":\"ImageObject\",\"inLanguage\":\"bs-BA\",\"@id\":\"https:\/\/tuzlainfo.ba\/#\/schema\/logo\/image\/\",\"url\":\"https:\/\/tuzlainfo.ba\/wp-content\/uploads\/2021\/03\/logo-ver-3-1.png\",\"contentUrl\":\"https:\/\/tuzlainfo.ba\/wp-content\/uploads\/2021\/03\/logo-ver-3-1.png\",\"width\":350,\"height\":95,\"caption\":\"TuzlaInfo.ba\"},\"image\":{\"@id\":\"https:\/\/tuzlainfo.ba\/#\/schema\/logo\/image\/\"},\"sameAs\":[\"https:\/\/www.facebook.com\/tuzlainfo.ba\/\"]},{\"@type\":\"Person\",\"@id\":\"https:\/\/tuzlainfo.ba\/#\/schema\/person\/593e78a2f6378c5ba3e7600ecfa4e63a\",\"name\":\"Admin Tri\",\"image\":{\"@type\":\"ImageObject\",\"inLanguage\":\"bs-BA\",\"@id\":\"https:\/\/tuzlainfo.ba\/#\/schema\/person\/image\/\",\"url\":\"https:\/\/tuzlainfo.ba\/wp-content\/litespeed\/avatar\/b7920db4cc34a71ad12497283ad2fe3f.jpg?ver=1777100914\",\"contentUrl\":\"https:\/\/tuzlainfo.ba\/wp-content\/litespeed\/avatar\/b7920db4cc34a71ad12497283ad2fe3f.jpg?ver=1777100914\",\"caption\":\"Admin Tri\"},\"sameAs\":[\"https:\/\/tuzlainfo.ba\"]}]}<\/script>\n<!-- \/ Yoast SEO plugin. -->","yoast_head_json":{"title":"Plin bi od aprila mogao poskupjeti, Laki\u0107 najavio nove kalkulacije - TuzlaInfo.ba","robots":{"index":"index","follow":"follow","max-snippet":"max-snippet:-1","max-image-preview":"max-image-preview:large","max-video-preview":"max-video-preview:-1"},"canonical":"https:\/\/tuzlainfo.ba\/index.php\/bosna-i-hercegovina\/item\/297528-plin-bi-od-aprila-mogao-poskupjeti-lakic-najavio-nove-kalkulacije\/","og_locale":"bs_BA","og_type":"article","og_title":"Plin bi od aprila mogao poskupjeti, Laki\u0107 najavio nove kalkulacije - TuzlaInfo.ba","og_description":"Mogu\u0107e poskupljenje plina od 1. aprila sve je izvjesnija opcija, a federalni ministar energije, rudarstva&hellip;","og_url":"https:\/\/tuzlainfo.ba\/index.php\/bosna-i-hercegovina\/item\/297528-plin-bi-od-aprila-mogao-poskupjeti-lakic-najavio-nove-kalkulacije\/","og_site_name":"TuzlaInfo.ba","article_publisher":"https:\/\/www.facebook.com\/tuzlainfo.ba\/","article_published_time":"2026-03-17T08:28:34+00:00","article_modified_time":"2026-03-17T07:30:31+00:00","og_image":[{"width":1600,"height":900,"url":"https:\/\/tuzlainfo.ba\/wp-content\/uploads\/2025\/11\/vedran-lakic.jpg","type":"image\/jpeg"}],"author":"Admin Tri","twitter_card":"summary_large_image","twitter_misc":{"Written by":"Admin Tri","Est. reading time":"2 minute"},"schema":{"@context":"https:\/\/schema.org","@graph":[{"@type":"Article","@id":"https:\/\/tuzlainfo.ba\/index.php\/bosna-i-hercegovina\/item\/297528-plin-bi-od-aprila-mogao-poskupjeti-lakic-najavio-nove-kalkulacije\/#article","isPartOf":{"@id":"https:\/\/tuzlainfo.ba\/index.php\/bosna-i-hercegovina\/item\/297528-plin-bi-od-aprila-mogao-poskupjeti-lakic-najavio-nove-kalkulacije\/"},"author":{"name":"Admin Tri","@id":"https:\/\/tuzlainfo.ba\/#\/schema\/person\/593e78a2f6378c5ba3e7600ecfa4e63a"},"headline":"Plin bi od aprila mogao poskupjeti, Laki\u0107 najavio nove kalkulacije","datePublished":"2026-03-17T08:28:34+00:00","dateModified":"2026-03-17T07:30:31+00:00","mainEntityOfPage":{"@id":"https:\/\/tuzlainfo.ba\/index.php\/bosna-i-hercegovina\/item\/297528-plin-bi-od-aprila-mogao-poskupjeti-lakic-najavio-nove-kalkulacije\/"},"wordCount":326,"publisher":{"@id":"https:\/\/tuzlainfo.ba\/#organization"},"image":{"@id":"https:\/\/tuzlainfo.ba\/index.php\/bosna-i-hercegovina\/item\/297528-plin-bi-od-aprila-mogao-poskupjeti-lakic-najavio-nove-kalkulacije\/#primaryimage"},"thumbnailUrl":"https:\/\/tuzlainfo.ba\/wp-content\/uploads\/2025\/11\/vedran-lakic.jpg","keywords":["plin","poskupljenje","vedran laki\u0107"],"articleSection":["Bosna i Hercegovina"],"inLanguage":"bs-BA"},{"@type":"WebPage","@id":"https:\/\/tuzlainfo.ba\/index.php\/bosna-i-hercegovina\/item\/297528-plin-bi-od-aprila-mogao-poskupjeti-lakic-najavio-nove-kalkulacije\/","url":"https:\/\/tuzlainfo.ba\/index.php\/bosna-i-hercegovina\/item\/297528-plin-bi-od-aprila-mogao-poskupjeti-lakic-najavio-nove-kalkulacije\/","name":"Plin bi od aprila mogao poskupjeti, Laki\u0107 najavio nove kalkulacije - TuzlaInfo.ba","isPartOf":{"@id":"https:\/\/tuzlainfo.ba\/#website"},"primaryImageOfPage":{"@id":"https:\/\/tuzlainfo.ba\/index.php\/bosna-i-hercegovina\/item\/297528-plin-bi-od-aprila-mogao-poskupjeti-lakic-najavio-nove-kalkulacije\/#primaryimage"},"image":{"@id":"https:\/\/tuzlainfo.ba\/index.php\/bosna-i-hercegovina\/item\/297528-plin-bi-od-aprila-mogao-poskupjeti-lakic-najavio-nove-kalkulacije\/#primaryimage"},"thumbnailUrl":"https:\/\/tuzlainfo.ba\/wp-content\/uploads\/2025\/11\/vedran-lakic.jpg","datePublished":"2026-03-17T08:28:34+00:00","dateModified":"2026-03-17T07:30:31+00:00","breadcrumb":{"@id":"https:\/\/tuzlainfo.ba\/index.php\/bosna-i-hercegovina\/item\/297528-plin-bi-od-aprila-mogao-poskupjeti-lakic-najavio-nove-kalkulacije\/#breadcrumb"},"inLanguage":"bs-BA","potentialAction":[{"@type":"ReadAction","target":["https:\/\/tuzlainfo.ba\/index.php\/bosna-i-hercegovina\/item\/297528-plin-bi-od-aprila-mogao-poskupjeti-lakic-najavio-nove-kalkulacije\/"]}]},{"@type":"ImageObject","inLanguage":"bs-BA","@id":"https:\/\/tuzlainfo.ba\/index.php\/bosna-i-hercegovina\/item\/297528-plin-bi-od-aprila-mogao-poskupjeti-lakic-najavio-nove-kalkulacije\/#primaryimage","url":"https:\/\/tuzlainfo.ba\/wp-content\/uploads\/2025\/11\/vedran-lakic.jpg","contentUrl":"https:\/\/tuzlainfo.ba\/wp-content\/uploads\/2025\/11\/vedran-lakic.jpg","width":1600,"height":900},{"@type":"BreadcrumbList","@id":"https:\/\/tuzlainfo.ba\/index.php\/bosna-i-hercegovina\/item\/297528-plin-bi-od-aprila-mogao-poskupjeti-lakic-najavio-nove-kalkulacije\/#breadcrumb","itemListElement":[{"@type":"ListItem","position":1,"name":"Home","item":"https:\/\/tuzlainfo.ba\/"},{"@type":"ListItem","position":2,"name":"Plin bi od aprila mogao poskupjeti, Laki\u0107 najavio nove kalkulacije"}]},{"@type":"WebSite","@id":"https:\/\/tuzlainfo.ba\/#website","url":"https:\/\/tuzlainfo.ba\/","name":"TuzlaInfo.ba","description":"Tuzla info, gradski informator - Tuzla na dlanu","publisher":{"@id":"https:\/\/tuzlainfo.ba\/#organization"},"potentialAction":[{"@type":"SearchAction","target":{"@type":"EntryPoint","urlTemplate":"https:\/\/tuzlainfo.ba\/?s={search_term_string}"},"query-input":{"@type":"PropertyValueSpecification","valueRequired":true,"valueName":"search_term_string"}}],"inLanguage":"bs-BA"},{"@type":"Organization","@id":"https:\/\/tuzlainfo.ba\/#organization","name":"TuzlaInfo.ba","url":"https:\/\/tuzlainfo.ba\/","logo":{"@type":"ImageObject","inLanguage":"bs-BA","@id":"https:\/\/tuzlainfo.ba\/#\/schema\/logo\/image\/","url":"https:\/\/tuzlainfo.ba\/wp-content\/uploads\/2021\/03\/logo-ver-3-1.png","contentUrl":"https:\/\/tuzlainfo.ba\/wp-content\/uploads\/2021\/03\/logo-ver-3-1.png","width":350,"height":95,"caption":"TuzlaInfo.ba"},"image":{"@id":"https:\/\/tuzlainfo.ba\/#\/schema\/logo\/image\/"},"sameAs":["https:\/\/www.facebook.com\/tuzlainfo.ba\/"]},{"@type":"Person","@id":"https:\/\/tuzlainfo.ba\/#\/schema\/person\/593e78a2f6378c5ba3e7600ecfa4e63a","name":"Admin Tri","image":{"@type":"ImageObject","inLanguage":"bs-BA","@id":"https:\/\/tuzlainfo.ba\/#\/schema\/person\/image\/","url":"https:\/\/tuzlainfo.ba\/wp-content\/litespeed\/avatar\/b7920db4cc34a71ad12497283ad2fe3f.jpg?ver=1777100914","contentUrl":"https:\/\/tuzlainfo.ba\/wp-content\/litespeed\/avatar\/b7920db4cc34a71ad12497283ad2fe3f.jpg?ver=1777100914","caption":"Admin Tri"},"sameAs":["https:\/\/tuzlainfo.ba"]}]}},"_links":{"self":[{"href":"https:\/\/tuzlainfo.ba\/index.php\/wp-json\/wp\/v2\/posts\/297528"}],"collection":[{"href":"https:\/\/tuzlainfo.ba\/index.php\/wp-json\/wp\/v2\/posts"}],"about":[{"href":"https:\/\/tuzlainfo.ba\/index.php\/wp-json\/wp\/v2\/types\/post"}],"author":[{"embeddable":true,"href":"https:\/\/tuzlainfo.ba\/index.php\/wp-json\/wp\/v2\/users\/8"}],"replies":[{"embeddable":true,"href":"https:\/\/tuzlainfo.ba\/index.php\/wp-json\/wp\/v2\/comments?post=297528"}],"version-history":[{"count":1,"href":"https:\/\/tuzlainfo.ba\/index.php\/wp-json\/wp\/v2\/posts\/297528\/revisions"}],"predecessor-version":[{"id":297529,"href":"https:\/\/tuzlainfo.ba\/index.php\/wp-json\/wp\/v2\/posts\/297528\/revisions\/297529"}],"wp:featuredmedia":[{"embeddable":true,"href":"https:\/\/tuzlainfo.ba\/index.php\/wp-json\/wp\/v2\/media\/287710"}],"wp:attachment":[{"href":"https:\/\/tuzlainfo.ba\/index.php\/wp-json\/wp\/v2\/media?parent=297528"}],"wp:term":[{"taxonomy":"category","embeddable":true,"href":"https:\/\/tuzlainfo.ba\/index.php\/wp-json\/wp\/v2\/categories?post=297528"},{"taxonomy":"post_tag","embeddable":true,"href":"https:\/\/tuzlainfo.ba\/index.php\/wp-json\/wp\/v2\/tags?post=297528"}],"curies":[{"name":"wp","href":"https:\/\/api.w.org\/{rel}","templated":true}]}}