{"id":297520,"date":"2026-03-17T09:05:17","date_gmt":"2026-03-17T08:05:17","guid":{"rendered":"https:\/\/tuzlainfo.ba\/?p=297520"},"modified":"2026-03-17T09:17:48","modified_gmt":"2026-03-17T08:17:48","slug":"u-tuzli-danas-pocinju-vjezbe-evakuacije-u-skolama-i-vrticima","status":"publish","type":"post","link":"https:\/\/tuzlainfo.ba\/index.php\/novosti\/item\/297520-u-tuzli-danas-pocinju-vjezbe-evakuacije-u-skolama-i-vrticima\/","title":{"rendered":"U Tuzli danas po\u010dinju vje\u017ebe evakuacije u \u0161kolama i vrti\u0107ima"},"content":{"rendered":"<p data-start=\"0\" data-end=\"159\">Gradski \u0161tab Civilne za\u0161tite Grada Tuzla danas zapo\u010dinje realizaciju redovnih godi\u0161njih preventivnih vje\u017ebi evakuacije u slu\u010daju prirodnih i drugih nesre\u0107a.<\/p>\n<p data-start=\"161\" data-end=\"282\">Kako je saop\u0107eno, vje\u017ebe \u0107e biti provedene u tuzlanskim osnovnim i srednjim \u0161kolama, kao i u javnim i privatnim vrti\u0107ima.<\/p>\n<p data-start=\"284\" data-end=\"496\">\u0160ef Odjeljenja za\u0161tite od po\u017eara i vatrogastva u Slu\u017ebi Civilne za\u0161tite Grada Tuzla Sead Mustajba\u0161i\u0107 pojasnio je da je rije\u010d o aktivnostima koje se provode svake godine, te da nemaju veze s aktuelnim de\u0161avanjima.<\/p>\n<p data-start=\"498\" data-end=\"607\">Naglasio je da nema razloga za uznemirenost gra\u0111ana, jer se radi o planskim i unaprijed predvi\u0111enim vje\u017ebama.<\/p>\n<p data-start=\"609\" data-end=\"782\">Cilj ovih aktivnosti je unapre\u0111enje spremnosti u\u010denika, djece i uposlenika za postupanje u vanrednim situacijama, kao i provjera efikasnosti postoje\u0107ih procedura evakuacije.<\/p>\n","protected":false},"excerpt":{"rendered":"<p>Gradski \u0161tab Civilne za\u0161tite Grada Tuzla danas zapo\u010dinje realizaciju redovnih godi\u0161njih preventivnih vje\u017ebi evakuacije u slu\u010daju prirodnih i drugih nesre\u0107a. Kako je saop\u0107eno, vje\u017ebe \u0107e biti provedene u tuzlanskim osnovnim i srednjim \u0161kolama, kao i u javnim i privatnim vrti\u0107ima. \u0160ef Odjeljenja za\u0161tite od po\u017eara i vatrogastva u Slu\u017ebi Civilne za\u0161tite Grada Tuzla Sead Mustajba\u0161i\u0107 [&hellip;]<\/p>\n","protected":false},"author":2,"featured_media":171545,"comment_status":"closed","ping_status":"closed","sticky":false,"template":"","format":"standard","meta":{"footnotes":""},"categories":[304,12],"tags":[2230,2884],"class_list":["post-297520","post","type-post","status-publish","format-standard","has-post-thumbnail","hentry","category-istaknuto","category-novosti","tag-evakuacija","tag-vjezba"],"yoast_head":"<!-- This site is optimized with the Yoast SEO plugin v28.4 - https:\/\/yoast.com\/product\/yoast-seo-wordpress\/ -->\n<title>U Tuzli danas po\u010dinju vje\u017ebe evakuacije u \u0161kolama i vrti\u0107ima<\/title>\n<meta name=\"robots\" content=\"index, follow, max-snippet:-1, max-image-preview:large, max-video-preview:-1\" \/>\n<link rel=\"canonical\" href=\"https:\/\/tuzlainfo.ba\/index.php\/novosti\/item\/297520-u-tuzli-danas-pocinju-vjezbe-evakuacije-u-skolama-i-vrticima\/\" \/>\n<meta property=\"og:locale\" content=\"bs_BA\" \/>\n<meta property=\"og:type\" content=\"article\" \/>\n<meta property=\"og:title\" content=\"U Tuzli danas po\u010dinju vje\u017ebe evakuacije u \u0161kolama i vrti\u0107ima\" \/>\n<meta property=\"og:description\" content=\"Gradski \u0161tab Civilne za\u0161tite Grada Tuzla danas zapo\u010dinje realizaciju redovnih godi\u0161njih preventivnih vje\u017ebi evakuacije u slu\u010daju prirodnih i drugih nesre\u0107a. Kako je saop\u0107eno, vje\u017ebe \u0107e biti provedene u tuzlanskim osnovnim i srednjim \u0161kolama, kao i u javnim i privatnim vrti\u0107ima. \u0160ef Odjeljenja za\u0161tite od po\u017eara i vatrogastva u Slu\u017ebi Civilne za\u0161tite Grada Tuzla Sead Mustajba\u0161i\u0107 [&hellip;]\" \/>\n<meta property=\"og:url\" content=\"https:\/\/tuzlainfo.ba\/index.php\/novosti\/item\/297520-u-tuzli-danas-pocinju-vjezbe-evakuacije-u-skolama-i-vrticima\/\" \/>\n<meta property=\"og:site_name\" content=\"TuzlaInfo.ba\" \/>\n<meta property=\"article:publisher\" content=\"https:\/\/www.facebook.com\/tuzlainfo.ba\/\" \/>\n<meta property=\"article:published_time\" content=\"2026-03-17T08:05:17+00:00\" \/>\n<meta property=\"article:modified_time\" content=\"2026-03-17T08:17:48+00:00\" \/>\n<meta property=\"og:image\" content=\"https:\/\/tuzlainfo.ba\/wp-content\/uploads\/2022\/05\/0805-sigurnost_skole_vjezba.jpeg\" \/>\n\t<meta property=\"og:image:width\" content=\"1024\" \/>\n\t<meta property=\"og:image:height\" content=\"461\" \/>\n\t<meta property=\"og:image:type\" content=\"image\/jpeg\" \/>\n<meta name=\"author\" content=\"nedim\" \/>\n<meta name=\"twitter:card\" content=\"summary_large_image\" \/>\n<meta name=\"twitter:label1\" content=\"Written by\" \/>\n\t<meta name=\"twitter:data1\" content=\"nedim\" \/>\n\t<meta name=\"twitter:label2\" content=\"Est. reading time\" \/>\n\t<meta name=\"twitter:data2\" content=\"1 minuta\" \/>\n<script type=\"application\/ld+json\" class=\"yoast-schema-graph\">{\"@context\":\"https:\\\/\\\/schema.org\",\"@graph\":[{\"@type\":\"Article\",\"@id\":\"https:\\\/\\\/tuzlainfo.ba\\\/index.php\\\/novosti\\\/item\\\/297520-u-tuzli-danas-pocinju-vjezbe-evakuacije-u-skolama-i-vrticima\\\/#article\",\"isPartOf\":{\"@id\":\"https:\\\/\\\/tuzlainfo.ba\\\/index.php\\\/novosti\\\/item\\\/297520-u-tuzli-danas-pocinju-vjezbe-evakuacije-u-skolama-i-vrticima\\\/\"},\"author\":{\"name\":\"nedim\",\"@id\":\"https:\\\/\\\/tuzlainfo.ba\\\/#\\\/schema\\\/person\\\/f434e20dc27ea133923aab08451b7f7f\"},\"headline\":\"U Tuzli danas po\u010dinju vje\u017ebe evakuacije u \u0161kolama i vrti\u0107ima\",\"datePublished\":\"2026-03-17T08:05:17+00:00\",\"dateModified\":\"2026-03-17T08:17:48+00:00\",\"mainEntityOfPage\":{\"@id\":\"https:\\\/\\\/tuzlainfo.ba\\\/index.php\\\/novosti\\\/item\\\/297520-u-tuzli-danas-pocinju-vjezbe-evakuacije-u-skolama-i-vrticima\\\/\"},\"wordCount\":147,\"publisher\":{\"@id\":\"https:\\\/\\\/tuzlainfo.ba\\\/#organization\"},\"image\":{\"@id\":\"https:\\\/\\\/tuzlainfo.ba\\\/index.php\\\/novosti\\\/item\\\/297520-u-tuzli-danas-pocinju-vjezbe-evakuacije-u-skolama-i-vrticima\\\/#primaryimage\"},\"thumbnailUrl\":\"https:\\\/\\\/tuzlainfo.ba\\\/wp-content\\\/uploads\\\/2022\\\/05\\\/0805-sigurnost_skole_vjezba.jpeg\",\"keywords\":[\"evakuacija\",\"vje\u017eba\"],\"articleSection\":[\"Istaknuto\",\"Novosti\"],\"inLanguage\":\"bs-BA\",\"copyrightYear\":\"2026\",\"copyrightHolder\":{\"@id\":\"https:\\\/\\\/tuzlainfo.ba\\\/#organization\"}},{\"@type\":\"WebPage\",\"@id\":\"https:\\\/\\\/tuzlainfo.ba\\\/index.php\\\/novosti\\\/item\\\/297520-u-tuzli-danas-pocinju-vjezbe-evakuacije-u-skolama-i-vrticima\\\/\",\"url\":\"https:\\\/\\\/tuzlainfo.ba\\\/index.php\\\/novosti\\\/item\\\/297520-u-tuzli-danas-pocinju-vjezbe-evakuacije-u-skolama-i-vrticima\\\/\",\"name\":\"U Tuzli danas po\u010dinju vje\u017ebe evakuacije u \u0161kolama i vrti\u0107ima\",\"isPartOf\":{\"@id\":\"https:\\\/\\\/tuzlainfo.ba\\\/#website\"},\"primaryImageOfPage\":{\"@id\":\"https:\\\/\\\/tuzlainfo.ba\\\/index.php\\\/novosti\\\/item\\\/297520-u-tuzli-danas-pocinju-vjezbe-evakuacije-u-skolama-i-vrticima\\\/#primaryimage\"},\"image\":{\"@id\":\"https:\\\/\\\/tuzlainfo.ba\\\/index.php\\\/novosti\\\/item\\\/297520-u-tuzli-danas-pocinju-vjezbe-evakuacije-u-skolama-i-vrticima\\\/#primaryimage\"},\"thumbnailUrl\":\"https:\\\/\\\/tuzlainfo.ba\\\/wp-content\\\/uploads\\\/2022\\\/05\\\/0805-sigurnost_skole_vjezba.jpeg\",\"datePublished\":\"2026-03-17T08:05:17+00:00\",\"dateModified\":\"2026-03-17T08:17:48+00:00\",\"breadcrumb\":{\"@id\":\"https:\\\/\\\/tuzlainfo.ba\\\/index.php\\\/novosti\\\/item\\\/297520-u-tuzli-danas-pocinju-vjezbe-evakuacije-u-skolama-i-vrticima\\\/#breadcrumb\"},\"inLanguage\":\"bs-BA\",\"potentialAction\":[{\"@type\":\"ReadAction\",\"target\":[\"https:\\\/\\\/tuzlainfo.ba\\\/index.php\\\/novosti\\\/item\\\/297520-u-tuzli-danas-pocinju-vjezbe-evakuacije-u-skolama-i-vrticima\\\/\"]}]},{\"@type\":\"ImageObject\",\"inLanguage\":\"bs-BA\",\"@id\":\"https:\\\/\\\/tuzlainfo.ba\\\/index.php\\\/novosti\\\/item\\\/297520-u-tuzli-danas-pocinju-vjezbe-evakuacije-u-skolama-i-vrticima\\\/#primaryimage\",\"url\":\"https:\\\/\\\/tuzlainfo.ba\\\/wp-content\\\/uploads\\\/2022\\\/05\\\/0805-sigurnost_skole_vjezba.jpeg\",\"contentUrl\":\"https:\\\/\\\/tuzlainfo.ba\\\/wp-content\\\/uploads\\\/2022\\\/05\\\/0805-sigurnost_skole_vjezba.jpeg\",\"width\":1024,\"height\":461},{\"@type\":\"BreadcrumbList\",\"@id\":\"https:\\\/\\\/tuzlainfo.ba\\\/index.php\\\/novosti\\\/item\\\/297520-u-tuzli-danas-pocinju-vjezbe-evakuacije-u-skolama-i-vrticima\\\/#breadcrumb\",\"itemListElement\":[{\"@type\":\"ListItem\",\"position\":1,\"name\":\"Home\",\"item\":\"https:\\\/\\\/tuzlainfo.ba\\\/\"},{\"@type\":\"ListItem\",\"position\":2,\"name\":\"U Tuzli danas po\u010dinju vje\u017ebe evakuacije u \u0161kolama i vrti\u0107ima\"}]},{\"@type\":\"WebSite\",\"@id\":\"https:\\\/\\\/tuzlainfo.ba\\\/#website\",\"url\":\"https:\\\/\\\/tuzlainfo.ba\\\/\",\"name\":\"TuzlaInfo.ba\",\"description\":\"Tuzla info, gradski informator - Tuzla na dlanu\",\"publisher\":{\"@id\":\"https:\\\/\\\/tuzlainfo.ba\\\/#organization\"},\"potentialAction\":[{\"@type\":\"SearchAction\",\"target\":{\"@type\":\"EntryPoint\",\"urlTemplate\":\"https:\\\/\\\/tuzlainfo.ba\\\/?s={search_term_string}\"},\"query-input\":{\"@type\":\"PropertyValueSpecification\",\"valueRequired\":true,\"valueName\":\"search_term_string\"}}],\"inLanguage\":\"bs-BA\"},{\"@type\":\"Organization\",\"@id\":\"https:\\\/\\\/tuzlainfo.ba\\\/#organization\",\"name\":\"TuzlaInfo.ba\",\"url\":\"https:\\\/\\\/tuzlainfo.ba\\\/\",\"logo\":{\"@type\":\"ImageObject\",\"inLanguage\":\"bs-BA\",\"@id\":\"https:\\\/\\\/tuzlainfo.ba\\\/#\\\/schema\\\/logo\\\/image\\\/\",\"url\":\"https:\\\/\\\/tuzlainfo.ba\\\/wp-content\\\/uploads\\\/2021\\\/03\\\/logo-ver-3-1.png\",\"contentUrl\":\"https:\\\/\\\/tuzlainfo.ba\\\/wp-content\\\/uploads\\\/2021\\\/03\\\/logo-ver-3-1.png\",\"width\":350,\"height\":95,\"caption\":\"TuzlaInfo.ba\"},\"image\":{\"@id\":\"https:\\\/\\\/tuzlainfo.ba\\\/#\\\/schema\\\/logo\\\/image\\\/\"},\"sameAs\":[\"https:\\\/\\\/www.facebook.com\\\/tuzlainfo.ba\\\/\"]},{\"@type\":\"Person\",\"@id\":\"https:\\\/\\\/tuzlainfo.ba\\\/#\\\/schema\\\/person\\\/f434e20dc27ea133923aab08451b7f7f\",\"name\":\"nedim\",\"image\":{\"@type\":\"ImageObject\",\"inLanguage\":\"bs-BA\",\"@id\":\"https:\\\/\\\/secure.gravatar.com\\\/avatar\\\/5b928a2e7e70a54208d2eb6c1edcb75a5350d6ae97d5f0a701203d456823f6f3?s=96&d=mm&r=g\",\"url\":\"https:\\\/\\\/secure.gravatar.com\\\/avatar\\\/5b928a2e7e70a54208d2eb6c1edcb75a5350d6ae97d5f0a701203d456823f6f3?s=96&d=mm&r=g\",\"contentUrl\":\"https:\\\/\\\/secure.gravatar.com\\\/avatar\\\/5b928a2e7e70a54208d2eb6c1edcb75a5350d6ae97d5f0a701203d456823f6f3?s=96&d=mm&r=g\",\"caption\":\"nedim\"},\"description\":\"Tuzlainfo.ba pratite na dru\u0161tvenim mre\u017eama: Facebook, Instagram i Youtube. Svoje pri\u010de, upite i fotografije \u0161aljite na na\u0161u e-mail adresu.\"}]}<\/script>\n<!-- \/ Yoast SEO plugin. -->","yoast_head_json":{"title":"U Tuzli danas po\u010dinju vje\u017ebe evakuacije u \u0161kolama i vrti\u0107ima","robots":{"index":"index","follow":"follow","max-snippet":"max-snippet:-1","max-image-preview":"max-image-preview:large","max-video-preview":"max-video-preview:-1"},"canonical":"https:\/\/tuzlainfo.ba\/index.php\/novosti\/item\/297520-u-tuzli-danas-pocinju-vjezbe-evakuacije-u-skolama-i-vrticima\/","og_locale":"bs_BA","og_type":"article","og_title":"U Tuzli danas po\u010dinju vje\u017ebe evakuacije u \u0161kolama i vrti\u0107ima","og_description":"Gradski \u0161tab Civilne za\u0161tite Grada Tuzla danas zapo\u010dinje realizaciju redovnih godi\u0161njih preventivnih vje\u017ebi evakuacije u slu\u010daju prirodnih i drugih nesre\u0107a. Kako je saop\u0107eno, vje\u017ebe \u0107e biti provedene u tuzlanskim osnovnim i srednjim \u0161kolama, kao i u javnim i privatnim vrti\u0107ima. \u0160ef Odjeljenja za\u0161tite od po\u017eara i vatrogastva u Slu\u017ebi Civilne za\u0161tite Grada Tuzla Sead Mustajba\u0161i\u0107 [&hellip;]","og_url":"https:\/\/tuzlainfo.ba\/index.php\/novosti\/item\/297520-u-tuzli-danas-pocinju-vjezbe-evakuacije-u-skolama-i-vrticima\/","og_site_name":"TuzlaInfo.ba","article_publisher":"https:\/\/www.facebook.com\/tuzlainfo.ba\/","article_published_time":"2026-03-17T08:05:17+00:00","article_modified_time":"2026-03-17T08:17:48+00:00","og_image":[{"width":1024,"height":461,"url":"https:\/\/tuzlainfo.ba\/wp-content\/uploads\/2022\/05\/0805-sigurnost_skole_vjezba.jpeg","type":"image\/jpeg"}],"author":"nedim","twitter_card":"summary_large_image","twitter_misc":{"Written by":"nedim","Est. reading time":"1 minuta"},"schema":{"@context":"https:\/\/schema.org","@graph":[{"@type":"Article","@id":"https:\/\/tuzlainfo.ba\/index.php\/novosti\/item\/297520-u-tuzli-danas-pocinju-vjezbe-evakuacije-u-skolama-i-vrticima\/#article","isPartOf":{"@id":"https:\/\/tuzlainfo.ba\/index.php\/novosti\/item\/297520-u-tuzli-danas-pocinju-vjezbe-evakuacije-u-skolama-i-vrticima\/"},"author":{"name":"nedim","@id":"https:\/\/tuzlainfo.ba\/#\/schema\/person\/f434e20dc27ea133923aab08451b7f7f"},"headline":"U Tuzli danas po\u010dinju vje\u017ebe evakuacije u \u0161kolama i vrti\u0107ima","datePublished":"2026-03-17T08:05:17+00:00","dateModified":"2026-03-17T08:17:48+00:00","mainEntityOfPage":{"@id":"https:\/\/tuzlainfo.ba\/index.php\/novosti\/item\/297520-u-tuzli-danas-pocinju-vjezbe-evakuacije-u-skolama-i-vrticima\/"},"wordCount":147,"publisher":{"@id":"https:\/\/tuzlainfo.ba\/#organization"},"image":{"@id":"https:\/\/tuzlainfo.ba\/index.php\/novosti\/item\/297520-u-tuzli-danas-pocinju-vjezbe-evakuacije-u-skolama-i-vrticima\/#primaryimage"},"thumbnailUrl":"https:\/\/tuzlainfo.ba\/wp-content\/uploads\/2022\/05\/0805-sigurnost_skole_vjezba.jpeg","keywords":["evakuacija","vje\u017eba"],"articleSection":["Istaknuto","Novosti"],"inLanguage":"bs-BA","copyrightYear":"2026","copyrightHolder":{"@id":"https:\/\/tuzlainfo.ba\/#organization"}},{"@type":"WebPage","@id":"https:\/\/tuzlainfo.ba\/index.php\/novosti\/item\/297520-u-tuzli-danas-pocinju-vjezbe-evakuacije-u-skolama-i-vrticima\/","url":"https:\/\/tuzlainfo.ba\/index.php\/novosti\/item\/297520-u-tuzli-danas-pocinju-vjezbe-evakuacije-u-skolama-i-vrticima\/","name":"U Tuzli danas po\u010dinju vje\u017ebe evakuacije u \u0161kolama i vrti\u0107ima","isPartOf":{"@id":"https:\/\/tuzlainfo.ba\/#website"},"primaryImageOfPage":{"@id":"https:\/\/tuzlainfo.ba\/index.php\/novosti\/item\/297520-u-tuzli-danas-pocinju-vjezbe-evakuacije-u-skolama-i-vrticima\/#primaryimage"},"image":{"@id":"https:\/\/tuzlainfo.ba\/index.php\/novosti\/item\/297520-u-tuzli-danas-pocinju-vjezbe-evakuacije-u-skolama-i-vrticima\/#primaryimage"},"thumbnailUrl":"https:\/\/tuzlainfo.ba\/wp-content\/uploads\/2022\/05\/0805-sigurnost_skole_vjezba.jpeg","datePublished":"2026-03-17T08:05:17+00:00","dateModified":"2026-03-17T08:17:48+00:00","breadcrumb":{"@id":"https:\/\/tuzlainfo.ba\/index.php\/novosti\/item\/297520-u-tuzli-danas-pocinju-vjezbe-evakuacije-u-skolama-i-vrticima\/#breadcrumb"},"inLanguage":"bs-BA","potentialAction":[{"@type":"ReadAction","target":["https:\/\/tuzlainfo.ba\/index.php\/novosti\/item\/297520-u-tuzli-danas-pocinju-vjezbe-evakuacije-u-skolama-i-vrticima\/"]}]},{"@type":"ImageObject","inLanguage":"bs-BA","@id":"https:\/\/tuzlainfo.ba\/index.php\/novosti\/item\/297520-u-tuzli-danas-pocinju-vjezbe-evakuacije-u-skolama-i-vrticima\/#primaryimage","url":"https:\/\/tuzlainfo.ba\/wp-content\/uploads\/2022\/05\/0805-sigurnost_skole_vjezba.jpeg","contentUrl":"https:\/\/tuzlainfo.ba\/wp-content\/uploads\/2022\/05\/0805-sigurnost_skole_vjezba.jpeg","width":1024,"height":461},{"@type":"BreadcrumbList","@id":"https:\/\/tuzlainfo.ba\/index.php\/novosti\/item\/297520-u-tuzli-danas-pocinju-vjezbe-evakuacije-u-skolama-i-vrticima\/#breadcrumb","itemListElement":[{"@type":"ListItem","position":1,"name":"Home","item":"https:\/\/tuzlainfo.ba\/"},{"@type":"ListItem","position":2,"name":"U Tuzli danas po\u010dinju vje\u017ebe evakuacije u \u0161kolama i vrti\u0107ima"}]},{"@type":"WebSite","@id":"https:\/\/tuzlainfo.ba\/#website","url":"https:\/\/tuzlainfo.ba\/","name":"TuzlaInfo.ba","description":"Tuzla info, gradski informator - Tuzla na dlanu","publisher":{"@id":"https:\/\/tuzlainfo.ba\/#organization"},"potentialAction":[{"@type":"SearchAction","target":{"@type":"EntryPoint","urlTemplate":"https:\/\/tuzlainfo.ba\/?s={search_term_string}"},"query-input":{"@type":"PropertyValueSpecification","valueRequired":true,"valueName":"search_term_string"}}],"inLanguage":"bs-BA"},{"@type":"Organization","@id":"https:\/\/tuzlainfo.ba\/#organization","name":"TuzlaInfo.ba","url":"https:\/\/tuzlainfo.ba\/","logo":{"@type":"ImageObject","inLanguage":"bs-BA","@id":"https:\/\/tuzlainfo.ba\/#\/schema\/logo\/image\/","url":"https:\/\/tuzlainfo.ba\/wp-content\/uploads\/2021\/03\/logo-ver-3-1.png","contentUrl":"https:\/\/tuzlainfo.ba\/wp-content\/uploads\/2021\/03\/logo-ver-3-1.png","width":350,"height":95,"caption":"TuzlaInfo.ba"},"image":{"@id":"https:\/\/tuzlainfo.ba\/#\/schema\/logo\/image\/"},"sameAs":["https:\/\/www.facebook.com\/tuzlainfo.ba\/"]},{"@type":"Person","@id":"https:\/\/tuzlainfo.ba\/#\/schema\/person\/f434e20dc27ea133923aab08451b7f7f","name":"nedim","image":{"@type":"ImageObject","inLanguage":"bs-BA","@id":"https:\/\/secure.gravatar.com\/avatar\/5b928a2e7e70a54208d2eb6c1edcb75a5350d6ae97d5f0a701203d456823f6f3?s=96&d=mm&r=g","url":"https:\/\/secure.gravatar.com\/avatar\/5b928a2e7e70a54208d2eb6c1edcb75a5350d6ae97d5f0a701203d456823f6f3?s=96&d=mm&r=g","contentUrl":"https:\/\/secure.gravatar.com\/avatar\/5b928a2e7e70a54208d2eb6c1edcb75a5350d6ae97d5f0a701203d456823f6f3?s=96&d=mm&r=g","caption":"nedim"},"description":"Tuzlainfo.ba pratite na dru\u0161tvenim mre\u017eama: Facebook, Instagram i Youtube. Svoje pri\u010de, upite i fotografije \u0161aljite na na\u0161u e-mail adresu."}]}},"_links":{"self":[{"href":"https:\/\/tuzlainfo.ba\/index.php\/wp-json\/wp\/v2\/posts\/297520","targetHints":{"allow":["GET"]}}],"collection":[{"href":"https:\/\/tuzlainfo.ba\/index.php\/wp-json\/wp\/v2\/posts"}],"about":[{"href":"https:\/\/tuzlainfo.ba\/index.php\/wp-json\/wp\/v2\/types\/post"}],"author":[{"embeddable":true,"href":"https:\/\/tuzlainfo.ba\/index.php\/wp-json\/wp\/v2\/users\/2"}],"replies":[{"embeddable":true,"href":"https:\/\/tuzlainfo.ba\/index.php\/wp-json\/wp\/v2\/comments?post=297520"}],"version-history":[{"count":1,"href":"https:\/\/tuzlainfo.ba\/index.php\/wp-json\/wp\/v2\/posts\/297520\/revisions"}],"predecessor-version":[{"id":297521,"href":"https:\/\/tuzlainfo.ba\/index.php\/wp-json\/wp\/v2\/posts\/297520\/revisions\/297521"}],"wp:featuredmedia":[{"embeddable":true,"href":"https:\/\/tuzlainfo.ba\/index.php\/wp-json\/wp\/v2\/media\/171545"}],"wp:attachment":[{"href":"https:\/\/tuzlainfo.ba\/index.php\/wp-json\/wp\/v2\/media?parent=297520"}],"wp:term":[{"taxonomy":"category","embeddable":true,"href":"https:\/\/tuzlainfo.ba\/index.php\/wp-json\/wp\/v2\/categories?post=297520"},{"taxonomy":"post_tag","embeddable":true,"href":"https:\/\/tuzlainfo.ba\/index.php\/wp-json\/wp\/v2\/tags?post=297520"}],"curies":[{"name":"wp","href":"https:\/\/api.w.org\/{rel}","templated":true}]}}