{"id":297443,"date":"2026-03-22T10:14:52","date_gmt":"2026-03-22T09:14:52","guid":{"rendered":"https:\/\/tuzlainfo.ba\/?p=297443"},"modified":"2026-03-16T13:36:13","modified_gmt":"2026-03-16T12:36:13","slug":"sloboda-danas-na-tusnju-docekuje-radnik-iz-hadzica","status":"publish","type":"post","link":"https:\/\/tuzlainfo.ba\/index.php\/najava-dogadaja-2\/item\/297443-sloboda-danas-na-tusnju-docekuje-radnik-iz-hadzica\/","title":{"rendered":"Sloboda danas na Tu\u0161nju do\u010dekuje Radnik iz Had\u017ei\u0107a"},"content":{"rendered":"<p>Fudbaleri FK Sloboda Tuzla u okviru 15. kola Prva liga Federacije Bosne i Hercegovine na Stadion Tu\u0161anj do\u010dekuju ekipu FK Radnik Had\u017ei\u0107i. Utakmica se igra danas s po\u010detkom u 15:30 sati.<\/p>\n<p>Uo\u010di ovog kola Sloboda se nalazi na sedmom mjestu prvenstvene tabele sa 20 bodova iz 14 odigranih utakmica, uz skor od \u0161est pobjeda, dva remija i \u0161est poraza, te gol-razliku 17:17. Ekipa Radnika iz Had\u017ei\u0107a trenutno zauzima 11. poziciju sa 16 osvojenih bodova, uz u\u010dinak od \u010detiri pobjede, \u010detiri remija i \u0161est poraza, uz gol-razliku 17:23.<\/p>\n<p>Na vrhu tabele nalazi se NK \u010celik Zenica sa 30 bodova, ispred NK Travnik koji ima 27 i NK TO\u0160K Te\u0161anj sa 26 bodova.<\/p>\n<p>Duel na Tu\u0161nju tako \u0107e biti va\u017ean za obje ekipe u nastavku borbe za bolji plasman na tabeli Prve lige Federacije BiH.<\/p>\n","protected":false},"excerpt":{"rendered":"<p>Fudbaleri FK Sloboda Tuzla u okviru 15. kola Prva liga Federacije Bosne i Hercegovine na&hellip;<\/p>\n","protected":false},"author":8,"featured_media":297288,"comment_status":"closed","ping_status":"closed","sticky":false,"template":"","format":"standard","meta":{"_acf_changed":false,"footnotes":""},"categories":[304,11],"tags":[466,915],"acf":[],"yoast_head":"<!-- This site is optimized with the Yoast SEO plugin v23.5 - https:\/\/yoast.com\/wordpress\/plugins\/seo\/ -->\n<title>Sloboda danas na Tu\u0161nju do\u010dekuje Radnik iz Had\u017ei\u0107a - TuzlaInfo.ba<\/title>\n<meta name=\"robots\" content=\"index, follow, max-snippet:-1, max-image-preview:large, max-video-preview:-1\" \/>\n<link rel=\"canonical\" href=\"https:\/\/tuzlainfo.ba\/index.php\/najava-dogadaja-2\/item\/297443-sloboda-danas-na-tusnju-docekuje-radnik-iz-hadzica\/\" \/>\n<meta property=\"og:locale\" content=\"bs_BA\" \/>\n<meta property=\"og:type\" content=\"article\" \/>\n<meta property=\"og:title\" content=\"Sloboda danas na Tu\u0161nju do\u010dekuje Radnik iz Had\u017ei\u0107a - TuzlaInfo.ba\" \/>\n<meta property=\"og:description\" content=\"Fudbaleri FK Sloboda Tuzla u okviru 15. kola Prva liga Federacije Bosne i Hercegovine na&hellip;\" \/>\n<meta property=\"og:url\" content=\"https:\/\/tuzlainfo.ba\/index.php\/najava-dogadaja-2\/item\/297443-sloboda-danas-na-tusnju-docekuje-radnik-iz-hadzica\/\" \/>\n<meta property=\"og:site_name\" content=\"TuzlaInfo.ba\" \/>\n<meta property=\"article:publisher\" content=\"https:\/\/www.facebook.com\/tuzlainfo.ba\/\" \/>\n<meta property=\"article:published_time\" content=\"2026-03-22T09:14:52+00:00\" \/>\n<meta property=\"article:modified_time\" content=\"2026-03-16T12:36:13+00:00\" \/>\n<meta property=\"og:image\" content=\"https:\/\/tuzlainfo.ba\/wp-content\/uploads\/2026\/03\/1403_fksloboda-2026.jpg\" \/>\n\t<meta property=\"og:image:width\" content=\"1000\" \/>\n\t<meta property=\"og:image:height\" content=\"669\" \/>\n\t<meta property=\"og:image:type\" content=\"image\/jpeg\" \/>\n<meta name=\"author\" content=\"Admin Tri\" \/>\n<meta name=\"twitter:card\" content=\"summary_large_image\" \/>\n<meta name=\"twitter:label1\" content=\"Written by\" \/>\n\t<meta name=\"twitter:data1\" content=\"Admin Tri\" \/>\n\t<meta name=\"twitter:label2\" content=\"Est. reading time\" \/>\n\t<meta name=\"twitter:data2\" content=\"1 minuta\" \/>\n<script type=\"application\/ld+json\" class=\"yoast-schema-graph\">{\"@context\":\"https:\/\/schema.org\",\"@graph\":[{\"@type\":\"Article\",\"@id\":\"https:\/\/tuzlainfo.ba\/index.php\/najava-dogadaja-2\/item\/297443-sloboda-danas-na-tusnju-docekuje-radnik-iz-hadzica\/#article\",\"isPartOf\":{\"@id\":\"https:\/\/tuzlainfo.ba\/index.php\/najava-dogadaja-2\/item\/297443-sloboda-danas-na-tusnju-docekuje-radnik-iz-hadzica\/\"},\"author\":{\"name\":\"Admin Tri\",\"@id\":\"https:\/\/tuzlainfo.ba\/#\/schema\/person\/593e78a2f6378c5ba3e7600ecfa4e63a\"},\"headline\":\"Sloboda danas na Tu\u0161nju do\u010dekuje Radnik iz Had\u017ei\u0107a\",\"datePublished\":\"2026-03-22T09:14:52+00:00\",\"dateModified\":\"2026-03-16T12:36:13+00:00\",\"mainEntityOfPage\":{\"@id\":\"https:\/\/tuzlainfo.ba\/index.php\/najava-dogadaja-2\/item\/297443-sloboda-danas-na-tusnju-docekuje-radnik-iz-hadzica\/\"},\"wordCount\":147,\"publisher\":{\"@id\":\"https:\/\/tuzlainfo.ba\/#organization\"},\"image\":{\"@id\":\"https:\/\/tuzlainfo.ba\/index.php\/najava-dogadaja-2\/item\/297443-sloboda-danas-na-tusnju-docekuje-radnik-iz-hadzica\/#primaryimage\"},\"thumbnailUrl\":\"https:\/\/tuzlainfo.ba\/wp-content\/uploads\/2026\/03\/1403_fksloboda-2026.jpg\",\"keywords\":[\"fk sloboda\",\"sport\"],\"articleSection\":[\"Istaknuto\",\"Najave i doga\u0111aji\"],\"inLanguage\":\"bs-BA\"},{\"@type\":\"WebPage\",\"@id\":\"https:\/\/tuzlainfo.ba\/index.php\/najava-dogadaja-2\/item\/297443-sloboda-danas-na-tusnju-docekuje-radnik-iz-hadzica\/\",\"url\":\"https:\/\/tuzlainfo.ba\/index.php\/najava-dogadaja-2\/item\/297443-sloboda-danas-na-tusnju-docekuje-radnik-iz-hadzica\/\",\"name\":\"Sloboda danas na Tu\u0161nju do\u010dekuje Radnik iz Had\u017ei\u0107a - TuzlaInfo.ba\",\"isPartOf\":{\"@id\":\"https:\/\/tuzlainfo.ba\/#website\"},\"primaryImageOfPage\":{\"@id\":\"https:\/\/tuzlainfo.ba\/index.php\/najava-dogadaja-2\/item\/297443-sloboda-danas-na-tusnju-docekuje-radnik-iz-hadzica\/#primaryimage\"},\"image\":{\"@id\":\"https:\/\/tuzlainfo.ba\/index.php\/najava-dogadaja-2\/item\/297443-sloboda-danas-na-tusnju-docekuje-radnik-iz-hadzica\/#primaryimage\"},\"thumbnailUrl\":\"https:\/\/tuzlainfo.ba\/wp-content\/uploads\/2026\/03\/1403_fksloboda-2026.jpg\",\"datePublished\":\"2026-03-22T09:14:52+00:00\",\"dateModified\":\"2026-03-16T12:36:13+00:00\",\"breadcrumb\":{\"@id\":\"https:\/\/tuzlainfo.ba\/index.php\/najava-dogadaja-2\/item\/297443-sloboda-danas-na-tusnju-docekuje-radnik-iz-hadzica\/#breadcrumb\"},\"inLanguage\":\"bs-BA\",\"potentialAction\":[{\"@type\":\"ReadAction\",\"target\":[\"https:\/\/tuzlainfo.ba\/index.php\/najava-dogadaja-2\/item\/297443-sloboda-danas-na-tusnju-docekuje-radnik-iz-hadzica\/\"]}]},{\"@type\":\"ImageObject\",\"inLanguage\":\"bs-BA\",\"@id\":\"https:\/\/tuzlainfo.ba\/index.php\/najava-dogadaja-2\/item\/297443-sloboda-danas-na-tusnju-docekuje-radnik-iz-hadzica\/#primaryimage\",\"url\":\"https:\/\/tuzlainfo.ba\/wp-content\/uploads\/2026\/03\/1403_fksloboda-2026.jpg\",\"contentUrl\":\"https:\/\/tuzlainfo.ba\/wp-content\/uploads\/2026\/03\/1403_fksloboda-2026.jpg\",\"width\":1000,\"height\":669},{\"@type\":\"BreadcrumbList\",\"@id\":\"https:\/\/tuzlainfo.ba\/index.php\/najava-dogadaja-2\/item\/297443-sloboda-danas-na-tusnju-docekuje-radnik-iz-hadzica\/#breadcrumb\",\"itemListElement\":[{\"@type\":\"ListItem\",\"position\":1,\"name\":\"Home\",\"item\":\"https:\/\/tuzlainfo.ba\/\"},{\"@type\":\"ListItem\",\"position\":2,\"name\":\"Sloboda danas na Tu\u0161nju do\u010dekuje Radnik iz Had\u017ei\u0107a\"}]},{\"@type\":\"WebSite\",\"@id\":\"https:\/\/tuzlainfo.ba\/#website\",\"url\":\"https:\/\/tuzlainfo.ba\/\",\"name\":\"TuzlaInfo.ba\",\"description\":\"Tuzla info, gradski informator - Tuzla na dlanu\",\"publisher\":{\"@id\":\"https:\/\/tuzlainfo.ba\/#organization\"},\"potentialAction\":[{\"@type\":\"SearchAction\",\"target\":{\"@type\":\"EntryPoint\",\"urlTemplate\":\"https:\/\/tuzlainfo.ba\/?s={search_term_string}\"},\"query-input\":{\"@type\":\"PropertyValueSpecification\",\"valueRequired\":true,\"valueName\":\"search_term_string\"}}],\"inLanguage\":\"bs-BA\"},{\"@type\":\"Organization\",\"@id\":\"https:\/\/tuzlainfo.ba\/#organization\",\"name\":\"TuzlaInfo.ba\",\"url\":\"https:\/\/tuzlainfo.ba\/\",\"logo\":{\"@type\":\"ImageObject\",\"inLanguage\":\"bs-BA\",\"@id\":\"https:\/\/tuzlainfo.ba\/#\/schema\/logo\/image\/\",\"url\":\"https:\/\/tuzlainfo.ba\/wp-content\/uploads\/2021\/03\/logo-ver-3-1.png\",\"contentUrl\":\"https:\/\/tuzlainfo.ba\/wp-content\/uploads\/2021\/03\/logo-ver-3-1.png\",\"width\":350,\"height\":95,\"caption\":\"TuzlaInfo.ba\"},\"image\":{\"@id\":\"https:\/\/tuzlainfo.ba\/#\/schema\/logo\/image\/\"},\"sameAs\":[\"https:\/\/www.facebook.com\/tuzlainfo.ba\/\"]},{\"@type\":\"Person\",\"@id\":\"https:\/\/tuzlainfo.ba\/#\/schema\/person\/593e78a2f6378c5ba3e7600ecfa4e63a\",\"name\":\"Admin Tri\",\"image\":{\"@type\":\"ImageObject\",\"inLanguage\":\"bs-BA\",\"@id\":\"https:\/\/tuzlainfo.ba\/#\/schema\/person\/image\/\",\"url\":\"https:\/\/tuzlainfo.ba\/wp-content\/litespeed\/avatar\/b7920db4cc34a71ad12497283ad2fe3f.jpg?ver=1777100914\",\"contentUrl\":\"https:\/\/tuzlainfo.ba\/wp-content\/litespeed\/avatar\/b7920db4cc34a71ad12497283ad2fe3f.jpg?ver=1777100914\",\"caption\":\"Admin Tri\"},\"sameAs\":[\"https:\/\/tuzlainfo.ba\"]}]}<\/script>\n<!-- \/ Yoast SEO plugin. -->","yoast_head_json":{"title":"Sloboda danas na Tu\u0161nju do\u010dekuje Radnik iz Had\u017ei\u0107a - TuzlaInfo.ba","robots":{"index":"index","follow":"follow","max-snippet":"max-snippet:-1","max-image-preview":"max-image-preview:large","max-video-preview":"max-video-preview:-1"},"canonical":"https:\/\/tuzlainfo.ba\/index.php\/najava-dogadaja-2\/item\/297443-sloboda-danas-na-tusnju-docekuje-radnik-iz-hadzica\/","og_locale":"bs_BA","og_type":"article","og_title":"Sloboda danas na Tu\u0161nju do\u010dekuje Radnik iz Had\u017ei\u0107a - TuzlaInfo.ba","og_description":"Fudbaleri FK Sloboda Tuzla u okviru 15. kola Prva liga Federacije Bosne i Hercegovine na&hellip;","og_url":"https:\/\/tuzlainfo.ba\/index.php\/najava-dogadaja-2\/item\/297443-sloboda-danas-na-tusnju-docekuje-radnik-iz-hadzica\/","og_site_name":"TuzlaInfo.ba","article_publisher":"https:\/\/www.facebook.com\/tuzlainfo.ba\/","article_published_time":"2026-03-22T09:14:52+00:00","article_modified_time":"2026-03-16T12:36:13+00:00","og_image":[{"width":1000,"height":669,"url":"https:\/\/tuzlainfo.ba\/wp-content\/uploads\/2026\/03\/1403_fksloboda-2026.jpg","type":"image\/jpeg"}],"author":"Admin Tri","twitter_card":"summary_large_image","twitter_misc":{"Written by":"Admin Tri","Est. reading time":"1 minuta"},"schema":{"@context":"https:\/\/schema.org","@graph":[{"@type":"Article","@id":"https:\/\/tuzlainfo.ba\/index.php\/najava-dogadaja-2\/item\/297443-sloboda-danas-na-tusnju-docekuje-radnik-iz-hadzica\/#article","isPartOf":{"@id":"https:\/\/tuzlainfo.ba\/index.php\/najava-dogadaja-2\/item\/297443-sloboda-danas-na-tusnju-docekuje-radnik-iz-hadzica\/"},"author":{"name":"Admin Tri","@id":"https:\/\/tuzlainfo.ba\/#\/schema\/person\/593e78a2f6378c5ba3e7600ecfa4e63a"},"headline":"Sloboda danas na Tu\u0161nju do\u010dekuje Radnik iz Had\u017ei\u0107a","datePublished":"2026-03-22T09:14:52+00:00","dateModified":"2026-03-16T12:36:13+00:00","mainEntityOfPage":{"@id":"https:\/\/tuzlainfo.ba\/index.php\/najava-dogadaja-2\/item\/297443-sloboda-danas-na-tusnju-docekuje-radnik-iz-hadzica\/"},"wordCount":147,"publisher":{"@id":"https:\/\/tuzlainfo.ba\/#organization"},"image":{"@id":"https:\/\/tuzlainfo.ba\/index.php\/najava-dogadaja-2\/item\/297443-sloboda-danas-na-tusnju-docekuje-radnik-iz-hadzica\/#primaryimage"},"thumbnailUrl":"https:\/\/tuzlainfo.ba\/wp-content\/uploads\/2026\/03\/1403_fksloboda-2026.jpg","keywords":["fk sloboda","sport"],"articleSection":["Istaknuto","Najave i doga\u0111aji"],"inLanguage":"bs-BA"},{"@type":"WebPage","@id":"https:\/\/tuzlainfo.ba\/index.php\/najava-dogadaja-2\/item\/297443-sloboda-danas-na-tusnju-docekuje-radnik-iz-hadzica\/","url":"https:\/\/tuzlainfo.ba\/index.php\/najava-dogadaja-2\/item\/297443-sloboda-danas-na-tusnju-docekuje-radnik-iz-hadzica\/","name":"Sloboda danas na Tu\u0161nju do\u010dekuje Radnik iz Had\u017ei\u0107a - TuzlaInfo.ba","isPartOf":{"@id":"https:\/\/tuzlainfo.ba\/#website"},"primaryImageOfPage":{"@id":"https:\/\/tuzlainfo.ba\/index.php\/najava-dogadaja-2\/item\/297443-sloboda-danas-na-tusnju-docekuje-radnik-iz-hadzica\/#primaryimage"},"image":{"@id":"https:\/\/tuzlainfo.ba\/index.php\/najava-dogadaja-2\/item\/297443-sloboda-danas-na-tusnju-docekuje-radnik-iz-hadzica\/#primaryimage"},"thumbnailUrl":"https:\/\/tuzlainfo.ba\/wp-content\/uploads\/2026\/03\/1403_fksloboda-2026.jpg","datePublished":"2026-03-22T09:14:52+00:00","dateModified":"2026-03-16T12:36:13+00:00","breadcrumb":{"@id":"https:\/\/tuzlainfo.ba\/index.php\/najava-dogadaja-2\/item\/297443-sloboda-danas-na-tusnju-docekuje-radnik-iz-hadzica\/#breadcrumb"},"inLanguage":"bs-BA","potentialAction":[{"@type":"ReadAction","target":["https:\/\/tuzlainfo.ba\/index.php\/najava-dogadaja-2\/item\/297443-sloboda-danas-na-tusnju-docekuje-radnik-iz-hadzica\/"]}]},{"@type":"ImageObject","inLanguage":"bs-BA","@id":"https:\/\/tuzlainfo.ba\/index.php\/najava-dogadaja-2\/item\/297443-sloboda-danas-na-tusnju-docekuje-radnik-iz-hadzica\/#primaryimage","url":"https:\/\/tuzlainfo.ba\/wp-content\/uploads\/2026\/03\/1403_fksloboda-2026.jpg","contentUrl":"https:\/\/tuzlainfo.ba\/wp-content\/uploads\/2026\/03\/1403_fksloboda-2026.jpg","width":1000,"height":669},{"@type":"BreadcrumbList","@id":"https:\/\/tuzlainfo.ba\/index.php\/najava-dogadaja-2\/item\/297443-sloboda-danas-na-tusnju-docekuje-radnik-iz-hadzica\/#breadcrumb","itemListElement":[{"@type":"ListItem","position":1,"name":"Home","item":"https:\/\/tuzlainfo.ba\/"},{"@type":"ListItem","position":2,"name":"Sloboda danas na Tu\u0161nju do\u010dekuje Radnik iz Had\u017ei\u0107a"}]},{"@type":"WebSite","@id":"https:\/\/tuzlainfo.ba\/#website","url":"https:\/\/tuzlainfo.ba\/","name":"TuzlaInfo.ba","description":"Tuzla info, gradski informator - Tuzla na dlanu","publisher":{"@id":"https:\/\/tuzlainfo.ba\/#organization"},"potentialAction":[{"@type":"SearchAction","target":{"@type":"EntryPoint","urlTemplate":"https:\/\/tuzlainfo.ba\/?s={search_term_string}"},"query-input":{"@type":"PropertyValueSpecification","valueRequired":true,"valueName":"search_term_string"}}],"inLanguage":"bs-BA"},{"@type":"Organization","@id":"https:\/\/tuzlainfo.ba\/#organization","name":"TuzlaInfo.ba","url":"https:\/\/tuzlainfo.ba\/","logo":{"@type":"ImageObject","inLanguage":"bs-BA","@id":"https:\/\/tuzlainfo.ba\/#\/schema\/logo\/image\/","url":"https:\/\/tuzlainfo.ba\/wp-content\/uploads\/2021\/03\/logo-ver-3-1.png","contentUrl":"https:\/\/tuzlainfo.ba\/wp-content\/uploads\/2021\/03\/logo-ver-3-1.png","width":350,"height":95,"caption":"TuzlaInfo.ba"},"image":{"@id":"https:\/\/tuzlainfo.ba\/#\/schema\/logo\/image\/"},"sameAs":["https:\/\/www.facebook.com\/tuzlainfo.ba\/"]},{"@type":"Person","@id":"https:\/\/tuzlainfo.ba\/#\/schema\/person\/593e78a2f6378c5ba3e7600ecfa4e63a","name":"Admin Tri","image":{"@type":"ImageObject","inLanguage":"bs-BA","@id":"https:\/\/tuzlainfo.ba\/#\/schema\/person\/image\/","url":"https:\/\/tuzlainfo.ba\/wp-content\/litespeed\/avatar\/b7920db4cc34a71ad12497283ad2fe3f.jpg?ver=1777100914","contentUrl":"https:\/\/tuzlainfo.ba\/wp-content\/litespeed\/avatar\/b7920db4cc34a71ad12497283ad2fe3f.jpg?ver=1777100914","caption":"Admin Tri"},"sameAs":["https:\/\/tuzlainfo.ba"]}]}},"_links":{"self":[{"href":"https:\/\/tuzlainfo.ba\/index.php\/wp-json\/wp\/v2\/posts\/297443"}],"collection":[{"href":"https:\/\/tuzlainfo.ba\/index.php\/wp-json\/wp\/v2\/posts"}],"about":[{"href":"https:\/\/tuzlainfo.ba\/index.php\/wp-json\/wp\/v2\/types\/post"}],"author":[{"embeddable":true,"href":"https:\/\/tuzlainfo.ba\/index.php\/wp-json\/wp\/v2\/users\/8"}],"replies":[{"embeddable":true,"href":"https:\/\/tuzlainfo.ba\/index.php\/wp-json\/wp\/v2\/comments?post=297443"}],"version-history":[{"count":1,"href":"https:\/\/tuzlainfo.ba\/index.php\/wp-json\/wp\/v2\/posts\/297443\/revisions"}],"predecessor-version":[{"id":297444,"href":"https:\/\/tuzlainfo.ba\/index.php\/wp-json\/wp\/v2\/posts\/297443\/revisions\/297444"}],"wp:featuredmedia":[{"embeddable":true,"href":"https:\/\/tuzlainfo.ba\/index.php\/wp-json\/wp\/v2\/media\/297288"}],"wp:attachment":[{"href":"https:\/\/tuzlainfo.ba\/index.php\/wp-json\/wp\/v2\/media?parent=297443"}],"wp:term":[{"taxonomy":"category","embeddable":true,"href":"https:\/\/tuzlainfo.ba\/index.php\/wp-json\/wp\/v2\/categories?post=297443"},{"taxonomy":"post_tag","embeddable":true,"href":"https:\/\/tuzlainfo.ba\/index.php\/wp-json\/wp\/v2\/tags?post=297443"}],"curies":[{"name":"wp","href":"https:\/\/api.w.org\/{rel}","templated":true}]}}