{"id":297438,"date":"2026-03-16T14:21:05","date_gmt":"2026-03-16T13:21:05","guid":{"rendered":"https:\/\/tuzlainfo.ba\/?p=297438"},"modified":"2026-03-16T13:03:46","modified_gmt":"2026-03-16T12:03:46","slug":"stevandic-nakon-ostavke-minica-mi-igramo-sa-bijelim-figurama","status":"publish","type":"post","link":"https:\/\/tuzlainfo.ba\/index.php\/bosna-i-hercegovina\/item\/297438-stevandic-nakon-ostavke-minica-mi-igramo-sa-bijelim-figurama\/","title":{"rendered":"Stevandi\u0107 nakon ostavke Mini\u0107a: \u201eMi igramo sa bijelim figurama\u201c"},"content":{"rendered":"<p>Posebna sjednica Narodne skup\u0161tine Republike Srpske na kojoj \u0107e se razmatrati ostavka premijera Sava Mini\u0107a i \u010dlanova Vlade RS zakazana je za danas u 17 sati.<\/p>\n<p>Odluka je donesena na sjednici Kolegijuma Narodne skup\u0161tine RS, nakon \u0161to je Mini\u0107 jutros saop\u0161tio da podnosi ostavku, uz najavu da \u0107e ga predsjednik RS Sini\u0161a Karan ponovo predlo\u017eiti za mandatara za sastav nove vlade.<\/p>\n<p>Predsjednik Narodne skup\u0161tine RS Nenad Stevandi\u0107 najavio je i novu posebnu sjednicu parlamenta za sutra u 10.00 sati, na kojoj bi trebalo da bude usagla\u0161en kona\u010dan prijedlog rezolucije o osudi i zabrani ustanova, nacizma i drugih ideologija.<\/p>\n<p>\u201eSkup\u0161tina je sposobna da se revitalizuje i bude spremna. Mi igramo sa bijelim figurama, a crnim Schimdt, politi\u010dko Sarajevo, trojka i svi kojima je crno u du\u0161i\u201c, rekao je Stevandi\u0107.<\/p>\n<p>Na pitanje da li je rije\u010d o posljednjoj Vladi RS prije izbora, Stevandi\u0107 nije mogao dati odgovor.<\/p>\n<p>Mini\u0107 je na funkciji premijera naslijedio Radovana Vi\u0161kovi\u0107a iz Saveza nezavisnih socijaldemokrata. Ovo je tre\u0107i put u posljednjih \u0161est mjeseci da se Mini\u0107 nalazi u proceduri imenovanja na ovu funkciju.<\/p>\n<p>Prvi put za premijera izabran je po\u010detkom septembra pro\u0161le godine, zatim ponovo sredinom januara ove godine, dok je prethodno ve\u0107 jednom podnio ostavku nakon osporavanja legitimiteta njegovog imenovanja.<\/p>\n","protected":false},"excerpt":{"rendered":"<p>Posebna sjednica Narodne skup\u0161tine Republike Srpske na kojoj \u0107e se razmatrati ostavka premijera Sava Mini\u0107a&hellip;<\/p>\n","protected":false},"author":8,"featured_media":264949,"comment_status":"closed","ping_status":"closed","sticky":false,"template":"","format":"standard","meta":{"_acf_changed":false,"footnotes":""},"categories":[291],"tags":[6269,12643],"acf":[],"yoast_head":"<!-- This site is optimized with the Yoast SEO plugin v23.5 - https:\/\/yoast.com\/wordpress\/plugins\/seo\/ -->\n<title>Stevandi\u0107 nakon ostavke Mini\u0107a: \u201eMi igramo sa bijelim figurama\u201c - TuzlaInfo.ba<\/title>\n<meta name=\"robots\" content=\"index, follow, max-snippet:-1, max-image-preview:large, max-video-preview:-1\" \/>\n<link rel=\"canonical\" href=\"https:\/\/tuzlainfo.ba\/index.php\/bosna-i-hercegovina\/item\/297438-stevandic-nakon-ostavke-minica-mi-igramo-sa-bijelim-figurama\/\" \/>\n<meta property=\"og:locale\" content=\"bs_BA\" \/>\n<meta property=\"og:type\" content=\"article\" \/>\n<meta property=\"og:title\" content=\"Stevandi\u0107 nakon ostavke Mini\u0107a: \u201eMi igramo sa bijelim figurama\u201c - TuzlaInfo.ba\" \/>\n<meta property=\"og:description\" content=\"Posebna sjednica Narodne skup\u0161tine Republike Srpske na kojoj \u0107e se razmatrati ostavka premijera Sava Mini\u0107a&hellip;\" \/>\n<meta property=\"og:url\" content=\"https:\/\/tuzlainfo.ba\/index.php\/bosna-i-hercegovina\/item\/297438-stevandic-nakon-ostavke-minica-mi-igramo-sa-bijelim-figurama\/\" \/>\n<meta property=\"og:site_name\" content=\"TuzlaInfo.ba\" \/>\n<meta property=\"article:publisher\" content=\"https:\/\/www.facebook.com\/tuzlainfo.ba\/\" \/>\n<meta property=\"article:published_time\" content=\"2026-03-16T13:21:05+00:00\" \/>\n<meta property=\"article:modified_time\" content=\"2026-03-16T12:03:46+00:00\" \/>\n<meta property=\"og:image\" content=\"https:\/\/tuzlainfo.ba\/wp-content\/uploads\/2025\/03\/1203_nenad_stevandic2.jpg\" \/>\n\t<meta property=\"og:image:width\" content=\"800\" \/>\n\t<meta property=\"og:image:height\" content=\"539\" \/>\n\t<meta property=\"og:image:type\" content=\"image\/jpeg\" \/>\n<meta name=\"author\" content=\"Admin Tri\" \/>\n<meta name=\"twitter:card\" content=\"summary_large_image\" \/>\n<meta name=\"twitter:label1\" content=\"Written by\" \/>\n\t<meta name=\"twitter:data1\" content=\"Admin Tri\" \/>\n\t<meta name=\"twitter:label2\" content=\"Est. reading time\" \/>\n\t<meta name=\"twitter:data2\" content=\"2 minute\" \/>\n<script type=\"application\/ld+json\" class=\"yoast-schema-graph\">{\"@context\":\"https:\/\/schema.org\",\"@graph\":[{\"@type\":\"Article\",\"@id\":\"https:\/\/tuzlainfo.ba\/index.php\/bosna-i-hercegovina\/item\/297438-stevandic-nakon-ostavke-minica-mi-igramo-sa-bijelim-figurama\/#article\",\"isPartOf\":{\"@id\":\"https:\/\/tuzlainfo.ba\/index.php\/bosna-i-hercegovina\/item\/297438-stevandic-nakon-ostavke-minica-mi-igramo-sa-bijelim-figurama\/\"},\"author\":{\"name\":\"Admin Tri\",\"@id\":\"https:\/\/tuzlainfo.ba\/#\/schema\/person\/593e78a2f6378c5ba3e7600ecfa4e63a\"},\"headline\":\"Stevandi\u0107 nakon ostavke Mini\u0107a: \u201eMi igramo sa bijelim figurama\u201c\",\"datePublished\":\"2026-03-16T13:21:05+00:00\",\"dateModified\":\"2026-03-16T12:03:46+00:00\",\"mainEntityOfPage\":{\"@id\":\"https:\/\/tuzlainfo.ba\/index.php\/bosna-i-hercegovina\/item\/297438-stevandic-nakon-ostavke-minica-mi-igramo-sa-bijelim-figurama\/\"},\"wordCount\":228,\"publisher\":{\"@id\":\"https:\/\/tuzlainfo.ba\/#organization\"},\"image\":{\"@id\":\"https:\/\/tuzlainfo.ba\/index.php\/bosna-i-hercegovina\/item\/297438-stevandic-nakon-ostavke-minica-mi-igramo-sa-bijelim-figurama\/#primaryimage\"},\"thumbnailUrl\":\"https:\/\/tuzlainfo.ba\/wp-content\/uploads\/2025\/03\/1203_nenad_stevandic2.jpg\",\"keywords\":[\"nenad stevandi\u0107\",\"savo mini\u0107\"],\"articleSection\":[\"Bosna i Hercegovina\"],\"inLanguage\":\"bs-BA\"},{\"@type\":\"WebPage\",\"@id\":\"https:\/\/tuzlainfo.ba\/index.php\/bosna-i-hercegovina\/item\/297438-stevandic-nakon-ostavke-minica-mi-igramo-sa-bijelim-figurama\/\",\"url\":\"https:\/\/tuzlainfo.ba\/index.php\/bosna-i-hercegovina\/item\/297438-stevandic-nakon-ostavke-minica-mi-igramo-sa-bijelim-figurama\/\",\"name\":\"Stevandi\u0107 nakon ostavke Mini\u0107a: \u201eMi igramo sa bijelim figurama\u201c - TuzlaInfo.ba\",\"isPartOf\":{\"@id\":\"https:\/\/tuzlainfo.ba\/#website\"},\"primaryImageOfPage\":{\"@id\":\"https:\/\/tuzlainfo.ba\/index.php\/bosna-i-hercegovina\/item\/297438-stevandic-nakon-ostavke-minica-mi-igramo-sa-bijelim-figurama\/#primaryimage\"},\"image\":{\"@id\":\"https:\/\/tuzlainfo.ba\/index.php\/bosna-i-hercegovina\/item\/297438-stevandic-nakon-ostavke-minica-mi-igramo-sa-bijelim-figurama\/#primaryimage\"},\"thumbnailUrl\":\"https:\/\/tuzlainfo.ba\/wp-content\/uploads\/2025\/03\/1203_nenad_stevandic2.jpg\",\"datePublished\":\"2026-03-16T13:21:05+00:00\",\"dateModified\":\"2026-03-16T12:03:46+00:00\",\"breadcrumb\":{\"@id\":\"https:\/\/tuzlainfo.ba\/index.php\/bosna-i-hercegovina\/item\/297438-stevandic-nakon-ostavke-minica-mi-igramo-sa-bijelim-figurama\/#breadcrumb\"},\"inLanguage\":\"bs-BA\",\"potentialAction\":[{\"@type\":\"ReadAction\",\"target\":[\"https:\/\/tuzlainfo.ba\/index.php\/bosna-i-hercegovina\/item\/297438-stevandic-nakon-ostavke-minica-mi-igramo-sa-bijelim-figurama\/\"]}]},{\"@type\":\"ImageObject\",\"inLanguage\":\"bs-BA\",\"@id\":\"https:\/\/tuzlainfo.ba\/index.php\/bosna-i-hercegovina\/item\/297438-stevandic-nakon-ostavke-minica-mi-igramo-sa-bijelim-figurama\/#primaryimage\",\"url\":\"https:\/\/tuzlainfo.ba\/wp-content\/uploads\/2025\/03\/1203_nenad_stevandic2.jpg\",\"contentUrl\":\"https:\/\/tuzlainfo.ba\/wp-content\/uploads\/2025\/03\/1203_nenad_stevandic2.jpg\",\"width\":800,\"height\":539},{\"@type\":\"BreadcrumbList\",\"@id\":\"https:\/\/tuzlainfo.ba\/index.php\/bosna-i-hercegovina\/item\/297438-stevandic-nakon-ostavke-minica-mi-igramo-sa-bijelim-figurama\/#breadcrumb\",\"itemListElement\":[{\"@type\":\"ListItem\",\"position\":1,\"name\":\"Home\",\"item\":\"https:\/\/tuzlainfo.ba\/\"},{\"@type\":\"ListItem\",\"position\":2,\"name\":\"Stevandi\u0107 nakon ostavke Mini\u0107a: \u201eMi igramo sa bijelim figurama\u201c\"}]},{\"@type\":\"WebSite\",\"@id\":\"https:\/\/tuzlainfo.ba\/#website\",\"url\":\"https:\/\/tuzlainfo.ba\/\",\"name\":\"TuzlaInfo.ba\",\"description\":\"Tuzla info, gradski informator - Tuzla na dlanu\",\"publisher\":{\"@id\":\"https:\/\/tuzlainfo.ba\/#organization\"},\"potentialAction\":[{\"@type\":\"SearchAction\",\"target\":{\"@type\":\"EntryPoint\",\"urlTemplate\":\"https:\/\/tuzlainfo.ba\/?s={search_term_string}\"},\"query-input\":{\"@type\":\"PropertyValueSpecification\",\"valueRequired\":true,\"valueName\":\"search_term_string\"}}],\"inLanguage\":\"bs-BA\"},{\"@type\":\"Organization\",\"@id\":\"https:\/\/tuzlainfo.ba\/#organization\",\"name\":\"TuzlaInfo.ba\",\"url\":\"https:\/\/tuzlainfo.ba\/\",\"logo\":{\"@type\":\"ImageObject\",\"inLanguage\":\"bs-BA\",\"@id\":\"https:\/\/tuzlainfo.ba\/#\/schema\/logo\/image\/\",\"url\":\"https:\/\/tuzlainfo.ba\/wp-content\/uploads\/2021\/03\/logo-ver-3-1.png\",\"contentUrl\":\"https:\/\/tuzlainfo.ba\/wp-content\/uploads\/2021\/03\/logo-ver-3-1.png\",\"width\":350,\"height\":95,\"caption\":\"TuzlaInfo.ba\"},\"image\":{\"@id\":\"https:\/\/tuzlainfo.ba\/#\/schema\/logo\/image\/\"},\"sameAs\":[\"https:\/\/www.facebook.com\/tuzlainfo.ba\/\"]},{\"@type\":\"Person\",\"@id\":\"https:\/\/tuzlainfo.ba\/#\/schema\/person\/593e78a2f6378c5ba3e7600ecfa4e63a\",\"name\":\"Admin Tri\",\"image\":{\"@type\":\"ImageObject\",\"inLanguage\":\"bs-BA\",\"@id\":\"https:\/\/tuzlainfo.ba\/#\/schema\/person\/image\/\",\"url\":\"https:\/\/tuzlainfo.ba\/wp-content\/litespeed\/avatar\/b7920db4cc34a71ad12497283ad2fe3f.jpg?ver=1777100914\",\"contentUrl\":\"https:\/\/tuzlainfo.ba\/wp-content\/litespeed\/avatar\/b7920db4cc34a71ad12497283ad2fe3f.jpg?ver=1777100914\",\"caption\":\"Admin Tri\"},\"sameAs\":[\"https:\/\/tuzlainfo.ba\"]}]}<\/script>\n<!-- \/ Yoast SEO plugin. -->","yoast_head_json":{"title":"Stevandi\u0107 nakon ostavke Mini\u0107a: \u201eMi igramo sa bijelim figurama\u201c - TuzlaInfo.ba","robots":{"index":"index","follow":"follow","max-snippet":"max-snippet:-1","max-image-preview":"max-image-preview:large","max-video-preview":"max-video-preview:-1"},"canonical":"https:\/\/tuzlainfo.ba\/index.php\/bosna-i-hercegovina\/item\/297438-stevandic-nakon-ostavke-minica-mi-igramo-sa-bijelim-figurama\/","og_locale":"bs_BA","og_type":"article","og_title":"Stevandi\u0107 nakon ostavke Mini\u0107a: \u201eMi igramo sa bijelim figurama\u201c - TuzlaInfo.ba","og_description":"Posebna sjednica Narodne skup\u0161tine Republike Srpske na kojoj \u0107e se razmatrati ostavka premijera Sava Mini\u0107a&hellip;","og_url":"https:\/\/tuzlainfo.ba\/index.php\/bosna-i-hercegovina\/item\/297438-stevandic-nakon-ostavke-minica-mi-igramo-sa-bijelim-figurama\/","og_site_name":"TuzlaInfo.ba","article_publisher":"https:\/\/www.facebook.com\/tuzlainfo.ba\/","article_published_time":"2026-03-16T13:21:05+00:00","article_modified_time":"2026-03-16T12:03:46+00:00","og_image":[{"width":800,"height":539,"url":"https:\/\/tuzlainfo.ba\/wp-content\/uploads\/2025\/03\/1203_nenad_stevandic2.jpg","type":"image\/jpeg"}],"author":"Admin Tri","twitter_card":"summary_large_image","twitter_misc":{"Written by":"Admin Tri","Est. reading time":"2 minute"},"schema":{"@context":"https:\/\/schema.org","@graph":[{"@type":"Article","@id":"https:\/\/tuzlainfo.ba\/index.php\/bosna-i-hercegovina\/item\/297438-stevandic-nakon-ostavke-minica-mi-igramo-sa-bijelim-figurama\/#article","isPartOf":{"@id":"https:\/\/tuzlainfo.ba\/index.php\/bosna-i-hercegovina\/item\/297438-stevandic-nakon-ostavke-minica-mi-igramo-sa-bijelim-figurama\/"},"author":{"name":"Admin Tri","@id":"https:\/\/tuzlainfo.ba\/#\/schema\/person\/593e78a2f6378c5ba3e7600ecfa4e63a"},"headline":"Stevandi\u0107 nakon ostavke Mini\u0107a: \u201eMi igramo sa bijelim figurama\u201c","datePublished":"2026-03-16T13:21:05+00:00","dateModified":"2026-03-16T12:03:46+00:00","mainEntityOfPage":{"@id":"https:\/\/tuzlainfo.ba\/index.php\/bosna-i-hercegovina\/item\/297438-stevandic-nakon-ostavke-minica-mi-igramo-sa-bijelim-figurama\/"},"wordCount":228,"publisher":{"@id":"https:\/\/tuzlainfo.ba\/#organization"},"image":{"@id":"https:\/\/tuzlainfo.ba\/index.php\/bosna-i-hercegovina\/item\/297438-stevandic-nakon-ostavke-minica-mi-igramo-sa-bijelim-figurama\/#primaryimage"},"thumbnailUrl":"https:\/\/tuzlainfo.ba\/wp-content\/uploads\/2025\/03\/1203_nenad_stevandic2.jpg","keywords":["nenad stevandi\u0107","savo mini\u0107"],"articleSection":["Bosna i Hercegovina"],"inLanguage":"bs-BA"},{"@type":"WebPage","@id":"https:\/\/tuzlainfo.ba\/index.php\/bosna-i-hercegovina\/item\/297438-stevandic-nakon-ostavke-minica-mi-igramo-sa-bijelim-figurama\/","url":"https:\/\/tuzlainfo.ba\/index.php\/bosna-i-hercegovina\/item\/297438-stevandic-nakon-ostavke-minica-mi-igramo-sa-bijelim-figurama\/","name":"Stevandi\u0107 nakon ostavke Mini\u0107a: \u201eMi igramo sa bijelim figurama\u201c - TuzlaInfo.ba","isPartOf":{"@id":"https:\/\/tuzlainfo.ba\/#website"},"primaryImageOfPage":{"@id":"https:\/\/tuzlainfo.ba\/index.php\/bosna-i-hercegovina\/item\/297438-stevandic-nakon-ostavke-minica-mi-igramo-sa-bijelim-figurama\/#primaryimage"},"image":{"@id":"https:\/\/tuzlainfo.ba\/index.php\/bosna-i-hercegovina\/item\/297438-stevandic-nakon-ostavke-minica-mi-igramo-sa-bijelim-figurama\/#primaryimage"},"thumbnailUrl":"https:\/\/tuzlainfo.ba\/wp-content\/uploads\/2025\/03\/1203_nenad_stevandic2.jpg","datePublished":"2026-03-16T13:21:05+00:00","dateModified":"2026-03-16T12:03:46+00:00","breadcrumb":{"@id":"https:\/\/tuzlainfo.ba\/index.php\/bosna-i-hercegovina\/item\/297438-stevandic-nakon-ostavke-minica-mi-igramo-sa-bijelim-figurama\/#breadcrumb"},"inLanguage":"bs-BA","potentialAction":[{"@type":"ReadAction","target":["https:\/\/tuzlainfo.ba\/index.php\/bosna-i-hercegovina\/item\/297438-stevandic-nakon-ostavke-minica-mi-igramo-sa-bijelim-figurama\/"]}]},{"@type":"ImageObject","inLanguage":"bs-BA","@id":"https:\/\/tuzlainfo.ba\/index.php\/bosna-i-hercegovina\/item\/297438-stevandic-nakon-ostavke-minica-mi-igramo-sa-bijelim-figurama\/#primaryimage","url":"https:\/\/tuzlainfo.ba\/wp-content\/uploads\/2025\/03\/1203_nenad_stevandic2.jpg","contentUrl":"https:\/\/tuzlainfo.ba\/wp-content\/uploads\/2025\/03\/1203_nenad_stevandic2.jpg","width":800,"height":539},{"@type":"BreadcrumbList","@id":"https:\/\/tuzlainfo.ba\/index.php\/bosna-i-hercegovina\/item\/297438-stevandic-nakon-ostavke-minica-mi-igramo-sa-bijelim-figurama\/#breadcrumb","itemListElement":[{"@type":"ListItem","position":1,"name":"Home","item":"https:\/\/tuzlainfo.ba\/"},{"@type":"ListItem","position":2,"name":"Stevandi\u0107 nakon ostavke Mini\u0107a: \u201eMi igramo sa bijelim figurama\u201c"}]},{"@type":"WebSite","@id":"https:\/\/tuzlainfo.ba\/#website","url":"https:\/\/tuzlainfo.ba\/","name":"TuzlaInfo.ba","description":"Tuzla info, gradski informator - Tuzla na dlanu","publisher":{"@id":"https:\/\/tuzlainfo.ba\/#organization"},"potentialAction":[{"@type":"SearchAction","target":{"@type":"EntryPoint","urlTemplate":"https:\/\/tuzlainfo.ba\/?s={search_term_string}"},"query-input":{"@type":"PropertyValueSpecification","valueRequired":true,"valueName":"search_term_string"}}],"inLanguage":"bs-BA"},{"@type":"Organization","@id":"https:\/\/tuzlainfo.ba\/#organization","name":"TuzlaInfo.ba","url":"https:\/\/tuzlainfo.ba\/","logo":{"@type":"ImageObject","inLanguage":"bs-BA","@id":"https:\/\/tuzlainfo.ba\/#\/schema\/logo\/image\/","url":"https:\/\/tuzlainfo.ba\/wp-content\/uploads\/2021\/03\/logo-ver-3-1.png","contentUrl":"https:\/\/tuzlainfo.ba\/wp-content\/uploads\/2021\/03\/logo-ver-3-1.png","width":350,"height":95,"caption":"TuzlaInfo.ba"},"image":{"@id":"https:\/\/tuzlainfo.ba\/#\/schema\/logo\/image\/"},"sameAs":["https:\/\/www.facebook.com\/tuzlainfo.ba\/"]},{"@type":"Person","@id":"https:\/\/tuzlainfo.ba\/#\/schema\/person\/593e78a2f6378c5ba3e7600ecfa4e63a","name":"Admin Tri","image":{"@type":"ImageObject","inLanguage":"bs-BA","@id":"https:\/\/tuzlainfo.ba\/#\/schema\/person\/image\/","url":"https:\/\/tuzlainfo.ba\/wp-content\/litespeed\/avatar\/b7920db4cc34a71ad12497283ad2fe3f.jpg?ver=1777100914","contentUrl":"https:\/\/tuzlainfo.ba\/wp-content\/litespeed\/avatar\/b7920db4cc34a71ad12497283ad2fe3f.jpg?ver=1777100914","caption":"Admin Tri"},"sameAs":["https:\/\/tuzlainfo.ba"]}]}},"_links":{"self":[{"href":"https:\/\/tuzlainfo.ba\/index.php\/wp-json\/wp\/v2\/posts\/297438"}],"collection":[{"href":"https:\/\/tuzlainfo.ba\/index.php\/wp-json\/wp\/v2\/posts"}],"about":[{"href":"https:\/\/tuzlainfo.ba\/index.php\/wp-json\/wp\/v2\/types\/post"}],"author":[{"embeddable":true,"href":"https:\/\/tuzlainfo.ba\/index.php\/wp-json\/wp\/v2\/users\/8"}],"replies":[{"embeddable":true,"href":"https:\/\/tuzlainfo.ba\/index.php\/wp-json\/wp\/v2\/comments?post=297438"}],"version-history":[{"count":1,"href":"https:\/\/tuzlainfo.ba\/index.php\/wp-json\/wp\/v2\/posts\/297438\/revisions"}],"predecessor-version":[{"id":297439,"href":"https:\/\/tuzlainfo.ba\/index.php\/wp-json\/wp\/v2\/posts\/297438\/revisions\/297439"}],"wp:featuredmedia":[{"embeddable":true,"href":"https:\/\/tuzlainfo.ba\/index.php\/wp-json\/wp\/v2\/media\/264949"}],"wp:attachment":[{"href":"https:\/\/tuzlainfo.ba\/index.php\/wp-json\/wp\/v2\/media?parent=297438"}],"wp:term":[{"taxonomy":"category","embeddable":true,"href":"https:\/\/tuzlainfo.ba\/index.php\/wp-json\/wp\/v2\/categories?post=297438"},{"taxonomy":"post_tag","embeddable":true,"href":"https:\/\/tuzlainfo.ba\/index.php\/wp-json\/wp\/v2\/tags?post=297438"}],"curies":[{"name":"wp","href":"https:\/\/api.w.org\/{rel}","templated":true}]}}