{"id":297398,"date":"2026-03-16T14:09:12","date_gmt":"2026-03-16T13:09:12","guid":{"rendered":"https:\/\/tuzlainfo.ba\/?p=297398"},"modified":"2026-03-16T14:03:23","modified_gmt":"2026-03-16T13:03:23","slug":"dva-zlata-i-srebro-za-takmicare-kluba-do-tuzla-na-prvenstvu-fbih","status":"publish","type":"post","link":"https:\/\/tuzlainfo.ba\/index.php\/novosti\/item\/297398-dva-zlata-i-srebro-za-takmicare-kluba-do-tuzla-na-prvenstvu-fbih\/","title":{"rendered":"Dva zlata i srebro za takmi\u010dare Kluba &#8220;DO&#8221; Tuzla na Prvenstvu FBiH"},"content":{"rendered":"<p data-start=\"0\" data-end=\"288\">U <span class=\"hover:entity-accent entity-underline inline cursor-pointer align-baseline\"><span class=\"whitespace-normal\">Bugojnu<\/span><\/span> je ju\u010der odr\u017eano 21. Prvenstvo Federacije Bosne i Hercegovine u karateu za djecu, jedno od najva\u017enijih takmi\u010denja u kalendaru <span class=\"hover:entity-accent entity-underline inline cursor-pointer align-baseline\"><span class=\"whitespace-normal\">Karate saveza Federacije Bosne i Hercegovine<\/span><\/span>. Takmi\u010denje je ujedno bilo i kvalifikacioni turnir za predstoje\u0107e Dr\u017eavno prvenstvo.<\/p>\n<p data-start=\"290\" data-end=\"486\">Na prvenstvu je nastupio veliki broj klubova i mladih takmi\u010dara iz cijele <span class=\"hover:entity-accent entity-underline inline cursor-pointer align-baseline\"><span class=\"whitespace-normal\">Federacije Bosne i Hercegovine<\/span><\/span>, koji su se borili za medalje i plasman na dr\u017eavno takmi\u010denje u svojim kategorijama.<\/p>\n<p data-start=\"488\" data-end=\"950\">Zapa\u017eene rezultate ostvarile su i takmi\u010darke kluba DO iz Tuzle, me\u0111u kojima su dvije osvojile zlatne medalje. <span class=\"hover:entity-accent entity-underline inline cursor-pointer align-baseline\"><span class=\"whitespace-normal\">Nejra Halilovi\u0107<\/span><\/span> osvojila je prvo mjesto u kategoriji borbe djevoj\u010dice 12 godina do 50 kilograma, dok je <span class=\"hover:entity-accent entity-underline inline cursor-pointer align-baseline\"><span class=\"whitespace-normal\">Gloria \u017digi\u0107<\/span><\/span> bila najbolja u kategoriji borbe djevoj\u010dice 13 godina do 44 kilograma. Srebrnu medalju osvojila je <span class=\"hover:entity-accent entity-underline inline cursor-pointer align-baseline\"><span class=\"whitespace-normal\">Nejla Kari\u0107<\/span><\/span> u kategoriji borbe djevoj\u010dice 10 godina do 34 kilograma.<\/p>\n<p data-start=\"952\" data-end=\"1236\">Na takmi\u010denju su nastupile i <span class=\"hover:entity-accent entity-underline inline cursor-pointer align-baseline\"><span class=\"whitespace-normal\">Amila Hasanovi\u0107<\/span><\/span>, koja je osvojila peto mjesto u kategoriji borbe djevoj\u010dice 13 godina do 39 kilograma, te <span class=\"hover:entity-accent entity-underline inline cursor-pointer align-baseline\"><span class=\"whitespace-normal\">Ema Sejdi\u0107<\/span><\/span>, koja je zauzela sedmo mjesto u kategoriji borbe djevoj\u010dice 13 godina preko 54 kilograma.<\/p>\n<p data-start=\"1238\" data-end=\"1395\" data-is-last-node=\"\" data-is-only-node=\"\">Ekipu su na takmi\u010denju vodili treneri <span class=\"hover:entity-accent entity-underline inline cursor-pointer align-baseline\"><span class=\"whitespace-normal\">Stefani Kre\u0161i\u0107<\/span><\/span>, <span class=\"hover:entity-accent entity-underline inline cursor-pointer align-baseline\"><span class=\"whitespace-normal\">Loren \u0160ari\u0107<\/span><\/span> i <span class=\"hover:entity-accent entity-underline inline cursor-pointer align-baseline\"><span class=\"whitespace-normal\">Amina Fejzi\u0107<\/span><\/span>.<\/p>\n","protected":false},"excerpt":{"rendered":"<p>U Bugojnu je ju\u010der odr\u017eano 21. Prvenstvo Federacije Bosne i Hercegovine u karateu za djecu,&hellip;<\/p>\n","protected":false},"author":4,"featured_media":297402,"comment_status":"closed","ping_status":"closed","sticky":false,"template":"","format":"standard","meta":{"_acf_changed":false,"footnotes":""},"categories":[12],"tags":[2947,2518,915],"acf":[],"yoast_head":"<!-- This site is optimized with the Yoast SEO plugin v23.5 - https:\/\/yoast.com\/wordpress\/plugins\/seo\/ -->\n<title>Dva zlata i srebro za takmi\u010dare Kluba &quot;DO&quot; Tuzla na Prvenstvu FBiH - TuzlaInfo.ba<\/title>\n<meta name=\"robots\" content=\"index, follow, max-snippet:-1, max-image-preview:large, max-video-preview:-1\" \/>\n<link rel=\"canonical\" href=\"https:\/\/tuzlainfo.ba\/index.php\/novosti\/item\/297398-dva-zlata-i-srebro-za-takmicare-kluba-do-tuzla-na-prvenstvu-fbih\/\" \/>\n<meta property=\"og:locale\" content=\"bs_BA\" \/>\n<meta property=\"og:type\" content=\"article\" \/>\n<meta property=\"og:title\" content=\"Dva zlata i srebro za takmi\u010dare Kluba &quot;DO&quot; Tuzla na Prvenstvu FBiH - TuzlaInfo.ba\" \/>\n<meta property=\"og:description\" content=\"U Bugojnu je ju\u010der odr\u017eano 21. Prvenstvo Federacije Bosne i Hercegovine u karateu za djecu,&hellip;\" \/>\n<meta property=\"og:url\" content=\"https:\/\/tuzlainfo.ba\/index.php\/novosti\/item\/297398-dva-zlata-i-srebro-za-takmicare-kluba-do-tuzla-na-prvenstvu-fbih\/\" \/>\n<meta property=\"og:site_name\" content=\"TuzlaInfo.ba\" \/>\n<meta property=\"article:publisher\" content=\"https:\/\/www.facebook.com\/tuzlainfo.ba\/\" \/>\n<meta property=\"article:published_time\" content=\"2026-03-16T13:09:12+00:00\" \/>\n<meta property=\"article:modified_time\" content=\"2026-03-16T13:03:23+00:00\" \/>\n<meta property=\"og:image\" content=\"https:\/\/tuzlainfo.ba\/wp-content\/uploads\/2026\/03\/karate-do.jpg\" \/>\n\t<meta property=\"og:image:width\" content=\"1440\" \/>\n\t<meta property=\"og:image:height\" content=\"1062\" \/>\n\t<meta property=\"og:image:type\" content=\"image\/jpeg\" \/>\n<meta name=\"author\" content=\"Tuzla Info\" \/>\n<meta name=\"twitter:card\" content=\"summary_large_image\" \/>\n<meta name=\"twitter:label1\" content=\"Written by\" \/>\n\t<meta name=\"twitter:data1\" content=\"Tuzla Info\" \/>\n\t<meta name=\"twitter:label2\" content=\"Est. reading time\" \/>\n\t<meta name=\"twitter:data2\" content=\"2 minute\" \/>\n<script type=\"application\/ld+json\" class=\"yoast-schema-graph\">{\"@context\":\"https:\/\/schema.org\",\"@graph\":[{\"@type\":\"Article\",\"@id\":\"https:\/\/tuzlainfo.ba\/index.php\/novosti\/item\/297398-dva-zlata-i-srebro-za-takmicare-kluba-do-tuzla-na-prvenstvu-fbih\/#article\",\"isPartOf\":{\"@id\":\"https:\/\/tuzlainfo.ba\/index.php\/novosti\/item\/297398-dva-zlata-i-srebro-za-takmicare-kluba-do-tuzla-na-prvenstvu-fbih\/\"},\"author\":{\"name\":\"Tuzla Info\",\"@id\":\"https:\/\/tuzlainfo.ba\/#\/schema\/person\/46cad4c57790cbc50781edd14870825a\"},\"headline\":\"Dva zlata i srebro za takmi\u010dare Kluba &#8220;DO&#8221; Tuzla na Prvenstvu FBiH\",\"datePublished\":\"2026-03-16T13:09:12+00:00\",\"dateModified\":\"2026-03-16T13:03:23+00:00\",\"mainEntityOfPage\":{\"@id\":\"https:\/\/tuzlainfo.ba\/index.php\/novosti\/item\/297398-dva-zlata-i-srebro-za-takmicare-kluba-do-tuzla-na-prvenstvu-fbih\/\"},\"wordCount\":204,\"publisher\":{\"@id\":\"https:\/\/tuzlainfo.ba\/#organization\"},\"image\":{\"@id\":\"https:\/\/tuzlainfo.ba\/index.php\/novosti\/item\/297398-dva-zlata-i-srebro-za-takmicare-kluba-do-tuzla-na-prvenstvu-fbih\/#primaryimage\"},\"thumbnailUrl\":\"https:\/\/tuzlainfo.ba\/wp-content\/uploads\/2026\/03\/karate-do.jpg\",\"keywords\":[\"do\",\"karate\",\"sport\"],\"articleSection\":[\"Novosti\"],\"inLanguage\":\"bs-BA\"},{\"@type\":\"WebPage\",\"@id\":\"https:\/\/tuzlainfo.ba\/index.php\/novosti\/item\/297398-dva-zlata-i-srebro-za-takmicare-kluba-do-tuzla-na-prvenstvu-fbih\/\",\"url\":\"https:\/\/tuzlainfo.ba\/index.php\/novosti\/item\/297398-dva-zlata-i-srebro-za-takmicare-kluba-do-tuzla-na-prvenstvu-fbih\/\",\"name\":\"Dva zlata i srebro za takmi\u010dare Kluba \\\"DO\\\" Tuzla na Prvenstvu FBiH - TuzlaInfo.ba\",\"isPartOf\":{\"@id\":\"https:\/\/tuzlainfo.ba\/#website\"},\"primaryImageOfPage\":{\"@id\":\"https:\/\/tuzlainfo.ba\/index.php\/novosti\/item\/297398-dva-zlata-i-srebro-za-takmicare-kluba-do-tuzla-na-prvenstvu-fbih\/#primaryimage\"},\"image\":{\"@id\":\"https:\/\/tuzlainfo.ba\/index.php\/novosti\/item\/297398-dva-zlata-i-srebro-za-takmicare-kluba-do-tuzla-na-prvenstvu-fbih\/#primaryimage\"},\"thumbnailUrl\":\"https:\/\/tuzlainfo.ba\/wp-content\/uploads\/2026\/03\/karate-do.jpg\",\"datePublished\":\"2026-03-16T13:09:12+00:00\",\"dateModified\":\"2026-03-16T13:03:23+00:00\",\"breadcrumb\":{\"@id\":\"https:\/\/tuzlainfo.ba\/index.php\/novosti\/item\/297398-dva-zlata-i-srebro-za-takmicare-kluba-do-tuzla-na-prvenstvu-fbih\/#breadcrumb\"},\"inLanguage\":\"bs-BA\",\"potentialAction\":[{\"@type\":\"ReadAction\",\"target\":[\"https:\/\/tuzlainfo.ba\/index.php\/novosti\/item\/297398-dva-zlata-i-srebro-za-takmicare-kluba-do-tuzla-na-prvenstvu-fbih\/\"]}]},{\"@type\":\"ImageObject\",\"inLanguage\":\"bs-BA\",\"@id\":\"https:\/\/tuzlainfo.ba\/index.php\/novosti\/item\/297398-dva-zlata-i-srebro-za-takmicare-kluba-do-tuzla-na-prvenstvu-fbih\/#primaryimage\",\"url\":\"https:\/\/tuzlainfo.ba\/wp-content\/uploads\/2026\/03\/karate-do.jpg\",\"contentUrl\":\"https:\/\/tuzlainfo.ba\/wp-content\/uploads\/2026\/03\/karate-do.jpg\",\"width\":1440,\"height\":1062},{\"@type\":\"BreadcrumbList\",\"@id\":\"https:\/\/tuzlainfo.ba\/index.php\/novosti\/item\/297398-dva-zlata-i-srebro-za-takmicare-kluba-do-tuzla-na-prvenstvu-fbih\/#breadcrumb\",\"itemListElement\":[{\"@type\":\"ListItem\",\"position\":1,\"name\":\"Home\",\"item\":\"https:\/\/tuzlainfo.ba\/\"},{\"@type\":\"ListItem\",\"position\":2,\"name\":\"Dva zlata i srebro za takmi\u010dare Kluba &#8220;DO&#8221; Tuzla na Prvenstvu FBiH\"}]},{\"@type\":\"WebSite\",\"@id\":\"https:\/\/tuzlainfo.ba\/#website\",\"url\":\"https:\/\/tuzlainfo.ba\/\",\"name\":\"TuzlaInfo.ba\",\"description\":\"Tuzla info, gradski informator - Tuzla na dlanu\",\"publisher\":{\"@id\":\"https:\/\/tuzlainfo.ba\/#organization\"},\"potentialAction\":[{\"@type\":\"SearchAction\",\"target\":{\"@type\":\"EntryPoint\",\"urlTemplate\":\"https:\/\/tuzlainfo.ba\/?s={search_term_string}\"},\"query-input\":{\"@type\":\"PropertyValueSpecification\",\"valueRequired\":true,\"valueName\":\"search_term_string\"}}],\"inLanguage\":\"bs-BA\"},{\"@type\":\"Organization\",\"@id\":\"https:\/\/tuzlainfo.ba\/#organization\",\"name\":\"TuzlaInfo.ba\",\"url\":\"https:\/\/tuzlainfo.ba\/\",\"logo\":{\"@type\":\"ImageObject\",\"inLanguage\":\"bs-BA\",\"@id\":\"https:\/\/tuzlainfo.ba\/#\/schema\/logo\/image\/\",\"url\":\"https:\/\/tuzlainfo.ba\/wp-content\/uploads\/2021\/03\/logo-ver-3-1.png\",\"contentUrl\":\"https:\/\/tuzlainfo.ba\/wp-content\/uploads\/2021\/03\/logo-ver-3-1.png\",\"width\":350,\"height\":95,\"caption\":\"TuzlaInfo.ba\"},\"image\":{\"@id\":\"https:\/\/tuzlainfo.ba\/#\/schema\/logo\/image\/\"},\"sameAs\":[\"https:\/\/www.facebook.com\/tuzlainfo.ba\/\"]},{\"@type\":\"Person\",\"@id\":\"https:\/\/tuzlainfo.ba\/#\/schema\/person\/46cad4c57790cbc50781edd14870825a\",\"name\":\"Tuzla Info\",\"image\":{\"@type\":\"ImageObject\",\"inLanguage\":\"bs-BA\",\"@id\":\"https:\/\/tuzlainfo.ba\/#\/schema\/person\/image\/\",\"url\":\"https:\/\/tuzlainfo.ba\/wp-content\/litespeed\/avatar\/b6c453a6c38e3654f2e4416c643fc25c.jpg?ver=1777051911\",\"contentUrl\":\"https:\/\/tuzlainfo.ba\/wp-content\/litespeed\/avatar\/b6c453a6c38e3654f2e4416c643fc25c.jpg?ver=1777051911\",\"caption\":\"Tuzla Info\"}}]}<\/script>\n<!-- \/ Yoast SEO plugin. -->","yoast_head_json":{"title":"Dva zlata i srebro za takmi\u010dare Kluba \"DO\" Tuzla na Prvenstvu FBiH - TuzlaInfo.ba","robots":{"index":"index","follow":"follow","max-snippet":"max-snippet:-1","max-image-preview":"max-image-preview:large","max-video-preview":"max-video-preview:-1"},"canonical":"https:\/\/tuzlainfo.ba\/index.php\/novosti\/item\/297398-dva-zlata-i-srebro-za-takmicare-kluba-do-tuzla-na-prvenstvu-fbih\/","og_locale":"bs_BA","og_type":"article","og_title":"Dva zlata i srebro za takmi\u010dare Kluba \"DO\" Tuzla na Prvenstvu FBiH - TuzlaInfo.ba","og_description":"U Bugojnu je ju\u010der odr\u017eano 21. Prvenstvo Federacije Bosne i Hercegovine u karateu za djecu,&hellip;","og_url":"https:\/\/tuzlainfo.ba\/index.php\/novosti\/item\/297398-dva-zlata-i-srebro-za-takmicare-kluba-do-tuzla-na-prvenstvu-fbih\/","og_site_name":"TuzlaInfo.ba","article_publisher":"https:\/\/www.facebook.com\/tuzlainfo.ba\/","article_published_time":"2026-03-16T13:09:12+00:00","article_modified_time":"2026-03-16T13:03:23+00:00","og_image":[{"width":1440,"height":1062,"url":"https:\/\/tuzlainfo.ba\/wp-content\/uploads\/2026\/03\/karate-do.jpg","type":"image\/jpeg"}],"author":"Tuzla Info","twitter_card":"summary_large_image","twitter_misc":{"Written by":"Tuzla Info","Est. reading time":"2 minute"},"schema":{"@context":"https:\/\/schema.org","@graph":[{"@type":"Article","@id":"https:\/\/tuzlainfo.ba\/index.php\/novosti\/item\/297398-dva-zlata-i-srebro-za-takmicare-kluba-do-tuzla-na-prvenstvu-fbih\/#article","isPartOf":{"@id":"https:\/\/tuzlainfo.ba\/index.php\/novosti\/item\/297398-dva-zlata-i-srebro-za-takmicare-kluba-do-tuzla-na-prvenstvu-fbih\/"},"author":{"name":"Tuzla Info","@id":"https:\/\/tuzlainfo.ba\/#\/schema\/person\/46cad4c57790cbc50781edd14870825a"},"headline":"Dva zlata i srebro za takmi\u010dare Kluba &#8220;DO&#8221; Tuzla na Prvenstvu FBiH","datePublished":"2026-03-16T13:09:12+00:00","dateModified":"2026-03-16T13:03:23+00:00","mainEntityOfPage":{"@id":"https:\/\/tuzlainfo.ba\/index.php\/novosti\/item\/297398-dva-zlata-i-srebro-za-takmicare-kluba-do-tuzla-na-prvenstvu-fbih\/"},"wordCount":204,"publisher":{"@id":"https:\/\/tuzlainfo.ba\/#organization"},"image":{"@id":"https:\/\/tuzlainfo.ba\/index.php\/novosti\/item\/297398-dva-zlata-i-srebro-za-takmicare-kluba-do-tuzla-na-prvenstvu-fbih\/#primaryimage"},"thumbnailUrl":"https:\/\/tuzlainfo.ba\/wp-content\/uploads\/2026\/03\/karate-do.jpg","keywords":["do","karate","sport"],"articleSection":["Novosti"],"inLanguage":"bs-BA"},{"@type":"WebPage","@id":"https:\/\/tuzlainfo.ba\/index.php\/novosti\/item\/297398-dva-zlata-i-srebro-za-takmicare-kluba-do-tuzla-na-prvenstvu-fbih\/","url":"https:\/\/tuzlainfo.ba\/index.php\/novosti\/item\/297398-dva-zlata-i-srebro-za-takmicare-kluba-do-tuzla-na-prvenstvu-fbih\/","name":"Dva zlata i srebro za takmi\u010dare Kluba \"DO\" Tuzla na Prvenstvu FBiH - TuzlaInfo.ba","isPartOf":{"@id":"https:\/\/tuzlainfo.ba\/#website"},"primaryImageOfPage":{"@id":"https:\/\/tuzlainfo.ba\/index.php\/novosti\/item\/297398-dva-zlata-i-srebro-za-takmicare-kluba-do-tuzla-na-prvenstvu-fbih\/#primaryimage"},"image":{"@id":"https:\/\/tuzlainfo.ba\/index.php\/novosti\/item\/297398-dva-zlata-i-srebro-za-takmicare-kluba-do-tuzla-na-prvenstvu-fbih\/#primaryimage"},"thumbnailUrl":"https:\/\/tuzlainfo.ba\/wp-content\/uploads\/2026\/03\/karate-do.jpg","datePublished":"2026-03-16T13:09:12+00:00","dateModified":"2026-03-16T13:03:23+00:00","breadcrumb":{"@id":"https:\/\/tuzlainfo.ba\/index.php\/novosti\/item\/297398-dva-zlata-i-srebro-za-takmicare-kluba-do-tuzla-na-prvenstvu-fbih\/#breadcrumb"},"inLanguage":"bs-BA","potentialAction":[{"@type":"ReadAction","target":["https:\/\/tuzlainfo.ba\/index.php\/novosti\/item\/297398-dva-zlata-i-srebro-za-takmicare-kluba-do-tuzla-na-prvenstvu-fbih\/"]}]},{"@type":"ImageObject","inLanguage":"bs-BA","@id":"https:\/\/tuzlainfo.ba\/index.php\/novosti\/item\/297398-dva-zlata-i-srebro-za-takmicare-kluba-do-tuzla-na-prvenstvu-fbih\/#primaryimage","url":"https:\/\/tuzlainfo.ba\/wp-content\/uploads\/2026\/03\/karate-do.jpg","contentUrl":"https:\/\/tuzlainfo.ba\/wp-content\/uploads\/2026\/03\/karate-do.jpg","width":1440,"height":1062},{"@type":"BreadcrumbList","@id":"https:\/\/tuzlainfo.ba\/index.php\/novosti\/item\/297398-dva-zlata-i-srebro-za-takmicare-kluba-do-tuzla-na-prvenstvu-fbih\/#breadcrumb","itemListElement":[{"@type":"ListItem","position":1,"name":"Home","item":"https:\/\/tuzlainfo.ba\/"},{"@type":"ListItem","position":2,"name":"Dva zlata i srebro za takmi\u010dare Kluba &#8220;DO&#8221; Tuzla na Prvenstvu FBiH"}]},{"@type":"WebSite","@id":"https:\/\/tuzlainfo.ba\/#website","url":"https:\/\/tuzlainfo.ba\/","name":"TuzlaInfo.ba","description":"Tuzla info, gradski informator - Tuzla na dlanu","publisher":{"@id":"https:\/\/tuzlainfo.ba\/#organization"},"potentialAction":[{"@type":"SearchAction","target":{"@type":"EntryPoint","urlTemplate":"https:\/\/tuzlainfo.ba\/?s={search_term_string}"},"query-input":{"@type":"PropertyValueSpecification","valueRequired":true,"valueName":"search_term_string"}}],"inLanguage":"bs-BA"},{"@type":"Organization","@id":"https:\/\/tuzlainfo.ba\/#organization","name":"TuzlaInfo.ba","url":"https:\/\/tuzlainfo.ba\/","logo":{"@type":"ImageObject","inLanguage":"bs-BA","@id":"https:\/\/tuzlainfo.ba\/#\/schema\/logo\/image\/","url":"https:\/\/tuzlainfo.ba\/wp-content\/uploads\/2021\/03\/logo-ver-3-1.png","contentUrl":"https:\/\/tuzlainfo.ba\/wp-content\/uploads\/2021\/03\/logo-ver-3-1.png","width":350,"height":95,"caption":"TuzlaInfo.ba"},"image":{"@id":"https:\/\/tuzlainfo.ba\/#\/schema\/logo\/image\/"},"sameAs":["https:\/\/www.facebook.com\/tuzlainfo.ba\/"]},{"@type":"Person","@id":"https:\/\/tuzlainfo.ba\/#\/schema\/person\/46cad4c57790cbc50781edd14870825a","name":"Tuzla Info","image":{"@type":"ImageObject","inLanguage":"bs-BA","@id":"https:\/\/tuzlainfo.ba\/#\/schema\/person\/image\/","url":"https:\/\/tuzlainfo.ba\/wp-content\/litespeed\/avatar\/b6c453a6c38e3654f2e4416c643fc25c.jpg?ver=1777051911","contentUrl":"https:\/\/tuzlainfo.ba\/wp-content\/litespeed\/avatar\/b6c453a6c38e3654f2e4416c643fc25c.jpg?ver=1777051911","caption":"Tuzla Info"}}]}},"_links":{"self":[{"href":"https:\/\/tuzlainfo.ba\/index.php\/wp-json\/wp\/v2\/posts\/297398"}],"collection":[{"href":"https:\/\/tuzlainfo.ba\/index.php\/wp-json\/wp\/v2\/posts"}],"about":[{"href":"https:\/\/tuzlainfo.ba\/index.php\/wp-json\/wp\/v2\/types\/post"}],"author":[{"embeddable":true,"href":"https:\/\/tuzlainfo.ba\/index.php\/wp-json\/wp\/v2\/users\/4"}],"replies":[{"embeddable":true,"href":"https:\/\/tuzlainfo.ba\/index.php\/wp-json\/wp\/v2\/comments?post=297398"}],"version-history":[{"count":1,"href":"https:\/\/tuzlainfo.ba\/index.php\/wp-json\/wp\/v2\/posts\/297398\/revisions"}],"predecessor-version":[{"id":297403,"href":"https:\/\/tuzlainfo.ba\/index.php\/wp-json\/wp\/v2\/posts\/297398\/revisions\/297403"}],"wp:featuredmedia":[{"embeddable":true,"href":"https:\/\/tuzlainfo.ba\/index.php\/wp-json\/wp\/v2\/media\/297402"}],"wp:attachment":[{"href":"https:\/\/tuzlainfo.ba\/index.php\/wp-json\/wp\/v2\/media?parent=297398"}],"wp:term":[{"taxonomy":"category","embeddable":true,"href":"https:\/\/tuzlainfo.ba\/index.php\/wp-json\/wp\/v2\/categories?post=297398"},{"taxonomy":"post_tag","embeddable":true,"href":"https:\/\/tuzlainfo.ba\/index.php\/wp-json\/wp\/v2\/tags?post=297398"}],"curies":[{"name":"wp","href":"https:\/\/api.w.org\/{rel}","templated":true}]}}