{"id":297370,"date":"2026-03-15T22:45:11","date_gmt":"2026-03-15T21:45:11","guid":{"rendered":"https:\/\/tuzlainfo.ba\/?p=297370"},"modified":"2026-03-15T22:45:11","modified_gmt":"2026-03-15T21:45:11","slug":"eu-zatvorila-trziste-za-piletinu-iz-bih","status":"publish","type":"post","link":"https:\/\/tuzlainfo.ba\/index.php\/bosna-i-hercegovina\/item\/297370-eu-zatvorila-trziste-za-piletinu-iz-bih\/","title":{"rendered":"EU zatvorila tr\u017ei\u0161te za piletinu iz BiH"},"content":{"rendered":"<p>Zbog pojave pti\u010dijeg gripa u Bosni i Hercegovini, od 26. februara na snazi je zabrana izvoza svje\u017eeg pile\u0107eg mesa u zemlje Evropske unije, \u0161to je proizvo\u0111a\u010dima ve\u0107 prouzrokovalo zna\u010dajne gubitke.<\/p>\n<p>Kako je izjavio Velibor Popovi\u0107, predsjedavaju\u0107i Koordinacionog odbora peradara BiH, ova odluka ozbiljno je pogodila doma\u0107e proizvo\u0111a\u010de, jer je velika koli\u010dina mesa ostala na doma\u0107em tr\u017ei\u0161tu.<\/p>\n<p>\u201eProizvo\u0111a\u010dima piletine \u0107e velika koli\u010dina mesa ostati u BiH. Ve\u0107 do sada je hiljadu i po tona ostalo, tako da su proizvo\u0111a\u010di veoma pogo\u0111eni ovom odlukom\u201c, rekao je Popovi\u0107 gostuju\u0107i u Jutarnjem programu RTRS-a.<\/p>\n<p>On je pojasnio da se najve\u0107i dio izvoza pile\u0107eg mesa iz Bosne i Hercegovine ina\u010de plasira na tr\u017ei\u0161te Hrvatske, te da je zabrana izvoza u zemlje Evropske unije dodatno zakomplikovala situaciju za proizvo\u0111a\u010de.<\/p>\n<p>\u201eTrenutno se snalazimo svako na svoj na\u010din. Nije zatvorena granica sa Srbijom, a to nam mnogo zna\u010di. Svje\u017ee meso ostaje na na\u0161em tr\u017ei\u0161tu, a dio zamrzavamo kako bismo ga kasnije izvezli\u201c, naveo je Popovi\u0107.<\/p>\n<p>Prema njegovim rije\u010dima, \u0161teta za sektor peradarstva ve\u0107 se mjeri milionima maraka.<\/p>\n<p>Popovi\u0107 je dodao da je Ministarstvo poljoprivrede, \u0161umarstva i vodoprivrede Republike Srpske obe\u0107alo podr\u0161ku proizvo\u0111a\u010dima kako bi se ubla\u017eile posljedice ove situacije.<\/p>\n<p>Trenutno je na snazi zabrana izvoza svje\u017eeg pile\u0107eg mesa u zemlje Evropske unije, koja bi, prema procjenama, mogla trajati najmanje 30 dana.<\/p>\n<p>\u201eNadam se da \u0107emo u prvoj polovini aprila sa Evropskom unijom uspjeti rije\u0161iti ovaj problem\u201c, poru\u010dio je Popovi\u0107.<\/p>\n<p>Podsjetimo, farma \u017eivine u naselju Karanovac, na podru\u010dju op\u0161tine Petrovo, progla\u0161ena je \u017eari\u0161tem pti\u010dijeg gripa. Iz Ministarstva poljoprivrede, \u0161umarstva i vodoprivrede Republike Srpske potvr\u0111eno je da su, u saradnji sa lokalnim kriznim \u0161tabom, Republi\u010dkom upravom za inspekcijske poslove i veterinarskim slu\u017ebama, odmah provedene sve propisane mjere s ciljem suzbijanja i kontrole bolesti.<\/p>\n","protected":false},"excerpt":{"rendered":"<p>Zbog pojave pti\u010dijeg gripa u Bosni i Hercegovini, od 26. februara na snazi je zabrana&hellip;<\/p>\n","protected":false},"author":2,"featured_media":67302,"comment_status":"closed","ping_status":"closed","sticky":false,"template":"","format":"standard","meta":{"_acf_changed":false,"footnotes":""},"categories":[291],"tags":[2389],"acf":[],"yoast_head":"<!-- This site is optimized with the Yoast SEO plugin v23.5 - https:\/\/yoast.com\/wordpress\/plugins\/seo\/ -->\n<title>EU zatvorila tr\u017ei\u0161te za piletinu iz BiH - TuzlaInfo.ba<\/title>\n<meta name=\"robots\" content=\"index, follow, max-snippet:-1, max-image-preview:large, max-video-preview:-1\" \/>\n<link rel=\"canonical\" href=\"https:\/\/tuzlainfo.ba\/index.php\/bosna-i-hercegovina\/item\/297370-eu-zatvorila-trziste-za-piletinu-iz-bih\/\" \/>\n<meta property=\"og:locale\" content=\"bs_BA\" \/>\n<meta property=\"og:type\" content=\"article\" \/>\n<meta property=\"og:title\" content=\"EU zatvorila tr\u017ei\u0161te za piletinu iz BiH - TuzlaInfo.ba\" \/>\n<meta property=\"og:description\" content=\"Zbog pojave pti\u010dijeg gripa u Bosni i Hercegovini, od 26. februara na snazi je zabrana&hellip;\" \/>\n<meta property=\"og:url\" content=\"https:\/\/tuzlainfo.ba\/index.php\/bosna-i-hercegovina\/item\/297370-eu-zatvorila-trziste-za-piletinu-iz-bih\/\" \/>\n<meta property=\"og:site_name\" content=\"TuzlaInfo.ba\" \/>\n<meta property=\"article:publisher\" content=\"https:\/\/www.facebook.com\/tuzlainfo.ba\/\" \/>\n<meta property=\"article:published_time\" content=\"2026-03-15T21:45:11+00:00\" \/>\n<meta property=\"og:image\" content=\"https:\/\/tuzlainfo.ba\/wp-content\/uploads\/2019\/01\/sadrzaj_2019_20190102_2601_izvoz_piletine.jpg\" \/>\n\t<meta property=\"og:image:width\" content=\"770\" \/>\n\t<meta property=\"og:image:height\" content=\"385\" \/>\n\t<meta property=\"og:image:type\" content=\"image\/jpeg\" \/>\n<meta name=\"author\" content=\"nedim\" \/>\n<meta name=\"twitter:card\" content=\"summary_large_image\" \/>\n<meta name=\"twitter:label1\" content=\"Written by\" \/>\n\t<meta name=\"twitter:data1\" content=\"nedim\" \/>\n\t<meta name=\"twitter:label2\" content=\"Est. reading time\" \/>\n\t<meta name=\"twitter:data2\" content=\"2 minute\" \/>\n<script type=\"application\/ld+json\" class=\"yoast-schema-graph\">{\"@context\":\"https:\/\/schema.org\",\"@graph\":[{\"@type\":\"Article\",\"@id\":\"https:\/\/tuzlainfo.ba\/index.php\/bosna-i-hercegovina\/item\/297370-eu-zatvorila-trziste-za-piletinu-iz-bih\/#article\",\"isPartOf\":{\"@id\":\"https:\/\/tuzlainfo.ba\/index.php\/bosna-i-hercegovina\/item\/297370-eu-zatvorila-trziste-za-piletinu-iz-bih\/\"},\"author\":{\"name\":\"nedim\",\"@id\":\"https:\/\/tuzlainfo.ba\/#\/schema\/person\/f434e20dc27ea133923aab08451b7f7f\"},\"headline\":\"EU zatvorila tr\u017ei\u0161te za piletinu iz BiH\",\"datePublished\":\"2026-03-15T21:45:11+00:00\",\"dateModified\":\"2026-03-15T21:45:11+00:00\",\"mainEntityOfPage\":{\"@id\":\"https:\/\/tuzlainfo.ba\/index.php\/bosna-i-hercegovina\/item\/297370-eu-zatvorila-trziste-za-piletinu-iz-bih\/\"},\"wordCount\":342,\"publisher\":{\"@id\":\"https:\/\/tuzlainfo.ba\/#organization\"},\"image\":{\"@id\":\"https:\/\/tuzlainfo.ba\/index.php\/bosna-i-hercegovina\/item\/297370-eu-zatvorila-trziste-za-piletinu-iz-bih\/#primaryimage\"},\"thumbnailUrl\":\"https:\/\/tuzlainfo.ba\/wp-content\/uploads\/2019\/01\/sadrzaj_2019_20190102_2601_izvoz_piletine.jpg\",\"keywords\":[\"piletina\"],\"articleSection\":[\"Bosna i Hercegovina\"],\"inLanguage\":\"bs-BA\"},{\"@type\":\"WebPage\",\"@id\":\"https:\/\/tuzlainfo.ba\/index.php\/bosna-i-hercegovina\/item\/297370-eu-zatvorila-trziste-za-piletinu-iz-bih\/\",\"url\":\"https:\/\/tuzlainfo.ba\/index.php\/bosna-i-hercegovina\/item\/297370-eu-zatvorila-trziste-za-piletinu-iz-bih\/\",\"name\":\"EU zatvorila tr\u017ei\u0161te za piletinu iz BiH - TuzlaInfo.ba\",\"isPartOf\":{\"@id\":\"https:\/\/tuzlainfo.ba\/#website\"},\"primaryImageOfPage\":{\"@id\":\"https:\/\/tuzlainfo.ba\/index.php\/bosna-i-hercegovina\/item\/297370-eu-zatvorila-trziste-za-piletinu-iz-bih\/#primaryimage\"},\"image\":{\"@id\":\"https:\/\/tuzlainfo.ba\/index.php\/bosna-i-hercegovina\/item\/297370-eu-zatvorila-trziste-za-piletinu-iz-bih\/#primaryimage\"},\"thumbnailUrl\":\"https:\/\/tuzlainfo.ba\/wp-content\/uploads\/2019\/01\/sadrzaj_2019_20190102_2601_izvoz_piletine.jpg\",\"datePublished\":\"2026-03-15T21:45:11+00:00\",\"dateModified\":\"2026-03-15T21:45:11+00:00\",\"breadcrumb\":{\"@id\":\"https:\/\/tuzlainfo.ba\/index.php\/bosna-i-hercegovina\/item\/297370-eu-zatvorila-trziste-za-piletinu-iz-bih\/#breadcrumb\"},\"inLanguage\":\"bs-BA\",\"potentialAction\":[{\"@type\":\"ReadAction\",\"target\":[\"https:\/\/tuzlainfo.ba\/index.php\/bosna-i-hercegovina\/item\/297370-eu-zatvorila-trziste-za-piletinu-iz-bih\/\"]}]},{\"@type\":\"ImageObject\",\"inLanguage\":\"bs-BA\",\"@id\":\"https:\/\/tuzlainfo.ba\/index.php\/bosna-i-hercegovina\/item\/297370-eu-zatvorila-trziste-za-piletinu-iz-bih\/#primaryimage\",\"url\":\"https:\/\/tuzlainfo.ba\/wp-content\/uploads\/2019\/01\/sadrzaj_2019_20190102_2601_izvoz_piletine.jpg\",\"contentUrl\":\"https:\/\/tuzlainfo.ba\/wp-content\/uploads\/2019\/01\/sadrzaj_2019_20190102_2601_izvoz_piletine.jpg\",\"width\":770,\"height\":385,\"caption\":\"2601 izvoz piletine\"},{\"@type\":\"BreadcrumbList\",\"@id\":\"https:\/\/tuzlainfo.ba\/index.php\/bosna-i-hercegovina\/item\/297370-eu-zatvorila-trziste-za-piletinu-iz-bih\/#breadcrumb\",\"itemListElement\":[{\"@type\":\"ListItem\",\"position\":1,\"name\":\"Home\",\"item\":\"https:\/\/tuzlainfo.ba\/\"},{\"@type\":\"ListItem\",\"position\":2,\"name\":\"EU zatvorila tr\u017ei\u0161te za piletinu iz BiH\"}]},{\"@type\":\"WebSite\",\"@id\":\"https:\/\/tuzlainfo.ba\/#website\",\"url\":\"https:\/\/tuzlainfo.ba\/\",\"name\":\"TuzlaInfo.ba\",\"description\":\"Tuzla info, gradski informator - Tuzla na dlanu\",\"publisher\":{\"@id\":\"https:\/\/tuzlainfo.ba\/#organization\"},\"potentialAction\":[{\"@type\":\"SearchAction\",\"target\":{\"@type\":\"EntryPoint\",\"urlTemplate\":\"https:\/\/tuzlainfo.ba\/?s={search_term_string}\"},\"query-input\":{\"@type\":\"PropertyValueSpecification\",\"valueRequired\":true,\"valueName\":\"search_term_string\"}}],\"inLanguage\":\"bs-BA\"},{\"@type\":\"Organization\",\"@id\":\"https:\/\/tuzlainfo.ba\/#organization\",\"name\":\"TuzlaInfo.ba\",\"url\":\"https:\/\/tuzlainfo.ba\/\",\"logo\":{\"@type\":\"ImageObject\",\"inLanguage\":\"bs-BA\",\"@id\":\"https:\/\/tuzlainfo.ba\/#\/schema\/logo\/image\/\",\"url\":\"https:\/\/tuzlainfo.ba\/wp-content\/uploads\/2021\/03\/logo-ver-3-1.png\",\"contentUrl\":\"https:\/\/tuzlainfo.ba\/wp-content\/uploads\/2021\/03\/logo-ver-3-1.png\",\"width\":350,\"height\":95,\"caption\":\"TuzlaInfo.ba\"},\"image\":{\"@id\":\"https:\/\/tuzlainfo.ba\/#\/schema\/logo\/image\/\"},\"sameAs\":[\"https:\/\/www.facebook.com\/tuzlainfo.ba\/\"]},{\"@type\":\"Person\",\"@id\":\"https:\/\/tuzlainfo.ba\/#\/schema\/person\/f434e20dc27ea133923aab08451b7f7f\",\"name\":\"nedim\",\"image\":{\"@type\":\"ImageObject\",\"inLanguage\":\"bs-BA\",\"@id\":\"https:\/\/tuzlainfo.ba\/#\/schema\/person\/image\/\",\"url\":\"https:\/\/tuzlainfo.ba\/wp-content\/litespeed\/avatar\/aabad687af24844af817603ac1cbdc4f.jpg?ver=1777306975\",\"contentUrl\":\"https:\/\/tuzlainfo.ba\/wp-content\/litespeed\/avatar\/aabad687af24844af817603ac1cbdc4f.jpg?ver=1777306975\",\"caption\":\"nedim\"},\"description\":\"Tuzlainfo.ba pratite na dru\u0161tvenim mre\u017eama: Facebook, Instagram i Youtube. Svoje pri\u010de, upite i fotografije \u0161aljite na na\u0161u e-mail adresu.\"}]}<\/script>\n<!-- \/ Yoast SEO plugin. -->","yoast_head_json":{"title":"EU zatvorila tr\u017ei\u0161te za piletinu iz BiH - TuzlaInfo.ba","robots":{"index":"index","follow":"follow","max-snippet":"max-snippet:-1","max-image-preview":"max-image-preview:large","max-video-preview":"max-video-preview:-1"},"canonical":"https:\/\/tuzlainfo.ba\/index.php\/bosna-i-hercegovina\/item\/297370-eu-zatvorila-trziste-za-piletinu-iz-bih\/","og_locale":"bs_BA","og_type":"article","og_title":"EU zatvorila tr\u017ei\u0161te za piletinu iz BiH - TuzlaInfo.ba","og_description":"Zbog pojave pti\u010dijeg gripa u Bosni i Hercegovini, od 26. februara na snazi je zabrana&hellip;","og_url":"https:\/\/tuzlainfo.ba\/index.php\/bosna-i-hercegovina\/item\/297370-eu-zatvorila-trziste-za-piletinu-iz-bih\/","og_site_name":"TuzlaInfo.ba","article_publisher":"https:\/\/www.facebook.com\/tuzlainfo.ba\/","article_published_time":"2026-03-15T21:45:11+00:00","og_image":[{"width":770,"height":385,"url":"https:\/\/tuzlainfo.ba\/wp-content\/uploads\/2019\/01\/sadrzaj_2019_20190102_2601_izvoz_piletine.jpg","type":"image\/jpeg"}],"author":"nedim","twitter_card":"summary_large_image","twitter_misc":{"Written by":"nedim","Est. reading time":"2 minute"},"schema":{"@context":"https:\/\/schema.org","@graph":[{"@type":"Article","@id":"https:\/\/tuzlainfo.ba\/index.php\/bosna-i-hercegovina\/item\/297370-eu-zatvorila-trziste-za-piletinu-iz-bih\/#article","isPartOf":{"@id":"https:\/\/tuzlainfo.ba\/index.php\/bosna-i-hercegovina\/item\/297370-eu-zatvorila-trziste-za-piletinu-iz-bih\/"},"author":{"name":"nedim","@id":"https:\/\/tuzlainfo.ba\/#\/schema\/person\/f434e20dc27ea133923aab08451b7f7f"},"headline":"EU zatvorila tr\u017ei\u0161te za piletinu iz BiH","datePublished":"2026-03-15T21:45:11+00:00","dateModified":"2026-03-15T21:45:11+00:00","mainEntityOfPage":{"@id":"https:\/\/tuzlainfo.ba\/index.php\/bosna-i-hercegovina\/item\/297370-eu-zatvorila-trziste-za-piletinu-iz-bih\/"},"wordCount":342,"publisher":{"@id":"https:\/\/tuzlainfo.ba\/#organization"},"image":{"@id":"https:\/\/tuzlainfo.ba\/index.php\/bosna-i-hercegovina\/item\/297370-eu-zatvorila-trziste-za-piletinu-iz-bih\/#primaryimage"},"thumbnailUrl":"https:\/\/tuzlainfo.ba\/wp-content\/uploads\/2019\/01\/sadrzaj_2019_20190102_2601_izvoz_piletine.jpg","keywords":["piletina"],"articleSection":["Bosna i Hercegovina"],"inLanguage":"bs-BA"},{"@type":"WebPage","@id":"https:\/\/tuzlainfo.ba\/index.php\/bosna-i-hercegovina\/item\/297370-eu-zatvorila-trziste-za-piletinu-iz-bih\/","url":"https:\/\/tuzlainfo.ba\/index.php\/bosna-i-hercegovina\/item\/297370-eu-zatvorila-trziste-za-piletinu-iz-bih\/","name":"EU zatvorila tr\u017ei\u0161te za piletinu iz BiH - TuzlaInfo.ba","isPartOf":{"@id":"https:\/\/tuzlainfo.ba\/#website"},"primaryImageOfPage":{"@id":"https:\/\/tuzlainfo.ba\/index.php\/bosna-i-hercegovina\/item\/297370-eu-zatvorila-trziste-za-piletinu-iz-bih\/#primaryimage"},"image":{"@id":"https:\/\/tuzlainfo.ba\/index.php\/bosna-i-hercegovina\/item\/297370-eu-zatvorila-trziste-za-piletinu-iz-bih\/#primaryimage"},"thumbnailUrl":"https:\/\/tuzlainfo.ba\/wp-content\/uploads\/2019\/01\/sadrzaj_2019_20190102_2601_izvoz_piletine.jpg","datePublished":"2026-03-15T21:45:11+00:00","dateModified":"2026-03-15T21:45:11+00:00","breadcrumb":{"@id":"https:\/\/tuzlainfo.ba\/index.php\/bosna-i-hercegovina\/item\/297370-eu-zatvorila-trziste-za-piletinu-iz-bih\/#breadcrumb"},"inLanguage":"bs-BA","potentialAction":[{"@type":"ReadAction","target":["https:\/\/tuzlainfo.ba\/index.php\/bosna-i-hercegovina\/item\/297370-eu-zatvorila-trziste-za-piletinu-iz-bih\/"]}]},{"@type":"ImageObject","inLanguage":"bs-BA","@id":"https:\/\/tuzlainfo.ba\/index.php\/bosna-i-hercegovina\/item\/297370-eu-zatvorila-trziste-za-piletinu-iz-bih\/#primaryimage","url":"https:\/\/tuzlainfo.ba\/wp-content\/uploads\/2019\/01\/sadrzaj_2019_20190102_2601_izvoz_piletine.jpg","contentUrl":"https:\/\/tuzlainfo.ba\/wp-content\/uploads\/2019\/01\/sadrzaj_2019_20190102_2601_izvoz_piletine.jpg","width":770,"height":385,"caption":"2601 izvoz piletine"},{"@type":"BreadcrumbList","@id":"https:\/\/tuzlainfo.ba\/index.php\/bosna-i-hercegovina\/item\/297370-eu-zatvorila-trziste-za-piletinu-iz-bih\/#breadcrumb","itemListElement":[{"@type":"ListItem","position":1,"name":"Home","item":"https:\/\/tuzlainfo.ba\/"},{"@type":"ListItem","position":2,"name":"EU zatvorila tr\u017ei\u0161te za piletinu iz BiH"}]},{"@type":"WebSite","@id":"https:\/\/tuzlainfo.ba\/#website","url":"https:\/\/tuzlainfo.ba\/","name":"TuzlaInfo.ba","description":"Tuzla info, gradski informator - Tuzla na dlanu","publisher":{"@id":"https:\/\/tuzlainfo.ba\/#organization"},"potentialAction":[{"@type":"SearchAction","target":{"@type":"EntryPoint","urlTemplate":"https:\/\/tuzlainfo.ba\/?s={search_term_string}"},"query-input":{"@type":"PropertyValueSpecification","valueRequired":true,"valueName":"search_term_string"}}],"inLanguage":"bs-BA"},{"@type":"Organization","@id":"https:\/\/tuzlainfo.ba\/#organization","name":"TuzlaInfo.ba","url":"https:\/\/tuzlainfo.ba\/","logo":{"@type":"ImageObject","inLanguage":"bs-BA","@id":"https:\/\/tuzlainfo.ba\/#\/schema\/logo\/image\/","url":"https:\/\/tuzlainfo.ba\/wp-content\/uploads\/2021\/03\/logo-ver-3-1.png","contentUrl":"https:\/\/tuzlainfo.ba\/wp-content\/uploads\/2021\/03\/logo-ver-3-1.png","width":350,"height":95,"caption":"TuzlaInfo.ba"},"image":{"@id":"https:\/\/tuzlainfo.ba\/#\/schema\/logo\/image\/"},"sameAs":["https:\/\/www.facebook.com\/tuzlainfo.ba\/"]},{"@type":"Person","@id":"https:\/\/tuzlainfo.ba\/#\/schema\/person\/f434e20dc27ea133923aab08451b7f7f","name":"nedim","image":{"@type":"ImageObject","inLanguage":"bs-BA","@id":"https:\/\/tuzlainfo.ba\/#\/schema\/person\/image\/","url":"https:\/\/tuzlainfo.ba\/wp-content\/litespeed\/avatar\/aabad687af24844af817603ac1cbdc4f.jpg?ver=1777306975","contentUrl":"https:\/\/tuzlainfo.ba\/wp-content\/litespeed\/avatar\/aabad687af24844af817603ac1cbdc4f.jpg?ver=1777306975","caption":"nedim"},"description":"Tuzlainfo.ba pratite na dru\u0161tvenim mre\u017eama: Facebook, Instagram i Youtube. Svoje pri\u010de, upite i fotografije \u0161aljite na na\u0161u e-mail adresu."}]}},"_links":{"self":[{"href":"https:\/\/tuzlainfo.ba\/index.php\/wp-json\/wp\/v2\/posts\/297370"}],"collection":[{"href":"https:\/\/tuzlainfo.ba\/index.php\/wp-json\/wp\/v2\/posts"}],"about":[{"href":"https:\/\/tuzlainfo.ba\/index.php\/wp-json\/wp\/v2\/types\/post"}],"author":[{"embeddable":true,"href":"https:\/\/tuzlainfo.ba\/index.php\/wp-json\/wp\/v2\/users\/2"}],"replies":[{"embeddable":true,"href":"https:\/\/tuzlainfo.ba\/index.php\/wp-json\/wp\/v2\/comments?post=297370"}],"version-history":[{"count":1,"href":"https:\/\/tuzlainfo.ba\/index.php\/wp-json\/wp\/v2\/posts\/297370\/revisions"}],"predecessor-version":[{"id":297371,"href":"https:\/\/tuzlainfo.ba\/index.php\/wp-json\/wp\/v2\/posts\/297370\/revisions\/297371"}],"wp:featuredmedia":[{"embeddable":true,"href":"https:\/\/tuzlainfo.ba\/index.php\/wp-json\/wp\/v2\/media\/67302"}],"wp:attachment":[{"href":"https:\/\/tuzlainfo.ba\/index.php\/wp-json\/wp\/v2\/media?parent=297370"}],"wp:term":[{"taxonomy":"category","embeddable":true,"href":"https:\/\/tuzlainfo.ba\/index.php\/wp-json\/wp\/v2\/categories?post=297370"},{"taxonomy":"post_tag","embeddable":true,"href":"https:\/\/tuzlainfo.ba\/index.php\/wp-json\/wp\/v2\/tags?post=297370"}],"curies":[{"name":"wp","href":"https:\/\/api.w.org\/{rel}","templated":true}]}}