{"id":297336,"date":"2026-03-15T13:45:19","date_gmt":"2026-03-15T12:45:19","guid":{"rendered":"https:\/\/tuzlainfo.ba\/?p=297336"},"modified":"2026-03-15T13:45:19","modified_gmt":"2026-03-15T12:45:19","slug":"vazna-promjena-na-instagramu-korisnicima-savjetovano-da-preuzmu-svoje-poruke","status":"publish","type":"post","link":"https:\/\/tuzlainfo.ba\/index.php\/magazin\/item\/297336-vazna-promjena-na-instagramu-korisnicima-savjetovano-da-preuzmu-svoje-poruke\/","title":{"rendered":"Va\u017ena promjena na Instagramu: Korisnicima savjetovano da preuzmu svoje poruke"},"content":{"rendered":"<p data-start=\"0\" data-end=\"325\">Dru\u0161tvena mre\u017ea <span class=\"hover:entity-accent entity-underline inline cursor-pointer align-baseline\"><span class=\"whitespace-normal\">Instagram<\/span><\/span> odlu\u010dila je ukloniti end-to-end enkripciju (E2EE) iz svojih poruka, a promjena \u0107e stupiti na snagu 8. maja. Ova odluka nije najavljena kroz zvani\u010dno saop\u0107enje ili objavu na blogu, ve\u0107 je platforma u ti\u0161ini a\u017eurirala svoju stranicu za pomo\u0107 korisnicima, prenosi GSM Arena.<\/p>\n<p data-start=\"327\" data-end=\"583\">Na toj stranici korisnicima je poja\u0161njeno \u0161ta mogu u\u010diniti prije nego \u0161to promjena stupi na snagu. Iz Instagrama navode da \u0107e korisnici \u010diji razgovori budu pogo\u0111eni ovom izmjenom dobiti upute kako da preuzmu poruke ili medijske sadr\u017eaje koje \u017eele sa\u010duvati.<\/p>\n<p data-start=\"585\" data-end=\"818\">End-to-end enkripcija je sigurnosni sistem koji omogu\u0107ava da sadr\u017eaj poruka mogu vidjeti samo osobe koje komuniciraju, dok tre\u0107e strane, uklju\u010duju\u0107i i samu kompaniju <span class=\"hover:entity-accent entity-underline inline cursor-pointer align-baseline\"><span class=\"whitespace-normal\">Meta Platforms<\/span><\/span>, nemaju pristup tim podacima.<\/p>\n<p data-start=\"820\" data-end=\"1096\">Uklanjanjem ove za\u0161tite, od 9. maja kompanija Meta tehni\u010dki \u0107e imati mogu\u0107nost pristupa porukama koje korisnici \u0161alju i primaju putem Instagrama. To ujedno zna\u010di da bi, u odre\u0111enim slu\u010dajevima i na zahtjev nadle\u017enih institucija, tim podacima mogle pristupiti i dr\u017eavne vlasti.<\/p>\n<p data-start=\"1098\" data-end=\"1269\">Ova promjena predstavlja zna\u010dajan zaokret u politici privatnosti jedne od najpopularnijih dru\u0161tvenih mre\u017ea na svijetu i mogla bi izazvati brojne reakcije me\u0111u korisnicima.<\/p>\n","protected":false},"excerpt":{"rendered":"<p>Dru\u0161tvena mre\u017ea Instagram odlu\u010dila je ukloniti end-to-end enkripciju (E2EE) iz svojih poruka, a promjena \u0107e&hellip;<\/p>\n","protected":false},"author":2,"featured_media":204107,"comment_status":"closed","ping_status":"closed","sticky":false,"template":"","format":"standard","meta":{"_acf_changed":false,"footnotes":""},"categories":[292],"tags":[2866],"acf":[],"yoast_head":"<!-- This site is optimized with the Yoast SEO plugin v23.5 - https:\/\/yoast.com\/wordpress\/plugins\/seo\/ -->\n<title>Va\u017ena promjena na Instagramu: Korisnicima savjetovano da preuzmu svoje poruke - TuzlaInfo.ba<\/title>\n<meta name=\"robots\" content=\"index, follow, max-snippet:-1, max-image-preview:large, max-video-preview:-1\" \/>\n<link rel=\"canonical\" href=\"https:\/\/tuzlainfo.ba\/index.php\/magazin\/item\/297336-vazna-promjena-na-instagramu-korisnicima-savjetovano-da-preuzmu-svoje-poruke\/\" \/>\n<meta property=\"og:locale\" content=\"bs_BA\" \/>\n<meta property=\"og:type\" content=\"article\" \/>\n<meta property=\"og:title\" content=\"Va\u017ena promjena na Instagramu: Korisnicima savjetovano da preuzmu svoje poruke - TuzlaInfo.ba\" \/>\n<meta property=\"og:description\" content=\"Dru\u0161tvena mre\u017ea Instagram odlu\u010dila je ukloniti end-to-end enkripciju (E2EE) iz svojih poruka, a promjena \u0107e&hellip;\" \/>\n<meta property=\"og:url\" content=\"https:\/\/tuzlainfo.ba\/index.php\/magazin\/item\/297336-vazna-promjena-na-instagramu-korisnicima-savjetovano-da-preuzmu-svoje-poruke\/\" \/>\n<meta property=\"og:site_name\" content=\"TuzlaInfo.ba\" \/>\n<meta property=\"article:publisher\" content=\"https:\/\/www.facebook.com\/tuzlainfo.ba\/\" \/>\n<meta property=\"article:published_time\" content=\"2026-03-15T12:45:19+00:00\" \/>\n<meta property=\"og:image\" content=\"https:\/\/tuzlainfo.ba\/wp-content\/uploads\/2023\/05\/0805_instagram.jpg\" \/>\n\t<meta property=\"og:image:width\" content=\"1000\" \/>\n\t<meta property=\"og:image:height\" content=\"562\" \/>\n\t<meta property=\"og:image:type\" content=\"image\/jpeg\" \/>\n<meta name=\"author\" content=\"nedim\" \/>\n<meta name=\"twitter:card\" content=\"summary_large_image\" \/>\n<meta name=\"twitter:label1\" content=\"Written by\" \/>\n\t<meta name=\"twitter:data1\" content=\"nedim\" \/>\n\t<meta name=\"twitter:label2\" content=\"Est. reading time\" \/>\n\t<meta name=\"twitter:data2\" content=\"2 minute\" \/>\n<script type=\"application\/ld+json\" class=\"yoast-schema-graph\">{\"@context\":\"https:\/\/schema.org\",\"@graph\":[{\"@type\":\"Article\",\"@id\":\"https:\/\/tuzlainfo.ba\/index.php\/magazin\/item\/297336-vazna-promjena-na-instagramu-korisnicima-savjetovano-da-preuzmu-svoje-poruke\/#article\",\"isPartOf\":{\"@id\":\"https:\/\/tuzlainfo.ba\/index.php\/magazin\/item\/297336-vazna-promjena-na-instagramu-korisnicima-savjetovano-da-preuzmu-svoje-poruke\/\"},\"author\":{\"name\":\"nedim\",\"@id\":\"https:\/\/tuzlainfo.ba\/#\/schema\/person\/f434e20dc27ea133923aab08451b7f7f\"},\"headline\":\"Va\u017ena promjena na Instagramu: Korisnicima savjetovano da preuzmu svoje poruke\",\"datePublished\":\"2026-03-15T12:45:19+00:00\",\"dateModified\":\"2026-03-15T12:45:19+00:00\",\"mainEntityOfPage\":{\"@id\":\"https:\/\/tuzlainfo.ba\/index.php\/magazin\/item\/297336-vazna-promjena-na-instagramu-korisnicima-savjetovano-da-preuzmu-svoje-poruke\/\"},\"wordCount\":217,\"publisher\":{\"@id\":\"https:\/\/tuzlainfo.ba\/#organization\"},\"image\":{\"@id\":\"https:\/\/tuzlainfo.ba\/index.php\/magazin\/item\/297336-vazna-promjena-na-instagramu-korisnicima-savjetovano-da-preuzmu-svoje-poruke\/#primaryimage\"},\"thumbnailUrl\":\"https:\/\/tuzlainfo.ba\/wp-content\/uploads\/2023\/05\/0805_instagram.jpg\",\"keywords\":[\"instagram\"],\"articleSection\":[\"Magazin\"],\"inLanguage\":\"bs-BA\"},{\"@type\":\"WebPage\",\"@id\":\"https:\/\/tuzlainfo.ba\/index.php\/magazin\/item\/297336-vazna-promjena-na-instagramu-korisnicima-savjetovano-da-preuzmu-svoje-poruke\/\",\"url\":\"https:\/\/tuzlainfo.ba\/index.php\/magazin\/item\/297336-vazna-promjena-na-instagramu-korisnicima-savjetovano-da-preuzmu-svoje-poruke\/\",\"name\":\"Va\u017ena promjena na Instagramu: Korisnicima savjetovano da preuzmu svoje poruke - TuzlaInfo.ba\",\"isPartOf\":{\"@id\":\"https:\/\/tuzlainfo.ba\/#website\"},\"primaryImageOfPage\":{\"@id\":\"https:\/\/tuzlainfo.ba\/index.php\/magazin\/item\/297336-vazna-promjena-na-instagramu-korisnicima-savjetovano-da-preuzmu-svoje-poruke\/#primaryimage\"},\"image\":{\"@id\":\"https:\/\/tuzlainfo.ba\/index.php\/magazin\/item\/297336-vazna-promjena-na-instagramu-korisnicima-savjetovano-da-preuzmu-svoje-poruke\/#primaryimage\"},\"thumbnailUrl\":\"https:\/\/tuzlainfo.ba\/wp-content\/uploads\/2023\/05\/0805_instagram.jpg\",\"datePublished\":\"2026-03-15T12:45:19+00:00\",\"dateModified\":\"2026-03-15T12:45:19+00:00\",\"breadcrumb\":{\"@id\":\"https:\/\/tuzlainfo.ba\/index.php\/magazin\/item\/297336-vazna-promjena-na-instagramu-korisnicima-savjetovano-da-preuzmu-svoje-poruke\/#breadcrumb\"},\"inLanguage\":\"bs-BA\",\"potentialAction\":[{\"@type\":\"ReadAction\",\"target\":[\"https:\/\/tuzlainfo.ba\/index.php\/magazin\/item\/297336-vazna-promjena-na-instagramu-korisnicima-savjetovano-da-preuzmu-svoje-poruke\/\"]}]},{\"@type\":\"ImageObject\",\"inLanguage\":\"bs-BA\",\"@id\":\"https:\/\/tuzlainfo.ba\/index.php\/magazin\/item\/297336-vazna-promjena-na-instagramu-korisnicima-savjetovano-da-preuzmu-svoje-poruke\/#primaryimage\",\"url\":\"https:\/\/tuzlainfo.ba\/wp-content\/uploads\/2023\/05\/0805_instagram.jpg\",\"contentUrl\":\"https:\/\/tuzlainfo.ba\/wp-content\/uploads\/2023\/05\/0805_instagram.jpg\",\"width\":1000,\"height\":562,\"caption\":\"Photo by Luke van Zyl on Unsplash\"},{\"@type\":\"BreadcrumbList\",\"@id\":\"https:\/\/tuzlainfo.ba\/index.php\/magazin\/item\/297336-vazna-promjena-na-instagramu-korisnicima-savjetovano-da-preuzmu-svoje-poruke\/#breadcrumb\",\"itemListElement\":[{\"@type\":\"ListItem\",\"position\":1,\"name\":\"Home\",\"item\":\"https:\/\/tuzlainfo.ba\/\"},{\"@type\":\"ListItem\",\"position\":2,\"name\":\"Va\u017ena promjena na Instagramu: Korisnicima savjetovano da preuzmu svoje poruke\"}]},{\"@type\":\"WebSite\",\"@id\":\"https:\/\/tuzlainfo.ba\/#website\",\"url\":\"https:\/\/tuzlainfo.ba\/\",\"name\":\"TuzlaInfo.ba\",\"description\":\"Tuzla info, gradski informator - Tuzla na dlanu\",\"publisher\":{\"@id\":\"https:\/\/tuzlainfo.ba\/#organization\"},\"potentialAction\":[{\"@type\":\"SearchAction\",\"target\":{\"@type\":\"EntryPoint\",\"urlTemplate\":\"https:\/\/tuzlainfo.ba\/?s={search_term_string}\"},\"query-input\":{\"@type\":\"PropertyValueSpecification\",\"valueRequired\":true,\"valueName\":\"search_term_string\"}}],\"inLanguage\":\"bs-BA\"},{\"@type\":\"Organization\",\"@id\":\"https:\/\/tuzlainfo.ba\/#organization\",\"name\":\"TuzlaInfo.ba\",\"url\":\"https:\/\/tuzlainfo.ba\/\",\"logo\":{\"@type\":\"ImageObject\",\"inLanguage\":\"bs-BA\",\"@id\":\"https:\/\/tuzlainfo.ba\/#\/schema\/logo\/image\/\",\"url\":\"https:\/\/tuzlainfo.ba\/wp-content\/uploads\/2021\/03\/logo-ver-3-1.png\",\"contentUrl\":\"https:\/\/tuzlainfo.ba\/wp-content\/uploads\/2021\/03\/logo-ver-3-1.png\",\"width\":350,\"height\":95,\"caption\":\"TuzlaInfo.ba\"},\"image\":{\"@id\":\"https:\/\/tuzlainfo.ba\/#\/schema\/logo\/image\/\"},\"sameAs\":[\"https:\/\/www.facebook.com\/tuzlainfo.ba\/\"]},{\"@type\":\"Person\",\"@id\":\"https:\/\/tuzlainfo.ba\/#\/schema\/person\/f434e20dc27ea133923aab08451b7f7f\",\"name\":\"nedim\",\"image\":{\"@type\":\"ImageObject\",\"inLanguage\":\"bs-BA\",\"@id\":\"https:\/\/tuzlainfo.ba\/#\/schema\/person\/image\/\",\"url\":\"https:\/\/tuzlainfo.ba\/wp-content\/litespeed\/avatar\/aabad687af24844af817603ac1cbdc4f.jpg?ver=1777306975\",\"contentUrl\":\"https:\/\/tuzlainfo.ba\/wp-content\/litespeed\/avatar\/aabad687af24844af817603ac1cbdc4f.jpg?ver=1777306975\",\"caption\":\"nedim\"},\"description\":\"Tuzlainfo.ba pratite na dru\u0161tvenim mre\u017eama: Facebook, Instagram i Youtube. Svoje pri\u010de, upite i fotografije \u0161aljite na na\u0161u e-mail adresu.\"}]}<\/script>\n<!-- \/ Yoast SEO plugin. -->","yoast_head_json":{"title":"Va\u017ena promjena na Instagramu: Korisnicima savjetovano da preuzmu svoje poruke - TuzlaInfo.ba","robots":{"index":"index","follow":"follow","max-snippet":"max-snippet:-1","max-image-preview":"max-image-preview:large","max-video-preview":"max-video-preview:-1"},"canonical":"https:\/\/tuzlainfo.ba\/index.php\/magazin\/item\/297336-vazna-promjena-na-instagramu-korisnicima-savjetovano-da-preuzmu-svoje-poruke\/","og_locale":"bs_BA","og_type":"article","og_title":"Va\u017ena promjena na Instagramu: Korisnicima savjetovano da preuzmu svoje poruke - TuzlaInfo.ba","og_description":"Dru\u0161tvena mre\u017ea Instagram odlu\u010dila je ukloniti end-to-end enkripciju (E2EE) iz svojih poruka, a promjena \u0107e&hellip;","og_url":"https:\/\/tuzlainfo.ba\/index.php\/magazin\/item\/297336-vazna-promjena-na-instagramu-korisnicima-savjetovano-da-preuzmu-svoje-poruke\/","og_site_name":"TuzlaInfo.ba","article_publisher":"https:\/\/www.facebook.com\/tuzlainfo.ba\/","article_published_time":"2026-03-15T12:45:19+00:00","og_image":[{"width":1000,"height":562,"url":"https:\/\/tuzlainfo.ba\/wp-content\/uploads\/2023\/05\/0805_instagram.jpg","type":"image\/jpeg"}],"author":"nedim","twitter_card":"summary_large_image","twitter_misc":{"Written by":"nedim","Est. reading time":"2 minute"},"schema":{"@context":"https:\/\/schema.org","@graph":[{"@type":"Article","@id":"https:\/\/tuzlainfo.ba\/index.php\/magazin\/item\/297336-vazna-promjena-na-instagramu-korisnicima-savjetovano-da-preuzmu-svoje-poruke\/#article","isPartOf":{"@id":"https:\/\/tuzlainfo.ba\/index.php\/magazin\/item\/297336-vazna-promjena-na-instagramu-korisnicima-savjetovano-da-preuzmu-svoje-poruke\/"},"author":{"name":"nedim","@id":"https:\/\/tuzlainfo.ba\/#\/schema\/person\/f434e20dc27ea133923aab08451b7f7f"},"headline":"Va\u017ena promjena na Instagramu: Korisnicima savjetovano da preuzmu svoje poruke","datePublished":"2026-03-15T12:45:19+00:00","dateModified":"2026-03-15T12:45:19+00:00","mainEntityOfPage":{"@id":"https:\/\/tuzlainfo.ba\/index.php\/magazin\/item\/297336-vazna-promjena-na-instagramu-korisnicima-savjetovano-da-preuzmu-svoje-poruke\/"},"wordCount":217,"publisher":{"@id":"https:\/\/tuzlainfo.ba\/#organization"},"image":{"@id":"https:\/\/tuzlainfo.ba\/index.php\/magazin\/item\/297336-vazna-promjena-na-instagramu-korisnicima-savjetovano-da-preuzmu-svoje-poruke\/#primaryimage"},"thumbnailUrl":"https:\/\/tuzlainfo.ba\/wp-content\/uploads\/2023\/05\/0805_instagram.jpg","keywords":["instagram"],"articleSection":["Magazin"],"inLanguage":"bs-BA"},{"@type":"WebPage","@id":"https:\/\/tuzlainfo.ba\/index.php\/magazin\/item\/297336-vazna-promjena-na-instagramu-korisnicima-savjetovano-da-preuzmu-svoje-poruke\/","url":"https:\/\/tuzlainfo.ba\/index.php\/magazin\/item\/297336-vazna-promjena-na-instagramu-korisnicima-savjetovano-da-preuzmu-svoje-poruke\/","name":"Va\u017ena promjena na Instagramu: Korisnicima savjetovano da preuzmu svoje poruke - TuzlaInfo.ba","isPartOf":{"@id":"https:\/\/tuzlainfo.ba\/#website"},"primaryImageOfPage":{"@id":"https:\/\/tuzlainfo.ba\/index.php\/magazin\/item\/297336-vazna-promjena-na-instagramu-korisnicima-savjetovano-da-preuzmu-svoje-poruke\/#primaryimage"},"image":{"@id":"https:\/\/tuzlainfo.ba\/index.php\/magazin\/item\/297336-vazna-promjena-na-instagramu-korisnicima-savjetovano-da-preuzmu-svoje-poruke\/#primaryimage"},"thumbnailUrl":"https:\/\/tuzlainfo.ba\/wp-content\/uploads\/2023\/05\/0805_instagram.jpg","datePublished":"2026-03-15T12:45:19+00:00","dateModified":"2026-03-15T12:45:19+00:00","breadcrumb":{"@id":"https:\/\/tuzlainfo.ba\/index.php\/magazin\/item\/297336-vazna-promjena-na-instagramu-korisnicima-savjetovano-da-preuzmu-svoje-poruke\/#breadcrumb"},"inLanguage":"bs-BA","potentialAction":[{"@type":"ReadAction","target":["https:\/\/tuzlainfo.ba\/index.php\/magazin\/item\/297336-vazna-promjena-na-instagramu-korisnicima-savjetovano-da-preuzmu-svoje-poruke\/"]}]},{"@type":"ImageObject","inLanguage":"bs-BA","@id":"https:\/\/tuzlainfo.ba\/index.php\/magazin\/item\/297336-vazna-promjena-na-instagramu-korisnicima-savjetovano-da-preuzmu-svoje-poruke\/#primaryimage","url":"https:\/\/tuzlainfo.ba\/wp-content\/uploads\/2023\/05\/0805_instagram.jpg","contentUrl":"https:\/\/tuzlainfo.ba\/wp-content\/uploads\/2023\/05\/0805_instagram.jpg","width":1000,"height":562,"caption":"Photo by Luke van Zyl on Unsplash"},{"@type":"BreadcrumbList","@id":"https:\/\/tuzlainfo.ba\/index.php\/magazin\/item\/297336-vazna-promjena-na-instagramu-korisnicima-savjetovano-da-preuzmu-svoje-poruke\/#breadcrumb","itemListElement":[{"@type":"ListItem","position":1,"name":"Home","item":"https:\/\/tuzlainfo.ba\/"},{"@type":"ListItem","position":2,"name":"Va\u017ena promjena na Instagramu: Korisnicima savjetovano da preuzmu svoje poruke"}]},{"@type":"WebSite","@id":"https:\/\/tuzlainfo.ba\/#website","url":"https:\/\/tuzlainfo.ba\/","name":"TuzlaInfo.ba","description":"Tuzla info, gradski informator - Tuzla na dlanu","publisher":{"@id":"https:\/\/tuzlainfo.ba\/#organization"},"potentialAction":[{"@type":"SearchAction","target":{"@type":"EntryPoint","urlTemplate":"https:\/\/tuzlainfo.ba\/?s={search_term_string}"},"query-input":{"@type":"PropertyValueSpecification","valueRequired":true,"valueName":"search_term_string"}}],"inLanguage":"bs-BA"},{"@type":"Organization","@id":"https:\/\/tuzlainfo.ba\/#organization","name":"TuzlaInfo.ba","url":"https:\/\/tuzlainfo.ba\/","logo":{"@type":"ImageObject","inLanguage":"bs-BA","@id":"https:\/\/tuzlainfo.ba\/#\/schema\/logo\/image\/","url":"https:\/\/tuzlainfo.ba\/wp-content\/uploads\/2021\/03\/logo-ver-3-1.png","contentUrl":"https:\/\/tuzlainfo.ba\/wp-content\/uploads\/2021\/03\/logo-ver-3-1.png","width":350,"height":95,"caption":"TuzlaInfo.ba"},"image":{"@id":"https:\/\/tuzlainfo.ba\/#\/schema\/logo\/image\/"},"sameAs":["https:\/\/www.facebook.com\/tuzlainfo.ba\/"]},{"@type":"Person","@id":"https:\/\/tuzlainfo.ba\/#\/schema\/person\/f434e20dc27ea133923aab08451b7f7f","name":"nedim","image":{"@type":"ImageObject","inLanguage":"bs-BA","@id":"https:\/\/tuzlainfo.ba\/#\/schema\/person\/image\/","url":"https:\/\/tuzlainfo.ba\/wp-content\/litespeed\/avatar\/aabad687af24844af817603ac1cbdc4f.jpg?ver=1777306975","contentUrl":"https:\/\/tuzlainfo.ba\/wp-content\/litespeed\/avatar\/aabad687af24844af817603ac1cbdc4f.jpg?ver=1777306975","caption":"nedim"},"description":"Tuzlainfo.ba pratite na dru\u0161tvenim mre\u017eama: Facebook, Instagram i Youtube. Svoje pri\u010de, upite i fotografije \u0161aljite na na\u0161u e-mail adresu."}]}},"_links":{"self":[{"href":"https:\/\/tuzlainfo.ba\/index.php\/wp-json\/wp\/v2\/posts\/297336"}],"collection":[{"href":"https:\/\/tuzlainfo.ba\/index.php\/wp-json\/wp\/v2\/posts"}],"about":[{"href":"https:\/\/tuzlainfo.ba\/index.php\/wp-json\/wp\/v2\/types\/post"}],"author":[{"embeddable":true,"href":"https:\/\/tuzlainfo.ba\/index.php\/wp-json\/wp\/v2\/users\/2"}],"replies":[{"embeddable":true,"href":"https:\/\/tuzlainfo.ba\/index.php\/wp-json\/wp\/v2\/comments?post=297336"}],"version-history":[{"count":1,"href":"https:\/\/tuzlainfo.ba\/index.php\/wp-json\/wp\/v2\/posts\/297336\/revisions"}],"predecessor-version":[{"id":297337,"href":"https:\/\/tuzlainfo.ba\/index.php\/wp-json\/wp\/v2\/posts\/297336\/revisions\/297337"}],"wp:featuredmedia":[{"embeddable":true,"href":"https:\/\/tuzlainfo.ba\/index.php\/wp-json\/wp\/v2\/media\/204107"}],"wp:attachment":[{"href":"https:\/\/tuzlainfo.ba\/index.php\/wp-json\/wp\/v2\/media?parent=297336"}],"wp:term":[{"taxonomy":"category","embeddable":true,"href":"https:\/\/tuzlainfo.ba\/index.php\/wp-json\/wp\/v2\/categories?post=297336"},{"taxonomy":"post_tag","embeddable":true,"href":"https:\/\/tuzlainfo.ba\/index.php\/wp-json\/wp\/v2\/tags?post=297336"}],"curies":[{"name":"wp","href":"https:\/\/api.w.org\/{rel}","templated":true}]}}