{"id":297303,"date":"2026-03-14T20:48:18","date_gmt":"2026-03-14T19:48:18","guid":{"rendered":"https:\/\/tuzlainfo.ba\/?p=297303"},"modified":"2026-03-14T20:48:18","modified_gmt":"2026-03-14T19:48:18","slug":"bosna-i-hercegovina-ponosna-alan-hanjalic-vodi-jedan-od-najuglednijih-evropskih-fakulteta","status":"publish","type":"post","link":"https:\/\/tuzlainfo.ba\/index.php\/bosna-i-hercegovina\/item\/297303-bosna-i-hercegovina-ponosna-alan-hanjalic-vodi-jedan-od-najuglednijih-evropskih-fakulteta\/","title":{"rendered":"Bosna i Hercegovina ponosna: Alan Hanjali\u0107 vodi jedan od najuglednijih evropskih fakulteta"},"content":{"rendered":"<p data-start=\"0\" data-end=\"442\">Bosanskohercegova\u010dki nau\u010dnik <span class=\"hover:entity-accent entity-underline inline cursor-pointer align-baseline\"><span class=\"whitespace-normal\">Alan Hanjali\u0107<\/span><\/span> imenovan je za dekana Fakulteta prirodnih nauka na <span class=\"hover:entity-accent entity-underline inline cursor-pointer align-baseline\"><span class=\"whitespace-normal\">Utrecht University<\/span><\/span> u Nizozemskoj, jednom od najuglednijih evropskih univerziteta. Vijest je na dru\u0161tvenim mre\u017eama objavio <span class=\"hover:entity-accent entity-underline inline cursor-pointer align-baseline\"><span class=\"whitespace-normal\">Edhem \u010custovi\u0107<\/span><\/span>, Tuzlak koji \u017eivi i radi u <span class=\"hover:entity-accent entity-underline inline cursor-pointer align-baseline\"><span class=\"whitespace-normal\">Melbourni<\/span><\/span>\u00a0i koji je poznat po promociji uspjeha gra\u0111ana Bosne i Hercegovine \u0161irom svijeta.<\/p>\n<p data-start=\"444\" data-end=\"779\">Kako je naveo \u010custovi\u0107, akademski put profesora Hanjali\u0107a zapo\u010deo je na <span class=\"hover:entity-accent entity-underline inline cursor-pointer align-baseline\"><span class=\"whitespace-normal\">Univerzitet u Sarajevu<\/span><\/span>, gdje je studirao elektrotehniku i zavr\u0161io prve dvije godine studija. Me\u0111utim, rat u Bosni i Hercegovini prekinuo je njegovo obrazovanje, zbog \u010dega je, poput mnogih mladih ljudi iz tog perioda, studij nastavio u inostranstvu.<\/p>\n<p data-start=\"781\" data-end=\"1105\">Daljnje obrazovanje i nau\u010dnu karijeru nastavio je na <span class=\"hover:entity-accent entity-underline inline cursor-pointer align-baseline\"><span class=\"whitespace-normal\">Delft University of Technology<\/span><\/span> u Nizozemskoj, jednom od vode\u0107ih tehni\u010dkih univerziteta u svijetu. Na ovom univerzitetu je doktorirao, a potom izgradio zavidnu me\u0111unarodnu karijeru u oblastima umjetne inteligencije, multimedijalnih sistema i analize video sadr\u017eaja.<\/p>\n<p data-start=\"1107\" data-end=\"1354\">Danas se <span class=\"hover:entity-accent entity-underline inline cursor-pointer align-baseline\"><span class=\"whitespace-normal\">Alan Hanjali\u0107<\/span><\/span> ubraja me\u0111u vode\u0107e svjetske stru\u010dnjake u toj oblasti, a nosilac je i presti\u017enog zvanja <span class=\"hover:entity-accent entity-underline inline cursor-pointer align-baseline\"><span class=\"whitespace-normal\">Institute of Electrical and Electronics Engineers<\/span><\/span> Fellow, \u0161to predstavlja jedno od najvi\u0161ih priznanja u in\u017eenjerskim naukama.<\/p>\n<p data-start=\"1356\" data-end=\"1659\">Hanjali\u0107 dolazi iz porodice bogate akademske tradicije. Sin je akademika <span class=\"hover:entity-accent entity-underline inline cursor-pointer align-baseline\"><span class=\"whitespace-normal\">Kemala Hanjali\u0107a<\/span><\/span>, jednog od najpoznatijih bosanskohercegova\u010dkih nau\u010dnika i biv\u0161eg gradona\u010delnika <span class=\"hover:entity-accent entity-underline inline cursor-pointer align-baseline\"><span class=\"whitespace-normal\">Sarajeva<\/span><\/span>, koji je ostavio zna\u010dajan trag u akademskoj zajednici Bosne i Hercegovine.<\/p>\n<p data-start=\"1661\" data-end=\"1938\">Imenovanje na \u010delo jednog od najve\u0107ih nau\u010dnih fakulteta u Nizozemskoj jo\u0161 je jedan dokaz da stru\u010dnjaci porijeklom iz Bosne i Hercegovine ostvaruju zna\u010dajne uspjehe na svjetskoj akademskoj sceni, vode univerzitete, istra\u017eiva\u010dke centre i u\u010destvuju u globalnim nau\u010dnim projektima.<\/p>\n<p data-start=\"1940\" data-end=\"2066\" data-is-last-node=\"\" data-is-only-node=\"\">Profesoru <span class=\"hover:entity-accent entity-underline inline cursor-pointer align-baseline\"><span class=\"whitespace-normal\">Alanu Hanjali\u0107u<\/span><\/span> upu\u0107ene su brojne \u010destitke povodom ovog velikog profesionalnog uspjeha.<strong>\/Tuzlainfo.ba\/<\/strong><\/p>\n","protected":false},"excerpt":{"rendered":"<p>Bosanskohercegova\u010dki nau\u010dnik Alan Hanjali\u0107 imenovan je za dekana Fakulteta prirodnih nauka na Utrecht University u&hellip;<\/p>\n","protected":false},"author":2,"featured_media":297304,"comment_status":"closed","ping_status":"closed","sticky":false,"template":"","format":"standard","meta":{"_acf_changed":false,"footnotes":""},"categories":[291],"tags":[13619],"acf":[],"yoast_head":"<!-- This site is optimized with the Yoast SEO plugin v23.5 - https:\/\/yoast.com\/wordpress\/plugins\/seo\/ -->\n<title>Bosna i Hercegovina ponosna: Alan Hanjali\u0107 vodi jedan od najuglednijih evropskih fakulteta - TuzlaInfo.ba<\/title>\n<meta name=\"robots\" content=\"index, follow, max-snippet:-1, max-image-preview:large, max-video-preview:-1\" \/>\n<link rel=\"canonical\" href=\"https:\/\/tuzlainfo.ba\/index.php\/bosna-i-hercegovina\/item\/297303-bosna-i-hercegovina-ponosna-alan-hanjalic-vodi-jedan-od-najuglednijih-evropskih-fakulteta\/\" \/>\n<meta property=\"og:locale\" content=\"bs_BA\" \/>\n<meta property=\"og:type\" content=\"article\" \/>\n<meta property=\"og:title\" content=\"Bosna i Hercegovina ponosna: Alan Hanjali\u0107 vodi jedan od najuglednijih evropskih fakulteta - TuzlaInfo.ba\" \/>\n<meta property=\"og:description\" content=\"Bosanskohercegova\u010dki nau\u010dnik Alan Hanjali\u0107 imenovan je za dekana Fakulteta prirodnih nauka na Utrecht University u&hellip;\" \/>\n<meta property=\"og:url\" content=\"https:\/\/tuzlainfo.ba\/index.php\/bosna-i-hercegovina\/item\/297303-bosna-i-hercegovina-ponosna-alan-hanjalic-vodi-jedan-od-najuglednijih-evropskih-fakulteta\/\" \/>\n<meta property=\"og:site_name\" content=\"TuzlaInfo.ba\" \/>\n<meta property=\"article:publisher\" content=\"https:\/\/www.facebook.com\/tuzlainfo.ba\/\" \/>\n<meta property=\"article:published_time\" content=\"2026-03-14T19:48:18+00:00\" \/>\n<meta property=\"og:image\" content=\"https:\/\/tuzlainfo.ba\/wp-content\/uploads\/2026\/03\/1403_alen_hanjalic.jpg\" \/>\n\t<meta property=\"og:image:width\" content=\"1000\" \/>\n\t<meta property=\"og:image:height\" content=\"654\" \/>\n\t<meta property=\"og:image:type\" content=\"image\/jpeg\" \/>\n<meta name=\"author\" content=\"nedim\" \/>\n<meta name=\"twitter:card\" content=\"summary_large_image\" \/>\n<meta name=\"twitter:label1\" content=\"Written by\" \/>\n\t<meta name=\"twitter:data1\" content=\"nedim\" \/>\n\t<meta name=\"twitter:label2\" content=\"Est. reading time\" \/>\n\t<meta name=\"twitter:data2\" content=\"2 minute\" \/>\n<script type=\"application\/ld+json\" class=\"yoast-schema-graph\">{\"@context\":\"https:\/\/schema.org\",\"@graph\":[{\"@type\":\"Article\",\"@id\":\"https:\/\/tuzlainfo.ba\/index.php\/bosna-i-hercegovina\/item\/297303-bosna-i-hercegovina-ponosna-alan-hanjalic-vodi-jedan-od-najuglednijih-evropskih-fakulteta\/#article\",\"isPartOf\":{\"@id\":\"https:\/\/tuzlainfo.ba\/index.php\/bosna-i-hercegovina\/item\/297303-bosna-i-hercegovina-ponosna-alan-hanjalic-vodi-jedan-od-najuglednijih-evropskih-fakulteta\/\"},\"author\":{\"name\":\"nedim\",\"@id\":\"https:\/\/tuzlainfo.ba\/#\/schema\/person\/f434e20dc27ea133923aab08451b7f7f\"},\"headline\":\"Bosna i Hercegovina ponosna: Alan Hanjali\u0107 vodi jedan od najuglednijih evropskih fakulteta\",\"datePublished\":\"2026-03-14T19:48:18+00:00\",\"dateModified\":\"2026-03-14T19:48:18+00:00\",\"mainEntityOfPage\":{\"@id\":\"https:\/\/tuzlainfo.ba\/index.php\/bosna-i-hercegovina\/item\/297303-bosna-i-hercegovina-ponosna-alan-hanjalic-vodi-jedan-od-najuglednijih-evropskih-fakulteta\/\"},\"wordCount\":305,\"publisher\":{\"@id\":\"https:\/\/tuzlainfo.ba\/#organization\"},\"image\":{\"@id\":\"https:\/\/tuzlainfo.ba\/index.php\/bosna-i-hercegovina\/item\/297303-bosna-i-hercegovina-ponosna-alan-hanjalic-vodi-jedan-od-najuglednijih-evropskih-fakulteta\/#primaryimage\"},\"thumbnailUrl\":\"https:\/\/tuzlainfo.ba\/wp-content\/uploads\/2026\/03\/1403_alen_hanjalic.jpg\",\"keywords\":[\"Alan Hanjali\u0107\"],\"articleSection\":[\"Bosna i Hercegovina\"],\"inLanguage\":\"bs-BA\"},{\"@type\":\"WebPage\",\"@id\":\"https:\/\/tuzlainfo.ba\/index.php\/bosna-i-hercegovina\/item\/297303-bosna-i-hercegovina-ponosna-alan-hanjalic-vodi-jedan-od-najuglednijih-evropskih-fakulteta\/\",\"url\":\"https:\/\/tuzlainfo.ba\/index.php\/bosna-i-hercegovina\/item\/297303-bosna-i-hercegovina-ponosna-alan-hanjalic-vodi-jedan-od-najuglednijih-evropskih-fakulteta\/\",\"name\":\"Bosna i Hercegovina ponosna: Alan Hanjali\u0107 vodi jedan od najuglednijih evropskih fakulteta - TuzlaInfo.ba\",\"isPartOf\":{\"@id\":\"https:\/\/tuzlainfo.ba\/#website\"},\"primaryImageOfPage\":{\"@id\":\"https:\/\/tuzlainfo.ba\/index.php\/bosna-i-hercegovina\/item\/297303-bosna-i-hercegovina-ponosna-alan-hanjalic-vodi-jedan-od-najuglednijih-evropskih-fakulteta\/#primaryimage\"},\"image\":{\"@id\":\"https:\/\/tuzlainfo.ba\/index.php\/bosna-i-hercegovina\/item\/297303-bosna-i-hercegovina-ponosna-alan-hanjalic-vodi-jedan-od-najuglednijih-evropskih-fakulteta\/#primaryimage\"},\"thumbnailUrl\":\"https:\/\/tuzlainfo.ba\/wp-content\/uploads\/2026\/03\/1403_alen_hanjalic.jpg\",\"datePublished\":\"2026-03-14T19:48:18+00:00\",\"dateModified\":\"2026-03-14T19:48:18+00:00\",\"breadcrumb\":{\"@id\":\"https:\/\/tuzlainfo.ba\/index.php\/bosna-i-hercegovina\/item\/297303-bosna-i-hercegovina-ponosna-alan-hanjalic-vodi-jedan-od-najuglednijih-evropskih-fakulteta\/#breadcrumb\"},\"inLanguage\":\"bs-BA\",\"potentialAction\":[{\"@type\":\"ReadAction\",\"target\":[\"https:\/\/tuzlainfo.ba\/index.php\/bosna-i-hercegovina\/item\/297303-bosna-i-hercegovina-ponosna-alan-hanjalic-vodi-jedan-od-najuglednijih-evropskih-fakulteta\/\"]}]},{\"@type\":\"ImageObject\",\"inLanguage\":\"bs-BA\",\"@id\":\"https:\/\/tuzlainfo.ba\/index.php\/bosna-i-hercegovina\/item\/297303-bosna-i-hercegovina-ponosna-alan-hanjalic-vodi-jedan-od-najuglednijih-evropskih-fakulteta\/#primaryimage\",\"url\":\"https:\/\/tuzlainfo.ba\/wp-content\/uploads\/2026\/03\/1403_alen_hanjalic.jpg\",\"contentUrl\":\"https:\/\/tuzlainfo.ba\/wp-content\/uploads\/2026\/03\/1403_alen_hanjalic.jpg\",\"width\":1000,\"height\":654},{\"@type\":\"BreadcrumbList\",\"@id\":\"https:\/\/tuzlainfo.ba\/index.php\/bosna-i-hercegovina\/item\/297303-bosna-i-hercegovina-ponosna-alan-hanjalic-vodi-jedan-od-najuglednijih-evropskih-fakulteta\/#breadcrumb\",\"itemListElement\":[{\"@type\":\"ListItem\",\"position\":1,\"name\":\"Home\",\"item\":\"https:\/\/tuzlainfo.ba\/\"},{\"@type\":\"ListItem\",\"position\":2,\"name\":\"Bosna i Hercegovina ponosna: Alan Hanjali\u0107 vodi jedan od najuglednijih evropskih fakulteta\"}]},{\"@type\":\"WebSite\",\"@id\":\"https:\/\/tuzlainfo.ba\/#website\",\"url\":\"https:\/\/tuzlainfo.ba\/\",\"name\":\"TuzlaInfo.ba\",\"description\":\"Tuzla info, gradski informator - Tuzla na dlanu\",\"publisher\":{\"@id\":\"https:\/\/tuzlainfo.ba\/#organization\"},\"potentialAction\":[{\"@type\":\"SearchAction\",\"target\":{\"@type\":\"EntryPoint\",\"urlTemplate\":\"https:\/\/tuzlainfo.ba\/?s={search_term_string}\"},\"query-input\":{\"@type\":\"PropertyValueSpecification\",\"valueRequired\":true,\"valueName\":\"search_term_string\"}}],\"inLanguage\":\"bs-BA\"},{\"@type\":\"Organization\",\"@id\":\"https:\/\/tuzlainfo.ba\/#organization\",\"name\":\"TuzlaInfo.ba\",\"url\":\"https:\/\/tuzlainfo.ba\/\",\"logo\":{\"@type\":\"ImageObject\",\"inLanguage\":\"bs-BA\",\"@id\":\"https:\/\/tuzlainfo.ba\/#\/schema\/logo\/image\/\",\"url\":\"https:\/\/tuzlainfo.ba\/wp-content\/uploads\/2021\/03\/logo-ver-3-1.png\",\"contentUrl\":\"https:\/\/tuzlainfo.ba\/wp-content\/uploads\/2021\/03\/logo-ver-3-1.png\",\"width\":350,\"height\":95,\"caption\":\"TuzlaInfo.ba\"},\"image\":{\"@id\":\"https:\/\/tuzlainfo.ba\/#\/schema\/logo\/image\/\"},\"sameAs\":[\"https:\/\/www.facebook.com\/tuzlainfo.ba\/\"]},{\"@type\":\"Person\",\"@id\":\"https:\/\/tuzlainfo.ba\/#\/schema\/person\/f434e20dc27ea133923aab08451b7f7f\",\"name\":\"nedim\",\"image\":{\"@type\":\"ImageObject\",\"inLanguage\":\"bs-BA\",\"@id\":\"https:\/\/tuzlainfo.ba\/#\/schema\/person\/image\/\",\"url\":\"https:\/\/tuzlainfo.ba\/wp-content\/litespeed\/avatar\/aabad687af24844af817603ac1cbdc4f.jpg?ver=1777306975\",\"contentUrl\":\"https:\/\/tuzlainfo.ba\/wp-content\/litespeed\/avatar\/aabad687af24844af817603ac1cbdc4f.jpg?ver=1777306975\",\"caption\":\"nedim\"},\"description\":\"Tuzlainfo.ba pratite na dru\u0161tvenim mre\u017eama: Facebook, Instagram i Youtube. Svoje pri\u010de, upite i fotografije \u0161aljite na na\u0161u e-mail adresu.\"}]}<\/script>\n<!-- \/ Yoast SEO plugin. -->","yoast_head_json":{"title":"Bosna i Hercegovina ponosna: Alan Hanjali\u0107 vodi jedan od najuglednijih evropskih fakulteta - TuzlaInfo.ba","robots":{"index":"index","follow":"follow","max-snippet":"max-snippet:-1","max-image-preview":"max-image-preview:large","max-video-preview":"max-video-preview:-1"},"canonical":"https:\/\/tuzlainfo.ba\/index.php\/bosna-i-hercegovina\/item\/297303-bosna-i-hercegovina-ponosna-alan-hanjalic-vodi-jedan-od-najuglednijih-evropskih-fakulteta\/","og_locale":"bs_BA","og_type":"article","og_title":"Bosna i Hercegovina ponosna: Alan Hanjali\u0107 vodi jedan od najuglednijih evropskih fakulteta - TuzlaInfo.ba","og_description":"Bosanskohercegova\u010dki nau\u010dnik Alan Hanjali\u0107 imenovan je za dekana Fakulteta prirodnih nauka na Utrecht University u&hellip;","og_url":"https:\/\/tuzlainfo.ba\/index.php\/bosna-i-hercegovina\/item\/297303-bosna-i-hercegovina-ponosna-alan-hanjalic-vodi-jedan-od-najuglednijih-evropskih-fakulteta\/","og_site_name":"TuzlaInfo.ba","article_publisher":"https:\/\/www.facebook.com\/tuzlainfo.ba\/","article_published_time":"2026-03-14T19:48:18+00:00","og_image":[{"width":1000,"height":654,"url":"https:\/\/tuzlainfo.ba\/wp-content\/uploads\/2026\/03\/1403_alen_hanjalic.jpg","type":"image\/jpeg"}],"author":"nedim","twitter_card":"summary_large_image","twitter_misc":{"Written by":"nedim","Est. reading time":"2 minute"},"schema":{"@context":"https:\/\/schema.org","@graph":[{"@type":"Article","@id":"https:\/\/tuzlainfo.ba\/index.php\/bosna-i-hercegovina\/item\/297303-bosna-i-hercegovina-ponosna-alan-hanjalic-vodi-jedan-od-najuglednijih-evropskih-fakulteta\/#article","isPartOf":{"@id":"https:\/\/tuzlainfo.ba\/index.php\/bosna-i-hercegovina\/item\/297303-bosna-i-hercegovina-ponosna-alan-hanjalic-vodi-jedan-od-najuglednijih-evropskih-fakulteta\/"},"author":{"name":"nedim","@id":"https:\/\/tuzlainfo.ba\/#\/schema\/person\/f434e20dc27ea133923aab08451b7f7f"},"headline":"Bosna i Hercegovina ponosna: Alan Hanjali\u0107 vodi jedan od najuglednijih evropskih fakulteta","datePublished":"2026-03-14T19:48:18+00:00","dateModified":"2026-03-14T19:48:18+00:00","mainEntityOfPage":{"@id":"https:\/\/tuzlainfo.ba\/index.php\/bosna-i-hercegovina\/item\/297303-bosna-i-hercegovina-ponosna-alan-hanjalic-vodi-jedan-od-najuglednijih-evropskih-fakulteta\/"},"wordCount":305,"publisher":{"@id":"https:\/\/tuzlainfo.ba\/#organization"},"image":{"@id":"https:\/\/tuzlainfo.ba\/index.php\/bosna-i-hercegovina\/item\/297303-bosna-i-hercegovina-ponosna-alan-hanjalic-vodi-jedan-od-najuglednijih-evropskih-fakulteta\/#primaryimage"},"thumbnailUrl":"https:\/\/tuzlainfo.ba\/wp-content\/uploads\/2026\/03\/1403_alen_hanjalic.jpg","keywords":["Alan Hanjali\u0107"],"articleSection":["Bosna i Hercegovina"],"inLanguage":"bs-BA"},{"@type":"WebPage","@id":"https:\/\/tuzlainfo.ba\/index.php\/bosna-i-hercegovina\/item\/297303-bosna-i-hercegovina-ponosna-alan-hanjalic-vodi-jedan-od-najuglednijih-evropskih-fakulteta\/","url":"https:\/\/tuzlainfo.ba\/index.php\/bosna-i-hercegovina\/item\/297303-bosna-i-hercegovina-ponosna-alan-hanjalic-vodi-jedan-od-najuglednijih-evropskih-fakulteta\/","name":"Bosna i Hercegovina ponosna: Alan Hanjali\u0107 vodi jedan od najuglednijih evropskih fakulteta - TuzlaInfo.ba","isPartOf":{"@id":"https:\/\/tuzlainfo.ba\/#website"},"primaryImageOfPage":{"@id":"https:\/\/tuzlainfo.ba\/index.php\/bosna-i-hercegovina\/item\/297303-bosna-i-hercegovina-ponosna-alan-hanjalic-vodi-jedan-od-najuglednijih-evropskih-fakulteta\/#primaryimage"},"image":{"@id":"https:\/\/tuzlainfo.ba\/index.php\/bosna-i-hercegovina\/item\/297303-bosna-i-hercegovina-ponosna-alan-hanjalic-vodi-jedan-od-najuglednijih-evropskih-fakulteta\/#primaryimage"},"thumbnailUrl":"https:\/\/tuzlainfo.ba\/wp-content\/uploads\/2026\/03\/1403_alen_hanjalic.jpg","datePublished":"2026-03-14T19:48:18+00:00","dateModified":"2026-03-14T19:48:18+00:00","breadcrumb":{"@id":"https:\/\/tuzlainfo.ba\/index.php\/bosna-i-hercegovina\/item\/297303-bosna-i-hercegovina-ponosna-alan-hanjalic-vodi-jedan-od-najuglednijih-evropskih-fakulteta\/#breadcrumb"},"inLanguage":"bs-BA","potentialAction":[{"@type":"ReadAction","target":["https:\/\/tuzlainfo.ba\/index.php\/bosna-i-hercegovina\/item\/297303-bosna-i-hercegovina-ponosna-alan-hanjalic-vodi-jedan-od-najuglednijih-evropskih-fakulteta\/"]}]},{"@type":"ImageObject","inLanguage":"bs-BA","@id":"https:\/\/tuzlainfo.ba\/index.php\/bosna-i-hercegovina\/item\/297303-bosna-i-hercegovina-ponosna-alan-hanjalic-vodi-jedan-od-najuglednijih-evropskih-fakulteta\/#primaryimage","url":"https:\/\/tuzlainfo.ba\/wp-content\/uploads\/2026\/03\/1403_alen_hanjalic.jpg","contentUrl":"https:\/\/tuzlainfo.ba\/wp-content\/uploads\/2026\/03\/1403_alen_hanjalic.jpg","width":1000,"height":654},{"@type":"BreadcrumbList","@id":"https:\/\/tuzlainfo.ba\/index.php\/bosna-i-hercegovina\/item\/297303-bosna-i-hercegovina-ponosna-alan-hanjalic-vodi-jedan-od-najuglednijih-evropskih-fakulteta\/#breadcrumb","itemListElement":[{"@type":"ListItem","position":1,"name":"Home","item":"https:\/\/tuzlainfo.ba\/"},{"@type":"ListItem","position":2,"name":"Bosna i Hercegovina ponosna: Alan Hanjali\u0107 vodi jedan od najuglednijih evropskih fakulteta"}]},{"@type":"WebSite","@id":"https:\/\/tuzlainfo.ba\/#website","url":"https:\/\/tuzlainfo.ba\/","name":"TuzlaInfo.ba","description":"Tuzla info, gradski informator - Tuzla na dlanu","publisher":{"@id":"https:\/\/tuzlainfo.ba\/#organization"},"potentialAction":[{"@type":"SearchAction","target":{"@type":"EntryPoint","urlTemplate":"https:\/\/tuzlainfo.ba\/?s={search_term_string}"},"query-input":{"@type":"PropertyValueSpecification","valueRequired":true,"valueName":"search_term_string"}}],"inLanguage":"bs-BA"},{"@type":"Organization","@id":"https:\/\/tuzlainfo.ba\/#organization","name":"TuzlaInfo.ba","url":"https:\/\/tuzlainfo.ba\/","logo":{"@type":"ImageObject","inLanguage":"bs-BA","@id":"https:\/\/tuzlainfo.ba\/#\/schema\/logo\/image\/","url":"https:\/\/tuzlainfo.ba\/wp-content\/uploads\/2021\/03\/logo-ver-3-1.png","contentUrl":"https:\/\/tuzlainfo.ba\/wp-content\/uploads\/2021\/03\/logo-ver-3-1.png","width":350,"height":95,"caption":"TuzlaInfo.ba"},"image":{"@id":"https:\/\/tuzlainfo.ba\/#\/schema\/logo\/image\/"},"sameAs":["https:\/\/www.facebook.com\/tuzlainfo.ba\/"]},{"@type":"Person","@id":"https:\/\/tuzlainfo.ba\/#\/schema\/person\/f434e20dc27ea133923aab08451b7f7f","name":"nedim","image":{"@type":"ImageObject","inLanguage":"bs-BA","@id":"https:\/\/tuzlainfo.ba\/#\/schema\/person\/image\/","url":"https:\/\/tuzlainfo.ba\/wp-content\/litespeed\/avatar\/aabad687af24844af817603ac1cbdc4f.jpg?ver=1777306975","contentUrl":"https:\/\/tuzlainfo.ba\/wp-content\/litespeed\/avatar\/aabad687af24844af817603ac1cbdc4f.jpg?ver=1777306975","caption":"nedim"},"description":"Tuzlainfo.ba pratite na dru\u0161tvenim mre\u017eama: Facebook, Instagram i Youtube. Svoje pri\u010de, upite i fotografije \u0161aljite na na\u0161u e-mail adresu."}]}},"_links":{"self":[{"href":"https:\/\/tuzlainfo.ba\/index.php\/wp-json\/wp\/v2\/posts\/297303"}],"collection":[{"href":"https:\/\/tuzlainfo.ba\/index.php\/wp-json\/wp\/v2\/posts"}],"about":[{"href":"https:\/\/tuzlainfo.ba\/index.php\/wp-json\/wp\/v2\/types\/post"}],"author":[{"embeddable":true,"href":"https:\/\/tuzlainfo.ba\/index.php\/wp-json\/wp\/v2\/users\/2"}],"replies":[{"embeddable":true,"href":"https:\/\/tuzlainfo.ba\/index.php\/wp-json\/wp\/v2\/comments?post=297303"}],"version-history":[{"count":1,"href":"https:\/\/tuzlainfo.ba\/index.php\/wp-json\/wp\/v2\/posts\/297303\/revisions"}],"predecessor-version":[{"id":297305,"href":"https:\/\/tuzlainfo.ba\/index.php\/wp-json\/wp\/v2\/posts\/297303\/revisions\/297305"}],"wp:featuredmedia":[{"embeddable":true,"href":"https:\/\/tuzlainfo.ba\/index.php\/wp-json\/wp\/v2\/media\/297304"}],"wp:attachment":[{"href":"https:\/\/tuzlainfo.ba\/index.php\/wp-json\/wp\/v2\/media?parent=297303"}],"wp:term":[{"taxonomy":"category","embeddable":true,"href":"https:\/\/tuzlainfo.ba\/index.php\/wp-json\/wp\/v2\/categories?post=297303"},{"taxonomy":"post_tag","embeddable":true,"href":"https:\/\/tuzlainfo.ba\/index.php\/wp-json\/wp\/v2\/tags?post=297303"}],"curies":[{"name":"wp","href":"https:\/\/api.w.org\/{rel}","templated":true}]}}