{"id":297290,"date":"2026-03-14T17:10:24","date_gmt":"2026-03-14T16:10:24","guid":{"rendered":"https:\/\/tuzlainfo.ba\/?p=297290"},"modified":"2026-03-14T17:10:24","modified_gmt":"2026-03-14T16:10:24","slug":"video-dodikov-lobista-u-sad-siri-morbine-lazi-o-bosnjacima","status":"publish","type":"post","link":"https:\/\/tuzlainfo.ba\/index.php\/bosna-i-hercegovina\/item\/297290-video-dodikov-lobista-u-sad-siri-morbine-lazi-o-bosnjacima\/","title":{"rendered":"(VIDEO) Dodikov lobista u SAD \u0161iri morbine la\u017ei o Bo\u0161njacima"},"content":{"rendered":"<p data-start=\"96\" data-end=\"326\">Biv\u0161i guverner ameri\u010dke savezne dr\u017eave Illinois Rod Blagojevich, koji je ranije osu\u0111en za korupciju, ponovo je izazvao reakcije u javnosti objavom na dru\u0161tvenim mre\u017eama u kojoj iznosi optu\u017ebe na ra\u010dun vlasti u Bosni i Hercegovini.<\/p>\n<p data-start=\"328\" data-end=\"632\">Blagojevich, koji u posljednje vrijeme djeluje kao lobista vlasti u Republici Srpskoj, na mre\u017ei X objavio je poruku u kojoj tvrdi da bi, kako navodi, \u201eAmerika trebala obratiti pa\u017enju na oduzimanje imovine kr\u0161\u0107anskih crkava od strane radikaliziranog muslimanskog vodstva u Federaciji Bosne i Hercegovine\u201c.<\/p>\n<p data-start=\"634\" data-end=\"864\">U objavi je navedeno i da je materijal distribuiran od strane kompanije RRB Strategies LLC u ime Republike Srpske, uz napomenu da su dodatne informacije dostupne u Ministarstvu pravosu\u0111a Sjedinjenih Ameri\u010dkih Dr\u017eava u Washingtonu.<\/p>\n<p data-start=\"866\" data-end=\"1020\">Uz objavu je podijeljen i videozapis koji govori o navodnoj \u201ekra\u0111i\u201c crkvenih objekata, a koji je izazvao brojne reakcije i polemike na dru\u0161tvenim mre\u017eama.<\/p>\n<blockquote class=\"twitter-tweet\">\n<p dir=\"ltr\" lang=\"en\">It\u2019s time for America to wake up to the seizure of Christian church properties by the radicalized Muslim leadership in the Federation of Bosnia &amp; Hercegovina.<\/p>\n<p>This material is distributed by RRB Strategies LLC on behalf of the Republic of Srpska. Additional information is\u2026 <a href=\"https:\/\/t.co\/jCWki7LUqm\">pic.twitter.com\/jCWki7LUqm<\/a><\/p>\n<p>\u2014 Rod Blagojevich (@realBlagojevich) <a href=\"https:\/\/twitter.com\/realBlagojevich\/status\/2032524060887040282?ref_src=twsrc%5Etfw\">March 13, 2026<\/a><\/p><\/blockquote>\n<p><script async src=\"https:\/\/platform.twitter.com\/widgets.js\" charset=\"utf-8\"><\/script><\/p>\n<p data-start=\"1022\" data-end=\"1241\">Podsjetimo, Rod Blagojevich je biv\u0161i guverner Illinoisa koji je 2011. godine osu\u0111en zbog korupcije, nakon \u010dega je proveo nekoliko godina u zatvoru. Kasnije mu je kaznu ubla\u017eio tada\u0161nji ameri\u010dki predsjednik Donald Trump.<\/p>\n","protected":false},"excerpt":{"rendered":"<p>Biv\u0161i guverner ameri\u010dke savezne dr\u017eave Illinois Rod Blagojevich, koji je ranije osu\u0111en za korupciju, ponovo&hellip;<\/p>\n","protected":false},"author":2,"featured_media":297291,"comment_status":"closed","ping_status":"closed","sticky":false,"template":"","format":"standard","meta":{"_acf_changed":false,"footnotes":""},"categories":[291],"tags":[11855],"acf":[],"yoast_head":"<!-- This site is optimized with the Yoast SEO plugin v23.5 - https:\/\/yoast.com\/wordpress\/plugins\/seo\/ -->\n<title>(VIDEO) Dodikov lobista u SAD \u0161iri morbine la\u017ei o Bo\u0161njacima - TuzlaInfo.ba<\/title>\n<meta name=\"robots\" content=\"index, follow, max-snippet:-1, max-image-preview:large, max-video-preview:-1\" \/>\n<link rel=\"canonical\" href=\"https:\/\/tuzlainfo.ba\/index.php\/bosna-i-hercegovina\/item\/297290-video-dodikov-lobista-u-sad-siri-morbine-lazi-o-bosnjacima\/\" \/>\n<meta property=\"og:locale\" content=\"bs_BA\" \/>\n<meta property=\"og:type\" content=\"article\" \/>\n<meta property=\"og:title\" content=\"(VIDEO) Dodikov lobista u SAD \u0161iri morbine la\u017ei o Bo\u0161njacima - TuzlaInfo.ba\" \/>\n<meta property=\"og:description\" content=\"Biv\u0161i guverner ameri\u010dke savezne dr\u017eave Illinois Rod Blagojevich, koji je ranije osu\u0111en za korupciju, ponovo&hellip;\" \/>\n<meta property=\"og:url\" content=\"https:\/\/tuzlainfo.ba\/index.php\/bosna-i-hercegovina\/item\/297290-video-dodikov-lobista-u-sad-siri-morbine-lazi-o-bosnjacima\/\" \/>\n<meta property=\"og:site_name\" content=\"TuzlaInfo.ba\" \/>\n<meta property=\"article:publisher\" content=\"https:\/\/www.facebook.com\/tuzlainfo.ba\/\" \/>\n<meta property=\"article:published_time\" content=\"2026-03-14T16:10:24+00:00\" \/>\n<meta property=\"og:image\" content=\"https:\/\/tuzlainfo.ba\/wp-content\/uploads\/2026\/03\/dodik_blagojevic.jpg\" \/>\n\t<meta property=\"og:image:width\" content=\"900\" \/>\n\t<meta property=\"og:image:height\" content=\"558\" \/>\n\t<meta property=\"og:image:type\" content=\"image\/jpeg\" \/>\n<meta name=\"author\" content=\"nedim\" \/>\n<meta name=\"twitter:card\" content=\"summary_large_image\" \/>\n<meta name=\"twitter:label1\" content=\"Written by\" \/>\n\t<meta name=\"twitter:data1\" content=\"nedim\" \/>\n\t<meta name=\"twitter:label2\" content=\"Est. reading time\" \/>\n\t<meta name=\"twitter:data2\" content=\"2 minute\" \/>\n<script type=\"application\/ld+json\" class=\"yoast-schema-graph\">{\"@context\":\"https:\/\/schema.org\",\"@graph\":[{\"@type\":\"Article\",\"@id\":\"https:\/\/tuzlainfo.ba\/index.php\/bosna-i-hercegovina\/item\/297290-video-dodikov-lobista-u-sad-siri-morbine-lazi-o-bosnjacima\/#article\",\"isPartOf\":{\"@id\":\"https:\/\/tuzlainfo.ba\/index.php\/bosna-i-hercegovina\/item\/297290-video-dodikov-lobista-u-sad-siri-morbine-lazi-o-bosnjacima\/\"},\"author\":{\"name\":\"nedim\",\"@id\":\"https:\/\/tuzlainfo.ba\/#\/schema\/person\/f434e20dc27ea133923aab08451b7f7f\"},\"headline\":\"(VIDEO) Dodikov lobista u SAD \u0161iri morbine la\u017ei o Bo\u0161njacima\",\"datePublished\":\"2026-03-14T16:10:24+00:00\",\"dateModified\":\"2026-03-14T16:10:24+00:00\",\"mainEntityOfPage\":{\"@id\":\"https:\/\/tuzlainfo.ba\/index.php\/bosna-i-hercegovina\/item\/297290-video-dodikov-lobista-u-sad-siri-morbine-lazi-o-bosnjacima\/\"},\"wordCount\":256,\"publisher\":{\"@id\":\"https:\/\/tuzlainfo.ba\/#organization\"},\"image\":{\"@id\":\"https:\/\/tuzlainfo.ba\/index.php\/bosna-i-hercegovina\/item\/297290-video-dodikov-lobista-u-sad-siri-morbine-lazi-o-bosnjacima\/#primaryimage\"},\"thumbnailUrl\":\"https:\/\/tuzlainfo.ba\/wp-content\/uploads\/2026\/03\/dodik_blagojevic.jpg\",\"keywords\":[\"rod blagojevi\u0107\"],\"articleSection\":[\"Bosna i Hercegovina\"],\"inLanguage\":\"bs-BA\"},{\"@type\":\"WebPage\",\"@id\":\"https:\/\/tuzlainfo.ba\/index.php\/bosna-i-hercegovina\/item\/297290-video-dodikov-lobista-u-sad-siri-morbine-lazi-o-bosnjacima\/\",\"url\":\"https:\/\/tuzlainfo.ba\/index.php\/bosna-i-hercegovina\/item\/297290-video-dodikov-lobista-u-sad-siri-morbine-lazi-o-bosnjacima\/\",\"name\":\"(VIDEO) Dodikov lobista u SAD \u0161iri morbine la\u017ei o Bo\u0161njacima - TuzlaInfo.ba\",\"isPartOf\":{\"@id\":\"https:\/\/tuzlainfo.ba\/#website\"},\"primaryImageOfPage\":{\"@id\":\"https:\/\/tuzlainfo.ba\/index.php\/bosna-i-hercegovina\/item\/297290-video-dodikov-lobista-u-sad-siri-morbine-lazi-o-bosnjacima\/#primaryimage\"},\"image\":{\"@id\":\"https:\/\/tuzlainfo.ba\/index.php\/bosna-i-hercegovina\/item\/297290-video-dodikov-lobista-u-sad-siri-morbine-lazi-o-bosnjacima\/#primaryimage\"},\"thumbnailUrl\":\"https:\/\/tuzlainfo.ba\/wp-content\/uploads\/2026\/03\/dodik_blagojevic.jpg\",\"datePublished\":\"2026-03-14T16:10:24+00:00\",\"dateModified\":\"2026-03-14T16:10:24+00:00\",\"breadcrumb\":{\"@id\":\"https:\/\/tuzlainfo.ba\/index.php\/bosna-i-hercegovina\/item\/297290-video-dodikov-lobista-u-sad-siri-morbine-lazi-o-bosnjacima\/#breadcrumb\"},\"inLanguage\":\"bs-BA\",\"potentialAction\":[{\"@type\":\"ReadAction\",\"target\":[\"https:\/\/tuzlainfo.ba\/index.php\/bosna-i-hercegovina\/item\/297290-video-dodikov-lobista-u-sad-siri-morbine-lazi-o-bosnjacima\/\"]}]},{\"@type\":\"ImageObject\",\"inLanguage\":\"bs-BA\",\"@id\":\"https:\/\/tuzlainfo.ba\/index.php\/bosna-i-hercegovina\/item\/297290-video-dodikov-lobista-u-sad-siri-morbine-lazi-o-bosnjacima\/#primaryimage\",\"url\":\"https:\/\/tuzlainfo.ba\/wp-content\/uploads\/2026\/03\/dodik_blagojevic.jpg\",\"contentUrl\":\"https:\/\/tuzlainfo.ba\/wp-content\/uploads\/2026\/03\/dodik_blagojevic.jpg\",\"width\":900,\"height\":558},{\"@type\":\"BreadcrumbList\",\"@id\":\"https:\/\/tuzlainfo.ba\/index.php\/bosna-i-hercegovina\/item\/297290-video-dodikov-lobista-u-sad-siri-morbine-lazi-o-bosnjacima\/#breadcrumb\",\"itemListElement\":[{\"@type\":\"ListItem\",\"position\":1,\"name\":\"Home\",\"item\":\"https:\/\/tuzlainfo.ba\/\"},{\"@type\":\"ListItem\",\"position\":2,\"name\":\"(VIDEO) Dodikov lobista u SAD \u0161iri morbine la\u017ei o Bo\u0161njacima\"}]},{\"@type\":\"WebSite\",\"@id\":\"https:\/\/tuzlainfo.ba\/#website\",\"url\":\"https:\/\/tuzlainfo.ba\/\",\"name\":\"TuzlaInfo.ba\",\"description\":\"Tuzla info, gradski informator - Tuzla na dlanu\",\"publisher\":{\"@id\":\"https:\/\/tuzlainfo.ba\/#organization\"},\"potentialAction\":[{\"@type\":\"SearchAction\",\"target\":{\"@type\":\"EntryPoint\",\"urlTemplate\":\"https:\/\/tuzlainfo.ba\/?s={search_term_string}\"},\"query-input\":{\"@type\":\"PropertyValueSpecification\",\"valueRequired\":true,\"valueName\":\"search_term_string\"}}],\"inLanguage\":\"bs-BA\"},{\"@type\":\"Organization\",\"@id\":\"https:\/\/tuzlainfo.ba\/#organization\",\"name\":\"TuzlaInfo.ba\",\"url\":\"https:\/\/tuzlainfo.ba\/\",\"logo\":{\"@type\":\"ImageObject\",\"inLanguage\":\"bs-BA\",\"@id\":\"https:\/\/tuzlainfo.ba\/#\/schema\/logo\/image\/\",\"url\":\"https:\/\/tuzlainfo.ba\/wp-content\/uploads\/2021\/03\/logo-ver-3-1.png\",\"contentUrl\":\"https:\/\/tuzlainfo.ba\/wp-content\/uploads\/2021\/03\/logo-ver-3-1.png\",\"width\":350,\"height\":95,\"caption\":\"TuzlaInfo.ba\"},\"image\":{\"@id\":\"https:\/\/tuzlainfo.ba\/#\/schema\/logo\/image\/\"},\"sameAs\":[\"https:\/\/www.facebook.com\/tuzlainfo.ba\/\"]},{\"@type\":\"Person\",\"@id\":\"https:\/\/tuzlainfo.ba\/#\/schema\/person\/f434e20dc27ea133923aab08451b7f7f\",\"name\":\"nedim\",\"image\":{\"@type\":\"ImageObject\",\"inLanguage\":\"bs-BA\",\"@id\":\"https:\/\/tuzlainfo.ba\/#\/schema\/person\/image\/\",\"url\":\"https:\/\/tuzlainfo.ba\/wp-content\/litespeed\/avatar\/aabad687af24844af817603ac1cbdc4f.jpg?ver=1777306975\",\"contentUrl\":\"https:\/\/tuzlainfo.ba\/wp-content\/litespeed\/avatar\/aabad687af24844af817603ac1cbdc4f.jpg?ver=1777306975\",\"caption\":\"nedim\"},\"description\":\"Tuzlainfo.ba pratite na dru\u0161tvenim mre\u017eama: Facebook, Instagram i Youtube. Svoje pri\u010de, upite i fotografije \u0161aljite na na\u0161u e-mail adresu.\"}]}<\/script>\n<!-- \/ Yoast SEO plugin. -->","yoast_head_json":{"title":"(VIDEO) Dodikov lobista u SAD \u0161iri morbine la\u017ei o Bo\u0161njacima - TuzlaInfo.ba","robots":{"index":"index","follow":"follow","max-snippet":"max-snippet:-1","max-image-preview":"max-image-preview:large","max-video-preview":"max-video-preview:-1"},"canonical":"https:\/\/tuzlainfo.ba\/index.php\/bosna-i-hercegovina\/item\/297290-video-dodikov-lobista-u-sad-siri-morbine-lazi-o-bosnjacima\/","og_locale":"bs_BA","og_type":"article","og_title":"(VIDEO) Dodikov lobista u SAD \u0161iri morbine la\u017ei o Bo\u0161njacima - TuzlaInfo.ba","og_description":"Biv\u0161i guverner ameri\u010dke savezne dr\u017eave Illinois Rod Blagojevich, koji je ranije osu\u0111en za korupciju, ponovo&hellip;","og_url":"https:\/\/tuzlainfo.ba\/index.php\/bosna-i-hercegovina\/item\/297290-video-dodikov-lobista-u-sad-siri-morbine-lazi-o-bosnjacima\/","og_site_name":"TuzlaInfo.ba","article_publisher":"https:\/\/www.facebook.com\/tuzlainfo.ba\/","article_published_time":"2026-03-14T16:10:24+00:00","og_image":[{"width":900,"height":558,"url":"https:\/\/tuzlainfo.ba\/wp-content\/uploads\/2026\/03\/dodik_blagojevic.jpg","type":"image\/jpeg"}],"author":"nedim","twitter_card":"summary_large_image","twitter_misc":{"Written by":"nedim","Est. reading time":"2 minute"},"schema":{"@context":"https:\/\/schema.org","@graph":[{"@type":"Article","@id":"https:\/\/tuzlainfo.ba\/index.php\/bosna-i-hercegovina\/item\/297290-video-dodikov-lobista-u-sad-siri-morbine-lazi-o-bosnjacima\/#article","isPartOf":{"@id":"https:\/\/tuzlainfo.ba\/index.php\/bosna-i-hercegovina\/item\/297290-video-dodikov-lobista-u-sad-siri-morbine-lazi-o-bosnjacima\/"},"author":{"name":"nedim","@id":"https:\/\/tuzlainfo.ba\/#\/schema\/person\/f434e20dc27ea133923aab08451b7f7f"},"headline":"(VIDEO) Dodikov lobista u SAD \u0161iri morbine la\u017ei o Bo\u0161njacima","datePublished":"2026-03-14T16:10:24+00:00","dateModified":"2026-03-14T16:10:24+00:00","mainEntityOfPage":{"@id":"https:\/\/tuzlainfo.ba\/index.php\/bosna-i-hercegovina\/item\/297290-video-dodikov-lobista-u-sad-siri-morbine-lazi-o-bosnjacima\/"},"wordCount":256,"publisher":{"@id":"https:\/\/tuzlainfo.ba\/#organization"},"image":{"@id":"https:\/\/tuzlainfo.ba\/index.php\/bosna-i-hercegovina\/item\/297290-video-dodikov-lobista-u-sad-siri-morbine-lazi-o-bosnjacima\/#primaryimage"},"thumbnailUrl":"https:\/\/tuzlainfo.ba\/wp-content\/uploads\/2026\/03\/dodik_blagojevic.jpg","keywords":["rod blagojevi\u0107"],"articleSection":["Bosna i Hercegovina"],"inLanguage":"bs-BA"},{"@type":"WebPage","@id":"https:\/\/tuzlainfo.ba\/index.php\/bosna-i-hercegovina\/item\/297290-video-dodikov-lobista-u-sad-siri-morbine-lazi-o-bosnjacima\/","url":"https:\/\/tuzlainfo.ba\/index.php\/bosna-i-hercegovina\/item\/297290-video-dodikov-lobista-u-sad-siri-morbine-lazi-o-bosnjacima\/","name":"(VIDEO) Dodikov lobista u SAD \u0161iri morbine la\u017ei o Bo\u0161njacima - TuzlaInfo.ba","isPartOf":{"@id":"https:\/\/tuzlainfo.ba\/#website"},"primaryImageOfPage":{"@id":"https:\/\/tuzlainfo.ba\/index.php\/bosna-i-hercegovina\/item\/297290-video-dodikov-lobista-u-sad-siri-morbine-lazi-o-bosnjacima\/#primaryimage"},"image":{"@id":"https:\/\/tuzlainfo.ba\/index.php\/bosna-i-hercegovina\/item\/297290-video-dodikov-lobista-u-sad-siri-morbine-lazi-o-bosnjacima\/#primaryimage"},"thumbnailUrl":"https:\/\/tuzlainfo.ba\/wp-content\/uploads\/2026\/03\/dodik_blagojevic.jpg","datePublished":"2026-03-14T16:10:24+00:00","dateModified":"2026-03-14T16:10:24+00:00","breadcrumb":{"@id":"https:\/\/tuzlainfo.ba\/index.php\/bosna-i-hercegovina\/item\/297290-video-dodikov-lobista-u-sad-siri-morbine-lazi-o-bosnjacima\/#breadcrumb"},"inLanguage":"bs-BA","potentialAction":[{"@type":"ReadAction","target":["https:\/\/tuzlainfo.ba\/index.php\/bosna-i-hercegovina\/item\/297290-video-dodikov-lobista-u-sad-siri-morbine-lazi-o-bosnjacima\/"]}]},{"@type":"ImageObject","inLanguage":"bs-BA","@id":"https:\/\/tuzlainfo.ba\/index.php\/bosna-i-hercegovina\/item\/297290-video-dodikov-lobista-u-sad-siri-morbine-lazi-o-bosnjacima\/#primaryimage","url":"https:\/\/tuzlainfo.ba\/wp-content\/uploads\/2026\/03\/dodik_blagojevic.jpg","contentUrl":"https:\/\/tuzlainfo.ba\/wp-content\/uploads\/2026\/03\/dodik_blagojevic.jpg","width":900,"height":558},{"@type":"BreadcrumbList","@id":"https:\/\/tuzlainfo.ba\/index.php\/bosna-i-hercegovina\/item\/297290-video-dodikov-lobista-u-sad-siri-morbine-lazi-o-bosnjacima\/#breadcrumb","itemListElement":[{"@type":"ListItem","position":1,"name":"Home","item":"https:\/\/tuzlainfo.ba\/"},{"@type":"ListItem","position":2,"name":"(VIDEO) Dodikov lobista u SAD \u0161iri morbine la\u017ei o Bo\u0161njacima"}]},{"@type":"WebSite","@id":"https:\/\/tuzlainfo.ba\/#website","url":"https:\/\/tuzlainfo.ba\/","name":"TuzlaInfo.ba","description":"Tuzla info, gradski informator - Tuzla na dlanu","publisher":{"@id":"https:\/\/tuzlainfo.ba\/#organization"},"potentialAction":[{"@type":"SearchAction","target":{"@type":"EntryPoint","urlTemplate":"https:\/\/tuzlainfo.ba\/?s={search_term_string}"},"query-input":{"@type":"PropertyValueSpecification","valueRequired":true,"valueName":"search_term_string"}}],"inLanguage":"bs-BA"},{"@type":"Organization","@id":"https:\/\/tuzlainfo.ba\/#organization","name":"TuzlaInfo.ba","url":"https:\/\/tuzlainfo.ba\/","logo":{"@type":"ImageObject","inLanguage":"bs-BA","@id":"https:\/\/tuzlainfo.ba\/#\/schema\/logo\/image\/","url":"https:\/\/tuzlainfo.ba\/wp-content\/uploads\/2021\/03\/logo-ver-3-1.png","contentUrl":"https:\/\/tuzlainfo.ba\/wp-content\/uploads\/2021\/03\/logo-ver-3-1.png","width":350,"height":95,"caption":"TuzlaInfo.ba"},"image":{"@id":"https:\/\/tuzlainfo.ba\/#\/schema\/logo\/image\/"},"sameAs":["https:\/\/www.facebook.com\/tuzlainfo.ba\/"]},{"@type":"Person","@id":"https:\/\/tuzlainfo.ba\/#\/schema\/person\/f434e20dc27ea133923aab08451b7f7f","name":"nedim","image":{"@type":"ImageObject","inLanguage":"bs-BA","@id":"https:\/\/tuzlainfo.ba\/#\/schema\/person\/image\/","url":"https:\/\/tuzlainfo.ba\/wp-content\/litespeed\/avatar\/aabad687af24844af817603ac1cbdc4f.jpg?ver=1777306975","contentUrl":"https:\/\/tuzlainfo.ba\/wp-content\/litespeed\/avatar\/aabad687af24844af817603ac1cbdc4f.jpg?ver=1777306975","caption":"nedim"},"description":"Tuzlainfo.ba pratite na dru\u0161tvenim mre\u017eama: Facebook, Instagram i Youtube. Svoje pri\u010de, upite i fotografije \u0161aljite na na\u0161u e-mail adresu."}]}},"_links":{"self":[{"href":"https:\/\/tuzlainfo.ba\/index.php\/wp-json\/wp\/v2\/posts\/297290"}],"collection":[{"href":"https:\/\/tuzlainfo.ba\/index.php\/wp-json\/wp\/v2\/posts"}],"about":[{"href":"https:\/\/tuzlainfo.ba\/index.php\/wp-json\/wp\/v2\/types\/post"}],"author":[{"embeddable":true,"href":"https:\/\/tuzlainfo.ba\/index.php\/wp-json\/wp\/v2\/users\/2"}],"replies":[{"embeddable":true,"href":"https:\/\/tuzlainfo.ba\/index.php\/wp-json\/wp\/v2\/comments?post=297290"}],"version-history":[{"count":1,"href":"https:\/\/tuzlainfo.ba\/index.php\/wp-json\/wp\/v2\/posts\/297290\/revisions"}],"predecessor-version":[{"id":297292,"href":"https:\/\/tuzlainfo.ba\/index.php\/wp-json\/wp\/v2\/posts\/297290\/revisions\/297292"}],"wp:featuredmedia":[{"embeddable":true,"href":"https:\/\/tuzlainfo.ba\/index.php\/wp-json\/wp\/v2\/media\/297291"}],"wp:attachment":[{"href":"https:\/\/tuzlainfo.ba\/index.php\/wp-json\/wp\/v2\/media?parent=297290"}],"wp:term":[{"taxonomy":"category","embeddable":true,"href":"https:\/\/tuzlainfo.ba\/index.php\/wp-json\/wp\/v2\/categories?post=297290"},{"taxonomy":"post_tag","embeddable":true,"href":"https:\/\/tuzlainfo.ba\/index.php\/wp-json\/wp\/v2\/tags?post=297290"}],"curies":[{"name":"wp","href":"https:\/\/api.w.org\/{rel}","templated":true}]}}