{"id":297239,"date":"2026-03-13T21:05:06","date_gmt":"2026-03-13T20:05:06","guid":{"rendered":"https:\/\/tuzlainfo.ba\/?p=297239"},"modified":"2026-03-13T14:54:32","modified_gmt":"2026-03-13T13:54:32","slug":"zene-u-fbih-uskoro-bi-mogle-imati-pravo-na-pratnju-tokom-poroda","status":"publish","type":"post","link":"https:\/\/tuzlainfo.ba\/index.php\/bosna-i-hercegovina\/item\/297239-zene-u-fbih-uskoro-bi-mogle-imati-pravo-na-pratnju-tokom-poroda\/","title":{"rendered":"\u017dene u FBiH uskoro bi mogle imati pravo na pratnju tokom poroda"},"content":{"rendered":"<p data-start=\"0\" data-end=\"438\">Delegati Doma naroda <span class=\"hover:entity-accent entity-underline inline cursor-pointer align-baseline\"><span class=\"whitespace-normal\">Parlamenta Federacije Bosne i Hercegovine<\/span><\/span> na sjednici zakazanoj za 17. mart odlu\u010duju o nacrtu zakona o dopuni Zakona o pravima, obavezama i odgovornostima pacijenata, koji bi \u017eenama u Federaciji BiH osigurao zakonsko pravo na pratnju tokom poroda.<\/p>\n<p data-start=\"0\" data-end=\"438\">Ako zakon bude podr\u017ean, bit \u0107e upu\u0107en u dalju proceduru uklju\u010duju\u0107i javnu raspravu, \u0161to bi moglo zna\u010dajno unaprijediti prava porodilja.<\/p>\n<p data-start=\"440\" data-end=\"717\">Pratnja na porodu za mnoge \u017eene zna\u010di sigurnost, podr\u0161ku i dostojanstvo u jednom od najva\u017enijih trenutaka \u017eivota, a takva praksa preporu\u010dena je i u smjernicama zdravstvenih stru\u010dnih organizacija za pove\u0107anje kvalitete skrbi tokom poro\u0111aja.<\/p>\n<p data-start=\"719\" data-end=\"939\">Do sada pravo na pratnju u porodili\u0161tima u FBiH nije bilo jasno zakonski regulisano, te je \u010desto prepu\u0161teno internim pravilima bolnica, \u0161to dovodi do razli\u010ditih praksi i ograni\u010denja.<\/p>\n<p data-start=\"941\" data-end=\"1170\">Podr\u0161ka ili odbijanje nacrta zakona u Domu naroda ima\u0107e velik utjecaj na to ho\u0107e li se pravo pratnje tokom poroda uvesti kao obavezno zakonsko rje\u0161enje, umjesto dosada\u0161nje proizvoljne prakse. \/Tuzlainfo\/<\/p>\n","protected":false},"excerpt":{"rendered":"<p>Delegati Doma naroda Parlamenta Federacije Bosne i Hercegovine na sjednici zakazanoj za 17. mart odlu\u010duju&hellip;<\/p>\n","protected":false},"author":4,"featured_media":294194,"comment_status":"closed","ping_status":"closed","sticky":false,"template":"","format":"standard","meta":{"_acf_changed":false,"footnotes":""},"categories":[291,304],"tags":[7306,7470],"acf":[],"yoast_head":"<!-- This site is optimized with the Yoast SEO plugin v23.5 - https:\/\/yoast.com\/wordpress\/plugins\/seo\/ -->\n<title>\u017dene u FBiH uskoro bi mogle imati pravo na pratnju tokom poroda - TuzlaInfo.ba<\/title>\n<meta name=\"robots\" content=\"index, follow, max-snippet:-1, max-image-preview:large, max-video-preview:-1\" \/>\n<link rel=\"canonical\" href=\"https:\/\/tuzlainfo.ba\/index.php\/bosna-i-hercegovina\/item\/297239-zene-u-fbih-uskoro-bi-mogle-imati-pravo-na-pratnju-tokom-poroda\/\" \/>\n<meta property=\"og:locale\" content=\"bs_BA\" \/>\n<meta property=\"og:type\" content=\"article\" \/>\n<meta property=\"og:title\" content=\"\u017dene u FBiH uskoro bi mogle imati pravo na pratnju tokom poroda - TuzlaInfo.ba\" \/>\n<meta property=\"og:description\" content=\"Delegati Doma naroda Parlamenta Federacije Bosne i Hercegovine na sjednici zakazanoj za 17. mart odlu\u010duju&hellip;\" \/>\n<meta property=\"og:url\" content=\"https:\/\/tuzlainfo.ba\/index.php\/bosna-i-hercegovina\/item\/297239-zene-u-fbih-uskoro-bi-mogle-imati-pravo-na-pratnju-tokom-poroda\/\" \/>\n<meta property=\"og:site_name\" content=\"TuzlaInfo.ba\" \/>\n<meta property=\"article:publisher\" content=\"https:\/\/www.facebook.com\/tuzlainfo.ba\/\" \/>\n<meta property=\"article:published_time\" content=\"2026-03-13T20:05:06+00:00\" \/>\n<meta property=\"article:modified_time\" content=\"2026-03-13T13:54:32+00:00\" \/>\n<meta property=\"og:image\" content=\"https:\/\/tuzlainfo.ba\/wp-content\/uploads\/2026\/02\/porodiliste-ukc-tuzla-4.jpg\" \/>\n\t<meta property=\"og:image:width\" content=\"1600\" \/>\n\t<meta property=\"og:image:height\" content=\"1205\" \/>\n\t<meta property=\"og:image:type\" content=\"image\/jpeg\" \/>\n<meta name=\"author\" content=\"Tuzla Info\" \/>\n<meta name=\"twitter:card\" content=\"summary_large_image\" \/>\n<meta name=\"twitter:label1\" content=\"Written by\" \/>\n\t<meta name=\"twitter:data1\" content=\"Tuzla Info\" \/>\n\t<meta name=\"twitter:label2\" content=\"Est. reading time\" \/>\n\t<meta name=\"twitter:data2\" content=\"2 minute\" \/>\n<script type=\"application\/ld+json\" class=\"yoast-schema-graph\">{\"@context\":\"https:\/\/schema.org\",\"@graph\":[{\"@type\":\"Article\",\"@id\":\"https:\/\/tuzlainfo.ba\/index.php\/bosna-i-hercegovina\/item\/297239-zene-u-fbih-uskoro-bi-mogle-imati-pravo-na-pratnju-tokom-poroda\/#article\",\"isPartOf\":{\"@id\":\"https:\/\/tuzlainfo.ba\/index.php\/bosna-i-hercegovina\/item\/297239-zene-u-fbih-uskoro-bi-mogle-imati-pravo-na-pratnju-tokom-poroda\/\"},\"author\":{\"name\":\"Tuzla Info\",\"@id\":\"https:\/\/tuzlainfo.ba\/#\/schema\/person\/46cad4c57790cbc50781edd14870825a\"},\"headline\":\"\u017dene u FBiH uskoro bi mogle imati pravo na pratnju tokom poroda\",\"datePublished\":\"2026-03-13T20:05:06+00:00\",\"dateModified\":\"2026-03-13T13:54:32+00:00\",\"mainEntityOfPage\":{\"@id\":\"https:\/\/tuzlainfo.ba\/index.php\/bosna-i-hercegovina\/item\/297239-zene-u-fbih-uskoro-bi-mogle-imati-pravo-na-pratnju-tokom-poroda\/\"},\"wordCount\":185,\"publisher\":{\"@id\":\"https:\/\/tuzlainfo.ba\/#organization\"},\"image\":{\"@id\":\"https:\/\/tuzlainfo.ba\/index.php\/bosna-i-hercegovina\/item\/297239-zene-u-fbih-uskoro-bi-mogle-imati-pravo-na-pratnju-tokom-poroda\/#primaryimage\"},\"thumbnailUrl\":\"https:\/\/tuzlainfo.ba\/wp-content\/uploads\/2026\/02\/porodiliste-ukc-tuzla-4.jpg\",\"keywords\":[\"porod\",\"pratnja\"],\"articleSection\":[\"Bosna i Hercegovina\",\"Istaknuto\"],\"inLanguage\":\"bs-BA\"},{\"@type\":\"WebPage\",\"@id\":\"https:\/\/tuzlainfo.ba\/index.php\/bosna-i-hercegovina\/item\/297239-zene-u-fbih-uskoro-bi-mogle-imati-pravo-na-pratnju-tokom-poroda\/\",\"url\":\"https:\/\/tuzlainfo.ba\/index.php\/bosna-i-hercegovina\/item\/297239-zene-u-fbih-uskoro-bi-mogle-imati-pravo-na-pratnju-tokom-poroda\/\",\"name\":\"\u017dene u FBiH uskoro bi mogle imati pravo na pratnju tokom poroda - TuzlaInfo.ba\",\"isPartOf\":{\"@id\":\"https:\/\/tuzlainfo.ba\/#website\"},\"primaryImageOfPage\":{\"@id\":\"https:\/\/tuzlainfo.ba\/index.php\/bosna-i-hercegovina\/item\/297239-zene-u-fbih-uskoro-bi-mogle-imati-pravo-na-pratnju-tokom-poroda\/#primaryimage\"},\"image\":{\"@id\":\"https:\/\/tuzlainfo.ba\/index.php\/bosna-i-hercegovina\/item\/297239-zene-u-fbih-uskoro-bi-mogle-imati-pravo-na-pratnju-tokom-poroda\/#primaryimage\"},\"thumbnailUrl\":\"https:\/\/tuzlainfo.ba\/wp-content\/uploads\/2026\/02\/porodiliste-ukc-tuzla-4.jpg\",\"datePublished\":\"2026-03-13T20:05:06+00:00\",\"dateModified\":\"2026-03-13T13:54:32+00:00\",\"breadcrumb\":{\"@id\":\"https:\/\/tuzlainfo.ba\/index.php\/bosna-i-hercegovina\/item\/297239-zene-u-fbih-uskoro-bi-mogle-imati-pravo-na-pratnju-tokom-poroda\/#breadcrumb\"},\"inLanguage\":\"bs-BA\",\"potentialAction\":[{\"@type\":\"ReadAction\",\"target\":[\"https:\/\/tuzlainfo.ba\/index.php\/bosna-i-hercegovina\/item\/297239-zene-u-fbih-uskoro-bi-mogle-imati-pravo-na-pratnju-tokom-poroda\/\"]}]},{\"@type\":\"ImageObject\",\"inLanguage\":\"bs-BA\",\"@id\":\"https:\/\/tuzlainfo.ba\/index.php\/bosna-i-hercegovina\/item\/297239-zene-u-fbih-uskoro-bi-mogle-imati-pravo-na-pratnju-tokom-poroda\/#primaryimage\",\"url\":\"https:\/\/tuzlainfo.ba\/wp-content\/uploads\/2026\/02\/porodiliste-ukc-tuzla-4.jpg\",\"contentUrl\":\"https:\/\/tuzlainfo.ba\/wp-content\/uploads\/2026\/02\/porodiliste-ukc-tuzla-4.jpg\",\"width\":1600,\"height\":1205},{\"@type\":\"BreadcrumbList\",\"@id\":\"https:\/\/tuzlainfo.ba\/index.php\/bosna-i-hercegovina\/item\/297239-zene-u-fbih-uskoro-bi-mogle-imati-pravo-na-pratnju-tokom-poroda\/#breadcrumb\",\"itemListElement\":[{\"@type\":\"ListItem\",\"position\":1,\"name\":\"Home\",\"item\":\"https:\/\/tuzlainfo.ba\/\"},{\"@type\":\"ListItem\",\"position\":2,\"name\":\"\u017dene u FBiH uskoro bi mogle imati pravo na pratnju tokom poroda\"}]},{\"@type\":\"WebSite\",\"@id\":\"https:\/\/tuzlainfo.ba\/#website\",\"url\":\"https:\/\/tuzlainfo.ba\/\",\"name\":\"TuzlaInfo.ba\",\"description\":\"Tuzla info, gradski informator - Tuzla na dlanu\",\"publisher\":{\"@id\":\"https:\/\/tuzlainfo.ba\/#organization\"},\"potentialAction\":[{\"@type\":\"SearchAction\",\"target\":{\"@type\":\"EntryPoint\",\"urlTemplate\":\"https:\/\/tuzlainfo.ba\/?s={search_term_string}\"},\"query-input\":{\"@type\":\"PropertyValueSpecification\",\"valueRequired\":true,\"valueName\":\"search_term_string\"}}],\"inLanguage\":\"bs-BA\"},{\"@type\":\"Organization\",\"@id\":\"https:\/\/tuzlainfo.ba\/#organization\",\"name\":\"TuzlaInfo.ba\",\"url\":\"https:\/\/tuzlainfo.ba\/\",\"logo\":{\"@type\":\"ImageObject\",\"inLanguage\":\"bs-BA\",\"@id\":\"https:\/\/tuzlainfo.ba\/#\/schema\/logo\/image\/\",\"url\":\"https:\/\/tuzlainfo.ba\/wp-content\/uploads\/2021\/03\/logo-ver-3-1.png\",\"contentUrl\":\"https:\/\/tuzlainfo.ba\/wp-content\/uploads\/2021\/03\/logo-ver-3-1.png\",\"width\":350,\"height\":95,\"caption\":\"TuzlaInfo.ba\"},\"image\":{\"@id\":\"https:\/\/tuzlainfo.ba\/#\/schema\/logo\/image\/\"},\"sameAs\":[\"https:\/\/www.facebook.com\/tuzlainfo.ba\/\"]},{\"@type\":\"Person\",\"@id\":\"https:\/\/tuzlainfo.ba\/#\/schema\/person\/46cad4c57790cbc50781edd14870825a\",\"name\":\"Tuzla Info\",\"image\":{\"@type\":\"ImageObject\",\"inLanguage\":\"bs-BA\",\"@id\":\"https:\/\/tuzlainfo.ba\/#\/schema\/person\/image\/\",\"url\":\"https:\/\/tuzlainfo.ba\/wp-content\/litespeed\/avatar\/b6c453a6c38e3654f2e4416c643fc25c.jpg?ver=1777051911\",\"contentUrl\":\"https:\/\/tuzlainfo.ba\/wp-content\/litespeed\/avatar\/b6c453a6c38e3654f2e4416c643fc25c.jpg?ver=1777051911\",\"caption\":\"Tuzla Info\"}}]}<\/script>\n<!-- \/ Yoast SEO plugin. -->","yoast_head_json":{"title":"\u017dene u FBiH uskoro bi mogle imati pravo na pratnju tokom poroda - TuzlaInfo.ba","robots":{"index":"index","follow":"follow","max-snippet":"max-snippet:-1","max-image-preview":"max-image-preview:large","max-video-preview":"max-video-preview:-1"},"canonical":"https:\/\/tuzlainfo.ba\/index.php\/bosna-i-hercegovina\/item\/297239-zene-u-fbih-uskoro-bi-mogle-imati-pravo-na-pratnju-tokom-poroda\/","og_locale":"bs_BA","og_type":"article","og_title":"\u017dene u FBiH uskoro bi mogle imati pravo na pratnju tokom poroda - TuzlaInfo.ba","og_description":"Delegati Doma naroda Parlamenta Federacije Bosne i Hercegovine na sjednici zakazanoj za 17. mart odlu\u010duju&hellip;","og_url":"https:\/\/tuzlainfo.ba\/index.php\/bosna-i-hercegovina\/item\/297239-zene-u-fbih-uskoro-bi-mogle-imati-pravo-na-pratnju-tokom-poroda\/","og_site_name":"TuzlaInfo.ba","article_publisher":"https:\/\/www.facebook.com\/tuzlainfo.ba\/","article_published_time":"2026-03-13T20:05:06+00:00","article_modified_time":"2026-03-13T13:54:32+00:00","og_image":[{"width":1600,"height":1205,"url":"https:\/\/tuzlainfo.ba\/wp-content\/uploads\/2026\/02\/porodiliste-ukc-tuzla-4.jpg","type":"image\/jpeg"}],"author":"Tuzla Info","twitter_card":"summary_large_image","twitter_misc":{"Written by":"Tuzla Info","Est. reading time":"2 minute"},"schema":{"@context":"https:\/\/schema.org","@graph":[{"@type":"Article","@id":"https:\/\/tuzlainfo.ba\/index.php\/bosna-i-hercegovina\/item\/297239-zene-u-fbih-uskoro-bi-mogle-imati-pravo-na-pratnju-tokom-poroda\/#article","isPartOf":{"@id":"https:\/\/tuzlainfo.ba\/index.php\/bosna-i-hercegovina\/item\/297239-zene-u-fbih-uskoro-bi-mogle-imati-pravo-na-pratnju-tokom-poroda\/"},"author":{"name":"Tuzla Info","@id":"https:\/\/tuzlainfo.ba\/#\/schema\/person\/46cad4c57790cbc50781edd14870825a"},"headline":"\u017dene u FBiH uskoro bi mogle imati pravo na pratnju tokom poroda","datePublished":"2026-03-13T20:05:06+00:00","dateModified":"2026-03-13T13:54:32+00:00","mainEntityOfPage":{"@id":"https:\/\/tuzlainfo.ba\/index.php\/bosna-i-hercegovina\/item\/297239-zene-u-fbih-uskoro-bi-mogle-imati-pravo-na-pratnju-tokom-poroda\/"},"wordCount":185,"publisher":{"@id":"https:\/\/tuzlainfo.ba\/#organization"},"image":{"@id":"https:\/\/tuzlainfo.ba\/index.php\/bosna-i-hercegovina\/item\/297239-zene-u-fbih-uskoro-bi-mogle-imati-pravo-na-pratnju-tokom-poroda\/#primaryimage"},"thumbnailUrl":"https:\/\/tuzlainfo.ba\/wp-content\/uploads\/2026\/02\/porodiliste-ukc-tuzla-4.jpg","keywords":["porod","pratnja"],"articleSection":["Bosna i Hercegovina","Istaknuto"],"inLanguage":"bs-BA"},{"@type":"WebPage","@id":"https:\/\/tuzlainfo.ba\/index.php\/bosna-i-hercegovina\/item\/297239-zene-u-fbih-uskoro-bi-mogle-imati-pravo-na-pratnju-tokom-poroda\/","url":"https:\/\/tuzlainfo.ba\/index.php\/bosna-i-hercegovina\/item\/297239-zene-u-fbih-uskoro-bi-mogle-imati-pravo-na-pratnju-tokom-poroda\/","name":"\u017dene u FBiH uskoro bi mogle imati pravo na pratnju tokom poroda - TuzlaInfo.ba","isPartOf":{"@id":"https:\/\/tuzlainfo.ba\/#website"},"primaryImageOfPage":{"@id":"https:\/\/tuzlainfo.ba\/index.php\/bosna-i-hercegovina\/item\/297239-zene-u-fbih-uskoro-bi-mogle-imati-pravo-na-pratnju-tokom-poroda\/#primaryimage"},"image":{"@id":"https:\/\/tuzlainfo.ba\/index.php\/bosna-i-hercegovina\/item\/297239-zene-u-fbih-uskoro-bi-mogle-imati-pravo-na-pratnju-tokom-poroda\/#primaryimage"},"thumbnailUrl":"https:\/\/tuzlainfo.ba\/wp-content\/uploads\/2026\/02\/porodiliste-ukc-tuzla-4.jpg","datePublished":"2026-03-13T20:05:06+00:00","dateModified":"2026-03-13T13:54:32+00:00","breadcrumb":{"@id":"https:\/\/tuzlainfo.ba\/index.php\/bosna-i-hercegovina\/item\/297239-zene-u-fbih-uskoro-bi-mogle-imati-pravo-na-pratnju-tokom-poroda\/#breadcrumb"},"inLanguage":"bs-BA","potentialAction":[{"@type":"ReadAction","target":["https:\/\/tuzlainfo.ba\/index.php\/bosna-i-hercegovina\/item\/297239-zene-u-fbih-uskoro-bi-mogle-imati-pravo-na-pratnju-tokom-poroda\/"]}]},{"@type":"ImageObject","inLanguage":"bs-BA","@id":"https:\/\/tuzlainfo.ba\/index.php\/bosna-i-hercegovina\/item\/297239-zene-u-fbih-uskoro-bi-mogle-imati-pravo-na-pratnju-tokom-poroda\/#primaryimage","url":"https:\/\/tuzlainfo.ba\/wp-content\/uploads\/2026\/02\/porodiliste-ukc-tuzla-4.jpg","contentUrl":"https:\/\/tuzlainfo.ba\/wp-content\/uploads\/2026\/02\/porodiliste-ukc-tuzla-4.jpg","width":1600,"height":1205},{"@type":"BreadcrumbList","@id":"https:\/\/tuzlainfo.ba\/index.php\/bosna-i-hercegovina\/item\/297239-zene-u-fbih-uskoro-bi-mogle-imati-pravo-na-pratnju-tokom-poroda\/#breadcrumb","itemListElement":[{"@type":"ListItem","position":1,"name":"Home","item":"https:\/\/tuzlainfo.ba\/"},{"@type":"ListItem","position":2,"name":"\u017dene u FBiH uskoro bi mogle imati pravo na pratnju tokom poroda"}]},{"@type":"WebSite","@id":"https:\/\/tuzlainfo.ba\/#website","url":"https:\/\/tuzlainfo.ba\/","name":"TuzlaInfo.ba","description":"Tuzla info, gradski informator - Tuzla na dlanu","publisher":{"@id":"https:\/\/tuzlainfo.ba\/#organization"},"potentialAction":[{"@type":"SearchAction","target":{"@type":"EntryPoint","urlTemplate":"https:\/\/tuzlainfo.ba\/?s={search_term_string}"},"query-input":{"@type":"PropertyValueSpecification","valueRequired":true,"valueName":"search_term_string"}}],"inLanguage":"bs-BA"},{"@type":"Organization","@id":"https:\/\/tuzlainfo.ba\/#organization","name":"TuzlaInfo.ba","url":"https:\/\/tuzlainfo.ba\/","logo":{"@type":"ImageObject","inLanguage":"bs-BA","@id":"https:\/\/tuzlainfo.ba\/#\/schema\/logo\/image\/","url":"https:\/\/tuzlainfo.ba\/wp-content\/uploads\/2021\/03\/logo-ver-3-1.png","contentUrl":"https:\/\/tuzlainfo.ba\/wp-content\/uploads\/2021\/03\/logo-ver-3-1.png","width":350,"height":95,"caption":"TuzlaInfo.ba"},"image":{"@id":"https:\/\/tuzlainfo.ba\/#\/schema\/logo\/image\/"},"sameAs":["https:\/\/www.facebook.com\/tuzlainfo.ba\/"]},{"@type":"Person","@id":"https:\/\/tuzlainfo.ba\/#\/schema\/person\/46cad4c57790cbc50781edd14870825a","name":"Tuzla Info","image":{"@type":"ImageObject","inLanguage":"bs-BA","@id":"https:\/\/tuzlainfo.ba\/#\/schema\/person\/image\/","url":"https:\/\/tuzlainfo.ba\/wp-content\/litespeed\/avatar\/b6c453a6c38e3654f2e4416c643fc25c.jpg?ver=1777051911","contentUrl":"https:\/\/tuzlainfo.ba\/wp-content\/litespeed\/avatar\/b6c453a6c38e3654f2e4416c643fc25c.jpg?ver=1777051911","caption":"Tuzla Info"}}]}},"_links":{"self":[{"href":"https:\/\/tuzlainfo.ba\/index.php\/wp-json\/wp\/v2\/posts\/297239"}],"collection":[{"href":"https:\/\/tuzlainfo.ba\/index.php\/wp-json\/wp\/v2\/posts"}],"about":[{"href":"https:\/\/tuzlainfo.ba\/index.php\/wp-json\/wp\/v2\/types\/post"}],"author":[{"embeddable":true,"href":"https:\/\/tuzlainfo.ba\/index.php\/wp-json\/wp\/v2\/users\/4"}],"replies":[{"embeddable":true,"href":"https:\/\/tuzlainfo.ba\/index.php\/wp-json\/wp\/v2\/comments?post=297239"}],"version-history":[{"count":1,"href":"https:\/\/tuzlainfo.ba\/index.php\/wp-json\/wp\/v2\/posts\/297239\/revisions"}],"predecessor-version":[{"id":297242,"href":"https:\/\/tuzlainfo.ba\/index.php\/wp-json\/wp\/v2\/posts\/297239\/revisions\/297242"}],"wp:featuredmedia":[{"embeddable":true,"href":"https:\/\/tuzlainfo.ba\/index.php\/wp-json\/wp\/v2\/media\/294194"}],"wp:attachment":[{"href":"https:\/\/tuzlainfo.ba\/index.php\/wp-json\/wp\/v2\/media?parent=297239"}],"wp:term":[{"taxonomy":"category","embeddable":true,"href":"https:\/\/tuzlainfo.ba\/index.php\/wp-json\/wp\/v2\/categories?post=297239"},{"taxonomy":"post_tag","embeddable":true,"href":"https:\/\/tuzlainfo.ba\/index.php\/wp-json\/wp\/v2\/tags?post=297239"}],"curies":[{"name":"wp","href":"https:\/\/api.w.org\/{rel}","templated":true}]}}